{"id":101143,"date":"2019-01-02T09:06:26","date_gmt":"2019-01-02T08:06:26","guid":{"rendered":"https:\/\/batijournal.com\/?p=101143"},"modified":"2019-07-15T12:19:47","modified_gmt":"2019-07-15T10:19:47","slug":"mooc-sur-la-precarite-energetique-dans-le-logement","status":"publish","type":"post","link":"https:\/\/batijournal.com\/index.php\/mooc-sur-la-precarite-energetique-dans-le-logement\/101143\/","title":{"rendered":"MOOC sur la pr\u00e9carit\u00e9 \u00e9nerg\u00e9tique dans le logement"},"content":{"rendered":"<p>Dans le cadre de la plate-forme de MOOC B\u00e2timent Durable lanc\u00e9e en 2016 par l\u2019ADEME et le Plan B\u00e2timent Durable, l\u2019ASDER et des associations membres du RAPPEL (R\u00e9seau des Acteurs de la Pauvret\u00e9 et de la Pr\u00e9carit\u00e9 \u00c9nerg\u00e9tique dans le Logement) ouvrent un MOOC sur la pr\u00e9carit\u00e9 \u00e9nerg\u00e9tique dans le logement. Cette formation donne les \u00e9l\u00e9ments de base pour comprendre les enjeux, savoir rep\u00e9rer les situations et connaitre les acteurs de la pr\u00e9carit\u00e9 \u00e9nerg\u00e9tique. Mais aussi pour aider les usagers, agir sur les \u00e9quipements et le b\u00e2timent. Une formation avec pour cible principale les professionnels et b\u00e9n\u00e9voles de l&rsquo;action sociale et de l&rsquo;habitat mais aussi les acteurs de l&rsquo;\u00e9nergie, du b\u00e2timent, de la sant\u00e9, de l&rsquo;enseignement ou encore les \u00e9lus en charge de ces questions. D\u00e9marrage : 15 janvier 2019.<\/p>\n<p><a href=\"https:\/\/www.asder.asso.fr\/je-recherche-une-formation\/formations-a-distance\/mooc-precarite-energetique\/\" target=\"_blank\" rel=\"noopener noreferrer\">https:\/\/www.asder.asso.fr\/je-recherche-une-formation\/formations-a-distance\/mooc-precarite-energetique\/<\/a><\/p>\n<p>&nbsp;<\/p>\n","protected":false},"excerpt":{"rendered":"<p>Dans le cadre de la plate-forme de MOOC B\u00e2timent Durable lanc\u00e9e en 2016 par l\u2019ADEME et le Plan B\u00e2timent Durable, l\u2019ASDER et des associations membres du RAPPEL (R\u00e9seau des Acteurs de la Pauvret\u00e9 et de la Pr\u00e9carit\u00e9 \u00c9nerg\u00e9tique dans le Logement) ouvrent un MOOC sur la pr\u00e9carit\u00e9 \u00e9nerg\u00e9tique dans le logement. Cette formation donne les [&hellip;]<\/p>\n","protected":false},"author":17,"featured_media":101145,"comment_status":"closed","ping_status":"closed","sticky":false,"template":"","format":"standard","meta":{"_et_pb_use_builder":"","_et_pb_old_content":"","_et_gb_content_width":"","footnotes":""},"categories":[10530,6340,6351,10778],"tags":[10985,1130],"class_list":["post-101143","post","type-post","status-publish","format-standard","has-post-thumbnail","hentry","category-actualites","category-architecture-conception","category-energie-environnement","category-planete","tag-mooc","tag-precarite-energetique"],"yoast_head":"<!-- This site is optimized with the Yoast SEO plugin v27.4 - https:\/\/yoast.com\/product\/yoast-seo-wordpress\/ -->\n<title>MOOC sur la pr\u00e9carit\u00e9 \u00e9nerg\u00e9tique dans le logement<\/title>\n<meta name=\"description\" content=\"L&#039;ASDER et des associations membres du RAPPEL ouvrent un MOOC sur la pr\u00e9carit\u00e9 \u00e9nerg\u00e9tique dans le logement\" \/>\n<meta name=\"robots\" content=\"index, follow, max-snippet:-1, max-image-preview:large, max-video-preview:-1\" \/>\n<link rel=\"canonical\" href=\"https:\/\/batijournal.com\/index.php\/mooc-sur-la-precarite-energetique-dans-le-logement\/101143\/\" \/>\n<meta property=\"og:locale\" content=\"fr_FR\" \/>\n<meta property=\"og:type\" content=\"article\" \/>\n<meta property=\"og:title\" content=\"MOOC sur la pr\u00e9carit\u00e9 \u00e9nerg\u00e9tique dans le logement\" \/>\n<meta property=\"og:description\" content=\"L&#039;ASDER et des associations membres du RAPPEL ouvrent un MOOC sur la pr\u00e9carit\u00e9 \u00e9nerg\u00e9tique dans le logement\" \/>\n<meta property=\"og:url\" content=\"https:\/\/batijournal.com\/index.php\/mooc-sur-la-precarite-energetique-dans-le-logement\/101143\/\" \/>\n<meta property=\"og:site_name\" content=\"Batijournal\" \/>\n<meta property=\"article:published_time\" content=\"2019-01-02T08:06:26+00:00\" \/>\n<meta property=\"article:modified_time\" content=\"2019-07-15T10:19:47+00:00\" \/>\n<meta property=\"og:image\" content=\"https:\/\/batijournal.com\/wp-content\/uploads\/2019\/01\/mooc-precarite-energetique.jpg\" \/>\n\t<meta property=\"og:image:width\" content=\"650\" \/>\n\t<meta property=\"og:image:height\" content=\"450\" \/>\n\t<meta property=\"og:image:type\" content=\"image\/jpeg\" \/>\n<meta name=\"author\" content=\"St\u00e9phane Miget\" \/>\n<meta name=\"twitter:card\" content=\"summary_large_image\" \/>\n<meta name=\"twitter:creator\" content=\"@bati_journal\" \/>\n<meta name=\"twitter:site\" content=\"@bati_journal\" \/>\n<meta name=\"twitter:label1\" content=\"\u00c9crit par\" \/>\n\t<meta name=\"twitter:data1\" content=\"St\u00e9phane Miget\" \/>\n\t<meta name=\"twitter:label2\" content=\"Dur\u00e9e de lecture estim\u00e9e\" \/>\n\t<meta name=\"twitter:data2\" content=\"1 minute\" \/>\n<script type=\"application\/ld+json\" class=\"yoast-schema-graph\">{\"@context\":\"https:\\\/\\\/schema.org\",\"@graph\":[{\"@type\":\"Article\",\"@id\":\"https:\\\/\\\/batijournal.com\\\/index.php\\\/mooc-sur-la-precarite-energetique-dans-le-logement\\\/101143\\\/#article\",\"isPartOf\":{\"@id\":\"https:\\\/\\\/batijournal.com\\\/index.php\\\/mooc-sur-la-precarite-energetique-dans-le-logement\\\/101143\\\/\"},\"author\":{\"name\":\"St\u00e9phane Miget\",\"@id\":\"https:\\\/\\\/batijournal.com\\\/#\\\/schema\\\/person\\\/1dc96ec6957aa1ccb25ebe78bb19f100\"},\"headline\":\"MOOC sur la pr\u00e9carit\u00e9 \u00e9nerg\u00e9tique dans le logement\",\"datePublished\":\"2019-01-02T08:06:26+00:00\",\"dateModified\":\"2019-07-15T10:19:47+00:00\",\"mainEntityOfPage\":{\"@id\":\"https:\\\/\\\/batijournal.com\\\/index.php\\\/mooc-sur-la-precarite-energetique-dans-le-logement\\\/101143\\\/\"},\"wordCount\":168,\"image\":{\"@id\":\"https:\\\/\\\/batijournal.com\\\/index.php\\\/mooc-sur-la-precarite-energetique-dans-le-logement\\\/101143\\\/#primaryimage\"},\"thumbnailUrl\":\"https:\\\/\\\/batijournal.com\\\/wp-content\\\/uploads\\\/2019\\\/01\\\/mooc-precarite-energetique.jpg\",\"keywords\":[\"mooc\",\"pr\u00e9carit\u00e9 \u00e9nerg\u00e9tique\"],\"articleSection\":[\"Actualit\u00e9s\",\"Architecture &amp; Conception\",\"\u00c9nergie &amp; Environnement\",\"zz_Plan\u00e8te B\u00e2timent\"],\"inLanguage\":\"fr-FR\"},{\"@type\":\"WebPage\",\"@id\":\"https:\\\/\\\/batijournal.com\\\/index.php\\\/mooc-sur-la-precarite-energetique-dans-le-logement\\\/101143\\\/\",\"url\":\"https:\\\/\\\/batijournal.com\\\/index.php\\\/mooc-sur-la-precarite-energetique-dans-le-logement\\\/101143\\\/\",\"name\":\"MOOC sur la pr\u00e9carit\u00e9 \u00e9nerg\u00e9tique dans le logement\",\"isPartOf\":{\"@id\":\"https:\\\/\\\/batijournal.com\\\/#website\"},\"primaryImageOfPage\":{\"@id\":\"https:\\\/\\\/batijournal.com\\\/index.php\\\/mooc-sur-la-precarite-energetique-dans-le-logement\\\/101143\\\/#primaryimage\"},\"image\":{\"@id\":\"https:\\\/\\\/batijournal.com\\\/index.php\\\/mooc-sur-la-precarite-energetique-dans-le-logement\\\/101143\\\/#primaryimage\"},\"thumbnailUrl\":\"https:\\\/\\\/batijournal.com\\\/wp-content\\\/uploads\\\/2019\\\/01\\\/mooc-precarite-energetique.jpg\",\"datePublished\":\"2019-01-02T08:06:26+00:00\",\"dateModified\":\"2019-07-15T10:19:47+00:00\",\"author\":{\"@id\":\"https:\\\/\\\/batijournal.com\\\/#\\\/schema\\\/person\\\/1dc96ec6957aa1ccb25ebe78bb19f100\"},\"description\":\"L'ASDER et des associations membres du RAPPEL ouvrent un MOOC sur la pr\u00e9carit\u00e9 \u00e9nerg\u00e9tique dans le logement\",\"breadcrumb\":{\"@id\":\"https:\\\/\\\/batijournal.com\\\/index.php\\\/mooc-sur-la-precarite-energetique-dans-le-logement\\\/101143\\\/#breadcrumb\"},\"inLanguage\":\"fr-FR\",\"potentialAction\":[{\"@type\":\"ReadAction\",\"target\":[\"https:\\\/\\\/batijournal.com\\\/index.php\\\/mooc-sur-la-precarite-energetique-dans-le-logement\\\/101143\\\/\"]}]},{\"@type\":\"ImageObject\",\"inLanguage\":\"fr-FR\",\"@id\":\"https:\\\/\\\/batijournal.com\\\/index.php\\\/mooc-sur-la-precarite-energetique-dans-le-logement\\\/101143\\\/#primaryimage\",\"url\":\"https:\\\/\\\/batijournal.com\\\/wp-content\\\/uploads\\\/2019\\\/01\\\/mooc-precarite-energetique.jpg\",\"contentUrl\":\"https:\\\/\\\/batijournal.com\\\/wp-content\\\/uploads\\\/2019\\\/01\\\/mooc-precarite-energetique.jpg\",\"width\":650,\"height\":450},{\"@type\":\"BreadcrumbList\",\"@id\":\"https:\\\/\\\/batijournal.com\\\/index.php\\\/mooc-sur-la-precarite-energetique-dans-le-logement\\\/101143\\\/#breadcrumb\",\"itemListElement\":[{\"@type\":\"ListItem\",\"position\":1,\"name\":\"Accueil\",\"item\":\"https:\\\/\\\/batijournal.com\\\/\"},{\"@type\":\"ListItem\",\"position\":2,\"name\":\"Actualit\u00e9s\",\"item\":\"https:\\\/\\\/batijournal.com\\\/index.php\\\/category\\\/actualites\\\/\"},{\"@type\":\"ListItem\",\"position\":3,\"name\":\"MOOC sur la pr\u00e9carit\u00e9 \u00e9nerg\u00e9tique dans le logement\"}]},{\"@type\":\"WebSite\",\"@id\":\"https:\\\/\\\/batijournal.com\\\/#website\",\"url\":\"https:\\\/\\\/batijournal.com\\\/\",\"name\":\"Batijournal\",\"description\":\"L&#039;actualit\u00e9 du b\u00e2timent\",\"potentialAction\":[{\"@type\":\"SearchAction\",\"target\":{\"@type\":\"EntryPoint\",\"urlTemplate\":\"https:\\\/\\\/batijournal.com\\\/?s={search_term_string}\"},\"query-input\":{\"@type\":\"PropertyValueSpecification\",\"valueRequired\":true,\"valueName\":\"search_term_string\"}}],\"inLanguage\":\"fr-FR\"},{\"@type\":\"Person\",\"@id\":\"https:\\\/\\\/batijournal.com\\\/#\\\/schema\\\/person\\\/1dc96ec6957aa1ccb25ebe78bb19f100\",\"name\":\"St\u00e9phane Miget\",\"image\":{\"@type\":\"ImageObject\",\"inLanguage\":\"fr-FR\",\"@id\":\"https:\\\/\\\/secure.gravatar.com\\\/avatar\\\/89915563d925342126b8ef0281b93d9d7fc337043e8df017f780908eb9644451?s=96&d=mm&r=g\",\"url\":\"https:\\\/\\\/secure.gravatar.com\\\/avatar\\\/89915563d925342126b8ef0281b93d9d7fc337043e8df017f780908eb9644451?s=96&d=mm&r=g\",\"contentUrl\":\"https:\\\/\\\/secure.gravatar.com\\\/avatar\\\/89915563d925342126b8ef0281b93d9d7fc337043e8df017f780908eb9644451?s=96&d=mm&r=g\",\"caption\":\"St\u00e9phane Miget\"},\"url\":\"https:\\\/\\\/batijournal.com\\\/index.php\\\/author\\\/stephane\\\/\"}]}<\/script>\n<!-- \/ Yoast SEO plugin. -->","yoast_head_json":{"title":"MOOC sur la pr\u00e9carit\u00e9 \u00e9nerg\u00e9tique dans le logement","description":"L'ASDER et des associations membres du RAPPEL ouvrent un MOOC sur la pr\u00e9carit\u00e9 \u00e9nerg\u00e9tique dans le logement","robots":{"index":"index","follow":"follow","max-snippet":"max-snippet:-1","max-image-preview":"max-image-preview:large","max-video-preview":"max-video-preview:-1"},"canonical":"https:\/\/batijournal.com\/index.php\/mooc-sur-la-precarite-energetique-dans-le-logement\/101143\/","og_locale":"fr_FR","og_type":"article","og_title":"MOOC sur la pr\u00e9carit\u00e9 \u00e9nerg\u00e9tique dans le logement","og_description":"L'ASDER et des associations membres du RAPPEL ouvrent un MOOC sur la pr\u00e9carit\u00e9 \u00e9nerg\u00e9tique dans le logement","og_url":"https:\/\/batijournal.com\/index.php\/mooc-sur-la-precarite-energetique-dans-le-logement\/101143\/","og_site_name":"Batijournal","article_published_time":"2019-01-02T08:06:26+00:00","article_modified_time":"2019-07-15T10:19:47+00:00","og_image":[{"width":650,"height":450,"url":"https:\/\/batijournal.com\/wp-content\/uploads\/2019\/01\/mooc-precarite-energetique.jpg","type":"image\/jpeg"}],"author":"St\u00e9phane Miget","twitter_card":"summary_large_image","twitter_creator":"@bati_journal","twitter_site":"@bati_journal","twitter_misc":{"\u00c9crit par":"St\u00e9phane Miget","Dur\u00e9e de lecture estim\u00e9e":"1 minute"},"schema":{"@context":"https:\/\/schema.org","@graph":[{"@type":"Article","@id":"https:\/\/batijournal.com\/index.php\/mooc-sur-la-precarite-energetique-dans-le-logement\/101143\/#article","isPartOf":{"@id":"https:\/\/batijournal.com\/index.php\/mooc-sur-la-precarite-energetique-dans-le-logement\/101143\/"},"author":{"name":"St\u00e9phane Miget","@id":"https:\/\/batijournal.com\/#\/schema\/person\/1dc96ec6957aa1ccb25ebe78bb19f100"},"headline":"MOOC sur la pr\u00e9carit\u00e9 \u00e9nerg\u00e9tique dans le logement","datePublished":"2019-01-02T08:06:26+00:00","dateModified":"2019-07-15T10:19:47+00:00","mainEntityOfPage":{"@id":"https:\/\/batijournal.com\/index.php\/mooc-sur-la-precarite-energetique-dans-le-logement\/101143\/"},"wordCount":168,"image":{"@id":"https:\/\/batijournal.com\/index.php\/mooc-sur-la-precarite-energetique-dans-le-logement\/101143\/#primaryimage"},"thumbnailUrl":"https:\/\/batijournal.com\/wp-content\/uploads\/2019\/01\/mooc-precarite-energetique.jpg","keywords":["mooc","pr\u00e9carit\u00e9 \u00e9nerg\u00e9tique"],"articleSection":["Actualit\u00e9s","Architecture &amp; Conception","\u00c9nergie &amp; Environnement","zz_Plan\u00e8te B\u00e2timent"],"inLanguage":"fr-FR"},{"@type":"WebPage","@id":"https:\/\/batijournal.com\/index.php\/mooc-sur-la-precarite-energetique-dans-le-logement\/101143\/","url":"https:\/\/batijournal.com\/index.php\/mooc-sur-la-precarite-energetique-dans-le-logement\/101143\/","name":"MOOC sur la pr\u00e9carit\u00e9 \u00e9nerg\u00e9tique dans le logement","isPartOf":{"@id":"https:\/\/batijournal.com\/#website"},"primaryImageOfPage":{"@id":"https:\/\/batijournal.com\/index.php\/mooc-sur-la-precarite-energetique-dans-le-logement\/101143\/#primaryimage"},"image":{"@id":"https:\/\/batijournal.com\/index.php\/mooc-sur-la-precarite-energetique-dans-le-logement\/101143\/#primaryimage"},"thumbnailUrl":"https:\/\/batijournal.com\/wp-content\/uploads\/2019\/01\/mooc-precarite-energetique.jpg","datePublished":"2019-01-02T08:06:26+00:00","dateModified":"2019-07-15T10:19:47+00:00","author":{"@id":"https:\/\/batijournal.com\/#\/schema\/person\/1dc96ec6957aa1ccb25ebe78bb19f100"},"description":"L'ASDER et des associations membres du RAPPEL ouvrent un MOOC sur la pr\u00e9carit\u00e9 \u00e9nerg\u00e9tique dans le logement","breadcrumb":{"@id":"https:\/\/batijournal.com\/index.php\/mooc-sur-la-precarite-energetique-dans-le-logement\/101143\/#breadcrumb"},"inLanguage":"fr-FR","potentialAction":[{"@type":"ReadAction","target":["https:\/\/batijournal.com\/index.php\/mooc-sur-la-precarite-energetique-dans-le-logement\/101143\/"]}]},{"@type":"ImageObject","inLanguage":"fr-FR","@id":"https:\/\/batijournal.com\/index.php\/mooc-sur-la-precarite-energetique-dans-le-logement\/101143\/#primaryimage","url":"https:\/\/batijournal.com\/wp-content\/uploads\/2019\/01\/mooc-precarite-energetique.jpg","contentUrl":"https:\/\/batijournal.com\/wp-content\/uploads\/2019\/01\/mooc-precarite-energetique.jpg","width":650,"height":450},{"@type":"BreadcrumbList","@id":"https:\/\/batijournal.com\/index.php\/mooc-sur-la-precarite-energetique-dans-le-logement\/101143\/#breadcrumb","itemListElement":[{"@type":"ListItem","position":1,"name":"Accueil","item":"https:\/\/batijournal.com\/"},{"@type":"ListItem","position":2,"name":"Actualit\u00e9s","item":"https:\/\/batijournal.com\/index.php\/category\/actualites\/"},{"@type":"ListItem","position":3,"name":"MOOC sur la pr\u00e9carit\u00e9 \u00e9nerg\u00e9tique dans le logement"}]},{"@type":"WebSite","@id":"https:\/\/batijournal.com\/#website","url":"https:\/\/batijournal.com\/","name":"Batijournal","description":"L&#039;actualit\u00e9 du b\u00e2timent","potentialAction":[{"@type":"SearchAction","target":{"@type":"EntryPoint","urlTemplate":"https:\/\/batijournal.com\/?s={search_term_string}"},"query-input":{"@type":"PropertyValueSpecification","valueRequired":true,"valueName":"search_term_string"}}],"inLanguage":"fr-FR"},{"@type":"Person","@id":"https:\/\/batijournal.com\/#\/schema\/person\/1dc96ec6957aa1ccb25ebe78bb19f100","name":"St\u00e9phane Miget","image":{"@type":"ImageObject","inLanguage":"fr-FR","@id":"https:\/\/secure.gravatar.com\/avatar\/89915563d925342126b8ef0281b93d9d7fc337043e8df017f780908eb9644451?s=96&d=mm&r=g","url":"https:\/\/secure.gravatar.com\/avatar\/89915563d925342126b8ef0281b93d9d7fc337043e8df017f780908eb9644451?s=96&d=mm&r=g","contentUrl":"https:\/\/secure.gravatar.com\/avatar\/89915563d925342126b8ef0281b93d9d7fc337043e8df017f780908eb9644451?s=96&d=mm&r=g","caption":"St\u00e9phane Miget"},"url":"https:\/\/batijournal.com\/index.php\/author\/stephane\/"}]}},"_links":{"self":[{"href":"https:\/\/batijournal.com\/index.php\/wp-json\/wp\/v2\/posts\/101143","targetHints":{"allow":["GET"]}}],"collection":[{"href":"https:\/\/batijournal.com\/index.php\/wp-json\/wp\/v2\/posts"}],"about":[{"href":"https:\/\/batijournal.com\/index.php\/wp-json\/wp\/v2\/types\/post"}],"author":[{"embeddable":true,"href":"https:\/\/batijournal.com\/index.php\/wp-json\/wp\/v2\/users\/17"}],"replies":[{"embeddable":true,"href":"https:\/\/batijournal.com\/index.php\/wp-json\/wp\/v2\/comments?post=101143"}],"version-history":[{"count":0,"href":"https:\/\/batijournal.com\/index.php\/wp-json\/wp\/v2\/posts\/101143\/revisions"}],"wp:featuredmedia":[{"embeddable":true,"href":"https:\/\/batijournal.com\/index.php\/wp-json\/wp\/v2\/media\/101145"}],"wp:attachment":[{"href":"https:\/\/batijournal.com\/index.php\/wp-json\/wp\/v2\/media?parent=101143"}],"wp:term":[{"taxonomy":"category","embeddable":true,"href":"https:\/\/batijournal.com\/index.php\/wp-json\/wp\/v2\/categories?post=101143"},{"taxonomy":"post_tag","embeddable":true,"href":"https:\/\/batijournal.com\/index.php\/wp-json\/wp\/v2\/tags?post=101143"}],"curies":[{"name":"wp","href":"https:\/\/api.w.org\/{rel}","templated":true}]}}