{"id":101152,"date":"2019-01-02T09:35:39","date_gmt":"2019-01-02T08:35:39","guid":{"rendered":"https:\/\/batijournal.com\/?p=101152"},"modified":"2019-07-15T12:10:38","modified_gmt":"2019-07-15T10:10:38","slug":"charte-led-pour-les-luminaires-declairage-interieur","status":"publish","type":"post","link":"https:\/\/batijournal.com\/index.php\/charte-led-pour-les-luminaires-declairage-interieur\/101152\/","title":{"rendered":"Charte LED pour les luminaires d\u2019\u00e9clairage int\u00e9rieur"},"content":{"rendered":"<p>Le Syndicat de l\u2019\u00e9clairage diffuse un nouveau document de r\u00e9f\u00e9rence : la \u00ab Charte LED pour les luminaires d\u2019\u00e9clairage int\u00e9rieur \u00bb. Beaucoup d\u2019acteurs du march\u00e9 sont encore dans le brouillard, perdus dans un m\u00e9lange d\u2019affirmations et de nouvelles vagues, p\u00e9rim\u00e9es, erron\u00e9es ou biais\u00e9es. La Charte LED pr\u00e9sente les d\u00e9finitions \u00e0 jour des principaux crit\u00e8res \u00e0 consid\u00e9rer : flux lumineux initial sortant, efficacit\u00e9 lumineuse, dur\u00e9e de vie utile, temp\u00e9rature de couleur, IRC, risque photobiologique, maintien du flux dans le temps, etc. \u00bb. Solidaires de cette Charte LED, les fabricants adh\u00e9rents du syndicat proposent une liste de crit\u00e8res de qualit\u00e9 pr\u00e9cis et objectifs, fond\u00e9s sur les normes de s\u00e9curit\u00e9 et de performance environnementale de l\u2019IEC et du CENELEC auxquelles se r\u00e9f\u00e8re la r\u00e8glementation. Ils s\u2019engagent \u00e0 fournir des informations fiables et sinc\u00e8res selon ces r\u00e9f\u00e9rentiels.<\/p>\n<p><a href=\"http:\/\/www.syndicat-eclairage.com\/wp-content\/uploads\/2018\/12\/SyndEclairage-Charte-LED-2018-\u00e9clairage-int\u00e9rieur.pdf\" target=\"_blank\" rel=\"noopener noreferrer\">Visualiser la charte<\/a><\/p>\n<p>&nbsp;<\/p>\n","protected":false},"excerpt":{"rendered":"<p>Le Syndicat de l\u2019\u00e9clairage diffuse un nouveau document de r\u00e9f\u00e9rence : la \u00ab Charte LED pour les luminaires d\u2019\u00e9clairage int\u00e9rieur \u00bb. Beaucoup d\u2019acteurs du march\u00e9 sont encore dans le brouillard, perdus dans un m\u00e9lange d\u2019affirmations et de nouvelles vagues, p\u00e9rim\u00e9es, erron\u00e9es ou biais\u00e9es. La Charte LED pr\u00e9sente les d\u00e9finitions \u00e0 jour des principaux crit\u00e8res \u00e0 [&hellip;]<\/p>\n","protected":false},"author":17,"featured_media":101153,"comment_status":"closed","ping_status":"closed","sticky":false,"template":"","format":"standard","meta":{"_et_pb_use_builder":"","_et_pb_old_content":"","_et_gb_content_width":"","footnotes":""},"categories":[10530,6340,10778],"tags":[1409,930],"class_list":["post-101152","post","type-post","status-publish","format-standard","has-post-thumbnail","hentry","category-actualites","category-architecture-conception","category-planete","tag-eclairage","tag-led"],"yoast_head":"<!-- This site is optimized with the Yoast SEO plugin v27.4 - https:\/\/yoast.com\/product\/yoast-seo-wordpress\/ -->\n<title>Charte LED pour les luminaires d\u2019\u00e9clairage int\u00e9rieur<\/title>\n<meta name=\"description\" content=\"Le Syndicat de l\u2019\u00e9clairage diffuse un nouveau document de r\u00e9f\u00e9rence : la \u00ab Charte LED pour les luminaires d\u2019\u00e9clairage int\u00e9rieur \u00bb\" \/>\n<meta name=\"robots\" content=\"index, follow, max-snippet:-1, max-image-preview:large, max-video-preview:-1\" \/>\n<link rel=\"canonical\" href=\"https:\/\/batijournal.com\/index.php\/charte-led-pour-les-luminaires-declairage-interieur\/101152\/\" \/>\n<meta property=\"og:locale\" content=\"fr_FR\" \/>\n<meta property=\"og:type\" content=\"article\" \/>\n<meta property=\"og:title\" content=\"Charte LED pour les luminaires d\u2019\u00e9clairage int\u00e9rieur\" \/>\n<meta property=\"og:description\" content=\"Le Syndicat de l\u2019\u00e9clairage diffuse un nouveau document de r\u00e9f\u00e9rence : la \u00ab Charte LED pour les luminaires d\u2019\u00e9clairage int\u00e9rieur \u00bb\" \/>\n<meta property=\"og:url\" content=\"https:\/\/batijournal.com\/index.php\/charte-led-pour-les-luminaires-declairage-interieur\/101152\/\" \/>\n<meta property=\"og:site_name\" content=\"Batijournal\" \/>\n<meta property=\"article:published_time\" content=\"2019-01-02T08:35:39+00:00\" \/>\n<meta property=\"article:modified_time\" content=\"2019-07-15T10:10:38+00:00\" \/>\n<meta property=\"og:image\" content=\"https:\/\/batijournal.com\/wp-content\/uploads\/2019\/01\/charte-LED.png\" \/>\n\t<meta property=\"og:image:width\" content=\"1194\" \/>\n\t<meta property=\"og:image:height\" content=\"555\" \/>\n\t<meta property=\"og:image:type\" content=\"image\/png\" \/>\n<meta name=\"author\" content=\"St\u00e9phane Miget\" \/>\n<meta name=\"twitter:card\" content=\"summary_large_image\" \/>\n<meta name=\"twitter:creator\" content=\"@bati_journal\" \/>\n<meta name=\"twitter:site\" content=\"@bati_journal\" \/>\n<meta name=\"twitter:label1\" content=\"\u00c9crit par\" \/>\n\t<meta name=\"twitter:data1\" content=\"St\u00e9phane Miget\" \/>\n\t<meta name=\"twitter:label2\" content=\"Dur\u00e9e de lecture estim\u00e9e\" \/>\n\t<meta name=\"twitter:data2\" content=\"1 minute\" \/>\n<script type=\"application\/ld+json\" class=\"yoast-schema-graph\">{\"@context\":\"https:\\\/\\\/schema.org\",\"@graph\":[{\"@type\":\"Article\",\"@id\":\"https:\\\/\\\/batijournal.com\\\/index.php\\\/charte-led-pour-les-luminaires-declairage-interieur\\\/101152\\\/#article\",\"isPartOf\":{\"@id\":\"https:\\\/\\\/batijournal.com\\\/index.php\\\/charte-led-pour-les-luminaires-declairage-interieur\\\/101152\\\/\"},\"author\":{\"name\":\"St\u00e9phane Miget\",\"@id\":\"https:\\\/\\\/batijournal.com\\\/#\\\/schema\\\/person\\\/1dc96ec6957aa1ccb25ebe78bb19f100\"},\"headline\":\"Charte LED pour les luminaires d\u2019\u00e9clairage int\u00e9rieur\",\"datePublished\":\"2019-01-02T08:35:39+00:00\",\"dateModified\":\"2019-07-15T10:10:38+00:00\",\"mainEntityOfPage\":{\"@id\":\"https:\\\/\\\/batijournal.com\\\/index.php\\\/charte-led-pour-les-luminaires-declairage-interieur\\\/101152\\\/\"},\"wordCount\":169,\"image\":{\"@id\":\"https:\\\/\\\/batijournal.com\\\/index.php\\\/charte-led-pour-les-luminaires-declairage-interieur\\\/101152\\\/#primaryimage\"},\"thumbnailUrl\":\"https:\\\/\\\/batijournal.com\\\/wp-content\\\/uploads\\\/2019\\\/01\\\/charte-LED.png\",\"keywords\":[\"\u00e9clairage\",\"LED\"],\"articleSection\":[\"Actualit\u00e9s\",\"Architecture &amp; Conception\",\"zz_Plan\u00e8te B\u00e2timent\"],\"inLanguage\":\"fr-FR\"},{\"@type\":\"WebPage\",\"@id\":\"https:\\\/\\\/batijournal.com\\\/index.php\\\/charte-led-pour-les-luminaires-declairage-interieur\\\/101152\\\/\",\"url\":\"https:\\\/\\\/batijournal.com\\\/index.php\\\/charte-led-pour-les-luminaires-declairage-interieur\\\/101152\\\/\",\"name\":\"Charte LED pour les luminaires d\u2019\u00e9clairage int\u00e9rieur\",\"isPartOf\":{\"@id\":\"https:\\\/\\\/batijournal.com\\\/#website\"},\"primaryImageOfPage\":{\"@id\":\"https:\\\/\\\/batijournal.com\\\/index.php\\\/charte-led-pour-les-luminaires-declairage-interieur\\\/101152\\\/#primaryimage\"},\"image\":{\"@id\":\"https:\\\/\\\/batijournal.com\\\/index.php\\\/charte-led-pour-les-luminaires-declairage-interieur\\\/101152\\\/#primaryimage\"},\"thumbnailUrl\":\"https:\\\/\\\/batijournal.com\\\/wp-content\\\/uploads\\\/2019\\\/01\\\/charte-LED.png\",\"datePublished\":\"2019-01-02T08:35:39+00:00\",\"dateModified\":\"2019-07-15T10:10:38+00:00\",\"author\":{\"@id\":\"https:\\\/\\\/batijournal.com\\\/#\\\/schema\\\/person\\\/1dc96ec6957aa1ccb25ebe78bb19f100\"},\"description\":\"Le Syndicat de l\u2019\u00e9clairage diffuse un nouveau document de r\u00e9f\u00e9rence : la \u00ab Charte LED pour les luminaires d\u2019\u00e9clairage int\u00e9rieur \u00bb\",\"breadcrumb\":{\"@id\":\"https:\\\/\\\/batijournal.com\\\/index.php\\\/charte-led-pour-les-luminaires-declairage-interieur\\\/101152\\\/#breadcrumb\"},\"inLanguage\":\"fr-FR\",\"potentialAction\":[{\"@type\":\"ReadAction\",\"target\":[\"https:\\\/\\\/batijournal.com\\\/index.php\\\/charte-led-pour-les-luminaires-declairage-interieur\\\/101152\\\/\"]}]},{\"@type\":\"ImageObject\",\"inLanguage\":\"fr-FR\",\"@id\":\"https:\\\/\\\/batijournal.com\\\/index.php\\\/charte-led-pour-les-luminaires-declairage-interieur\\\/101152\\\/#primaryimage\",\"url\":\"https:\\\/\\\/batijournal.com\\\/wp-content\\\/uploads\\\/2019\\\/01\\\/charte-LED.png\",\"contentUrl\":\"https:\\\/\\\/batijournal.com\\\/wp-content\\\/uploads\\\/2019\\\/01\\\/charte-LED.png\",\"width\":1194,\"height\":555},{\"@type\":\"BreadcrumbList\",\"@id\":\"https:\\\/\\\/batijournal.com\\\/index.php\\\/charte-led-pour-les-luminaires-declairage-interieur\\\/101152\\\/#breadcrumb\",\"itemListElement\":[{\"@type\":\"ListItem\",\"position\":1,\"name\":\"Accueil\",\"item\":\"https:\\\/\\\/batijournal.com\\\/\"},{\"@type\":\"ListItem\",\"position\":2,\"name\":\"Actualit\u00e9s\",\"item\":\"https:\\\/\\\/batijournal.com\\\/index.php\\\/category\\\/actualites\\\/\"},{\"@type\":\"ListItem\",\"position\":3,\"name\":\"Charte LED pour les luminaires d\u2019\u00e9clairage int\u00e9rieur\"}]},{\"@type\":\"WebSite\",\"@id\":\"https:\\\/\\\/batijournal.com\\\/#website\",\"url\":\"https:\\\/\\\/batijournal.com\\\/\",\"name\":\"Batijournal\",\"description\":\"L&#039;actualit\u00e9 du b\u00e2timent\",\"potentialAction\":[{\"@type\":\"SearchAction\",\"target\":{\"@type\":\"EntryPoint\",\"urlTemplate\":\"https:\\\/\\\/batijournal.com\\\/?s={search_term_string}\"},\"query-input\":{\"@type\":\"PropertyValueSpecification\",\"valueRequired\":true,\"valueName\":\"search_term_string\"}}],\"inLanguage\":\"fr-FR\"},{\"@type\":\"Person\",\"@id\":\"https:\\\/\\\/batijournal.com\\\/#\\\/schema\\\/person\\\/1dc96ec6957aa1ccb25ebe78bb19f100\",\"name\":\"St\u00e9phane Miget\",\"image\":{\"@type\":\"ImageObject\",\"inLanguage\":\"fr-FR\",\"@id\":\"https:\\\/\\\/secure.gravatar.com\\\/avatar\\\/89915563d925342126b8ef0281b93d9d7fc337043e8df017f780908eb9644451?s=96&d=mm&r=g\",\"url\":\"https:\\\/\\\/secure.gravatar.com\\\/avatar\\\/89915563d925342126b8ef0281b93d9d7fc337043e8df017f780908eb9644451?s=96&d=mm&r=g\",\"contentUrl\":\"https:\\\/\\\/secure.gravatar.com\\\/avatar\\\/89915563d925342126b8ef0281b93d9d7fc337043e8df017f780908eb9644451?s=96&d=mm&r=g\",\"caption\":\"St\u00e9phane Miget\"},\"url\":\"https:\\\/\\\/batijournal.com\\\/index.php\\\/author\\\/stephane\\\/\"}]}<\/script>\n<!-- \/ Yoast SEO plugin. -->","yoast_head_json":{"title":"Charte LED pour les luminaires d\u2019\u00e9clairage int\u00e9rieur","description":"Le Syndicat de l\u2019\u00e9clairage diffuse un nouveau document de r\u00e9f\u00e9rence : la \u00ab Charte LED pour les luminaires d\u2019\u00e9clairage int\u00e9rieur \u00bb","robots":{"index":"index","follow":"follow","max-snippet":"max-snippet:-1","max-image-preview":"max-image-preview:large","max-video-preview":"max-video-preview:-1"},"canonical":"https:\/\/batijournal.com\/index.php\/charte-led-pour-les-luminaires-declairage-interieur\/101152\/","og_locale":"fr_FR","og_type":"article","og_title":"Charte LED pour les luminaires d\u2019\u00e9clairage int\u00e9rieur","og_description":"Le Syndicat de l\u2019\u00e9clairage diffuse un nouveau document de r\u00e9f\u00e9rence : la \u00ab Charte LED pour les luminaires d\u2019\u00e9clairage int\u00e9rieur \u00bb","og_url":"https:\/\/batijournal.com\/index.php\/charte-led-pour-les-luminaires-declairage-interieur\/101152\/","og_site_name":"Batijournal","article_published_time":"2019-01-02T08:35:39+00:00","article_modified_time":"2019-07-15T10:10:38+00:00","og_image":[{"width":1194,"height":555,"url":"https:\/\/batijournal.com\/wp-content\/uploads\/2019\/01\/charte-LED.png","type":"image\/png"}],"author":"St\u00e9phane Miget","twitter_card":"summary_large_image","twitter_creator":"@bati_journal","twitter_site":"@bati_journal","twitter_misc":{"\u00c9crit par":"St\u00e9phane Miget","Dur\u00e9e de lecture estim\u00e9e":"1 minute"},"schema":{"@context":"https:\/\/schema.org","@graph":[{"@type":"Article","@id":"https:\/\/batijournal.com\/index.php\/charte-led-pour-les-luminaires-declairage-interieur\/101152\/#article","isPartOf":{"@id":"https:\/\/batijournal.com\/index.php\/charte-led-pour-les-luminaires-declairage-interieur\/101152\/"},"author":{"name":"St\u00e9phane Miget","@id":"https:\/\/batijournal.com\/#\/schema\/person\/1dc96ec6957aa1ccb25ebe78bb19f100"},"headline":"Charte LED pour les luminaires d\u2019\u00e9clairage int\u00e9rieur","datePublished":"2019-01-02T08:35:39+00:00","dateModified":"2019-07-15T10:10:38+00:00","mainEntityOfPage":{"@id":"https:\/\/batijournal.com\/index.php\/charte-led-pour-les-luminaires-declairage-interieur\/101152\/"},"wordCount":169,"image":{"@id":"https:\/\/batijournal.com\/index.php\/charte-led-pour-les-luminaires-declairage-interieur\/101152\/#primaryimage"},"thumbnailUrl":"https:\/\/batijournal.com\/wp-content\/uploads\/2019\/01\/charte-LED.png","keywords":["\u00e9clairage","LED"],"articleSection":["Actualit\u00e9s","Architecture &amp; Conception","zz_Plan\u00e8te B\u00e2timent"],"inLanguage":"fr-FR"},{"@type":"WebPage","@id":"https:\/\/batijournal.com\/index.php\/charte-led-pour-les-luminaires-declairage-interieur\/101152\/","url":"https:\/\/batijournal.com\/index.php\/charte-led-pour-les-luminaires-declairage-interieur\/101152\/","name":"Charte LED pour les luminaires d\u2019\u00e9clairage int\u00e9rieur","isPartOf":{"@id":"https:\/\/batijournal.com\/#website"},"primaryImageOfPage":{"@id":"https:\/\/batijournal.com\/index.php\/charte-led-pour-les-luminaires-declairage-interieur\/101152\/#primaryimage"},"image":{"@id":"https:\/\/batijournal.com\/index.php\/charte-led-pour-les-luminaires-declairage-interieur\/101152\/#primaryimage"},"thumbnailUrl":"https:\/\/batijournal.com\/wp-content\/uploads\/2019\/01\/charte-LED.png","datePublished":"2019-01-02T08:35:39+00:00","dateModified":"2019-07-15T10:10:38+00:00","author":{"@id":"https:\/\/batijournal.com\/#\/schema\/person\/1dc96ec6957aa1ccb25ebe78bb19f100"},"description":"Le Syndicat de l\u2019\u00e9clairage diffuse un nouveau document de r\u00e9f\u00e9rence : la \u00ab Charte LED pour les luminaires d\u2019\u00e9clairage int\u00e9rieur \u00bb","breadcrumb":{"@id":"https:\/\/batijournal.com\/index.php\/charte-led-pour-les-luminaires-declairage-interieur\/101152\/#breadcrumb"},"inLanguage":"fr-FR","potentialAction":[{"@type":"ReadAction","target":["https:\/\/batijournal.com\/index.php\/charte-led-pour-les-luminaires-declairage-interieur\/101152\/"]}]},{"@type":"ImageObject","inLanguage":"fr-FR","@id":"https:\/\/batijournal.com\/index.php\/charte-led-pour-les-luminaires-declairage-interieur\/101152\/#primaryimage","url":"https:\/\/batijournal.com\/wp-content\/uploads\/2019\/01\/charte-LED.png","contentUrl":"https:\/\/batijournal.com\/wp-content\/uploads\/2019\/01\/charte-LED.png","width":1194,"height":555},{"@type":"BreadcrumbList","@id":"https:\/\/batijournal.com\/index.php\/charte-led-pour-les-luminaires-declairage-interieur\/101152\/#breadcrumb","itemListElement":[{"@type":"ListItem","position":1,"name":"Accueil","item":"https:\/\/batijournal.com\/"},{"@type":"ListItem","position":2,"name":"Actualit\u00e9s","item":"https:\/\/batijournal.com\/index.php\/category\/actualites\/"},{"@type":"ListItem","position":3,"name":"Charte LED pour les luminaires d\u2019\u00e9clairage int\u00e9rieur"}]},{"@type":"WebSite","@id":"https:\/\/batijournal.com\/#website","url":"https:\/\/batijournal.com\/","name":"Batijournal","description":"L&#039;actualit\u00e9 du b\u00e2timent","potentialAction":[{"@type":"SearchAction","target":{"@type":"EntryPoint","urlTemplate":"https:\/\/batijournal.com\/?s={search_term_string}"},"query-input":{"@type":"PropertyValueSpecification","valueRequired":true,"valueName":"search_term_string"}}],"inLanguage":"fr-FR"},{"@type":"Person","@id":"https:\/\/batijournal.com\/#\/schema\/person\/1dc96ec6957aa1ccb25ebe78bb19f100","name":"St\u00e9phane Miget","image":{"@type":"ImageObject","inLanguage":"fr-FR","@id":"https:\/\/secure.gravatar.com\/avatar\/89915563d925342126b8ef0281b93d9d7fc337043e8df017f780908eb9644451?s=96&d=mm&r=g","url":"https:\/\/secure.gravatar.com\/avatar\/89915563d925342126b8ef0281b93d9d7fc337043e8df017f780908eb9644451?s=96&d=mm&r=g","contentUrl":"https:\/\/secure.gravatar.com\/avatar\/89915563d925342126b8ef0281b93d9d7fc337043e8df017f780908eb9644451?s=96&d=mm&r=g","caption":"St\u00e9phane Miget"},"url":"https:\/\/batijournal.com\/index.php\/author\/stephane\/"}]}},"_links":{"self":[{"href":"https:\/\/batijournal.com\/index.php\/wp-json\/wp\/v2\/posts\/101152","targetHints":{"allow":["GET"]}}],"collection":[{"href":"https:\/\/batijournal.com\/index.php\/wp-json\/wp\/v2\/posts"}],"about":[{"href":"https:\/\/batijournal.com\/index.php\/wp-json\/wp\/v2\/types\/post"}],"author":[{"embeddable":true,"href":"https:\/\/batijournal.com\/index.php\/wp-json\/wp\/v2\/users\/17"}],"replies":[{"embeddable":true,"href":"https:\/\/batijournal.com\/index.php\/wp-json\/wp\/v2\/comments?post=101152"}],"version-history":[{"count":0,"href":"https:\/\/batijournal.com\/index.php\/wp-json\/wp\/v2\/posts\/101152\/revisions"}],"wp:featuredmedia":[{"embeddable":true,"href":"https:\/\/batijournal.com\/index.php\/wp-json\/wp\/v2\/media\/101153"}],"wp:attachment":[{"href":"https:\/\/batijournal.com\/index.php\/wp-json\/wp\/v2\/media?parent=101152"}],"wp:term":[{"taxonomy":"category","embeddable":true,"href":"https:\/\/batijournal.com\/index.php\/wp-json\/wp\/v2\/categories?post=101152"},{"taxonomy":"post_tag","embeddable":true,"href":"https:\/\/batijournal.com\/index.php\/wp-json\/wp\/v2\/tags?post=101152"}],"curies":[{"name":"wp","href":"https:\/\/api.w.org\/{rel}","templated":true}]}}