{"id":101157,"date":"2019-01-03T09:08:21","date_gmt":"2019-01-03T08:08:21","guid":{"rendered":"https:\/\/batijournal.com\/?p=101157"},"modified":"2019-07-15T11:12:44","modified_gmt":"2019-07-15T09:12:44","slug":"renovation-dune-facade-amiantee-optimisee-grace-au-bim","status":"publish","type":"post","link":"https:\/\/batijournal.com\/index.php\/renovation-dune-facade-amiantee-optimisee-grace-au-bim\/101157\/","title":{"rendered":"R\u00e9novation d&rsquo;une fa\u00e7ade amiant\u00e9e optimis\u00e9e gr\u00e2ce au BIM"},"content":{"rendered":"<p>83 logements collectifs et les 26 maisons individuelles d&rsquo;un ensemble r\u00e9sidentiel au Mans ont \u00e9t\u00e9 au c\u0153ur d\u2019un ambitieux projet de r\u00e9novation. Pour r\u00e9nover thermiquement les b\u00e2timents avec la pose d\u2019une ITE sur support amiant\u00e9, la soci\u00e9t\u00e9 ISORE BATIMENT a mis en \u0153uvre des panneaux Myral. Ses ouvriers ont utilis\u00e9 le syst\u00e8me de cloche de l&rsquo;industriel qui s\u2019adapte au mode de pose en v\u00eature\/v\u00eatage des panneaux M32 et M62. Cette technique permet d\u2019effectuer un percement dans le support contenant de l\u2019amiante sans dispersion des poussi\u00e8res nocives. Le poseur a mis en place un processus permettant de faire du BIM en r\u00e9habilitation gr\u00e2ce \u00e0 un drone qui, avec la photogramm\u00e9trie, a fait un relev\u00e9 de l\u2019existant pour pouvoir mod\u00e9liser le b\u00e2timent. C\u2019est sur cette base mod\u00e9lis\u00e9e que les techniciens ont dessin\u00e9 les isolations, les bardages, les ossatures. Cela a permis d\u2019identifier imm\u00e9diatement les d\u00e9fauts de l\u2019ensemble, de ne pas les d\u00e9couvrir au moment du chantier et de commander sur-mesure les parements sans aucun risque d\u2019avoir \u00e0 les recouper sur le chantier. Avec ce relev\u00e9 pr\u00e9cis, les \u00e9quipes d\u2019ISORE BATIMENT ont eu moins de d\u00e9coupes.<\/p>\n","protected":false},"excerpt":{"rendered":"<p>83 logements collectifs et les 26 maisons individuelles d&rsquo;un ensemble r\u00e9sidentiel au Mans ont \u00e9t\u00e9 au c\u0153ur d\u2019un ambitieux projet de r\u00e9novation. Pour r\u00e9nover thermiquement les b\u00e2timents avec la pose d\u2019une ITE sur support amiant\u00e9, la soci\u00e9t\u00e9 ISORE BATIMENT a mis en \u0153uvre des panneaux Myral. Ses ouvriers ont utilis\u00e9 le syst\u00e8me de cloche de [&hellip;]<\/p>\n","protected":false},"author":17,"featured_media":101158,"comment_status":"closed","ping_status":"closed","sticky":false,"template":"","format":"standard","meta":{"_et_pb_use_builder":"","_et_pb_old_content":"","_et_gb_content_width":"","footnotes":""},"categories":[10530,6340,10771,10775,10778],"tags":[126,6015],"class_list":["post-101157","post","type-post","status-publish","format-standard","has-post-thumbnail","hentry","category-actualites","category-architecture-conception","category-5facades","category-actualites-5facades","category-planete","tag-facade","tag-renovation"],"yoast_head":"<!-- This site is optimized with the Yoast SEO plugin v27.4 - https:\/\/yoast.com\/product\/yoast-seo-wordpress\/ -->\n<title>R\u00e9novation d&#039;une fa\u00e7ade amiant\u00e9e optimis\u00e9e gr\u00e2ce au BIM<\/title>\n<meta name=\"description\" content=\"83 logements collectifs et les 26 maisons individuelles d&#039;un ensemble r\u00e9sidentiel au Mans ont \u00e9t\u00e9 au c\u0153ur d\u2019un ambitieux projet de r\u00e9novation\" \/>\n<meta name=\"robots\" content=\"index, follow, max-snippet:-1, max-image-preview:large, max-video-preview:-1\" \/>\n<link rel=\"canonical\" href=\"https:\/\/batijournal.com\/index.php\/renovation-dune-facade-amiantee-optimisee-grace-au-bim\/101157\/\" \/>\n<meta property=\"og:locale\" content=\"fr_FR\" \/>\n<meta property=\"og:type\" content=\"article\" \/>\n<meta property=\"og:title\" content=\"R\u00e9novation d&#039;une fa\u00e7ade amiant\u00e9e optimis\u00e9e gr\u00e2ce au BIM\" \/>\n<meta property=\"og:description\" content=\"83 logements collectifs et les 26 maisons individuelles d&#039;un ensemble r\u00e9sidentiel au Mans ont \u00e9t\u00e9 au c\u0153ur d\u2019un ambitieux projet de r\u00e9novation\" \/>\n<meta property=\"og:url\" content=\"https:\/\/batijournal.com\/index.php\/renovation-dune-facade-amiantee-optimisee-grace-au-bim\/101157\/\" \/>\n<meta property=\"og:site_name\" content=\"Batijournal\" \/>\n<meta property=\"article:published_time\" content=\"2019-01-03T08:08:21+00:00\" \/>\n<meta property=\"article:modified_time\" content=\"2019-07-15T09:12:44+00:00\" \/>\n<meta property=\"og:image\" content=\"https:\/\/batijournal.com\/wp-content\/uploads\/2019\/01\/5-500-m-de-facades-amiante-bim-un-projet-d-envergure-pour-myral_386T1.jpg\" \/>\n\t<meta property=\"og:image:width\" content=\"1024\" \/>\n\t<meta property=\"og:image:height\" content=\"576\" \/>\n\t<meta property=\"og:image:type\" content=\"image\/jpeg\" \/>\n<meta name=\"author\" content=\"St\u00e9phane Miget\" \/>\n<meta name=\"twitter:card\" content=\"summary_large_image\" \/>\n<meta name=\"twitter:creator\" content=\"@bati_journal\" \/>\n<meta name=\"twitter:site\" content=\"@bati_journal\" \/>\n<meta name=\"twitter:label1\" content=\"\u00c9crit par\" \/>\n\t<meta name=\"twitter:data1\" content=\"St\u00e9phane Miget\" \/>\n\t<meta name=\"twitter:label2\" content=\"Dur\u00e9e de lecture estim\u00e9e\" \/>\n\t<meta name=\"twitter:data2\" content=\"1 minute\" \/>\n<script type=\"application\/ld+json\" class=\"yoast-schema-graph\">{\"@context\":\"https:\\\/\\\/schema.org\",\"@graph\":[{\"@type\":\"Article\",\"@id\":\"https:\\\/\\\/batijournal.com\\\/index.php\\\/renovation-dune-facade-amiantee-optimisee-grace-au-bim\\\/101157\\\/#article\",\"isPartOf\":{\"@id\":\"https:\\\/\\\/batijournal.com\\\/index.php\\\/renovation-dune-facade-amiantee-optimisee-grace-au-bim\\\/101157\\\/\"},\"author\":{\"name\":\"St\u00e9phane Miget\",\"@id\":\"https:\\\/\\\/batijournal.com\\\/#\\\/schema\\\/person\\\/1dc96ec6957aa1ccb25ebe78bb19f100\"},\"headline\":\"R\u00e9novation d&rsquo;une fa\u00e7ade amiant\u00e9e optimis\u00e9e gr\u00e2ce au BIM\",\"datePublished\":\"2019-01-03T08:08:21+00:00\",\"dateModified\":\"2019-07-15T09:12:44+00:00\",\"mainEntityOfPage\":{\"@id\":\"https:\\\/\\\/batijournal.com\\\/index.php\\\/renovation-dune-facade-amiantee-optimisee-grace-au-bim\\\/101157\\\/\"},\"wordCount\":229,\"image\":{\"@id\":\"https:\\\/\\\/batijournal.com\\\/index.php\\\/renovation-dune-facade-amiantee-optimisee-grace-au-bim\\\/101157\\\/#primaryimage\"},\"thumbnailUrl\":\"https:\\\/\\\/batijournal.com\\\/wp-content\\\/uploads\\\/2019\\\/01\\\/5-500-m-de-facades-amiante-bim-un-projet-d-envergure-pour-myral_386T1.jpg\",\"keywords\":[\"fa\u00e7ade\",\"r\u00e9novation\"],\"articleSection\":[\"Actualit\u00e9s\",\"Architecture &amp; Conception\",\"zz_5fa\u00e7ades\",\"zz_Actualit\u00e9s - 5fa\u00e7ades\",\"zz_Plan\u00e8te B\u00e2timent\"],\"inLanguage\":\"fr-FR\"},{\"@type\":\"WebPage\",\"@id\":\"https:\\\/\\\/batijournal.com\\\/index.php\\\/renovation-dune-facade-amiantee-optimisee-grace-au-bim\\\/101157\\\/\",\"url\":\"https:\\\/\\\/batijournal.com\\\/index.php\\\/renovation-dune-facade-amiantee-optimisee-grace-au-bim\\\/101157\\\/\",\"name\":\"R\u00e9novation d'une fa\u00e7ade amiant\u00e9e optimis\u00e9e gr\u00e2ce au BIM\",\"isPartOf\":{\"@id\":\"https:\\\/\\\/batijournal.com\\\/#website\"},\"primaryImageOfPage\":{\"@id\":\"https:\\\/\\\/batijournal.com\\\/index.php\\\/renovation-dune-facade-amiantee-optimisee-grace-au-bim\\\/101157\\\/#primaryimage\"},\"image\":{\"@id\":\"https:\\\/\\\/batijournal.com\\\/index.php\\\/renovation-dune-facade-amiantee-optimisee-grace-au-bim\\\/101157\\\/#primaryimage\"},\"thumbnailUrl\":\"https:\\\/\\\/batijournal.com\\\/wp-content\\\/uploads\\\/2019\\\/01\\\/5-500-m-de-facades-amiante-bim-un-projet-d-envergure-pour-myral_386T1.jpg\",\"datePublished\":\"2019-01-03T08:08:21+00:00\",\"dateModified\":\"2019-07-15T09:12:44+00:00\",\"author\":{\"@id\":\"https:\\\/\\\/batijournal.com\\\/#\\\/schema\\\/person\\\/1dc96ec6957aa1ccb25ebe78bb19f100\"},\"description\":\"83 logements collectifs et les 26 maisons individuelles d'un ensemble r\u00e9sidentiel au Mans ont \u00e9t\u00e9 au c\u0153ur d\u2019un ambitieux projet de r\u00e9novation\",\"breadcrumb\":{\"@id\":\"https:\\\/\\\/batijournal.com\\\/index.php\\\/renovation-dune-facade-amiantee-optimisee-grace-au-bim\\\/101157\\\/#breadcrumb\"},\"inLanguage\":\"fr-FR\",\"potentialAction\":[{\"@type\":\"ReadAction\",\"target\":[\"https:\\\/\\\/batijournal.com\\\/index.php\\\/renovation-dune-facade-amiantee-optimisee-grace-au-bim\\\/101157\\\/\"]}]},{\"@type\":\"ImageObject\",\"inLanguage\":\"fr-FR\",\"@id\":\"https:\\\/\\\/batijournal.com\\\/index.php\\\/renovation-dune-facade-amiantee-optimisee-grace-au-bim\\\/101157\\\/#primaryimage\",\"url\":\"https:\\\/\\\/batijournal.com\\\/wp-content\\\/uploads\\\/2019\\\/01\\\/5-500-m-de-facades-amiante-bim-un-projet-d-envergure-pour-myral_386T1.jpg\",\"contentUrl\":\"https:\\\/\\\/batijournal.com\\\/wp-content\\\/uploads\\\/2019\\\/01\\\/5-500-m-de-facades-amiante-bim-un-projet-d-envergure-pour-myral_386T1.jpg\",\"width\":1024,\"height\":576},{\"@type\":\"BreadcrumbList\",\"@id\":\"https:\\\/\\\/batijournal.com\\\/index.php\\\/renovation-dune-facade-amiantee-optimisee-grace-au-bim\\\/101157\\\/#breadcrumb\",\"itemListElement\":[{\"@type\":\"ListItem\",\"position\":1,\"name\":\"Accueil\",\"item\":\"https:\\\/\\\/batijournal.com\\\/\"},{\"@type\":\"ListItem\",\"position\":2,\"name\":\"Actualit\u00e9s\",\"item\":\"https:\\\/\\\/batijournal.com\\\/index.php\\\/category\\\/actualites\\\/\"},{\"@type\":\"ListItem\",\"position\":3,\"name\":\"R\u00e9novation d&rsquo;une fa\u00e7ade amiant\u00e9e optimis\u00e9e gr\u00e2ce au BIM\"}]},{\"@type\":\"WebSite\",\"@id\":\"https:\\\/\\\/batijournal.com\\\/#website\",\"url\":\"https:\\\/\\\/batijournal.com\\\/\",\"name\":\"Batijournal\",\"description\":\"L&#039;actualit\u00e9 du b\u00e2timent\",\"potentialAction\":[{\"@type\":\"SearchAction\",\"target\":{\"@type\":\"EntryPoint\",\"urlTemplate\":\"https:\\\/\\\/batijournal.com\\\/?s={search_term_string}\"},\"query-input\":{\"@type\":\"PropertyValueSpecification\",\"valueRequired\":true,\"valueName\":\"search_term_string\"}}],\"inLanguage\":\"fr-FR\"},{\"@type\":\"Person\",\"@id\":\"https:\\\/\\\/batijournal.com\\\/#\\\/schema\\\/person\\\/1dc96ec6957aa1ccb25ebe78bb19f100\",\"name\":\"St\u00e9phane Miget\",\"image\":{\"@type\":\"ImageObject\",\"inLanguage\":\"fr-FR\",\"@id\":\"https:\\\/\\\/secure.gravatar.com\\\/avatar\\\/89915563d925342126b8ef0281b93d9d7fc337043e8df017f780908eb9644451?s=96&d=mm&r=g\",\"url\":\"https:\\\/\\\/secure.gravatar.com\\\/avatar\\\/89915563d925342126b8ef0281b93d9d7fc337043e8df017f780908eb9644451?s=96&d=mm&r=g\",\"contentUrl\":\"https:\\\/\\\/secure.gravatar.com\\\/avatar\\\/89915563d925342126b8ef0281b93d9d7fc337043e8df017f780908eb9644451?s=96&d=mm&r=g\",\"caption\":\"St\u00e9phane Miget\"},\"url\":\"https:\\\/\\\/batijournal.com\\\/index.php\\\/author\\\/stephane\\\/\"}]}<\/script>\n<!-- \/ Yoast SEO plugin. -->","yoast_head_json":{"title":"R\u00e9novation d'une fa\u00e7ade amiant\u00e9e optimis\u00e9e gr\u00e2ce au BIM","description":"83 logements collectifs et les 26 maisons individuelles d'un ensemble r\u00e9sidentiel au Mans ont \u00e9t\u00e9 au c\u0153ur d\u2019un ambitieux projet de r\u00e9novation","robots":{"index":"index","follow":"follow","max-snippet":"max-snippet:-1","max-image-preview":"max-image-preview:large","max-video-preview":"max-video-preview:-1"},"canonical":"https:\/\/batijournal.com\/index.php\/renovation-dune-facade-amiantee-optimisee-grace-au-bim\/101157\/","og_locale":"fr_FR","og_type":"article","og_title":"R\u00e9novation d'une fa\u00e7ade amiant\u00e9e optimis\u00e9e gr\u00e2ce au BIM","og_description":"83 logements collectifs et les 26 maisons individuelles d'un ensemble r\u00e9sidentiel au Mans ont \u00e9t\u00e9 au c\u0153ur d\u2019un ambitieux projet de r\u00e9novation","og_url":"https:\/\/batijournal.com\/index.php\/renovation-dune-facade-amiantee-optimisee-grace-au-bim\/101157\/","og_site_name":"Batijournal","article_published_time":"2019-01-03T08:08:21+00:00","article_modified_time":"2019-07-15T09:12:44+00:00","og_image":[{"width":1024,"height":576,"url":"https:\/\/batijournal.com\/wp-content\/uploads\/2019\/01\/5-500-m-de-facades-amiante-bim-un-projet-d-envergure-pour-myral_386T1.jpg","type":"image\/jpeg"}],"author":"St\u00e9phane Miget","twitter_card":"summary_large_image","twitter_creator":"@bati_journal","twitter_site":"@bati_journal","twitter_misc":{"\u00c9crit par":"St\u00e9phane Miget","Dur\u00e9e de lecture estim\u00e9e":"1 minute"},"schema":{"@context":"https:\/\/schema.org","@graph":[{"@type":"Article","@id":"https:\/\/batijournal.com\/index.php\/renovation-dune-facade-amiantee-optimisee-grace-au-bim\/101157\/#article","isPartOf":{"@id":"https:\/\/batijournal.com\/index.php\/renovation-dune-facade-amiantee-optimisee-grace-au-bim\/101157\/"},"author":{"name":"St\u00e9phane Miget","@id":"https:\/\/batijournal.com\/#\/schema\/person\/1dc96ec6957aa1ccb25ebe78bb19f100"},"headline":"R\u00e9novation d&rsquo;une fa\u00e7ade amiant\u00e9e optimis\u00e9e gr\u00e2ce au BIM","datePublished":"2019-01-03T08:08:21+00:00","dateModified":"2019-07-15T09:12:44+00:00","mainEntityOfPage":{"@id":"https:\/\/batijournal.com\/index.php\/renovation-dune-facade-amiantee-optimisee-grace-au-bim\/101157\/"},"wordCount":229,"image":{"@id":"https:\/\/batijournal.com\/index.php\/renovation-dune-facade-amiantee-optimisee-grace-au-bim\/101157\/#primaryimage"},"thumbnailUrl":"https:\/\/batijournal.com\/wp-content\/uploads\/2019\/01\/5-500-m-de-facades-amiante-bim-un-projet-d-envergure-pour-myral_386T1.jpg","keywords":["fa\u00e7ade","r\u00e9novation"],"articleSection":["Actualit\u00e9s","Architecture &amp; Conception","zz_5fa\u00e7ades","zz_Actualit\u00e9s - 5fa\u00e7ades","zz_Plan\u00e8te B\u00e2timent"],"inLanguage":"fr-FR"},{"@type":"WebPage","@id":"https:\/\/batijournal.com\/index.php\/renovation-dune-facade-amiantee-optimisee-grace-au-bim\/101157\/","url":"https:\/\/batijournal.com\/index.php\/renovation-dune-facade-amiantee-optimisee-grace-au-bim\/101157\/","name":"R\u00e9novation d'une fa\u00e7ade amiant\u00e9e optimis\u00e9e gr\u00e2ce au BIM","isPartOf":{"@id":"https:\/\/batijournal.com\/#website"},"primaryImageOfPage":{"@id":"https:\/\/batijournal.com\/index.php\/renovation-dune-facade-amiantee-optimisee-grace-au-bim\/101157\/#primaryimage"},"image":{"@id":"https:\/\/batijournal.com\/index.php\/renovation-dune-facade-amiantee-optimisee-grace-au-bim\/101157\/#primaryimage"},"thumbnailUrl":"https:\/\/batijournal.com\/wp-content\/uploads\/2019\/01\/5-500-m-de-facades-amiante-bim-un-projet-d-envergure-pour-myral_386T1.jpg","datePublished":"2019-01-03T08:08:21+00:00","dateModified":"2019-07-15T09:12:44+00:00","author":{"@id":"https:\/\/batijournal.com\/#\/schema\/person\/1dc96ec6957aa1ccb25ebe78bb19f100"},"description":"83 logements collectifs et les 26 maisons individuelles d'un ensemble r\u00e9sidentiel au Mans ont \u00e9t\u00e9 au c\u0153ur d\u2019un ambitieux projet de r\u00e9novation","breadcrumb":{"@id":"https:\/\/batijournal.com\/index.php\/renovation-dune-facade-amiantee-optimisee-grace-au-bim\/101157\/#breadcrumb"},"inLanguage":"fr-FR","potentialAction":[{"@type":"ReadAction","target":["https:\/\/batijournal.com\/index.php\/renovation-dune-facade-amiantee-optimisee-grace-au-bim\/101157\/"]}]},{"@type":"ImageObject","inLanguage":"fr-FR","@id":"https:\/\/batijournal.com\/index.php\/renovation-dune-facade-amiantee-optimisee-grace-au-bim\/101157\/#primaryimage","url":"https:\/\/batijournal.com\/wp-content\/uploads\/2019\/01\/5-500-m-de-facades-amiante-bim-un-projet-d-envergure-pour-myral_386T1.jpg","contentUrl":"https:\/\/batijournal.com\/wp-content\/uploads\/2019\/01\/5-500-m-de-facades-amiante-bim-un-projet-d-envergure-pour-myral_386T1.jpg","width":1024,"height":576},{"@type":"BreadcrumbList","@id":"https:\/\/batijournal.com\/index.php\/renovation-dune-facade-amiantee-optimisee-grace-au-bim\/101157\/#breadcrumb","itemListElement":[{"@type":"ListItem","position":1,"name":"Accueil","item":"https:\/\/batijournal.com\/"},{"@type":"ListItem","position":2,"name":"Actualit\u00e9s","item":"https:\/\/batijournal.com\/index.php\/category\/actualites\/"},{"@type":"ListItem","position":3,"name":"R\u00e9novation d&rsquo;une fa\u00e7ade amiant\u00e9e optimis\u00e9e gr\u00e2ce au BIM"}]},{"@type":"WebSite","@id":"https:\/\/batijournal.com\/#website","url":"https:\/\/batijournal.com\/","name":"Batijournal","description":"L&#039;actualit\u00e9 du b\u00e2timent","potentialAction":[{"@type":"SearchAction","target":{"@type":"EntryPoint","urlTemplate":"https:\/\/batijournal.com\/?s={search_term_string}"},"query-input":{"@type":"PropertyValueSpecification","valueRequired":true,"valueName":"search_term_string"}}],"inLanguage":"fr-FR"},{"@type":"Person","@id":"https:\/\/batijournal.com\/#\/schema\/person\/1dc96ec6957aa1ccb25ebe78bb19f100","name":"St\u00e9phane Miget","image":{"@type":"ImageObject","inLanguage":"fr-FR","@id":"https:\/\/secure.gravatar.com\/avatar\/89915563d925342126b8ef0281b93d9d7fc337043e8df017f780908eb9644451?s=96&d=mm&r=g","url":"https:\/\/secure.gravatar.com\/avatar\/89915563d925342126b8ef0281b93d9d7fc337043e8df017f780908eb9644451?s=96&d=mm&r=g","contentUrl":"https:\/\/secure.gravatar.com\/avatar\/89915563d925342126b8ef0281b93d9d7fc337043e8df017f780908eb9644451?s=96&d=mm&r=g","caption":"St\u00e9phane Miget"},"url":"https:\/\/batijournal.com\/index.php\/author\/stephane\/"}]}},"_links":{"self":[{"href":"https:\/\/batijournal.com\/index.php\/wp-json\/wp\/v2\/posts\/101157","targetHints":{"allow":["GET"]}}],"collection":[{"href":"https:\/\/batijournal.com\/index.php\/wp-json\/wp\/v2\/posts"}],"about":[{"href":"https:\/\/batijournal.com\/index.php\/wp-json\/wp\/v2\/types\/post"}],"author":[{"embeddable":true,"href":"https:\/\/batijournal.com\/index.php\/wp-json\/wp\/v2\/users\/17"}],"replies":[{"embeddable":true,"href":"https:\/\/batijournal.com\/index.php\/wp-json\/wp\/v2\/comments?post=101157"}],"version-history":[{"count":0,"href":"https:\/\/batijournal.com\/index.php\/wp-json\/wp\/v2\/posts\/101157\/revisions"}],"wp:featuredmedia":[{"embeddable":true,"href":"https:\/\/batijournal.com\/index.php\/wp-json\/wp\/v2\/media\/101158"}],"wp:attachment":[{"href":"https:\/\/batijournal.com\/index.php\/wp-json\/wp\/v2\/media?parent=101157"}],"wp:term":[{"taxonomy":"category","embeddable":true,"href":"https:\/\/batijournal.com\/index.php\/wp-json\/wp\/v2\/categories?post=101157"},{"taxonomy":"post_tag","embeddable":true,"href":"https:\/\/batijournal.com\/index.php\/wp-json\/wp\/v2\/tags?post=101157"}],"curies":[{"name":"wp","href":"https:\/\/api.w.org\/{rel}","templated":true}]}}