{"id":101159,"date":"2019-01-04T07:54:13","date_gmt":"2019-01-04T06:54:13","guid":{"rendered":"https:\/\/batijournal.com\/?p=101159"},"modified":"2019-07-15T12:21:51","modified_gmt":"2019-07-15T10:21:51","slug":"20eme-edition-des-assises-europeennes-de-la-transition-energetique","status":"publish","type":"post","link":"https:\/\/batijournal.com\/index.php\/20eme-edition-des-assises-europeennes-de-la-transition-energetique\/101159\/","title":{"rendered":"20\u00e8me \u00e9dition des Assises Europ\u00e9ennes de la Transition Energ\u00e9tique"},"content":{"rendered":"<p><strong>La 20\u00e8me \u00e9dition des Assises Europ\u00e9ennes de la Transition Energ\u00e9tique va se tenir du 22 au 24 janvier 2019 \u00e0 Dunkerque. Pr\u00e8s de 3500 participants &#8211; repr\u00e9sentants des pouvoirs publics, des mondes \u00e9conomiques et acad\u00e9miques et de la soci\u00e9t\u00e9 civile, sont attendus au Kursaal \u2013 Palais des Congr\u00e8s pour d\u00e9battre et partager leur exp\u00e9rience de la transition \u00e9nerg\u00e9tique des territoires autour d\u2019un programme compos\u00e9 de plus d\u2019une centaine d\u2019\u00e9v\u00e9nements &#8211; pl\u00e9ni\u00e8res, ateliers de partage, de cocr\u00e9ation et visites de terrain.<\/strong><\/p>\n<p>Parmi les grands t\u00e9moins et intervenants 2019, sont annonc\u00e9s :<br \/>\nFran\u00e7ois de Rugy &#8211; Ministre fran\u00e7ais de la transition \u00e9cologique et solidaire, Anne Hidalgo &#8211; Maire de Paris, Alain Jupp\u00e9 &#8211; Maire de Bordeaux, Pr\u00e9sident de la Communaut\u00e9 urbaine de Bordeaux, Antonio Hodgers &#8211; Pr\u00e9sident du Conseil d\u2019\u00c9tat de la R\u00e9publique et canton de Gen\u00e8ve et du Grand Gen\u00e8ve, Chantal Jouanno &#8211; Pr\u00e9sidente de la Commission Nationale du D\u00e9bat Public, Arnaud LEROY \u2013 Pr\u00e9sident de l\u2019ADEME, Agamemnon Otero &#8211; co-fondateur de Repowering London ou encore Paula Abreu-Marques &#8211; Chef d\u2019unit\u00e9 ENR \u00e0 la Direction G\u00e9n\u00e9rale Energie de la Commission Europ\u00e9enne.<\/p>\n<p>Cette \u00e9dition \u00ab anniversaire \u00bb, b\u00e2tie autour du fil rouge \u00ab Des territoires engag\u00e9s et solidaires\u00bb, portera un message fort : les territoires sont au c\u0153ur du changement, de l\u2019exp\u00e9rimentation et de l\u2019innovation en mati\u00e8re de transition \u00e9nerg\u00e9tique. Ils offrent de nombreuses voies de sortie concr\u00e8tes face aux fractures sociales, technologiques, environnementales et \u00e9nerg\u00e9tiques \u00e0 l\u2019\u0153uvre dans nos soci\u00e9t\u00e9s. La prise en compte de leur exp\u00e9rience et de leur voix est essentielle pour r\u00e9ussir la transition \u00e9nerg\u00e9tique.<\/p>\n<p><strong>20 pl\u00e9ni\u00e8res pour d\u00e9crypter, explorer et s\u2019inspirer<\/strong><br \/>\nAfin d\u2019offrir une vision globale des grands enjeux actuels en mati\u00e8re de transition \u00e9nerg\u00e9tique et de lutte contre le changement climatique, les Assises europ\u00e9ennes de la transition \u00e9nerg\u00e9tique proposent une s\u00e9rie de pl\u00e9ni\u00e8res, en pr\u00e9sence d\u2019experts et grands t\u00e9moins, qui permettent \u00e0 la fois de d\u00e9crypter les \u00e9volutions actuelles, d\u2019explorer les tendances \u00e9mergentes et faire le plein d\u2019inspiration.<\/p>\n<p><strong>115 ateliers pour d\u00e9battre, partager et coconstruire<\/strong><br \/>\nChaque ann\u00e9e, les Assises offrent un programme d\u2019ateliers construit en partenariat avec les acteurs engag\u00e9s dans la transition \u00e9nerg\u00e9tique des territoires pour faire de l\u2019\u00e9v\u00e9nement un v\u00e9ritable concentr\u00e9 de partage d\u2019exp\u00e9riences, d\u2019id\u00e9es et de solutions concr\u00e8tes. Cette ann\u00e9e, pas moins de 270 contributeurs \u2013 \u00e9lus, citoyens, chercheurs, entreprises ou encore techniciens territoriaux, ont particip\u00e9 \u00e0 l\u2019\u00e9laboration de ce programme, via un appel \u00e0 contributions lanc\u00e9 en avril dernier.<\/p>\n<p><strong>6 visites th\u00e9matiques pour d\u00e9couvrir la transition \u00e9nerg\u00e9tique en action sur le territoire dunkerquois<\/strong><br \/>\nImplantation du premier d\u00e9monstrateur Power-to-Gas fran\u00e7ais \u00e0 Cappelle-la-Grande (projet GRHYD), reconversion d\u2019une ancienne Halle aux Sucres en learning center r\u00e9gional d\u00e9di\u00e9 \u00e0 la \u00ab ville durable \u00bb ou encore valorisation des d\u00e9chets en source d\u2019\u00e9nergie renouvelable pour le territoire : autant d\u2019initiatives exemplaires et innovantes, mises en \u0153uvre dans l\u2019agglom\u00e9ration de la Communaut\u00e9 urbaine de Dunkerque, \u00e0 d\u00e9couvrir !<\/p>\n<p><strong>Programme complet sur <a href=\"http:\/\/www.assises-energie.net\" target=\"_blank\" rel=\"noopener noreferrer\">www.assises-energie.net<\/a><\/strong> (inscriptions pr\u00e9alables obligatoires \u2013 places limit\u00e9es).<\/p>\n<p>&nbsp;<\/p>\n","protected":false},"excerpt":{"rendered":"<p>La 20\u00e8me \u00e9dition des Assises Europ\u00e9ennes de la Transition Energ\u00e9tique va se tenir du 22 au 24 janvier 2019 \u00e0 Dunkerque. Pr\u00e8s de 3500 participants &#8211; repr\u00e9sentants des pouvoirs publics, des mondes \u00e9conomiques et acad\u00e9miques et de la soci\u00e9t\u00e9 civile, sont attendus au Kursaal \u2013 Palais des Congr\u00e8s pour d\u00e9battre et partager leur exp\u00e9rience de [&hellip;]<\/p>\n","protected":false},"author":17,"featured_media":101160,"comment_status":"closed","ping_status":"closed","sticky":false,"template":"","format":"standard","meta":{"_et_pb_use_builder":"","_et_pb_old_content":"","_et_gb_content_width":"","footnotes":""},"categories":[10530,6351,10778,10764],"tags":[11059],"class_list":["post-101159","post","type-post","status-publish","format-standard","has-post-thumbnail","hentry","category-actualites","category-energie-environnement","category-planete","category-woodsurfer","tag-transition-energetique"],"yoast_head":"<!-- This site is optimized with the Yoast SEO plugin v27.4 - https:\/\/yoast.com\/product\/yoast-seo-wordpress\/ -->\n<title>20\u00e8me \u00e9dition des Assises Europ\u00e9ennes de la Transition Energ\u00e9tique -<\/title>\n<meta name=\"description\" content=\"La 20\u00e8me \u00e9dition des Assises Europ\u00e9ennes de la Transition Energ\u00e9tique va se tenir du 22 au 24 janvier 2019 \u00e0 Dunkerque\" \/>\n<meta name=\"robots\" content=\"index, follow, max-snippet:-1, max-image-preview:large, max-video-preview:-1\" \/>\n<link rel=\"canonical\" href=\"https:\/\/batijournal.com\/index.php\/20eme-edition-des-assises-europeennes-de-la-transition-energetique\/101159\/\" \/>\n<meta property=\"og:locale\" content=\"fr_FR\" \/>\n<meta property=\"og:type\" content=\"article\" \/>\n<meta property=\"og:title\" content=\"20\u00e8me \u00e9dition des Assises Europ\u00e9ennes de la Transition Energ\u00e9tique -\" \/>\n<meta property=\"og:description\" content=\"La 20\u00e8me \u00e9dition des Assises Europ\u00e9ennes de la Transition Energ\u00e9tique va se tenir du 22 au 24 janvier 2019 \u00e0 Dunkerque\" \/>\n<meta property=\"og:url\" content=\"https:\/\/batijournal.com\/index.php\/20eme-edition-des-assises-europeennes-de-la-transition-energetique\/101159\/\" \/>\n<meta property=\"og:site_name\" content=\"Batijournal\" \/>\n<meta property=\"article:published_time\" content=\"2019-01-04T06:54:13+00:00\" \/>\n<meta property=\"article:modified_time\" content=\"2019-07-15T10:21:51+00:00\" \/>\n<meta property=\"og:image\" content=\"https:\/\/batijournal.com\/wp-content\/uploads\/2019\/01\/assises-transition-energetique-dunkerque.jpg\" \/>\n\t<meta property=\"og:image:width\" content=\"1200\" \/>\n\t<meta property=\"og:image:height\" content=\"800\" \/>\n\t<meta property=\"og:image:type\" content=\"image\/jpeg\" \/>\n<meta name=\"author\" content=\"St\u00e9phane Miget\" \/>\n<meta name=\"twitter:card\" content=\"summary_large_image\" \/>\n<meta name=\"twitter:creator\" content=\"@bati_journal\" \/>\n<meta name=\"twitter:site\" content=\"@bati_journal\" \/>\n<meta name=\"twitter:label1\" content=\"\u00c9crit par\" \/>\n\t<meta name=\"twitter:data1\" content=\"St\u00e9phane Miget\" \/>\n\t<meta name=\"twitter:label2\" content=\"Dur\u00e9e de lecture estim\u00e9e\" \/>\n\t<meta name=\"twitter:data2\" content=\"3 minutes\" \/>\n<script type=\"application\/ld+json\" class=\"yoast-schema-graph\">{\"@context\":\"https:\\\/\\\/schema.org\",\"@graph\":[{\"@type\":\"Article\",\"@id\":\"https:\\\/\\\/batijournal.com\\\/index.php\\\/20eme-edition-des-assises-europeennes-de-la-transition-energetique\\\/101159\\\/#article\",\"isPartOf\":{\"@id\":\"https:\\\/\\\/batijournal.com\\\/index.php\\\/20eme-edition-des-assises-europeennes-de-la-transition-energetique\\\/101159\\\/\"},\"author\":{\"name\":\"St\u00e9phane Miget\",\"@id\":\"https:\\\/\\\/batijournal.com\\\/#\\\/schema\\\/person\\\/1dc96ec6957aa1ccb25ebe78bb19f100\"},\"headline\":\"20\u00e8me \u00e9dition des Assises Europ\u00e9ennes de la Transition Energ\u00e9tique\",\"datePublished\":\"2019-01-04T06:54:13+00:00\",\"dateModified\":\"2019-07-15T10:21:51+00:00\",\"mainEntityOfPage\":{\"@id\":\"https:\\\/\\\/batijournal.com\\\/index.php\\\/20eme-edition-des-assises-europeennes-de-la-transition-energetique\\\/101159\\\/\"},\"wordCount\":563,\"image\":{\"@id\":\"https:\\\/\\\/batijournal.com\\\/index.php\\\/20eme-edition-des-assises-europeennes-de-la-transition-energetique\\\/101159\\\/#primaryimage\"},\"thumbnailUrl\":\"https:\\\/\\\/batijournal.com\\\/wp-content\\\/uploads\\\/2019\\\/01\\\/assises-transition-energetique-dunkerque.jpg\",\"keywords\":[\"transition \u00e9nerg\u00e9tique\"],\"articleSection\":[\"Actualit\u00e9s\",\"\u00c9nergie &amp; Environnement\",\"zz_Plan\u00e8te B\u00e2timent\",\"zz_Woodsurfer\"],\"inLanguage\":\"fr-FR\"},{\"@type\":\"WebPage\",\"@id\":\"https:\\\/\\\/batijournal.com\\\/index.php\\\/20eme-edition-des-assises-europeennes-de-la-transition-energetique\\\/101159\\\/\",\"url\":\"https:\\\/\\\/batijournal.com\\\/index.php\\\/20eme-edition-des-assises-europeennes-de-la-transition-energetique\\\/101159\\\/\",\"name\":\"20\u00e8me \u00e9dition des Assises Europ\u00e9ennes de la Transition Energ\u00e9tique -\",\"isPartOf\":{\"@id\":\"https:\\\/\\\/batijournal.com\\\/#website\"},\"primaryImageOfPage\":{\"@id\":\"https:\\\/\\\/batijournal.com\\\/index.php\\\/20eme-edition-des-assises-europeennes-de-la-transition-energetique\\\/101159\\\/#primaryimage\"},\"image\":{\"@id\":\"https:\\\/\\\/batijournal.com\\\/index.php\\\/20eme-edition-des-assises-europeennes-de-la-transition-energetique\\\/101159\\\/#primaryimage\"},\"thumbnailUrl\":\"https:\\\/\\\/batijournal.com\\\/wp-content\\\/uploads\\\/2019\\\/01\\\/assises-transition-energetique-dunkerque.jpg\",\"datePublished\":\"2019-01-04T06:54:13+00:00\",\"dateModified\":\"2019-07-15T10:21:51+00:00\",\"author\":{\"@id\":\"https:\\\/\\\/batijournal.com\\\/#\\\/schema\\\/person\\\/1dc96ec6957aa1ccb25ebe78bb19f100\"},\"description\":\"La 20\u00e8me \u00e9dition des Assises Europ\u00e9ennes de la Transition Energ\u00e9tique va se tenir du 22 au 24 janvier 2019 \u00e0 Dunkerque\",\"breadcrumb\":{\"@id\":\"https:\\\/\\\/batijournal.com\\\/index.php\\\/20eme-edition-des-assises-europeennes-de-la-transition-energetique\\\/101159\\\/#breadcrumb\"},\"inLanguage\":\"fr-FR\",\"potentialAction\":[{\"@type\":\"ReadAction\",\"target\":[\"https:\\\/\\\/batijournal.com\\\/index.php\\\/20eme-edition-des-assises-europeennes-de-la-transition-energetique\\\/101159\\\/\"]}]},{\"@type\":\"ImageObject\",\"inLanguage\":\"fr-FR\",\"@id\":\"https:\\\/\\\/batijournal.com\\\/index.php\\\/20eme-edition-des-assises-europeennes-de-la-transition-energetique\\\/101159\\\/#primaryimage\",\"url\":\"https:\\\/\\\/batijournal.com\\\/wp-content\\\/uploads\\\/2019\\\/01\\\/assises-transition-energetique-dunkerque.jpg\",\"contentUrl\":\"https:\\\/\\\/batijournal.com\\\/wp-content\\\/uploads\\\/2019\\\/01\\\/assises-transition-energetique-dunkerque.jpg\",\"width\":1200,\"height\":800,\"caption\":\"assises-transition-energetique-dunkerque\"},{\"@type\":\"BreadcrumbList\",\"@id\":\"https:\\\/\\\/batijournal.com\\\/index.php\\\/20eme-edition-des-assises-europeennes-de-la-transition-energetique\\\/101159\\\/#breadcrumb\",\"itemListElement\":[{\"@type\":\"ListItem\",\"position\":1,\"name\":\"Accueil\",\"item\":\"https:\\\/\\\/batijournal.com\\\/\"},{\"@type\":\"ListItem\",\"position\":2,\"name\":\"Actualit\u00e9s\",\"item\":\"https:\\\/\\\/batijournal.com\\\/index.php\\\/category\\\/actualites\\\/\"},{\"@type\":\"ListItem\",\"position\":3,\"name\":\"20\u00e8me \u00e9dition des Assises Europ\u00e9ennes de la Transition Energ\u00e9tique\"}]},{\"@type\":\"WebSite\",\"@id\":\"https:\\\/\\\/batijournal.com\\\/#website\",\"url\":\"https:\\\/\\\/batijournal.com\\\/\",\"name\":\"Batijournal\",\"description\":\"L&#039;actualit\u00e9 du b\u00e2timent\",\"potentialAction\":[{\"@type\":\"SearchAction\",\"target\":{\"@type\":\"EntryPoint\",\"urlTemplate\":\"https:\\\/\\\/batijournal.com\\\/?s={search_term_string}\"},\"query-input\":{\"@type\":\"PropertyValueSpecification\",\"valueRequired\":true,\"valueName\":\"search_term_string\"}}],\"inLanguage\":\"fr-FR\"},{\"@type\":\"Person\",\"@id\":\"https:\\\/\\\/batijournal.com\\\/#\\\/schema\\\/person\\\/1dc96ec6957aa1ccb25ebe78bb19f100\",\"name\":\"St\u00e9phane Miget\",\"image\":{\"@type\":\"ImageObject\",\"inLanguage\":\"fr-FR\",\"@id\":\"https:\\\/\\\/secure.gravatar.com\\\/avatar\\\/89915563d925342126b8ef0281b93d9d7fc337043e8df017f780908eb9644451?s=96&d=mm&r=g\",\"url\":\"https:\\\/\\\/secure.gravatar.com\\\/avatar\\\/89915563d925342126b8ef0281b93d9d7fc337043e8df017f780908eb9644451?s=96&d=mm&r=g\",\"contentUrl\":\"https:\\\/\\\/secure.gravatar.com\\\/avatar\\\/89915563d925342126b8ef0281b93d9d7fc337043e8df017f780908eb9644451?s=96&d=mm&r=g\",\"caption\":\"St\u00e9phane Miget\"},\"url\":\"https:\\\/\\\/batijournal.com\\\/index.php\\\/author\\\/stephane\\\/\"}]}<\/script>\n<!-- \/ Yoast SEO plugin. -->","yoast_head_json":{"title":"20\u00e8me \u00e9dition des Assises Europ\u00e9ennes de la Transition Energ\u00e9tique -","description":"La 20\u00e8me \u00e9dition des Assises Europ\u00e9ennes de la Transition Energ\u00e9tique va se tenir du 22 au 24 janvier 2019 \u00e0 Dunkerque","robots":{"index":"index","follow":"follow","max-snippet":"max-snippet:-1","max-image-preview":"max-image-preview:large","max-video-preview":"max-video-preview:-1"},"canonical":"https:\/\/batijournal.com\/index.php\/20eme-edition-des-assises-europeennes-de-la-transition-energetique\/101159\/","og_locale":"fr_FR","og_type":"article","og_title":"20\u00e8me \u00e9dition des Assises Europ\u00e9ennes de la Transition Energ\u00e9tique -","og_description":"La 20\u00e8me \u00e9dition des Assises Europ\u00e9ennes de la Transition Energ\u00e9tique va se tenir du 22 au 24 janvier 2019 \u00e0 Dunkerque","og_url":"https:\/\/batijournal.com\/index.php\/20eme-edition-des-assises-europeennes-de-la-transition-energetique\/101159\/","og_site_name":"Batijournal","article_published_time":"2019-01-04T06:54:13+00:00","article_modified_time":"2019-07-15T10:21:51+00:00","og_image":[{"width":1200,"height":800,"url":"https:\/\/batijournal.com\/wp-content\/uploads\/2019\/01\/assises-transition-energetique-dunkerque.jpg","type":"image\/jpeg"}],"author":"St\u00e9phane Miget","twitter_card":"summary_large_image","twitter_creator":"@bati_journal","twitter_site":"@bati_journal","twitter_misc":{"\u00c9crit par":"St\u00e9phane Miget","Dur\u00e9e de lecture estim\u00e9e":"3 minutes"},"schema":{"@context":"https:\/\/schema.org","@graph":[{"@type":"Article","@id":"https:\/\/batijournal.com\/index.php\/20eme-edition-des-assises-europeennes-de-la-transition-energetique\/101159\/#article","isPartOf":{"@id":"https:\/\/batijournal.com\/index.php\/20eme-edition-des-assises-europeennes-de-la-transition-energetique\/101159\/"},"author":{"name":"St\u00e9phane Miget","@id":"https:\/\/batijournal.com\/#\/schema\/person\/1dc96ec6957aa1ccb25ebe78bb19f100"},"headline":"20\u00e8me \u00e9dition des Assises Europ\u00e9ennes de la Transition Energ\u00e9tique","datePublished":"2019-01-04T06:54:13+00:00","dateModified":"2019-07-15T10:21:51+00:00","mainEntityOfPage":{"@id":"https:\/\/batijournal.com\/index.php\/20eme-edition-des-assises-europeennes-de-la-transition-energetique\/101159\/"},"wordCount":563,"image":{"@id":"https:\/\/batijournal.com\/index.php\/20eme-edition-des-assises-europeennes-de-la-transition-energetique\/101159\/#primaryimage"},"thumbnailUrl":"https:\/\/batijournal.com\/wp-content\/uploads\/2019\/01\/assises-transition-energetique-dunkerque.jpg","keywords":["transition \u00e9nerg\u00e9tique"],"articleSection":["Actualit\u00e9s","\u00c9nergie &amp; Environnement","zz_Plan\u00e8te B\u00e2timent","zz_Woodsurfer"],"inLanguage":"fr-FR"},{"@type":"WebPage","@id":"https:\/\/batijournal.com\/index.php\/20eme-edition-des-assises-europeennes-de-la-transition-energetique\/101159\/","url":"https:\/\/batijournal.com\/index.php\/20eme-edition-des-assises-europeennes-de-la-transition-energetique\/101159\/","name":"20\u00e8me \u00e9dition des Assises Europ\u00e9ennes de la Transition Energ\u00e9tique -","isPartOf":{"@id":"https:\/\/batijournal.com\/#website"},"primaryImageOfPage":{"@id":"https:\/\/batijournal.com\/index.php\/20eme-edition-des-assises-europeennes-de-la-transition-energetique\/101159\/#primaryimage"},"image":{"@id":"https:\/\/batijournal.com\/index.php\/20eme-edition-des-assises-europeennes-de-la-transition-energetique\/101159\/#primaryimage"},"thumbnailUrl":"https:\/\/batijournal.com\/wp-content\/uploads\/2019\/01\/assises-transition-energetique-dunkerque.jpg","datePublished":"2019-01-04T06:54:13+00:00","dateModified":"2019-07-15T10:21:51+00:00","author":{"@id":"https:\/\/batijournal.com\/#\/schema\/person\/1dc96ec6957aa1ccb25ebe78bb19f100"},"description":"La 20\u00e8me \u00e9dition des Assises Europ\u00e9ennes de la Transition Energ\u00e9tique va se tenir du 22 au 24 janvier 2019 \u00e0 Dunkerque","breadcrumb":{"@id":"https:\/\/batijournal.com\/index.php\/20eme-edition-des-assises-europeennes-de-la-transition-energetique\/101159\/#breadcrumb"},"inLanguage":"fr-FR","potentialAction":[{"@type":"ReadAction","target":["https:\/\/batijournal.com\/index.php\/20eme-edition-des-assises-europeennes-de-la-transition-energetique\/101159\/"]}]},{"@type":"ImageObject","inLanguage":"fr-FR","@id":"https:\/\/batijournal.com\/index.php\/20eme-edition-des-assises-europeennes-de-la-transition-energetique\/101159\/#primaryimage","url":"https:\/\/batijournal.com\/wp-content\/uploads\/2019\/01\/assises-transition-energetique-dunkerque.jpg","contentUrl":"https:\/\/batijournal.com\/wp-content\/uploads\/2019\/01\/assises-transition-energetique-dunkerque.jpg","width":1200,"height":800,"caption":"assises-transition-energetique-dunkerque"},{"@type":"BreadcrumbList","@id":"https:\/\/batijournal.com\/index.php\/20eme-edition-des-assises-europeennes-de-la-transition-energetique\/101159\/#breadcrumb","itemListElement":[{"@type":"ListItem","position":1,"name":"Accueil","item":"https:\/\/batijournal.com\/"},{"@type":"ListItem","position":2,"name":"Actualit\u00e9s","item":"https:\/\/batijournal.com\/index.php\/category\/actualites\/"},{"@type":"ListItem","position":3,"name":"20\u00e8me \u00e9dition des Assises Europ\u00e9ennes de la Transition Energ\u00e9tique"}]},{"@type":"WebSite","@id":"https:\/\/batijournal.com\/#website","url":"https:\/\/batijournal.com\/","name":"Batijournal","description":"L&#039;actualit\u00e9 du b\u00e2timent","potentialAction":[{"@type":"SearchAction","target":{"@type":"EntryPoint","urlTemplate":"https:\/\/batijournal.com\/?s={search_term_string}"},"query-input":{"@type":"PropertyValueSpecification","valueRequired":true,"valueName":"search_term_string"}}],"inLanguage":"fr-FR"},{"@type":"Person","@id":"https:\/\/batijournal.com\/#\/schema\/person\/1dc96ec6957aa1ccb25ebe78bb19f100","name":"St\u00e9phane Miget","image":{"@type":"ImageObject","inLanguage":"fr-FR","@id":"https:\/\/secure.gravatar.com\/avatar\/89915563d925342126b8ef0281b93d9d7fc337043e8df017f780908eb9644451?s=96&d=mm&r=g","url":"https:\/\/secure.gravatar.com\/avatar\/89915563d925342126b8ef0281b93d9d7fc337043e8df017f780908eb9644451?s=96&d=mm&r=g","contentUrl":"https:\/\/secure.gravatar.com\/avatar\/89915563d925342126b8ef0281b93d9d7fc337043e8df017f780908eb9644451?s=96&d=mm&r=g","caption":"St\u00e9phane Miget"},"url":"https:\/\/batijournal.com\/index.php\/author\/stephane\/"}]}},"_links":{"self":[{"href":"https:\/\/batijournal.com\/index.php\/wp-json\/wp\/v2\/posts\/101159","targetHints":{"allow":["GET"]}}],"collection":[{"href":"https:\/\/batijournal.com\/index.php\/wp-json\/wp\/v2\/posts"}],"about":[{"href":"https:\/\/batijournal.com\/index.php\/wp-json\/wp\/v2\/types\/post"}],"author":[{"embeddable":true,"href":"https:\/\/batijournal.com\/index.php\/wp-json\/wp\/v2\/users\/17"}],"replies":[{"embeddable":true,"href":"https:\/\/batijournal.com\/index.php\/wp-json\/wp\/v2\/comments?post=101159"}],"version-history":[{"count":0,"href":"https:\/\/batijournal.com\/index.php\/wp-json\/wp\/v2\/posts\/101159\/revisions"}],"wp:featuredmedia":[{"embeddable":true,"href":"https:\/\/batijournal.com\/index.php\/wp-json\/wp\/v2\/media\/101160"}],"wp:attachment":[{"href":"https:\/\/batijournal.com\/index.php\/wp-json\/wp\/v2\/media?parent=101159"}],"wp:term":[{"taxonomy":"category","embeddable":true,"href":"https:\/\/batijournal.com\/index.php\/wp-json\/wp\/v2\/categories?post=101159"},{"taxonomy":"post_tag","embeddable":true,"href":"https:\/\/batijournal.com\/index.php\/wp-json\/wp\/v2\/tags?post=101159"}],"curies":[{"name":"wp","href":"https:\/\/api.w.org\/{rel}","templated":true}]}}