{"id":101161,"date":"2019-01-07T07:34:29","date_gmt":"2019-01-07T06:34:29","guid":{"rendered":"https:\/\/batijournal.com\/?p=101161"},"modified":"2019-07-15T12:01:55","modified_gmt":"2019-07-15T10:01:55","slug":"lactivite-des-materiaux-en-baisse","status":"publish","type":"post","link":"https:\/\/batijournal.com\/index.php\/lactivite-des-materiaux-en-baisse\/101161\/","title":{"rendered":"L\u2019activit\u00e9 des mat\u00e9riaux en baisse"},"content":{"rendered":"<p>L&rsquo;Unicem annonce des chiffres en repli pour les mat\u00e9riaux de construction dans sa derni\u00e8re note de conjoncture. Apr\u00e8s un \u00e9t\u00e9 plut\u00f4t correct, la production de granulats s\u2019inscrit en repli sur les mois d\u2019octobre et de novembre, sur les trois derniers mois, l\u2019activit\u00e9 est au point mort par rapport \u00e0 l\u2019an dernier. Du c\u00f4t\u00e9 du BPE, le freinage de l\u2019activit\u00e9 s\u2019inscrit dans la droite ligne du ralentissement de la demande, en liaison avec le fl\u00e9chissement des mises en chantier. En novembre, les livraisons ont recul\u00e9 de &#8211; 1,5 % par rapport \u00e0 octobre et de &#8211; 2,5 % par rapport \u00e0 novembre 2017. Sur les trois derniers mois, l\u2019activit\u00e9 demeure en hausse de + 1 % au regard des trois mois pr\u00e9c\u00e9dents et de + 2,1 % sur un an. Le quatri\u00e8me trimestre s\u2019annonce \u00e9galement plut\u00f4t morose pour les mat\u00e9riaux, certains produits affichant des replis ces derniers mois : briques, produits en b\u00e9ton. En donn\u00e9es provisoires, l\u2019indicateur afficherait une croissance modeste de +1,3 % sur les onze mois de l\u2019ann\u00e9e 2018, soit bien moins qu\u2019en 2017 \u00e0 la m\u00eame p\u00e9riode (+ 4,8 %).<\/p>\n","protected":false},"excerpt":{"rendered":"<p>L&rsquo;Unicem annonce des chiffres en repli pour les mat\u00e9riaux de construction dans sa derni\u00e8re note de conjoncture. Apr\u00e8s un \u00e9t\u00e9 plut\u00f4t correct, la production de granulats s\u2019inscrit en repli sur les mois d\u2019octobre et de novembre, sur les trois derniers mois, l\u2019activit\u00e9 est au point mort par rapport \u00e0 l\u2019an dernier. Du c\u00f4t\u00e9 du BPE, [&hellip;]<\/p>\n","protected":false},"author":17,"featured_media":91618,"comment_status":"closed","ping_status":"closed","sticky":false,"template":"","format":"standard","meta":{"_et_pb_use_builder":"","_et_pb_old_content":"","_et_gb_content_width":"","footnotes":""},"categories":[10736,10530,6345],"tags":[11893,4840,1422,6669],"class_list":["post-101161","post","type-post","status-publish","format-standard","has-post-thumbnail","hentry","category-a-la-une","category-actualites","category-economie-marches","tag-bpe","tag-granulats","tag-materiaux","tag-unicem"],"yoast_head":"<!-- This site is optimized with the Yoast SEO plugin v27.4 - https:\/\/yoast.com\/product\/yoast-seo-wordpress\/ -->\n<title>L\u2019activit\u00e9 des mat\u00e9riaux en baisse<\/title>\n<meta name=\"description\" content=\"L&#039;Unicem annonce des chiffres en repli pour les mat\u00e9riaux de construction dans sa derni\u00e8re note de conjoncture.\" \/>\n<meta name=\"robots\" content=\"index, follow, max-snippet:-1, max-image-preview:large, max-video-preview:-1\" \/>\n<link rel=\"canonical\" href=\"https:\/\/batijournal.com\/index.php\/lactivite-des-materiaux-en-baisse\/101161\/\" \/>\n<meta property=\"og:locale\" content=\"fr_FR\" \/>\n<meta property=\"og:type\" content=\"article\" \/>\n<meta property=\"og:title\" content=\"L\u2019activit\u00e9 des mat\u00e9riaux en baisse\" \/>\n<meta property=\"og:description\" content=\"L&#039;Unicem annonce des chiffres en repli pour les mat\u00e9riaux de construction dans sa derni\u00e8re note de conjoncture.\" \/>\n<meta property=\"og:url\" content=\"https:\/\/batijournal.com\/index.php\/lactivite-des-materiaux-en-baisse\/101161\/\" \/>\n<meta property=\"og:site_name\" content=\"Batijournal\" \/>\n<meta property=\"article:published_time\" content=\"2019-01-07T06:34:29+00:00\" \/>\n<meta property=\"article:modified_time\" content=\"2019-07-15T10:01:55+00:00\" \/>\n<meta property=\"og:image\" content=\"https:\/\/batijournal.com\/wp-content\/uploads\/2016\/02\/granulats-2.jpg\" \/>\n\t<meta property=\"og:image:width\" content=\"1000\" \/>\n\t<meta property=\"og:image:height\" content=\"588\" \/>\n\t<meta property=\"og:image:type\" content=\"image\/jpeg\" \/>\n<meta name=\"author\" content=\"St\u00e9phane Miget\" \/>\n<meta name=\"twitter:card\" content=\"summary_large_image\" \/>\n<meta name=\"twitter:creator\" content=\"@bati_journal\" \/>\n<meta name=\"twitter:site\" content=\"@bati_journal\" \/>\n<meta name=\"twitter:label1\" content=\"\u00c9crit par\" \/>\n\t<meta name=\"twitter:data1\" content=\"St\u00e9phane Miget\" \/>\n\t<meta name=\"twitter:label2\" content=\"Dur\u00e9e de lecture estim\u00e9e\" \/>\n\t<meta name=\"twitter:data2\" content=\"1 minute\" \/>\n<script type=\"application\/ld+json\" class=\"yoast-schema-graph\">{\"@context\":\"https:\\\/\\\/schema.org\",\"@graph\":[{\"@type\":\"Article\",\"@id\":\"https:\\\/\\\/batijournal.com\\\/index.php\\\/lactivite-des-materiaux-en-baisse\\\/101161\\\/#article\",\"isPartOf\":{\"@id\":\"https:\\\/\\\/batijournal.com\\\/index.php\\\/lactivite-des-materiaux-en-baisse\\\/101161\\\/\"},\"author\":{\"name\":\"St\u00e9phane Miget\",\"@id\":\"https:\\\/\\\/batijournal.com\\\/#\\\/schema\\\/person\\\/1dc96ec6957aa1ccb25ebe78bb19f100\"},\"headline\":\"L\u2019activit\u00e9 des mat\u00e9riaux en baisse\",\"datePublished\":\"2019-01-07T06:34:29+00:00\",\"dateModified\":\"2019-07-15T10:01:55+00:00\",\"mainEntityOfPage\":{\"@id\":\"https:\\\/\\\/batijournal.com\\\/index.php\\\/lactivite-des-materiaux-en-baisse\\\/101161\\\/\"},\"wordCount\":194,\"image\":{\"@id\":\"https:\\\/\\\/batijournal.com\\\/index.php\\\/lactivite-des-materiaux-en-baisse\\\/101161\\\/#primaryimage\"},\"thumbnailUrl\":\"https:\\\/\\\/batijournal.com\\\/wp-content\\\/uploads\\\/2016\\\/02\\\/granulats-2.jpg\",\"keywords\":[\"BPE\",\"granulats\",\"mat\u00e9riaux\",\"unicem\"],\"articleSection\":[\"A la Une\",\"Actualit\u00e9s\",\"\u00c9conomie &amp; March\u00e9s\"],\"inLanguage\":\"fr-FR\"},{\"@type\":\"WebPage\",\"@id\":\"https:\\\/\\\/batijournal.com\\\/index.php\\\/lactivite-des-materiaux-en-baisse\\\/101161\\\/\",\"url\":\"https:\\\/\\\/batijournal.com\\\/index.php\\\/lactivite-des-materiaux-en-baisse\\\/101161\\\/\",\"name\":\"L\u2019activit\u00e9 des mat\u00e9riaux en baisse\",\"isPartOf\":{\"@id\":\"https:\\\/\\\/batijournal.com\\\/#website\"},\"primaryImageOfPage\":{\"@id\":\"https:\\\/\\\/batijournal.com\\\/index.php\\\/lactivite-des-materiaux-en-baisse\\\/101161\\\/#primaryimage\"},\"image\":{\"@id\":\"https:\\\/\\\/batijournal.com\\\/index.php\\\/lactivite-des-materiaux-en-baisse\\\/101161\\\/#primaryimage\"},\"thumbnailUrl\":\"https:\\\/\\\/batijournal.com\\\/wp-content\\\/uploads\\\/2016\\\/02\\\/granulats-2.jpg\",\"datePublished\":\"2019-01-07T06:34:29+00:00\",\"dateModified\":\"2019-07-15T10:01:55+00:00\",\"author\":{\"@id\":\"https:\\\/\\\/batijournal.com\\\/#\\\/schema\\\/person\\\/1dc96ec6957aa1ccb25ebe78bb19f100\"},\"description\":\"L'Unicem annonce des chiffres en repli pour les mat\u00e9riaux de construction dans sa derni\u00e8re note de conjoncture.\",\"breadcrumb\":{\"@id\":\"https:\\\/\\\/batijournal.com\\\/index.php\\\/lactivite-des-materiaux-en-baisse\\\/101161\\\/#breadcrumb\"},\"inLanguage\":\"fr-FR\",\"potentialAction\":[{\"@type\":\"ReadAction\",\"target\":[\"https:\\\/\\\/batijournal.com\\\/index.php\\\/lactivite-des-materiaux-en-baisse\\\/101161\\\/\"]}]},{\"@type\":\"ImageObject\",\"inLanguage\":\"fr-FR\",\"@id\":\"https:\\\/\\\/batijournal.com\\\/index.php\\\/lactivite-des-materiaux-en-baisse\\\/101161\\\/#primaryimage\",\"url\":\"https:\\\/\\\/batijournal.com\\\/wp-content\\\/uploads\\\/2016\\\/02\\\/granulats-2.jpg\",\"contentUrl\":\"https:\\\/\\\/batijournal.com\\\/wp-content\\\/uploads\\\/2016\\\/02\\\/granulats-2.jpg\",\"width\":1000,\"height\":588,\"caption\":\"granulats-unicem-chiffres\"},{\"@type\":\"BreadcrumbList\",\"@id\":\"https:\\\/\\\/batijournal.com\\\/index.php\\\/lactivite-des-materiaux-en-baisse\\\/101161\\\/#breadcrumb\",\"itemListElement\":[{\"@type\":\"ListItem\",\"position\":1,\"name\":\"Accueil\",\"item\":\"https:\\\/\\\/batijournal.com\\\/\"},{\"@type\":\"ListItem\",\"position\":2,\"name\":\"A la Une\",\"item\":\"https:\\\/\\\/batijournal.com\\\/index.php\\\/category\\\/a-la-une\\\/\"},{\"@type\":\"ListItem\",\"position\":3,\"name\":\"L\u2019activit\u00e9 des mat\u00e9riaux en baisse\"}]},{\"@type\":\"WebSite\",\"@id\":\"https:\\\/\\\/batijournal.com\\\/#website\",\"url\":\"https:\\\/\\\/batijournal.com\\\/\",\"name\":\"Batijournal\",\"description\":\"L&#039;actualit\u00e9 du b\u00e2timent\",\"potentialAction\":[{\"@type\":\"SearchAction\",\"target\":{\"@type\":\"EntryPoint\",\"urlTemplate\":\"https:\\\/\\\/batijournal.com\\\/?s={search_term_string}\"},\"query-input\":{\"@type\":\"PropertyValueSpecification\",\"valueRequired\":true,\"valueName\":\"search_term_string\"}}],\"inLanguage\":\"fr-FR\"},{\"@type\":\"Person\",\"@id\":\"https:\\\/\\\/batijournal.com\\\/#\\\/schema\\\/person\\\/1dc96ec6957aa1ccb25ebe78bb19f100\",\"name\":\"St\u00e9phane Miget\",\"image\":{\"@type\":\"ImageObject\",\"inLanguage\":\"fr-FR\",\"@id\":\"https:\\\/\\\/secure.gravatar.com\\\/avatar\\\/89915563d925342126b8ef0281b93d9d7fc337043e8df017f780908eb9644451?s=96&d=mm&r=g\",\"url\":\"https:\\\/\\\/secure.gravatar.com\\\/avatar\\\/89915563d925342126b8ef0281b93d9d7fc337043e8df017f780908eb9644451?s=96&d=mm&r=g\",\"contentUrl\":\"https:\\\/\\\/secure.gravatar.com\\\/avatar\\\/89915563d925342126b8ef0281b93d9d7fc337043e8df017f780908eb9644451?s=96&d=mm&r=g\",\"caption\":\"St\u00e9phane Miget\"},\"url\":\"https:\\\/\\\/batijournal.com\\\/index.php\\\/author\\\/stephane\\\/\"}]}<\/script>\n<!-- \/ Yoast SEO plugin. -->","yoast_head_json":{"title":"L\u2019activit\u00e9 des mat\u00e9riaux en baisse","description":"L'Unicem annonce des chiffres en repli pour les mat\u00e9riaux de construction dans sa derni\u00e8re note de conjoncture.","robots":{"index":"index","follow":"follow","max-snippet":"max-snippet:-1","max-image-preview":"max-image-preview:large","max-video-preview":"max-video-preview:-1"},"canonical":"https:\/\/batijournal.com\/index.php\/lactivite-des-materiaux-en-baisse\/101161\/","og_locale":"fr_FR","og_type":"article","og_title":"L\u2019activit\u00e9 des mat\u00e9riaux en baisse","og_description":"L'Unicem annonce des chiffres en repli pour les mat\u00e9riaux de construction dans sa derni\u00e8re note de conjoncture.","og_url":"https:\/\/batijournal.com\/index.php\/lactivite-des-materiaux-en-baisse\/101161\/","og_site_name":"Batijournal","article_published_time":"2019-01-07T06:34:29+00:00","article_modified_time":"2019-07-15T10:01:55+00:00","og_image":[{"width":1000,"height":588,"url":"https:\/\/batijournal.com\/wp-content\/uploads\/2016\/02\/granulats-2.jpg","type":"image\/jpeg"}],"author":"St\u00e9phane Miget","twitter_card":"summary_large_image","twitter_creator":"@bati_journal","twitter_site":"@bati_journal","twitter_misc":{"\u00c9crit par":"St\u00e9phane Miget","Dur\u00e9e de lecture estim\u00e9e":"1 minute"},"schema":{"@context":"https:\/\/schema.org","@graph":[{"@type":"Article","@id":"https:\/\/batijournal.com\/index.php\/lactivite-des-materiaux-en-baisse\/101161\/#article","isPartOf":{"@id":"https:\/\/batijournal.com\/index.php\/lactivite-des-materiaux-en-baisse\/101161\/"},"author":{"name":"St\u00e9phane Miget","@id":"https:\/\/batijournal.com\/#\/schema\/person\/1dc96ec6957aa1ccb25ebe78bb19f100"},"headline":"L\u2019activit\u00e9 des mat\u00e9riaux en baisse","datePublished":"2019-01-07T06:34:29+00:00","dateModified":"2019-07-15T10:01:55+00:00","mainEntityOfPage":{"@id":"https:\/\/batijournal.com\/index.php\/lactivite-des-materiaux-en-baisse\/101161\/"},"wordCount":194,"image":{"@id":"https:\/\/batijournal.com\/index.php\/lactivite-des-materiaux-en-baisse\/101161\/#primaryimage"},"thumbnailUrl":"https:\/\/batijournal.com\/wp-content\/uploads\/2016\/02\/granulats-2.jpg","keywords":["BPE","granulats","mat\u00e9riaux","unicem"],"articleSection":["A la Une","Actualit\u00e9s","\u00c9conomie &amp; March\u00e9s"],"inLanguage":"fr-FR"},{"@type":"WebPage","@id":"https:\/\/batijournal.com\/index.php\/lactivite-des-materiaux-en-baisse\/101161\/","url":"https:\/\/batijournal.com\/index.php\/lactivite-des-materiaux-en-baisse\/101161\/","name":"L\u2019activit\u00e9 des mat\u00e9riaux en baisse","isPartOf":{"@id":"https:\/\/batijournal.com\/#website"},"primaryImageOfPage":{"@id":"https:\/\/batijournal.com\/index.php\/lactivite-des-materiaux-en-baisse\/101161\/#primaryimage"},"image":{"@id":"https:\/\/batijournal.com\/index.php\/lactivite-des-materiaux-en-baisse\/101161\/#primaryimage"},"thumbnailUrl":"https:\/\/batijournal.com\/wp-content\/uploads\/2016\/02\/granulats-2.jpg","datePublished":"2019-01-07T06:34:29+00:00","dateModified":"2019-07-15T10:01:55+00:00","author":{"@id":"https:\/\/batijournal.com\/#\/schema\/person\/1dc96ec6957aa1ccb25ebe78bb19f100"},"description":"L'Unicem annonce des chiffres en repli pour les mat\u00e9riaux de construction dans sa derni\u00e8re note de conjoncture.","breadcrumb":{"@id":"https:\/\/batijournal.com\/index.php\/lactivite-des-materiaux-en-baisse\/101161\/#breadcrumb"},"inLanguage":"fr-FR","potentialAction":[{"@type":"ReadAction","target":["https:\/\/batijournal.com\/index.php\/lactivite-des-materiaux-en-baisse\/101161\/"]}]},{"@type":"ImageObject","inLanguage":"fr-FR","@id":"https:\/\/batijournal.com\/index.php\/lactivite-des-materiaux-en-baisse\/101161\/#primaryimage","url":"https:\/\/batijournal.com\/wp-content\/uploads\/2016\/02\/granulats-2.jpg","contentUrl":"https:\/\/batijournal.com\/wp-content\/uploads\/2016\/02\/granulats-2.jpg","width":1000,"height":588,"caption":"granulats-unicem-chiffres"},{"@type":"BreadcrumbList","@id":"https:\/\/batijournal.com\/index.php\/lactivite-des-materiaux-en-baisse\/101161\/#breadcrumb","itemListElement":[{"@type":"ListItem","position":1,"name":"Accueil","item":"https:\/\/batijournal.com\/"},{"@type":"ListItem","position":2,"name":"A la Une","item":"https:\/\/batijournal.com\/index.php\/category\/a-la-une\/"},{"@type":"ListItem","position":3,"name":"L\u2019activit\u00e9 des mat\u00e9riaux en baisse"}]},{"@type":"WebSite","@id":"https:\/\/batijournal.com\/#website","url":"https:\/\/batijournal.com\/","name":"Batijournal","description":"L&#039;actualit\u00e9 du b\u00e2timent","potentialAction":[{"@type":"SearchAction","target":{"@type":"EntryPoint","urlTemplate":"https:\/\/batijournal.com\/?s={search_term_string}"},"query-input":{"@type":"PropertyValueSpecification","valueRequired":true,"valueName":"search_term_string"}}],"inLanguage":"fr-FR"},{"@type":"Person","@id":"https:\/\/batijournal.com\/#\/schema\/person\/1dc96ec6957aa1ccb25ebe78bb19f100","name":"St\u00e9phane Miget","image":{"@type":"ImageObject","inLanguage":"fr-FR","@id":"https:\/\/secure.gravatar.com\/avatar\/89915563d925342126b8ef0281b93d9d7fc337043e8df017f780908eb9644451?s=96&d=mm&r=g","url":"https:\/\/secure.gravatar.com\/avatar\/89915563d925342126b8ef0281b93d9d7fc337043e8df017f780908eb9644451?s=96&d=mm&r=g","contentUrl":"https:\/\/secure.gravatar.com\/avatar\/89915563d925342126b8ef0281b93d9d7fc337043e8df017f780908eb9644451?s=96&d=mm&r=g","caption":"St\u00e9phane Miget"},"url":"https:\/\/batijournal.com\/index.php\/author\/stephane\/"}]}},"_links":{"self":[{"href":"https:\/\/batijournal.com\/index.php\/wp-json\/wp\/v2\/posts\/101161","targetHints":{"allow":["GET"]}}],"collection":[{"href":"https:\/\/batijournal.com\/index.php\/wp-json\/wp\/v2\/posts"}],"about":[{"href":"https:\/\/batijournal.com\/index.php\/wp-json\/wp\/v2\/types\/post"}],"author":[{"embeddable":true,"href":"https:\/\/batijournal.com\/index.php\/wp-json\/wp\/v2\/users\/17"}],"replies":[{"embeddable":true,"href":"https:\/\/batijournal.com\/index.php\/wp-json\/wp\/v2\/comments?post=101161"}],"version-history":[{"count":0,"href":"https:\/\/batijournal.com\/index.php\/wp-json\/wp\/v2\/posts\/101161\/revisions"}],"wp:featuredmedia":[{"embeddable":true,"href":"https:\/\/batijournal.com\/index.php\/wp-json\/wp\/v2\/media\/91618"}],"wp:attachment":[{"href":"https:\/\/batijournal.com\/index.php\/wp-json\/wp\/v2\/media?parent=101161"}],"wp:term":[{"taxonomy":"category","embeddable":true,"href":"https:\/\/batijournal.com\/index.php\/wp-json\/wp\/v2\/categories?post=101161"},{"taxonomy":"post_tag","embeddable":true,"href":"https:\/\/batijournal.com\/index.php\/wp-json\/wp\/v2\/tags?post=101161"}],"curies":[{"name":"wp","href":"https:\/\/api.w.org\/{rel}","templated":true}]}}