{"id":101162,"date":"2019-01-07T07:43:19","date_gmt":"2019-01-07T06:43:19","guid":{"rendered":"https:\/\/batijournal.com\/?p=101162"},"modified":"2019-07-15T12:08:39","modified_gmt":"2019-07-15T10:08:39","slug":"defiscalisation-pour-la-renovation-dans-les-quartiers-anciens-degrades","status":"publish","type":"post","link":"https:\/\/batijournal.com\/index.php\/defiscalisation-pour-la-renovation-dans-les-quartiers-anciens-degrades\/101162\/","title":{"rendered":"D\u00e9fiscalisation pour la r\u00e9novation dans les quartiers anciens d\u00e9grad\u00e9s"},"content":{"rendered":"<p>Dans le cadre de la revitalisation des centres-villes, une nouvelle aide fiscale est d\u00e9sormais accord\u00e9e aux bailleurs en contrepartie de la r\u00e9novation d\u2019un bien destin\u00e9 \u00e0 la location. Il s\u2019agit du dispositif Denormandie qui permet de b\u00e9n\u00e9ficier d\u2019une r\u00e9duction d\u2019imp\u00f4ts pouvant aller de 12 % \u00e0 21 % du co\u00fbt total des travaux de r\u00e9novation. Le taux de l\u2019aide varie selon la dur\u00e9e de location du bien : 6,9, ou 12 ans. L\u2019obtention de l\u2019aide n\u00e9cessite que le propri\u00e9taire initie des travaux pour un montant minimal de 33% du prix d\u2019achat du logement (soit 25% du co\u00fbt total de l\u2019op\u00e9ration). Le dispositif Denormandie est \u00e9ligible dans les 222 communes du programme \u00ab\u00a0Action coeur de ville\u00a0\u00bb, ainsi que dans les communes signataires d\u2019une op\u00e9ration de revitalisation du territoire (ORT), dispositf introduit par la loi Elan.<\/p>\n","protected":false},"excerpt":{"rendered":"<p>Dans le cadre de la revitalisation des centres-villes, une nouvelle aide fiscale est d\u00e9sormais accord\u00e9e aux bailleurs en contrepartie de la r\u00e9novation d\u2019un bien destin\u00e9 \u00e0 la location. Il s\u2019agit du dispositif Denormandie qui permet de b\u00e9n\u00e9ficier d\u2019une r\u00e9duction d\u2019imp\u00f4ts pouvant aller de 12 % \u00e0 21 % du co\u00fbt total des travaux de r\u00e9novation. [&hellip;]<\/p>\n","protected":false},"author":17,"featured_media":100842,"comment_status":"closed","ping_status":"closed","sticky":false,"template":"","format":"standard","meta":{"_et_pb_use_builder":"","_et_pb_old_content":"","_et_gb_content_width":"","footnotes":""},"categories":[10530,6345],"tags":[12335,12680,6015,12681],"class_list":["post-101162","post","type-post","status-publish","format-standard","has-post-thumbnail","hentry","category-actualites","category-economie-marches","tag-centre-ville","tag-defiscalisation","tag-renovation","tag-revitalisation"],"yoast_head":"<!-- This site is optimized with the Yoast SEO plugin v27.4 - https:\/\/yoast.com\/product\/yoast-seo-wordpress\/ -->\n<title>D\u00e9fiscalisation pour la r\u00e9novation dans les quartiers anciens d\u00e9grad\u00e9s<\/title>\n<meta name=\"description\" content=\"Dans le cadre de la revitalisation des centres-villes, une nouvelle aide fiscale est d\u00e9sormais accord\u00e9e en contrepartie de la r\u00e9novation d\u2019un bien\" \/>\n<meta name=\"robots\" content=\"index, follow, max-snippet:-1, max-image-preview:large, max-video-preview:-1\" \/>\n<link rel=\"canonical\" href=\"https:\/\/batijournal.com\/index.php\/defiscalisation-pour-la-renovation-dans-les-quartiers-anciens-degrades\/101162\/\" \/>\n<meta property=\"og:locale\" content=\"fr_FR\" \/>\n<meta property=\"og:type\" content=\"article\" \/>\n<meta property=\"og:title\" content=\"D\u00e9fiscalisation pour la r\u00e9novation dans les quartiers anciens d\u00e9grad\u00e9s\" \/>\n<meta property=\"og:description\" content=\"Dans le cadre de la revitalisation des centres-villes, une nouvelle aide fiscale est d\u00e9sormais accord\u00e9e en contrepartie de la r\u00e9novation d\u2019un bien\" \/>\n<meta property=\"og:url\" content=\"https:\/\/batijournal.com\/index.php\/defiscalisation-pour-la-renovation-dans-les-quartiers-anciens-degrades\/101162\/\" \/>\n<meta property=\"og:site_name\" content=\"Batijournal\" \/>\n<meta property=\"article:published_time\" content=\"2019-01-07T06:43:19+00:00\" \/>\n<meta property=\"article:modified_time\" content=\"2019-07-15T10:08:39+00:00\" \/>\n<meta property=\"og:image\" content=\"https:\/\/batijournal.com\/wp-content\/uploads\/2018\/11\/maison-centre-ville.jpg\" \/>\n\t<meta property=\"og:image:width\" content=\"1200\" \/>\n\t<meta property=\"og:image:height\" content=\"988\" \/>\n\t<meta property=\"og:image:type\" content=\"image\/jpeg\" \/>\n<meta name=\"author\" content=\"St\u00e9phane Miget\" \/>\n<meta name=\"twitter:card\" content=\"summary_large_image\" \/>\n<meta name=\"twitter:creator\" content=\"@bati_journal\" \/>\n<meta name=\"twitter:site\" content=\"@bati_journal\" \/>\n<meta name=\"twitter:label1\" content=\"\u00c9crit par\" \/>\n\t<meta name=\"twitter:data1\" content=\"St\u00e9phane Miget\" \/>\n\t<meta name=\"twitter:label2\" content=\"Dur\u00e9e de lecture estim\u00e9e\" \/>\n\t<meta name=\"twitter:data2\" content=\"1 minute\" \/>\n<script type=\"application\/ld+json\" class=\"yoast-schema-graph\">{\"@context\":\"https:\\\/\\\/schema.org\",\"@graph\":[{\"@type\":\"Article\",\"@id\":\"https:\\\/\\\/batijournal.com\\\/index.php\\\/defiscalisation-pour-la-renovation-dans-les-quartiers-anciens-degrades\\\/101162\\\/#article\",\"isPartOf\":{\"@id\":\"https:\\\/\\\/batijournal.com\\\/index.php\\\/defiscalisation-pour-la-renovation-dans-les-quartiers-anciens-degrades\\\/101162\\\/\"},\"author\":{\"name\":\"St\u00e9phane Miget\",\"@id\":\"https:\\\/\\\/batijournal.com\\\/#\\\/schema\\\/person\\\/1dc96ec6957aa1ccb25ebe78bb19f100\"},\"headline\":\"D\u00e9fiscalisation pour la r\u00e9novation dans les quartiers anciens d\u00e9grad\u00e9s\",\"datePublished\":\"2019-01-07T06:43:19+00:00\",\"dateModified\":\"2019-07-15T10:08:39+00:00\",\"mainEntityOfPage\":{\"@id\":\"https:\\\/\\\/batijournal.com\\\/index.php\\\/defiscalisation-pour-la-renovation-dans-les-quartiers-anciens-degrades\\\/101162\\\/\"},\"wordCount\":160,\"image\":{\"@id\":\"https:\\\/\\\/batijournal.com\\\/index.php\\\/defiscalisation-pour-la-renovation-dans-les-quartiers-anciens-degrades\\\/101162\\\/#primaryimage\"},\"thumbnailUrl\":\"https:\\\/\\\/batijournal.com\\\/wp-content\\\/uploads\\\/2018\\\/11\\\/maison-centre-ville.jpg\",\"keywords\":[\"centre ville\",\"d\u00e9fiscalisation\",\"r\u00e9novation\",\"revitalisation\"],\"articleSection\":[\"Actualit\u00e9s\",\"\u00c9conomie &amp; March\u00e9s\"],\"inLanguage\":\"fr-FR\"},{\"@type\":\"WebPage\",\"@id\":\"https:\\\/\\\/batijournal.com\\\/index.php\\\/defiscalisation-pour-la-renovation-dans-les-quartiers-anciens-degrades\\\/101162\\\/\",\"url\":\"https:\\\/\\\/batijournal.com\\\/index.php\\\/defiscalisation-pour-la-renovation-dans-les-quartiers-anciens-degrades\\\/101162\\\/\",\"name\":\"D\u00e9fiscalisation pour la r\u00e9novation dans les quartiers anciens d\u00e9grad\u00e9s\",\"isPartOf\":{\"@id\":\"https:\\\/\\\/batijournal.com\\\/#website\"},\"primaryImageOfPage\":{\"@id\":\"https:\\\/\\\/batijournal.com\\\/index.php\\\/defiscalisation-pour-la-renovation-dans-les-quartiers-anciens-degrades\\\/101162\\\/#primaryimage\"},\"image\":{\"@id\":\"https:\\\/\\\/batijournal.com\\\/index.php\\\/defiscalisation-pour-la-renovation-dans-les-quartiers-anciens-degrades\\\/101162\\\/#primaryimage\"},\"thumbnailUrl\":\"https:\\\/\\\/batijournal.com\\\/wp-content\\\/uploads\\\/2018\\\/11\\\/maison-centre-ville.jpg\",\"datePublished\":\"2019-01-07T06:43:19+00:00\",\"dateModified\":\"2019-07-15T10:08:39+00:00\",\"author\":{\"@id\":\"https:\\\/\\\/batijournal.com\\\/#\\\/schema\\\/person\\\/1dc96ec6957aa1ccb25ebe78bb19f100\"},\"description\":\"Dans le cadre de la revitalisation des centres-villes, une nouvelle aide fiscale est d\u00e9sormais accord\u00e9e en contrepartie de la r\u00e9novation d\u2019un bien\",\"breadcrumb\":{\"@id\":\"https:\\\/\\\/batijournal.com\\\/index.php\\\/defiscalisation-pour-la-renovation-dans-les-quartiers-anciens-degrades\\\/101162\\\/#breadcrumb\"},\"inLanguage\":\"fr-FR\",\"potentialAction\":[{\"@type\":\"ReadAction\",\"target\":[\"https:\\\/\\\/batijournal.com\\\/index.php\\\/defiscalisation-pour-la-renovation-dans-les-quartiers-anciens-degrades\\\/101162\\\/\"]}]},{\"@type\":\"ImageObject\",\"inLanguage\":\"fr-FR\",\"@id\":\"https:\\\/\\\/batijournal.com\\\/index.php\\\/defiscalisation-pour-la-renovation-dans-les-quartiers-anciens-degrades\\\/101162\\\/#primaryimage\",\"url\":\"https:\\\/\\\/batijournal.com\\\/wp-content\\\/uploads\\\/2018\\\/11\\\/maison-centre-ville.jpg\",\"contentUrl\":\"https:\\\/\\\/batijournal.com\\\/wp-content\\\/uploads\\\/2018\\\/11\\\/maison-centre-ville.jpg\",\"width\":1200,\"height\":988},{\"@type\":\"BreadcrumbList\",\"@id\":\"https:\\\/\\\/batijournal.com\\\/index.php\\\/defiscalisation-pour-la-renovation-dans-les-quartiers-anciens-degrades\\\/101162\\\/#breadcrumb\",\"itemListElement\":[{\"@type\":\"ListItem\",\"position\":1,\"name\":\"Accueil\",\"item\":\"https:\\\/\\\/batijournal.com\\\/\"},{\"@type\":\"ListItem\",\"position\":2,\"name\":\"Actualit\u00e9s\",\"item\":\"https:\\\/\\\/batijournal.com\\\/index.php\\\/category\\\/actualites\\\/\"},{\"@type\":\"ListItem\",\"position\":3,\"name\":\"D\u00e9fiscalisation pour la r\u00e9novation dans les quartiers anciens d\u00e9grad\u00e9s\"}]},{\"@type\":\"WebSite\",\"@id\":\"https:\\\/\\\/batijournal.com\\\/#website\",\"url\":\"https:\\\/\\\/batijournal.com\\\/\",\"name\":\"Batijournal\",\"description\":\"L&#039;actualit\u00e9 du b\u00e2timent\",\"potentialAction\":[{\"@type\":\"SearchAction\",\"target\":{\"@type\":\"EntryPoint\",\"urlTemplate\":\"https:\\\/\\\/batijournal.com\\\/?s={search_term_string}\"},\"query-input\":{\"@type\":\"PropertyValueSpecification\",\"valueRequired\":true,\"valueName\":\"search_term_string\"}}],\"inLanguage\":\"fr-FR\"},{\"@type\":\"Person\",\"@id\":\"https:\\\/\\\/batijournal.com\\\/#\\\/schema\\\/person\\\/1dc96ec6957aa1ccb25ebe78bb19f100\",\"name\":\"St\u00e9phane Miget\",\"image\":{\"@type\":\"ImageObject\",\"inLanguage\":\"fr-FR\",\"@id\":\"https:\\\/\\\/secure.gravatar.com\\\/avatar\\\/89915563d925342126b8ef0281b93d9d7fc337043e8df017f780908eb9644451?s=96&d=mm&r=g\",\"url\":\"https:\\\/\\\/secure.gravatar.com\\\/avatar\\\/89915563d925342126b8ef0281b93d9d7fc337043e8df017f780908eb9644451?s=96&d=mm&r=g\",\"contentUrl\":\"https:\\\/\\\/secure.gravatar.com\\\/avatar\\\/89915563d925342126b8ef0281b93d9d7fc337043e8df017f780908eb9644451?s=96&d=mm&r=g\",\"caption\":\"St\u00e9phane Miget\"},\"url\":\"https:\\\/\\\/batijournal.com\\\/index.php\\\/author\\\/stephane\\\/\"}]}<\/script>\n<!-- \/ Yoast SEO plugin. -->","yoast_head_json":{"title":"D\u00e9fiscalisation pour la r\u00e9novation dans les quartiers anciens d\u00e9grad\u00e9s","description":"Dans le cadre de la revitalisation des centres-villes, une nouvelle aide fiscale est d\u00e9sormais accord\u00e9e en contrepartie de la r\u00e9novation d\u2019un bien","robots":{"index":"index","follow":"follow","max-snippet":"max-snippet:-1","max-image-preview":"max-image-preview:large","max-video-preview":"max-video-preview:-1"},"canonical":"https:\/\/batijournal.com\/index.php\/defiscalisation-pour-la-renovation-dans-les-quartiers-anciens-degrades\/101162\/","og_locale":"fr_FR","og_type":"article","og_title":"D\u00e9fiscalisation pour la r\u00e9novation dans les quartiers anciens d\u00e9grad\u00e9s","og_description":"Dans le cadre de la revitalisation des centres-villes, une nouvelle aide fiscale est d\u00e9sormais accord\u00e9e en contrepartie de la r\u00e9novation d\u2019un bien","og_url":"https:\/\/batijournal.com\/index.php\/defiscalisation-pour-la-renovation-dans-les-quartiers-anciens-degrades\/101162\/","og_site_name":"Batijournal","article_published_time":"2019-01-07T06:43:19+00:00","article_modified_time":"2019-07-15T10:08:39+00:00","og_image":[{"width":1200,"height":988,"url":"https:\/\/batijournal.com\/wp-content\/uploads\/2018\/11\/maison-centre-ville.jpg","type":"image\/jpeg"}],"author":"St\u00e9phane Miget","twitter_card":"summary_large_image","twitter_creator":"@bati_journal","twitter_site":"@bati_journal","twitter_misc":{"\u00c9crit par":"St\u00e9phane Miget","Dur\u00e9e de lecture estim\u00e9e":"1 minute"},"schema":{"@context":"https:\/\/schema.org","@graph":[{"@type":"Article","@id":"https:\/\/batijournal.com\/index.php\/defiscalisation-pour-la-renovation-dans-les-quartiers-anciens-degrades\/101162\/#article","isPartOf":{"@id":"https:\/\/batijournal.com\/index.php\/defiscalisation-pour-la-renovation-dans-les-quartiers-anciens-degrades\/101162\/"},"author":{"name":"St\u00e9phane Miget","@id":"https:\/\/batijournal.com\/#\/schema\/person\/1dc96ec6957aa1ccb25ebe78bb19f100"},"headline":"D\u00e9fiscalisation pour la r\u00e9novation dans les quartiers anciens d\u00e9grad\u00e9s","datePublished":"2019-01-07T06:43:19+00:00","dateModified":"2019-07-15T10:08:39+00:00","mainEntityOfPage":{"@id":"https:\/\/batijournal.com\/index.php\/defiscalisation-pour-la-renovation-dans-les-quartiers-anciens-degrades\/101162\/"},"wordCount":160,"image":{"@id":"https:\/\/batijournal.com\/index.php\/defiscalisation-pour-la-renovation-dans-les-quartiers-anciens-degrades\/101162\/#primaryimage"},"thumbnailUrl":"https:\/\/batijournal.com\/wp-content\/uploads\/2018\/11\/maison-centre-ville.jpg","keywords":["centre ville","d\u00e9fiscalisation","r\u00e9novation","revitalisation"],"articleSection":["Actualit\u00e9s","\u00c9conomie &amp; March\u00e9s"],"inLanguage":"fr-FR"},{"@type":"WebPage","@id":"https:\/\/batijournal.com\/index.php\/defiscalisation-pour-la-renovation-dans-les-quartiers-anciens-degrades\/101162\/","url":"https:\/\/batijournal.com\/index.php\/defiscalisation-pour-la-renovation-dans-les-quartiers-anciens-degrades\/101162\/","name":"D\u00e9fiscalisation pour la r\u00e9novation dans les quartiers anciens d\u00e9grad\u00e9s","isPartOf":{"@id":"https:\/\/batijournal.com\/#website"},"primaryImageOfPage":{"@id":"https:\/\/batijournal.com\/index.php\/defiscalisation-pour-la-renovation-dans-les-quartiers-anciens-degrades\/101162\/#primaryimage"},"image":{"@id":"https:\/\/batijournal.com\/index.php\/defiscalisation-pour-la-renovation-dans-les-quartiers-anciens-degrades\/101162\/#primaryimage"},"thumbnailUrl":"https:\/\/batijournal.com\/wp-content\/uploads\/2018\/11\/maison-centre-ville.jpg","datePublished":"2019-01-07T06:43:19+00:00","dateModified":"2019-07-15T10:08:39+00:00","author":{"@id":"https:\/\/batijournal.com\/#\/schema\/person\/1dc96ec6957aa1ccb25ebe78bb19f100"},"description":"Dans le cadre de la revitalisation des centres-villes, une nouvelle aide fiscale est d\u00e9sormais accord\u00e9e en contrepartie de la r\u00e9novation d\u2019un bien","breadcrumb":{"@id":"https:\/\/batijournal.com\/index.php\/defiscalisation-pour-la-renovation-dans-les-quartiers-anciens-degrades\/101162\/#breadcrumb"},"inLanguage":"fr-FR","potentialAction":[{"@type":"ReadAction","target":["https:\/\/batijournal.com\/index.php\/defiscalisation-pour-la-renovation-dans-les-quartiers-anciens-degrades\/101162\/"]}]},{"@type":"ImageObject","inLanguage":"fr-FR","@id":"https:\/\/batijournal.com\/index.php\/defiscalisation-pour-la-renovation-dans-les-quartiers-anciens-degrades\/101162\/#primaryimage","url":"https:\/\/batijournal.com\/wp-content\/uploads\/2018\/11\/maison-centre-ville.jpg","contentUrl":"https:\/\/batijournal.com\/wp-content\/uploads\/2018\/11\/maison-centre-ville.jpg","width":1200,"height":988},{"@type":"BreadcrumbList","@id":"https:\/\/batijournal.com\/index.php\/defiscalisation-pour-la-renovation-dans-les-quartiers-anciens-degrades\/101162\/#breadcrumb","itemListElement":[{"@type":"ListItem","position":1,"name":"Accueil","item":"https:\/\/batijournal.com\/"},{"@type":"ListItem","position":2,"name":"Actualit\u00e9s","item":"https:\/\/batijournal.com\/index.php\/category\/actualites\/"},{"@type":"ListItem","position":3,"name":"D\u00e9fiscalisation pour la r\u00e9novation dans les quartiers anciens d\u00e9grad\u00e9s"}]},{"@type":"WebSite","@id":"https:\/\/batijournal.com\/#website","url":"https:\/\/batijournal.com\/","name":"Batijournal","description":"L&#039;actualit\u00e9 du b\u00e2timent","potentialAction":[{"@type":"SearchAction","target":{"@type":"EntryPoint","urlTemplate":"https:\/\/batijournal.com\/?s={search_term_string}"},"query-input":{"@type":"PropertyValueSpecification","valueRequired":true,"valueName":"search_term_string"}}],"inLanguage":"fr-FR"},{"@type":"Person","@id":"https:\/\/batijournal.com\/#\/schema\/person\/1dc96ec6957aa1ccb25ebe78bb19f100","name":"St\u00e9phane Miget","image":{"@type":"ImageObject","inLanguage":"fr-FR","@id":"https:\/\/secure.gravatar.com\/avatar\/89915563d925342126b8ef0281b93d9d7fc337043e8df017f780908eb9644451?s=96&d=mm&r=g","url":"https:\/\/secure.gravatar.com\/avatar\/89915563d925342126b8ef0281b93d9d7fc337043e8df017f780908eb9644451?s=96&d=mm&r=g","contentUrl":"https:\/\/secure.gravatar.com\/avatar\/89915563d925342126b8ef0281b93d9d7fc337043e8df017f780908eb9644451?s=96&d=mm&r=g","caption":"St\u00e9phane Miget"},"url":"https:\/\/batijournal.com\/index.php\/author\/stephane\/"}]}},"_links":{"self":[{"href":"https:\/\/batijournal.com\/index.php\/wp-json\/wp\/v2\/posts\/101162","targetHints":{"allow":["GET"]}}],"collection":[{"href":"https:\/\/batijournal.com\/index.php\/wp-json\/wp\/v2\/posts"}],"about":[{"href":"https:\/\/batijournal.com\/index.php\/wp-json\/wp\/v2\/types\/post"}],"author":[{"embeddable":true,"href":"https:\/\/batijournal.com\/index.php\/wp-json\/wp\/v2\/users\/17"}],"replies":[{"embeddable":true,"href":"https:\/\/batijournal.com\/index.php\/wp-json\/wp\/v2\/comments?post=101162"}],"version-history":[{"count":0,"href":"https:\/\/batijournal.com\/index.php\/wp-json\/wp\/v2\/posts\/101162\/revisions"}],"wp:featuredmedia":[{"embeddable":true,"href":"https:\/\/batijournal.com\/index.php\/wp-json\/wp\/v2\/media\/100842"}],"wp:attachment":[{"href":"https:\/\/batijournal.com\/index.php\/wp-json\/wp\/v2\/media?parent=101162"}],"wp:term":[{"taxonomy":"category","embeddable":true,"href":"https:\/\/batijournal.com\/index.php\/wp-json\/wp\/v2\/categories?post=101162"},{"taxonomy":"post_tag","embeddable":true,"href":"https:\/\/batijournal.com\/index.php\/wp-json\/wp\/v2\/tags?post=101162"}],"curies":[{"name":"wp","href":"https:\/\/api.w.org\/{rel}","templated":true}]}}