{"id":101181,"date":"2019-01-08T15:01:47","date_gmt":"2019-01-08T14:01:47","guid":{"rendered":"https:\/\/batijournal.com\/?p=101181"},"modified":"2019-01-15T16:54:09","modified_gmt":"2019-01-15T15:54:09","slug":"nouveau-president-le-commerce-du-bois","status":"publish","type":"post","link":"https:\/\/batijournal.com\/index.php\/nouveau-president-le-commerce-du-bois\/101181\/","title":{"rendered":"Nouveau pr\u00e9sident pour l&rsquo;association Le Commerce du Bois"},"content":{"rendered":"<p><span style=\"font-family: Arial, sans-serif;\"><span style=\"font-size: large;\"><span style=\"color: #000000;\">Jean-Louis Camici, directeur g\u00e9n\u00e9ral en charge des activit\u00e9s op\u00e9rationnelles du groupe ISB, a \u00e9t\u00e9 \u00e9lu pr\u00e9sident de l&rsquo;association Le Commerce du Bois, succ\u00e9dant \u00e0 Pierre Gautron. \u00ab\u00a0Je souhaite poursuivre la dynamique engag\u00e9e par LCB <\/span><span style=\"color: #000000;\">ces derni\u00e8res ann\u00e9es notamment sur les sujets \u00e9conomiques, environnementaux et l\u00e9gaux, d\u00e9clare Jean-Louis Camici. Nous devons continuer \u00e0 mener cette diversit\u00e9 d\u2019actions, comme le projet de formation et de qualification des vendeurs sp\u00e9cialis\u00e9s bois\u00a0\u00bb. <\/span><\/span><\/span><\/p>\n<p><span style=\"font-family: Arial, sans-serif;\"><span style=\"font-size: large;\"><span style=\"color: #000000;\">Le second fer de lance du nouveau pr\u00e9sident est de positionner le bois sur les constructions d\u2019avenir, comme les Jeux Olympiques 2024, sans se tromper de d\u00e9bat. \u00ab\u00a0N\u2019opposons pas bois locaux et bois d\u2019importation\u00a0! Le crit\u00e8re essentiel est la gestion durable des for\u00eats et non pas l\u2019origine du bois. C\u2019est ainsi que nous pourrons respecter les engagements bas carbone promis dans la candidature de Paris aux JO 2024\u00a0\u00bb. <\/span><\/span><\/span><\/p>\n<p><span style=\"font-family: Arial, sans-serif;\"><span style=\"font-size: large;\"><span style=\"color: #000000;\"> Jean-Louis Camici sera accompagn\u00e9 par un bureau compos\u00e9 de 6 administrateurs\u00a0: Fran\u00e7ois Laresche, vice-pr\u00e9sident (Drouaire Bois, membre du groupement SylvAlliance)\u00a0; Elodie Lavigne, tr\u00e9sori\u00e8re (Versowood)\u00a0; Dominik Mohr, repr\u00e9sentant des bois durs (CID)\u00a0; Eric de Herce, repr\u00e9sentant des n\u00e9goces (Bois et Mat\u00e9riaux)\u00a0; Fran\u00e7ois Charpillet repr\u00e9sentants des agents\u00a0; Gr\u00e9gory Lalliard, repr\u00e9sentant des bois r\u00e9sineux (Lignalpes).<\/span><\/span><\/span><\/p>\n<p><a href=\"http:\/\/lecommercedubois.org\">lecommercedubois.org<\/a><\/p>\n","protected":false},"excerpt":{"rendered":"<p>Jean-Louis Camici, directeur g\u00e9n\u00e9ral en charge des activit\u00e9s op\u00e9rationnelles du groupe ISB, a \u00e9t\u00e9 \u00e9lu pr\u00e9sident de l&rsquo;association Le Commerce du Bois, succ\u00e9dant \u00e0 Pierre Gautron. \u00ab\u00a0Je souhaite poursuivre la dynamique engag\u00e9e par LCB ces derni\u00e8res ann\u00e9es notamment sur les sujets \u00e9conomiques, environnementaux et l\u00e9gaux, d\u00e9clare Jean-Louis Camici. Nous devons continuer \u00e0 mener cette diversit\u00e9 [&hellip;]<\/p>\n","protected":false},"author":17,"featured_media":101182,"comment_status":"closed","ping_status":"closed","sticky":false,"template":"","format":"standard","meta":{"_et_pb_use_builder":"","_et_pb_old_content":"","_et_gb_content_width":"","footnotes":""},"categories":[10530,10768,10764],"tags":[3699,3698],"class_list":["post-101181","post","type-post","status-publish","format-standard","has-post-thumbnail","hentry","category-actualites","category-nouvelles-tetes","category-woodsurfer","tag-lcb","tag-le-commerce-du-bois"],"yoast_head":"<!-- This site is optimized with the Yoast SEO plugin v27.4 - https:\/\/yoast.com\/product\/yoast-seo-wordpress\/ -->\n<title>Nouveau pr\u00e9sident pour l&#039;association Le Commerce du Bois<\/title>\n<meta name=\"description\" content=\"Jean-Louis Camici, directeur g\u00e9n\u00e9ral en charge des activit\u00e9s op\u00e9rationnelles du groupe ISB, a \u00e9t\u00e9 \u00e9lu pr\u00e9sident de l&#039;association Le Commerce du Bois\" \/>\n<meta name=\"robots\" content=\"index, follow, max-snippet:-1, max-image-preview:large, max-video-preview:-1\" \/>\n<link rel=\"canonical\" href=\"https:\/\/batijournal.com\/index.php\/nouveau-president-le-commerce-du-bois\/101181\/\" \/>\n<meta property=\"og:locale\" content=\"fr_FR\" \/>\n<meta property=\"og:type\" content=\"article\" \/>\n<meta property=\"og:title\" content=\"Nouveau pr\u00e9sident pour l&#039;association Le Commerce du Bois\" \/>\n<meta property=\"og:description\" content=\"Jean-Louis Camici, directeur g\u00e9n\u00e9ral en charge des activit\u00e9s op\u00e9rationnelles du groupe ISB, a \u00e9t\u00e9 \u00e9lu pr\u00e9sident de l&#039;association Le Commerce du Bois\" \/>\n<meta property=\"og:url\" content=\"https:\/\/batijournal.com\/index.php\/nouveau-president-le-commerce-du-bois\/101181\/\" \/>\n<meta property=\"og:site_name\" content=\"Batijournal\" \/>\n<meta property=\"article:published_time\" content=\"2019-01-08T14:01:47+00:00\" \/>\n<meta property=\"article:modified_time\" content=\"2019-01-15T15:54:09+00:00\" \/>\n<meta property=\"og:image\" content=\"https:\/\/batijournal.com\/wp-content\/uploads\/2019\/01\/Jean-Louis-Camici-pr\u00e9sident-de-LCB-c-Groupe-ISB.jpg\" \/>\n\t<meta property=\"og:image:width\" content=\"704\" \/>\n\t<meta property=\"og:image:height\" content=\"1000\" \/>\n\t<meta property=\"og:image:type\" content=\"image\/jpeg\" \/>\n<meta name=\"author\" content=\"St\u00e9phane Miget\" \/>\n<meta name=\"twitter:card\" content=\"summary_large_image\" \/>\n<meta name=\"twitter:creator\" content=\"@bati_journal\" \/>\n<meta name=\"twitter:site\" content=\"@bati_journal\" \/>\n<meta name=\"twitter:label1\" content=\"\u00c9crit par\" \/>\n\t<meta name=\"twitter:data1\" content=\"St\u00e9phane Miget\" \/>\n\t<meta name=\"twitter:label2\" content=\"Dur\u00e9e de lecture estim\u00e9e\" \/>\n\t<meta name=\"twitter:data2\" content=\"1 minute\" \/>\n<script type=\"application\/ld+json\" class=\"yoast-schema-graph\">{\"@context\":\"https:\\\/\\\/schema.org\",\"@graph\":[{\"@type\":\"Article\",\"@id\":\"https:\\\/\\\/batijournal.com\\\/index.php\\\/nouveau-president-le-commerce-du-bois\\\/101181\\\/#article\",\"isPartOf\":{\"@id\":\"https:\\\/\\\/batijournal.com\\\/index.php\\\/nouveau-president-le-commerce-du-bois\\\/101181\\\/\"},\"author\":{\"name\":\"St\u00e9phane Miget\",\"@id\":\"https:\\\/\\\/batijournal.com\\\/#\\\/schema\\\/person\\\/1dc96ec6957aa1ccb25ebe78bb19f100\"},\"headline\":\"Nouveau pr\u00e9sident pour l&rsquo;association Le Commerce du Bois\",\"datePublished\":\"2019-01-08T14:01:47+00:00\",\"dateModified\":\"2019-01-15T15:54:09+00:00\",\"mainEntityOfPage\":{\"@id\":\"https:\\\/\\\/batijournal.com\\\/index.php\\\/nouveau-president-le-commerce-du-bois\\\/101181\\\/\"},\"wordCount\":232,\"image\":{\"@id\":\"https:\\\/\\\/batijournal.com\\\/index.php\\\/nouveau-president-le-commerce-du-bois\\\/101181\\\/#primaryimage\"},\"thumbnailUrl\":\"https:\\\/\\\/batijournal.com\\\/wp-content\\\/uploads\\\/2019\\\/01\\\/Jean-Louis-Camici-pr\u00e9sident-de-LCB-c-Groupe-ISB.jpg\",\"keywords\":[\"LCB\",\"Le Commerce du Bois\"],\"articleSection\":[\"Actualit\u00e9s\",\"zz_Nouvelles t\u00eates - Woodsurfer\",\"zz_Woodsurfer\"],\"inLanguage\":\"fr-FR\"},{\"@type\":\"WebPage\",\"@id\":\"https:\\\/\\\/batijournal.com\\\/index.php\\\/nouveau-president-le-commerce-du-bois\\\/101181\\\/\",\"url\":\"https:\\\/\\\/batijournal.com\\\/index.php\\\/nouveau-president-le-commerce-du-bois\\\/101181\\\/\",\"name\":\"Nouveau pr\u00e9sident pour l'association Le Commerce du Bois\",\"isPartOf\":{\"@id\":\"https:\\\/\\\/batijournal.com\\\/#website\"},\"primaryImageOfPage\":{\"@id\":\"https:\\\/\\\/batijournal.com\\\/index.php\\\/nouveau-president-le-commerce-du-bois\\\/101181\\\/#primaryimage\"},\"image\":{\"@id\":\"https:\\\/\\\/batijournal.com\\\/index.php\\\/nouveau-president-le-commerce-du-bois\\\/101181\\\/#primaryimage\"},\"thumbnailUrl\":\"https:\\\/\\\/batijournal.com\\\/wp-content\\\/uploads\\\/2019\\\/01\\\/Jean-Louis-Camici-pr\u00e9sident-de-LCB-c-Groupe-ISB.jpg\",\"datePublished\":\"2019-01-08T14:01:47+00:00\",\"dateModified\":\"2019-01-15T15:54:09+00:00\",\"author\":{\"@id\":\"https:\\\/\\\/batijournal.com\\\/#\\\/schema\\\/person\\\/1dc96ec6957aa1ccb25ebe78bb19f100\"},\"description\":\"Jean-Louis Camici, directeur g\u00e9n\u00e9ral en charge des activit\u00e9s op\u00e9rationnelles du groupe ISB, a \u00e9t\u00e9 \u00e9lu pr\u00e9sident de l'association Le Commerce du Bois\",\"breadcrumb\":{\"@id\":\"https:\\\/\\\/batijournal.com\\\/index.php\\\/nouveau-president-le-commerce-du-bois\\\/101181\\\/#breadcrumb\"},\"inLanguage\":\"fr-FR\",\"potentialAction\":[{\"@type\":\"ReadAction\",\"target\":[\"https:\\\/\\\/batijournal.com\\\/index.php\\\/nouveau-president-le-commerce-du-bois\\\/101181\\\/\"]}]},{\"@type\":\"ImageObject\",\"inLanguage\":\"fr-FR\",\"@id\":\"https:\\\/\\\/batijournal.com\\\/index.php\\\/nouveau-president-le-commerce-du-bois\\\/101181\\\/#primaryimage\",\"url\":\"https:\\\/\\\/batijournal.com\\\/wp-content\\\/uploads\\\/2019\\\/01\\\/Jean-Louis-Camici-pr\u00e9sident-de-LCB-c-Groupe-ISB.jpg\",\"contentUrl\":\"https:\\\/\\\/batijournal.com\\\/wp-content\\\/uploads\\\/2019\\\/01\\\/Jean-Louis-Camici-pr\u00e9sident-de-LCB-c-Groupe-ISB.jpg\",\"width\":704,\"height\":1000,\"caption\":\"nouveau-president-pour-lassociation-le-commerce-du-bois\"},{\"@type\":\"BreadcrumbList\",\"@id\":\"https:\\\/\\\/batijournal.com\\\/index.php\\\/nouveau-president-le-commerce-du-bois\\\/101181\\\/#breadcrumb\",\"itemListElement\":[{\"@type\":\"ListItem\",\"position\":1,\"name\":\"Accueil\",\"item\":\"https:\\\/\\\/batijournal.com\\\/\"},{\"@type\":\"ListItem\",\"position\":2,\"name\":\"Actualit\u00e9s\",\"item\":\"https:\\\/\\\/batijournal.com\\\/index.php\\\/category\\\/actualites\\\/\"},{\"@type\":\"ListItem\",\"position\":3,\"name\":\"Nouveau pr\u00e9sident pour l&rsquo;association Le Commerce du Bois\"}]},{\"@type\":\"WebSite\",\"@id\":\"https:\\\/\\\/batijournal.com\\\/#website\",\"url\":\"https:\\\/\\\/batijournal.com\\\/\",\"name\":\"Batijournal\",\"description\":\"L&#039;actualit\u00e9 du b\u00e2timent\",\"potentialAction\":[{\"@type\":\"SearchAction\",\"target\":{\"@type\":\"EntryPoint\",\"urlTemplate\":\"https:\\\/\\\/batijournal.com\\\/?s={search_term_string}\"},\"query-input\":{\"@type\":\"PropertyValueSpecification\",\"valueRequired\":true,\"valueName\":\"search_term_string\"}}],\"inLanguage\":\"fr-FR\"},{\"@type\":\"Person\",\"@id\":\"https:\\\/\\\/batijournal.com\\\/#\\\/schema\\\/person\\\/1dc96ec6957aa1ccb25ebe78bb19f100\",\"name\":\"St\u00e9phane Miget\",\"image\":{\"@type\":\"ImageObject\",\"inLanguage\":\"fr-FR\",\"@id\":\"https:\\\/\\\/secure.gravatar.com\\\/avatar\\\/89915563d925342126b8ef0281b93d9d7fc337043e8df017f780908eb9644451?s=96&d=mm&r=g\",\"url\":\"https:\\\/\\\/secure.gravatar.com\\\/avatar\\\/89915563d925342126b8ef0281b93d9d7fc337043e8df017f780908eb9644451?s=96&d=mm&r=g\",\"contentUrl\":\"https:\\\/\\\/secure.gravatar.com\\\/avatar\\\/89915563d925342126b8ef0281b93d9d7fc337043e8df017f780908eb9644451?s=96&d=mm&r=g\",\"caption\":\"St\u00e9phane Miget\"},\"url\":\"https:\\\/\\\/batijournal.com\\\/index.php\\\/author\\\/stephane\\\/\"}]}<\/script>\n<!-- \/ Yoast SEO plugin. -->","yoast_head_json":{"title":"Nouveau pr\u00e9sident pour l'association Le Commerce du Bois","description":"Jean-Louis Camici, directeur g\u00e9n\u00e9ral en charge des activit\u00e9s op\u00e9rationnelles du groupe ISB, a \u00e9t\u00e9 \u00e9lu pr\u00e9sident de l'association Le Commerce du Bois","robots":{"index":"index","follow":"follow","max-snippet":"max-snippet:-1","max-image-preview":"max-image-preview:large","max-video-preview":"max-video-preview:-1"},"canonical":"https:\/\/batijournal.com\/index.php\/nouveau-president-le-commerce-du-bois\/101181\/","og_locale":"fr_FR","og_type":"article","og_title":"Nouveau pr\u00e9sident pour l'association Le Commerce du Bois","og_description":"Jean-Louis Camici, directeur g\u00e9n\u00e9ral en charge des activit\u00e9s op\u00e9rationnelles du groupe ISB, a \u00e9t\u00e9 \u00e9lu pr\u00e9sident de l'association Le Commerce du Bois","og_url":"https:\/\/batijournal.com\/index.php\/nouveau-president-le-commerce-du-bois\/101181\/","og_site_name":"Batijournal","article_published_time":"2019-01-08T14:01:47+00:00","article_modified_time":"2019-01-15T15:54:09+00:00","og_image":[{"width":704,"height":1000,"url":"https:\/\/batijournal.com\/wp-content\/uploads\/2019\/01\/Jean-Louis-Camici-pr\u00e9sident-de-LCB-c-Groupe-ISB.jpg","type":"image\/jpeg"}],"author":"St\u00e9phane Miget","twitter_card":"summary_large_image","twitter_creator":"@bati_journal","twitter_site":"@bati_journal","twitter_misc":{"\u00c9crit par":"St\u00e9phane Miget","Dur\u00e9e de lecture estim\u00e9e":"1 minute"},"schema":{"@context":"https:\/\/schema.org","@graph":[{"@type":"Article","@id":"https:\/\/batijournal.com\/index.php\/nouveau-president-le-commerce-du-bois\/101181\/#article","isPartOf":{"@id":"https:\/\/batijournal.com\/index.php\/nouveau-president-le-commerce-du-bois\/101181\/"},"author":{"name":"St\u00e9phane Miget","@id":"https:\/\/batijournal.com\/#\/schema\/person\/1dc96ec6957aa1ccb25ebe78bb19f100"},"headline":"Nouveau pr\u00e9sident pour l&rsquo;association Le Commerce du Bois","datePublished":"2019-01-08T14:01:47+00:00","dateModified":"2019-01-15T15:54:09+00:00","mainEntityOfPage":{"@id":"https:\/\/batijournal.com\/index.php\/nouveau-president-le-commerce-du-bois\/101181\/"},"wordCount":232,"image":{"@id":"https:\/\/batijournal.com\/index.php\/nouveau-president-le-commerce-du-bois\/101181\/#primaryimage"},"thumbnailUrl":"https:\/\/batijournal.com\/wp-content\/uploads\/2019\/01\/Jean-Louis-Camici-pr\u00e9sident-de-LCB-c-Groupe-ISB.jpg","keywords":["LCB","Le Commerce du Bois"],"articleSection":["Actualit\u00e9s","zz_Nouvelles t\u00eates - Woodsurfer","zz_Woodsurfer"],"inLanguage":"fr-FR"},{"@type":"WebPage","@id":"https:\/\/batijournal.com\/index.php\/nouveau-president-le-commerce-du-bois\/101181\/","url":"https:\/\/batijournal.com\/index.php\/nouveau-president-le-commerce-du-bois\/101181\/","name":"Nouveau pr\u00e9sident pour l'association Le Commerce du Bois","isPartOf":{"@id":"https:\/\/batijournal.com\/#website"},"primaryImageOfPage":{"@id":"https:\/\/batijournal.com\/index.php\/nouveau-president-le-commerce-du-bois\/101181\/#primaryimage"},"image":{"@id":"https:\/\/batijournal.com\/index.php\/nouveau-president-le-commerce-du-bois\/101181\/#primaryimage"},"thumbnailUrl":"https:\/\/batijournal.com\/wp-content\/uploads\/2019\/01\/Jean-Louis-Camici-pr\u00e9sident-de-LCB-c-Groupe-ISB.jpg","datePublished":"2019-01-08T14:01:47+00:00","dateModified":"2019-01-15T15:54:09+00:00","author":{"@id":"https:\/\/batijournal.com\/#\/schema\/person\/1dc96ec6957aa1ccb25ebe78bb19f100"},"description":"Jean-Louis Camici, directeur g\u00e9n\u00e9ral en charge des activit\u00e9s op\u00e9rationnelles du groupe ISB, a \u00e9t\u00e9 \u00e9lu pr\u00e9sident de l'association Le Commerce du Bois","breadcrumb":{"@id":"https:\/\/batijournal.com\/index.php\/nouveau-president-le-commerce-du-bois\/101181\/#breadcrumb"},"inLanguage":"fr-FR","potentialAction":[{"@type":"ReadAction","target":["https:\/\/batijournal.com\/index.php\/nouveau-president-le-commerce-du-bois\/101181\/"]}]},{"@type":"ImageObject","inLanguage":"fr-FR","@id":"https:\/\/batijournal.com\/index.php\/nouveau-president-le-commerce-du-bois\/101181\/#primaryimage","url":"https:\/\/batijournal.com\/wp-content\/uploads\/2019\/01\/Jean-Louis-Camici-pr\u00e9sident-de-LCB-c-Groupe-ISB.jpg","contentUrl":"https:\/\/batijournal.com\/wp-content\/uploads\/2019\/01\/Jean-Louis-Camici-pr\u00e9sident-de-LCB-c-Groupe-ISB.jpg","width":704,"height":1000,"caption":"nouveau-president-pour-lassociation-le-commerce-du-bois"},{"@type":"BreadcrumbList","@id":"https:\/\/batijournal.com\/index.php\/nouveau-president-le-commerce-du-bois\/101181\/#breadcrumb","itemListElement":[{"@type":"ListItem","position":1,"name":"Accueil","item":"https:\/\/batijournal.com\/"},{"@type":"ListItem","position":2,"name":"Actualit\u00e9s","item":"https:\/\/batijournal.com\/index.php\/category\/actualites\/"},{"@type":"ListItem","position":3,"name":"Nouveau pr\u00e9sident pour l&rsquo;association Le Commerce du Bois"}]},{"@type":"WebSite","@id":"https:\/\/batijournal.com\/#website","url":"https:\/\/batijournal.com\/","name":"Batijournal","description":"L&#039;actualit\u00e9 du b\u00e2timent","potentialAction":[{"@type":"SearchAction","target":{"@type":"EntryPoint","urlTemplate":"https:\/\/batijournal.com\/?s={search_term_string}"},"query-input":{"@type":"PropertyValueSpecification","valueRequired":true,"valueName":"search_term_string"}}],"inLanguage":"fr-FR"},{"@type":"Person","@id":"https:\/\/batijournal.com\/#\/schema\/person\/1dc96ec6957aa1ccb25ebe78bb19f100","name":"St\u00e9phane Miget","image":{"@type":"ImageObject","inLanguage":"fr-FR","@id":"https:\/\/secure.gravatar.com\/avatar\/89915563d925342126b8ef0281b93d9d7fc337043e8df017f780908eb9644451?s=96&d=mm&r=g","url":"https:\/\/secure.gravatar.com\/avatar\/89915563d925342126b8ef0281b93d9d7fc337043e8df017f780908eb9644451?s=96&d=mm&r=g","contentUrl":"https:\/\/secure.gravatar.com\/avatar\/89915563d925342126b8ef0281b93d9d7fc337043e8df017f780908eb9644451?s=96&d=mm&r=g","caption":"St\u00e9phane Miget"},"url":"https:\/\/batijournal.com\/index.php\/author\/stephane\/"}]}},"_links":{"self":[{"href":"https:\/\/batijournal.com\/index.php\/wp-json\/wp\/v2\/posts\/101181","targetHints":{"allow":["GET"]}}],"collection":[{"href":"https:\/\/batijournal.com\/index.php\/wp-json\/wp\/v2\/posts"}],"about":[{"href":"https:\/\/batijournal.com\/index.php\/wp-json\/wp\/v2\/types\/post"}],"author":[{"embeddable":true,"href":"https:\/\/batijournal.com\/index.php\/wp-json\/wp\/v2\/users\/17"}],"replies":[{"embeddable":true,"href":"https:\/\/batijournal.com\/index.php\/wp-json\/wp\/v2\/comments?post=101181"}],"version-history":[{"count":0,"href":"https:\/\/batijournal.com\/index.php\/wp-json\/wp\/v2\/posts\/101181\/revisions"}],"wp:featuredmedia":[{"embeddable":true,"href":"https:\/\/batijournal.com\/index.php\/wp-json\/wp\/v2\/media\/101182"}],"wp:attachment":[{"href":"https:\/\/batijournal.com\/index.php\/wp-json\/wp\/v2\/media?parent=101181"}],"wp:term":[{"taxonomy":"category","embeddable":true,"href":"https:\/\/batijournal.com\/index.php\/wp-json\/wp\/v2\/categories?post=101181"},{"taxonomy":"post_tag","embeddable":true,"href":"https:\/\/batijournal.com\/index.php\/wp-json\/wp\/v2\/tags?post=101181"}],"curies":[{"name":"wp","href":"https:\/\/api.w.org\/{rel}","templated":true}]}}