{"id":101186,"date":"2019-01-09T08:53:54","date_gmt":"2019-01-09T07:53:54","guid":{"rendered":"https:\/\/batijournal.com\/?p=101186"},"modified":"2019-07-15T11:14:44","modified_gmt":"2019-07-15T09:14:44","slug":"des-projets-pour-feter-dignement-les-500-ans-de-chambord","status":"publish","type":"post","link":"https:\/\/batijournal.com\/index.php\/des-projets-pour-feter-dignement-les-500-ans-de-chambord\/101186\/","title":{"rendered":"Des projets pour f\u00eater dignement les 500 ans de Chambord"},"content":{"rendered":"<p><strong>En 2019 sera c\u00e9l\u00e9br\u00e9 le demi-mill\u00e9naire du d\u00e9but de la construction, en 1519, du ch\u00e2teau de Chambord. Plac\u00e9 sur la premi\u00e8re liste des Monuments historiques en France en 1840 au m\u00eame titre que le Louvre ou Versailles, patrimoine mondial de l\u2019Unesco, Chambord est le plus myst\u00e9rieux des palais royaux, jouant de la fausse sym\u00e9trie et de plusieurs inconnues. Dans un contexte de forte progression de sa fr\u00e9quentation et de l\u2019autofinancement du Domaine national de Chambord, des chantiers d\u2019importance doivent \u00eatre lanc\u00e9s afin d\u2019offrir au regard du visiteur un Chambord transform\u00e9 et magnifi\u00e9. L\u2019objectif des c\u00e9l\u00e9brations est d\u2019offrir les cl\u00e9s de lecture d\u2019un Chambord tel qu\u2019il a \u00e9t\u00e9 pens\u00e9 par son fondateur, Fran\u00e7ois Ier et l\u2019architecte inspirateur, L\u00e9onard de Vinci. Il s\u2019agit de donner \u00e0 voir la matrice originelle du ch\u00e2teau, l\u2019une mat\u00e9rielle, la construction, l\u2019autre immat\u00e9rielle, ses symboles, dans le cadre d\u2019un riche programme de restaurations, associ\u00e9 \u00e0 une exposition retra\u00e7ant pr\u00e9cis\u00e9ment cette gen\u00e8se.<\/strong><\/p>\n<p><strong>Restauration des plombs et dorures des lanternons de Chambord<\/strong><br \/>\nD\u00e8s 1539 sous Fran\u00e7ois Ier, la dorure \u00e0 la feuille des lanternons de Chambord est attest\u00e9e par plusieurs t\u00e9moignages. Cet \u00e9tat a perdur\u00e9 jusqu\u2019en 1577. Au d\u00e9cor de pierres de Chambord, s\u2019ajoutaient des ornements de plomb richement ouvrag\u00e9s qui ont disparu apr\u00e8s la R\u00e9volution. Ils ont \u00e9t\u00e9 en grande partie r\u00e9tablis au XIXe si\u00e8cle et \u00e0 nouveau supprim\u00e9s dans les ann\u00e9es 1950. Leur restauration, puis la dorure des lanternons, modifiera de fa\u00e7on spectaculaire la perception de Chambord. Ma\u00eetre d\u2019\u0153uvre, Philippe Villeneuve, Architecte des monuments historiques, en charge \u00e9galement de la cath\u00e9drale Notre-Dame de Paris.<\/p>\n<p><strong>A l\u2019int\u00e9rieur du ch\u00e2teau, mise en sc\u00e8ne d\u2019un d\u00e9cor de la Cour itin\u00e9rante de Fran\u00e7ois Ier<\/strong><br \/>\nApr\u00e8s la restauration de ses jardins \u00e0 la fran\u00e7aise en 2017, Chambord entend recr\u00e9er l\u2019atmosph\u00e8re qui r\u00e9gnait \u00e0 l\u2019int\u00e9rieur du ch\u00e2teau \u00e0 l\u2019\u00e9poque de Fran\u00e7ois Ier. La restitution des d\u00e9cors mobiles et textiles de Fran\u00e7ois Ier lors de son dernier passage \u00e0 Chambord en 1545 et la restauration de la chambre du Roi op\u00e8reront une transformation spectaculaire de la visite dans une approche scientifique et didactique. Concepteur de ce projet, Jacques Garcia, d\u00e9corateur et sc\u00e9nographe, qui agit en m\u00e9c\u00e9nat de comp\u00e9tences.<\/p>\n<p><strong>Restauration du mur d\u2019enceinte par un chantier d\u2019insertion<\/strong><br \/>\nC\u2019est le p\u00e9rim\u00e8tre de ce mur qui a fait de Chambord le seul domaine national ayant conserv\u00e9 ses dimensions d\u2019origine durant cinq si\u00e8cles. Ceci explique que Chambord soit plac\u00e9 &#8211; comme les Invalides -, sous la haute protection du Pr\u00e9sident de la R\u00e9publique.\u00a0Un chantier de qualification et d\u2019insertion devra rendre possible la restauration des 32 kilom\u00e8tres de mur. De jeunes professionnels se sp\u00e9cialisant dans la restauration de Monuments Historiques seront associ\u00e9s au projet dans le cadre de chantiers \u00e9coles, encadr\u00e9s par des professionnels qui les formeront au m\u00e9tier Dans cet objectif, il s\u2019agira de restaurer dix kilom\u00e8tres de mur sur six ans.<\/p>\n<p><strong>Exposition \u00ab Chambord, 1519- 2019 : l\u2019utopie \u00e0 l\u2019\u0153uvre \u00bb<\/strong><br \/>\nL\u2019exposition est plac\u00e9e sous le double commissariat de l\u2019architecte Dominique Perrault et du philosophe Roland Schaer. C\u2019est la premi\u00e8re exposition jamais r\u00e9alis\u00e9e \u00e0 Chambord qui traite du sujet de l\u2019architecture du ch\u00e2teau et de l\u2019implication de L\u00e9onard de Vinci dans l\u2019\u00e9laboration des plans d\u2019origine. Elle se d\u00e9cline en deux temps, le premier se consacre \u00e0 l\u2019histoire de la construction de Chambord, le second imagine Chambord inachev\u00e9, un Chambord qui aurait vu sa construction poursuivie au XXIe si\u00e8cle.<\/p>\n<p>D&rsquo;autres projets ponctuent les 500 ans. La conception d\u2019<strong>un nouvel \u00e9clairage<\/strong> mettra en lumi\u00e8re le monument avec \u00e9l\u00e9gance et sobri\u00e9t\u00e9 tout en respectant la faune qui vit dans le domaine. <strong>Un potager en permaculture<\/strong> sera am\u00e9nag\u00e9 au sein m\u00eame des \u00e9curies du Mar\u00e9chal de Saxe comme ce fut le cas au XIXe si\u00e8cle jusqu\u2019en 1976 et dans les parcelles des casernes mitoyennes d\u2019un hectare et demi. La <strong>construction du chai<\/strong>, confi\u00e9e \u00e0 Jean-Michel Wilmotte, premier chai d\u2019architecte en Val de Loire. D\u2019une forme contemporaine, situ\u00e9 \u00e0 1,4 km \u00e0 vue du ch\u00e2teau, il rouvre un cycle permanent de renouvellement, le cycle de vie que symbolise le vin, que symbolise Chambord d\u00e8s l\u2019origine.<\/p>\n<p>Photo : Tour Lanterne restaur\u00e9e &#8211; \u00a9 L\u00e9onard de Serres<\/p>\n<p>&nbsp;<\/p>\n","protected":false},"excerpt":{"rendered":"<p>En 2019 sera c\u00e9l\u00e9br\u00e9 le demi-mill\u00e9naire du d\u00e9but de la construction, en 1519, du ch\u00e2teau de Chambord. Plac\u00e9 sur la premi\u00e8re liste des Monuments historiques en France en 1840 au m\u00eame titre que le Louvre ou Versailles, patrimoine mondial de l\u2019Unesco, Chambord est le plus myst\u00e9rieux des palais royaux, jouant de la fausse sym\u00e9trie et [&hellip;]<\/p>\n","protected":false},"author":17,"featured_media":101187,"comment_status":"closed","ping_status":"closed","sticky":false,"template":"","format":"standard","meta":{"_et_pb_use_builder":"","_et_pb_old_content":"","_et_gb_content_width":"","footnotes":""},"categories":[10530,6340,10785],"tags":[12077,10677,6376,4474],"class_list":["post-101186","post","type-post","status-publish","format-standard","has-post-thumbnail","hentry","category-actualites","category-architecture-conception","category-atrium","tag-chambord","tag-chateau-de-chambord","tag-monument-historique","tag-monuments-historiques"],"yoast_head":"<!-- This site is optimized with the Yoast SEO plugin v27.4 - https:\/\/yoast.com\/product\/yoast-seo-wordpress\/ -->\n<title>Des projets pour f\u00eater dignement les 500 ans de Chambord<\/title>\n<meta name=\"description\" content=\"En 2019 sera c\u00e9l\u00e9br\u00e9 le demi-mill\u00e9naire du d\u00e9but de la construction, en 1519, du ch\u00e2teau de Chambord. Plac\u00e9 sur la premi\u00e8re liste des Monuments historiques\" \/>\n<meta name=\"robots\" content=\"index, follow, max-snippet:-1, max-image-preview:large, max-video-preview:-1\" \/>\n<link rel=\"canonical\" href=\"https:\/\/batijournal.com\/index.php\/des-projets-pour-feter-dignement-les-500-ans-de-chambord\/101186\/\" \/>\n<meta property=\"og:locale\" content=\"fr_FR\" \/>\n<meta property=\"og:type\" content=\"article\" \/>\n<meta property=\"og:title\" content=\"Des projets pour f\u00eater dignement les 500 ans de Chambord\" \/>\n<meta property=\"og:description\" content=\"En 2019 sera c\u00e9l\u00e9br\u00e9 le demi-mill\u00e9naire du d\u00e9but de la construction, en 1519, du ch\u00e2teau de Chambord. Plac\u00e9 sur la premi\u00e8re liste des Monuments historiques\" \/>\n<meta property=\"og:url\" content=\"https:\/\/batijournal.com\/index.php\/des-projets-pour-feter-dignement-les-500-ans-de-chambord\/101186\/\" \/>\n<meta property=\"og:site_name\" content=\"Batijournal\" \/>\n<meta property=\"article:published_time\" content=\"2019-01-09T07:53:54+00:00\" \/>\n<meta property=\"article:modified_time\" content=\"2019-07-15T09:14:44+00:00\" \/>\n<meta property=\"og:image\" content=\"https:\/\/batijournal.com\/wp-content\/uploads\/2019\/01\/Chambord-Tour-Lanterne-restauree-Leonard-de-Serres.jpg\" \/>\n\t<meta property=\"og:image:width\" content=\"1200\" \/>\n\t<meta property=\"og:image:height\" content=\"801\" \/>\n\t<meta property=\"og:image:type\" content=\"image\/jpeg\" \/>\n<meta name=\"author\" content=\"St\u00e9phane Miget\" \/>\n<meta name=\"twitter:card\" content=\"summary_large_image\" \/>\n<meta name=\"twitter:creator\" content=\"@bati_journal\" \/>\n<meta name=\"twitter:site\" content=\"@bati_journal\" \/>\n<meta name=\"twitter:label1\" content=\"\u00c9crit par\" \/>\n\t<meta name=\"twitter:data1\" content=\"St\u00e9phane Miget\" \/>\n\t<meta name=\"twitter:label2\" content=\"Dur\u00e9e de lecture estim\u00e9e\" \/>\n\t<meta name=\"twitter:data2\" content=\"4 minutes\" \/>\n<script type=\"application\/ld+json\" class=\"yoast-schema-graph\">{\"@context\":\"https:\\\/\\\/schema.org\",\"@graph\":[{\"@type\":\"Article\",\"@id\":\"https:\\\/\\\/batijournal.com\\\/index.php\\\/des-projets-pour-feter-dignement-les-500-ans-de-chambord\\\/101186\\\/#article\",\"isPartOf\":{\"@id\":\"https:\\\/\\\/batijournal.com\\\/index.php\\\/des-projets-pour-feter-dignement-les-500-ans-de-chambord\\\/101186\\\/\"},\"author\":{\"name\":\"St\u00e9phane Miget\",\"@id\":\"https:\\\/\\\/batijournal.com\\\/#\\\/schema\\\/person\\\/1dc96ec6957aa1ccb25ebe78bb19f100\"},\"headline\":\"Des projets pour f\u00eater dignement les 500 ans de Chambord\",\"datePublished\":\"2019-01-09T07:53:54+00:00\",\"dateModified\":\"2019-07-15T09:14:44+00:00\",\"mainEntityOfPage\":{\"@id\":\"https:\\\/\\\/batijournal.com\\\/index.php\\\/des-projets-pour-feter-dignement-les-500-ans-de-chambord\\\/101186\\\/\"},\"wordCount\":788,\"image\":{\"@id\":\"https:\\\/\\\/batijournal.com\\\/index.php\\\/des-projets-pour-feter-dignement-les-500-ans-de-chambord\\\/101186\\\/#primaryimage\"},\"thumbnailUrl\":\"https:\\\/\\\/batijournal.com\\\/wp-content\\\/uploads\\\/2019\\\/01\\\/Chambord-Tour-Lanterne-restauree-Leonard-de-Serres.jpg\",\"keywords\":[\"chambord\",\"ch\u00e2teau de chambord\",\"monument historique\",\"monuments historiques\"],\"articleSection\":[\"Actualit\u00e9s\",\"Architecture &amp; Conception\",\"zz_Atrium Patrimoine\"],\"inLanguage\":\"fr-FR\"},{\"@type\":\"WebPage\",\"@id\":\"https:\\\/\\\/batijournal.com\\\/index.php\\\/des-projets-pour-feter-dignement-les-500-ans-de-chambord\\\/101186\\\/\",\"url\":\"https:\\\/\\\/batijournal.com\\\/index.php\\\/des-projets-pour-feter-dignement-les-500-ans-de-chambord\\\/101186\\\/\",\"name\":\"Des projets pour f\u00eater dignement les 500 ans de Chambord\",\"isPartOf\":{\"@id\":\"https:\\\/\\\/batijournal.com\\\/#website\"},\"primaryImageOfPage\":{\"@id\":\"https:\\\/\\\/batijournal.com\\\/index.php\\\/des-projets-pour-feter-dignement-les-500-ans-de-chambord\\\/101186\\\/#primaryimage\"},\"image\":{\"@id\":\"https:\\\/\\\/batijournal.com\\\/index.php\\\/des-projets-pour-feter-dignement-les-500-ans-de-chambord\\\/101186\\\/#primaryimage\"},\"thumbnailUrl\":\"https:\\\/\\\/batijournal.com\\\/wp-content\\\/uploads\\\/2019\\\/01\\\/Chambord-Tour-Lanterne-restauree-Leonard-de-Serres.jpg\",\"datePublished\":\"2019-01-09T07:53:54+00:00\",\"dateModified\":\"2019-07-15T09:14:44+00:00\",\"author\":{\"@id\":\"https:\\\/\\\/batijournal.com\\\/#\\\/schema\\\/person\\\/1dc96ec6957aa1ccb25ebe78bb19f100\"},\"description\":\"En 2019 sera c\u00e9l\u00e9br\u00e9 le demi-mill\u00e9naire du d\u00e9but de la construction, en 1519, du ch\u00e2teau de Chambord. Plac\u00e9 sur la premi\u00e8re liste des Monuments historiques\",\"breadcrumb\":{\"@id\":\"https:\\\/\\\/batijournal.com\\\/index.php\\\/des-projets-pour-feter-dignement-les-500-ans-de-chambord\\\/101186\\\/#breadcrumb\"},\"inLanguage\":\"fr-FR\",\"potentialAction\":[{\"@type\":\"ReadAction\",\"target\":[\"https:\\\/\\\/batijournal.com\\\/index.php\\\/des-projets-pour-feter-dignement-les-500-ans-de-chambord\\\/101186\\\/\"]}]},{\"@type\":\"ImageObject\",\"inLanguage\":\"fr-FR\",\"@id\":\"https:\\\/\\\/batijournal.com\\\/index.php\\\/des-projets-pour-feter-dignement-les-500-ans-de-chambord\\\/101186\\\/#primaryimage\",\"url\":\"https:\\\/\\\/batijournal.com\\\/wp-content\\\/uploads\\\/2019\\\/01\\\/Chambord-Tour-Lanterne-restauree-Leonard-de-Serres.jpg\",\"contentUrl\":\"https:\\\/\\\/batijournal.com\\\/wp-content\\\/uploads\\\/2019\\\/01\\\/Chambord-Tour-Lanterne-restauree-Leonard-de-Serres.jpg\",\"width\":1200,\"height\":801},{\"@type\":\"BreadcrumbList\",\"@id\":\"https:\\\/\\\/batijournal.com\\\/index.php\\\/des-projets-pour-feter-dignement-les-500-ans-de-chambord\\\/101186\\\/#breadcrumb\",\"itemListElement\":[{\"@type\":\"ListItem\",\"position\":1,\"name\":\"Accueil\",\"item\":\"https:\\\/\\\/batijournal.com\\\/\"},{\"@type\":\"ListItem\",\"position\":2,\"name\":\"Actualit\u00e9s\",\"item\":\"https:\\\/\\\/batijournal.com\\\/index.php\\\/category\\\/actualites\\\/\"},{\"@type\":\"ListItem\",\"position\":3,\"name\":\"Des projets pour f\u00eater dignement les 500 ans de Chambord\"}]},{\"@type\":\"WebSite\",\"@id\":\"https:\\\/\\\/batijournal.com\\\/#website\",\"url\":\"https:\\\/\\\/batijournal.com\\\/\",\"name\":\"Batijournal\",\"description\":\"L&#039;actualit\u00e9 du b\u00e2timent\",\"potentialAction\":[{\"@type\":\"SearchAction\",\"target\":{\"@type\":\"EntryPoint\",\"urlTemplate\":\"https:\\\/\\\/batijournal.com\\\/?s={search_term_string}\"},\"query-input\":{\"@type\":\"PropertyValueSpecification\",\"valueRequired\":true,\"valueName\":\"search_term_string\"}}],\"inLanguage\":\"fr-FR\"},{\"@type\":\"Person\",\"@id\":\"https:\\\/\\\/batijournal.com\\\/#\\\/schema\\\/person\\\/1dc96ec6957aa1ccb25ebe78bb19f100\",\"name\":\"St\u00e9phane Miget\",\"image\":{\"@type\":\"ImageObject\",\"inLanguage\":\"fr-FR\",\"@id\":\"https:\\\/\\\/secure.gravatar.com\\\/avatar\\\/89915563d925342126b8ef0281b93d9d7fc337043e8df017f780908eb9644451?s=96&d=mm&r=g\",\"url\":\"https:\\\/\\\/secure.gravatar.com\\\/avatar\\\/89915563d925342126b8ef0281b93d9d7fc337043e8df017f780908eb9644451?s=96&d=mm&r=g\",\"contentUrl\":\"https:\\\/\\\/secure.gravatar.com\\\/avatar\\\/89915563d925342126b8ef0281b93d9d7fc337043e8df017f780908eb9644451?s=96&d=mm&r=g\",\"caption\":\"St\u00e9phane Miget\"},\"url\":\"https:\\\/\\\/batijournal.com\\\/index.php\\\/author\\\/stephane\\\/\"}]}<\/script>\n<!-- \/ Yoast SEO plugin. -->","yoast_head_json":{"title":"Des projets pour f\u00eater dignement les 500 ans de Chambord","description":"En 2019 sera c\u00e9l\u00e9br\u00e9 le demi-mill\u00e9naire du d\u00e9but de la construction, en 1519, du ch\u00e2teau de Chambord. Plac\u00e9 sur la premi\u00e8re liste des Monuments historiques","robots":{"index":"index","follow":"follow","max-snippet":"max-snippet:-1","max-image-preview":"max-image-preview:large","max-video-preview":"max-video-preview:-1"},"canonical":"https:\/\/batijournal.com\/index.php\/des-projets-pour-feter-dignement-les-500-ans-de-chambord\/101186\/","og_locale":"fr_FR","og_type":"article","og_title":"Des projets pour f\u00eater dignement les 500 ans de Chambord","og_description":"En 2019 sera c\u00e9l\u00e9br\u00e9 le demi-mill\u00e9naire du d\u00e9but de la construction, en 1519, du ch\u00e2teau de Chambord. Plac\u00e9 sur la premi\u00e8re liste des Monuments historiques","og_url":"https:\/\/batijournal.com\/index.php\/des-projets-pour-feter-dignement-les-500-ans-de-chambord\/101186\/","og_site_name":"Batijournal","article_published_time":"2019-01-09T07:53:54+00:00","article_modified_time":"2019-07-15T09:14:44+00:00","og_image":[{"width":1200,"height":801,"url":"https:\/\/batijournal.com\/wp-content\/uploads\/2019\/01\/Chambord-Tour-Lanterne-restauree-Leonard-de-Serres.jpg","type":"image\/jpeg"}],"author":"St\u00e9phane Miget","twitter_card":"summary_large_image","twitter_creator":"@bati_journal","twitter_site":"@bati_journal","twitter_misc":{"\u00c9crit par":"St\u00e9phane Miget","Dur\u00e9e de lecture estim\u00e9e":"4 minutes"},"schema":{"@context":"https:\/\/schema.org","@graph":[{"@type":"Article","@id":"https:\/\/batijournal.com\/index.php\/des-projets-pour-feter-dignement-les-500-ans-de-chambord\/101186\/#article","isPartOf":{"@id":"https:\/\/batijournal.com\/index.php\/des-projets-pour-feter-dignement-les-500-ans-de-chambord\/101186\/"},"author":{"name":"St\u00e9phane Miget","@id":"https:\/\/batijournal.com\/#\/schema\/person\/1dc96ec6957aa1ccb25ebe78bb19f100"},"headline":"Des projets pour f\u00eater dignement les 500 ans de Chambord","datePublished":"2019-01-09T07:53:54+00:00","dateModified":"2019-07-15T09:14:44+00:00","mainEntityOfPage":{"@id":"https:\/\/batijournal.com\/index.php\/des-projets-pour-feter-dignement-les-500-ans-de-chambord\/101186\/"},"wordCount":788,"image":{"@id":"https:\/\/batijournal.com\/index.php\/des-projets-pour-feter-dignement-les-500-ans-de-chambord\/101186\/#primaryimage"},"thumbnailUrl":"https:\/\/batijournal.com\/wp-content\/uploads\/2019\/01\/Chambord-Tour-Lanterne-restauree-Leonard-de-Serres.jpg","keywords":["chambord","ch\u00e2teau de chambord","monument historique","monuments historiques"],"articleSection":["Actualit\u00e9s","Architecture &amp; Conception","zz_Atrium Patrimoine"],"inLanguage":"fr-FR"},{"@type":"WebPage","@id":"https:\/\/batijournal.com\/index.php\/des-projets-pour-feter-dignement-les-500-ans-de-chambord\/101186\/","url":"https:\/\/batijournal.com\/index.php\/des-projets-pour-feter-dignement-les-500-ans-de-chambord\/101186\/","name":"Des projets pour f\u00eater dignement les 500 ans de Chambord","isPartOf":{"@id":"https:\/\/batijournal.com\/#website"},"primaryImageOfPage":{"@id":"https:\/\/batijournal.com\/index.php\/des-projets-pour-feter-dignement-les-500-ans-de-chambord\/101186\/#primaryimage"},"image":{"@id":"https:\/\/batijournal.com\/index.php\/des-projets-pour-feter-dignement-les-500-ans-de-chambord\/101186\/#primaryimage"},"thumbnailUrl":"https:\/\/batijournal.com\/wp-content\/uploads\/2019\/01\/Chambord-Tour-Lanterne-restauree-Leonard-de-Serres.jpg","datePublished":"2019-01-09T07:53:54+00:00","dateModified":"2019-07-15T09:14:44+00:00","author":{"@id":"https:\/\/batijournal.com\/#\/schema\/person\/1dc96ec6957aa1ccb25ebe78bb19f100"},"description":"En 2019 sera c\u00e9l\u00e9br\u00e9 le demi-mill\u00e9naire du d\u00e9but de la construction, en 1519, du ch\u00e2teau de Chambord. Plac\u00e9 sur la premi\u00e8re liste des Monuments historiques","breadcrumb":{"@id":"https:\/\/batijournal.com\/index.php\/des-projets-pour-feter-dignement-les-500-ans-de-chambord\/101186\/#breadcrumb"},"inLanguage":"fr-FR","potentialAction":[{"@type":"ReadAction","target":["https:\/\/batijournal.com\/index.php\/des-projets-pour-feter-dignement-les-500-ans-de-chambord\/101186\/"]}]},{"@type":"ImageObject","inLanguage":"fr-FR","@id":"https:\/\/batijournal.com\/index.php\/des-projets-pour-feter-dignement-les-500-ans-de-chambord\/101186\/#primaryimage","url":"https:\/\/batijournal.com\/wp-content\/uploads\/2019\/01\/Chambord-Tour-Lanterne-restauree-Leonard-de-Serres.jpg","contentUrl":"https:\/\/batijournal.com\/wp-content\/uploads\/2019\/01\/Chambord-Tour-Lanterne-restauree-Leonard-de-Serres.jpg","width":1200,"height":801},{"@type":"BreadcrumbList","@id":"https:\/\/batijournal.com\/index.php\/des-projets-pour-feter-dignement-les-500-ans-de-chambord\/101186\/#breadcrumb","itemListElement":[{"@type":"ListItem","position":1,"name":"Accueil","item":"https:\/\/batijournal.com\/"},{"@type":"ListItem","position":2,"name":"Actualit\u00e9s","item":"https:\/\/batijournal.com\/index.php\/category\/actualites\/"},{"@type":"ListItem","position":3,"name":"Des projets pour f\u00eater dignement les 500 ans de Chambord"}]},{"@type":"WebSite","@id":"https:\/\/batijournal.com\/#website","url":"https:\/\/batijournal.com\/","name":"Batijournal","description":"L&#039;actualit\u00e9 du b\u00e2timent","potentialAction":[{"@type":"SearchAction","target":{"@type":"EntryPoint","urlTemplate":"https:\/\/batijournal.com\/?s={search_term_string}"},"query-input":{"@type":"PropertyValueSpecification","valueRequired":true,"valueName":"search_term_string"}}],"inLanguage":"fr-FR"},{"@type":"Person","@id":"https:\/\/batijournal.com\/#\/schema\/person\/1dc96ec6957aa1ccb25ebe78bb19f100","name":"St\u00e9phane Miget","image":{"@type":"ImageObject","inLanguage":"fr-FR","@id":"https:\/\/secure.gravatar.com\/avatar\/89915563d925342126b8ef0281b93d9d7fc337043e8df017f780908eb9644451?s=96&d=mm&r=g","url":"https:\/\/secure.gravatar.com\/avatar\/89915563d925342126b8ef0281b93d9d7fc337043e8df017f780908eb9644451?s=96&d=mm&r=g","contentUrl":"https:\/\/secure.gravatar.com\/avatar\/89915563d925342126b8ef0281b93d9d7fc337043e8df017f780908eb9644451?s=96&d=mm&r=g","caption":"St\u00e9phane Miget"},"url":"https:\/\/batijournal.com\/index.php\/author\/stephane\/"}]}},"_links":{"self":[{"href":"https:\/\/batijournal.com\/index.php\/wp-json\/wp\/v2\/posts\/101186","targetHints":{"allow":["GET"]}}],"collection":[{"href":"https:\/\/batijournal.com\/index.php\/wp-json\/wp\/v2\/posts"}],"about":[{"href":"https:\/\/batijournal.com\/index.php\/wp-json\/wp\/v2\/types\/post"}],"author":[{"embeddable":true,"href":"https:\/\/batijournal.com\/index.php\/wp-json\/wp\/v2\/users\/17"}],"replies":[{"embeddable":true,"href":"https:\/\/batijournal.com\/index.php\/wp-json\/wp\/v2\/comments?post=101186"}],"version-history":[{"count":0,"href":"https:\/\/batijournal.com\/index.php\/wp-json\/wp\/v2\/posts\/101186\/revisions"}],"wp:featuredmedia":[{"embeddable":true,"href":"https:\/\/batijournal.com\/index.php\/wp-json\/wp\/v2\/media\/101187"}],"wp:attachment":[{"href":"https:\/\/batijournal.com\/index.php\/wp-json\/wp\/v2\/media?parent=101186"}],"wp:term":[{"taxonomy":"category","embeddable":true,"href":"https:\/\/batijournal.com\/index.php\/wp-json\/wp\/v2\/categories?post=101186"},{"taxonomy":"post_tag","embeddable":true,"href":"https:\/\/batijournal.com\/index.php\/wp-json\/wp\/v2\/tags?post=101186"}],"curies":[{"name":"wp","href":"https:\/\/api.w.org\/{rel}","templated":true}]}}