{"id":101201,"date":"2019-01-14T08:45:43","date_gmt":"2019-01-14T07:45:43","guid":{"rendered":"https:\/\/batijournal.com\/?p=101201"},"modified":"2019-07-15T11:21:34","modified_gmt":"2019-07-15T09:21:34","slug":"les-laureats-de-la-7eme-edition-du-trophee-beton-ecoles","status":"publish","type":"post","link":"https:\/\/batijournal.com\/index.php\/les-laureats-de-la-7eme-edition-du-trophee-beton-ecoles\/101201\/","title":{"rendered":"Les laur\u00e9ats de la 7\u00e8me \u00e9dition du Troph\u00e9e b\u00e9ton Ecoles"},"content":{"rendered":"<p><strong>La c\u00e9r\u00e9monie de remise des prix de la 7\u00e8me \u00e9dition du Troph\u00e9e b\u00e9ton Ecoles s&rsquo;est d\u00e9roul\u00e9e jeudi 10 janvier 2019, \u00e0 la Maison de l&rsquo;architecture en Ile-de-France. Le jury, pr\u00e9sid\u00e9 par Lorenzo Diez, architecte et directeur de l\u2019\u00e9cole d\u2019architecture de Nancy, \u00a0a d\u00e9sign\u00e9 les 4 projets laur\u00e9ats et attribu\u00e9 une mention sp\u00e9ciale parmi 10 nomin\u00e9s.<\/strong><\/p>\n<p><strong>1er prix : Aline Cousot &amp; Enzo Sessini &#8211; La ville crypt\u00e9e : les sous-sols de la Place d\u2019Italie Paris XIII (Visuel)<\/strong><br \/>\nENSA Strasbourg &#8211; Sous la direction de Dominique Coulon, Didier Laroche et Thomas Walter<\/p>\n<p><strong>2\u00e8me prix : Sabine Fr\u00e9miot \u2013 La Tour Carr\u00e9e \u2013 Francfort (Allemagne)<\/strong><br \/>\nENSA Marne-la-Vall\u00e9e &#8211; Sous la direction d\u2019Eric Lapierre<\/p>\n<p><strong>3\u00e8me prix : Pierre Ide, Arthur Bila, C\u00e9sar Delebarre-Debay, Thibault Deschatre &#8211; Le Parc des Terrils \u2013 Vall\u00e9e Mosane \u2013 Li\u00e8ge (Belgique)<\/strong><br \/>\nENSA Clermont-Ferrand &#8211; Sous la direction de Dominique Vertu<\/p>\n<p><strong>4\u00e8me prix : Steve Meyer \u2013 Blackfriars Station \u2013 Un p\u00f4le d\u2019\u00e9changes multimodal au c\u0153ur de Londres<\/strong><br \/>\nINSA Strasbourg &#8211; Sous la direction de Hugues Klein<\/p>\n<p><strong>Mention Sp\u00e9ciale : Simon Martin \u2013 Les silos de Mouy \u2013 Vall\u00e9e de Th\u00e9rain (Oise)<\/strong><br \/>\nENSA de Normandie &#8211; Sous la direction d\u2019Herv\u00e9 Rattez et Laurent Sfar<\/p>\n<p>Le Troph\u00e9e b\u00e9ton Ecoles organis\u00e9 depuis 2012 par l\u2019association B\u00e9tocib, le Centre d\u2019information sur le ciment et ses applications (CIMb\u00e9ton) et la Fondation \u00c9cole Fran\u00e7aise du b\u00e9ton, sous le patronage du minist\u00e8re de la Culture, a pour but de r\u00e9v\u00e9ler les jeunes talents des \u00e9coles d\u2019architecture fran\u00e7aises, de les parrainer et de leur offrir une visibilit\u00e9 \u00e0 l\u2019or\u00e9e de leur vie professionnelle. Pour cette 7\u00e8me \u00e9dition, 105 postulants se sont inscrits, soit de mani\u00e8re individuelle, soit dans la cadre d\u2019\u00e9quipes int\u00e9grant des architectes et\/ou ing\u00e9nieurs. Dix projets ont \u00e9t\u00e9 s\u00e9lectionn\u00e9s et les candidats sont venus d\u00e9fendre leurs travaux devant un jury r\u00e9unissant des personnalit\u00e9s du monde de l\u2019architecture, de l\u2019ing\u00e9nierie et de l\u2019enseignement, le jeudi 10 janvier 2019, \u00a0\u00e0 la maison de l\u2019architecture en Ile-de-France. Ce \u00ab Grand oral \u00bb constituant pour ces jeunes \u00e9tudiants une premi\u00e8re approche de la r\u00e9alit\u00e9 du m\u00e9tier.<\/p>\n<p>Les 10 projets ayant \u00e9t\u00e9 nomin\u00e9s seront expos\u00e9s, \u00e0 la maison de l\u2019architecture en Ile-de-France du 11 janvier jusqu\u2019au 14 f\u00e9vrier 2019.<\/p>\n<p>&nbsp;<\/p>\n","protected":false},"excerpt":{"rendered":"<p>La c\u00e9r\u00e9monie de remise des prix de la 7\u00e8me \u00e9dition du Troph\u00e9e b\u00e9ton Ecoles s&rsquo;est d\u00e9roul\u00e9e jeudi 10 janvier 2019, \u00e0 la Maison de l&rsquo;architecture en Ile-de-France. Le jury, pr\u00e9sid\u00e9 par Lorenzo Diez, architecte et directeur de l\u2019\u00e9cole d\u2019architecture de Nancy, \u00a0a d\u00e9sign\u00e9 les 4 projets laur\u00e9ats et attribu\u00e9 une mention sp\u00e9ciale parmi 10 nomin\u00e9s. [&hellip;]<\/p>\n","protected":false},"author":17,"featured_media":101202,"comment_status":"closed","ping_status":"closed","sticky":false,"template":"","format":"standard","meta":{"_et_pb_use_builder":"","_et_pb_old_content":"","_et_gb_content_width":"","footnotes":""},"categories":[10530,6340],"tags":[1128,11005],"class_list":["post-101201","post","type-post","status-publish","format-standard","has-post-thumbnail","hentry","category-actualites","category-architecture-conception","tag-beton","tag-concours"],"yoast_head":"<!-- This site is optimized with the Yoast SEO plugin v27.4 - https:\/\/yoast.com\/product\/yoast-seo-wordpress\/ -->\n<title>Les laur\u00e9ats de la 7\u00e8me \u00e9dition du Troph\u00e9e b\u00e9ton Ecoles<\/title>\n<meta name=\"description\" content=\"La c\u00e9r\u00e9monie de remise des prix de la 7\u00e8me \u00e9dition du Troph\u00e9e b\u00e9ton Ecoles s&#039;est d\u00e9roul\u00e9e le 10 janvier 2019, \u00e0 la Maison de l&#039;architecture en Ile-de-France\" \/>\n<meta name=\"robots\" content=\"index, follow, max-snippet:-1, max-image-preview:large, max-video-preview:-1\" \/>\n<link rel=\"canonical\" href=\"https:\/\/batijournal.com\/index.php\/les-laureats-de-la-7eme-edition-du-trophee-beton-ecoles\/101201\/\" \/>\n<meta property=\"og:locale\" content=\"fr_FR\" \/>\n<meta property=\"og:type\" content=\"article\" \/>\n<meta property=\"og:title\" content=\"Les laur\u00e9ats de la 7\u00e8me \u00e9dition du Troph\u00e9e b\u00e9ton Ecoles\" \/>\n<meta property=\"og:description\" content=\"La c\u00e9r\u00e9monie de remise des prix de la 7\u00e8me \u00e9dition du Troph\u00e9e b\u00e9ton Ecoles s&#039;est d\u00e9roul\u00e9e le 10 janvier 2019, \u00e0 la Maison de l&#039;architecture en Ile-de-France\" \/>\n<meta property=\"og:url\" content=\"https:\/\/batijournal.com\/index.php\/les-laureats-de-la-7eme-edition-du-trophee-beton-ecoles\/101201\/\" \/>\n<meta property=\"og:site_name\" content=\"Batijournal\" \/>\n<meta property=\"article:published_time\" content=\"2019-01-14T07:45:43+00:00\" \/>\n<meta property=\"article:modified_time\" content=\"2019-07-15T09:21:34+00:00\" \/>\n<meta property=\"og:image\" content=\"https:\/\/batijournal.com\/wp-content\/uploads\/2019\/01\/01-COUSOT-Aline-SESSINI-Enzo-BD.jpg\" \/>\n\t<meta property=\"og:image:width\" content=\"1411\" \/>\n\t<meta property=\"og:image:height\" content=\"1418\" \/>\n\t<meta property=\"og:image:type\" content=\"image\/jpeg\" \/>\n<meta name=\"author\" content=\"St\u00e9phane Miget\" \/>\n<meta name=\"twitter:card\" content=\"summary_large_image\" \/>\n<meta name=\"twitter:creator\" content=\"@bati_journal\" \/>\n<meta name=\"twitter:site\" content=\"@bati_journal\" \/>\n<meta name=\"twitter:label1\" content=\"\u00c9crit par\" \/>\n\t<meta name=\"twitter:data1\" content=\"St\u00e9phane Miget\" \/>\n\t<meta name=\"twitter:label2\" content=\"Dur\u00e9e de lecture estim\u00e9e\" \/>\n\t<meta name=\"twitter:data2\" content=\"2 minutes\" \/>\n<script type=\"application\/ld+json\" class=\"yoast-schema-graph\">{\"@context\":\"https:\\\/\\\/schema.org\",\"@graph\":[{\"@type\":\"Article\",\"@id\":\"https:\\\/\\\/batijournal.com\\\/index.php\\\/les-laureats-de-la-7eme-edition-du-trophee-beton-ecoles\\\/101201\\\/#article\",\"isPartOf\":{\"@id\":\"https:\\\/\\\/batijournal.com\\\/index.php\\\/les-laureats-de-la-7eme-edition-du-trophee-beton-ecoles\\\/101201\\\/\"},\"author\":{\"name\":\"St\u00e9phane Miget\",\"@id\":\"https:\\\/\\\/batijournal.com\\\/#\\\/schema\\\/person\\\/1dc96ec6957aa1ccb25ebe78bb19f100\"},\"headline\":\"Les laur\u00e9ats de la 7\u00e8me \u00e9dition du Troph\u00e9e b\u00e9ton Ecoles\",\"datePublished\":\"2019-01-14T07:45:43+00:00\",\"dateModified\":\"2019-07-15T09:21:34+00:00\",\"mainEntityOfPage\":{\"@id\":\"https:\\\/\\\/batijournal.com\\\/index.php\\\/les-laureats-de-la-7eme-edition-du-trophee-beton-ecoles\\\/101201\\\/\"},\"wordCount\":411,\"image\":{\"@id\":\"https:\\\/\\\/batijournal.com\\\/index.php\\\/les-laureats-de-la-7eme-edition-du-trophee-beton-ecoles\\\/101201\\\/#primaryimage\"},\"thumbnailUrl\":\"https:\\\/\\\/batijournal.com\\\/wp-content\\\/uploads\\\/2019\\\/01\\\/01-COUSOT-Aline-SESSINI-Enzo-BD.jpg\",\"keywords\":[\"b\u00e9ton\",\"concours\"],\"articleSection\":[\"Actualit\u00e9s\",\"Architecture &amp; Conception\"],\"inLanguage\":\"fr-FR\"},{\"@type\":\"WebPage\",\"@id\":\"https:\\\/\\\/batijournal.com\\\/index.php\\\/les-laureats-de-la-7eme-edition-du-trophee-beton-ecoles\\\/101201\\\/\",\"url\":\"https:\\\/\\\/batijournal.com\\\/index.php\\\/les-laureats-de-la-7eme-edition-du-trophee-beton-ecoles\\\/101201\\\/\",\"name\":\"Les laur\u00e9ats de la 7\u00e8me \u00e9dition du Troph\u00e9e b\u00e9ton Ecoles\",\"isPartOf\":{\"@id\":\"https:\\\/\\\/batijournal.com\\\/#website\"},\"primaryImageOfPage\":{\"@id\":\"https:\\\/\\\/batijournal.com\\\/index.php\\\/les-laureats-de-la-7eme-edition-du-trophee-beton-ecoles\\\/101201\\\/#primaryimage\"},\"image\":{\"@id\":\"https:\\\/\\\/batijournal.com\\\/index.php\\\/les-laureats-de-la-7eme-edition-du-trophee-beton-ecoles\\\/101201\\\/#primaryimage\"},\"thumbnailUrl\":\"https:\\\/\\\/batijournal.com\\\/wp-content\\\/uploads\\\/2019\\\/01\\\/01-COUSOT-Aline-SESSINI-Enzo-BD.jpg\",\"datePublished\":\"2019-01-14T07:45:43+00:00\",\"dateModified\":\"2019-07-15T09:21:34+00:00\",\"author\":{\"@id\":\"https:\\\/\\\/batijournal.com\\\/#\\\/schema\\\/person\\\/1dc96ec6957aa1ccb25ebe78bb19f100\"},\"description\":\"La c\u00e9r\u00e9monie de remise des prix de la 7\u00e8me \u00e9dition du Troph\u00e9e b\u00e9ton Ecoles s'est d\u00e9roul\u00e9e le 10 janvier 2019, \u00e0 la Maison de l'architecture en Ile-de-France\",\"breadcrumb\":{\"@id\":\"https:\\\/\\\/batijournal.com\\\/index.php\\\/les-laureats-de-la-7eme-edition-du-trophee-beton-ecoles\\\/101201\\\/#breadcrumb\"},\"inLanguage\":\"fr-FR\",\"potentialAction\":[{\"@type\":\"ReadAction\",\"target\":[\"https:\\\/\\\/batijournal.com\\\/index.php\\\/les-laureats-de-la-7eme-edition-du-trophee-beton-ecoles\\\/101201\\\/\"]}]},{\"@type\":\"ImageObject\",\"inLanguage\":\"fr-FR\",\"@id\":\"https:\\\/\\\/batijournal.com\\\/index.php\\\/les-laureats-de-la-7eme-edition-du-trophee-beton-ecoles\\\/101201\\\/#primaryimage\",\"url\":\"https:\\\/\\\/batijournal.com\\\/wp-content\\\/uploads\\\/2019\\\/01\\\/01-COUSOT-Aline-SESSINI-Enzo-BD.jpg\",\"contentUrl\":\"https:\\\/\\\/batijournal.com\\\/wp-content\\\/uploads\\\/2019\\\/01\\\/01-COUSOT-Aline-SESSINI-Enzo-BD.jpg\",\"width\":1411,\"height\":1418},{\"@type\":\"BreadcrumbList\",\"@id\":\"https:\\\/\\\/batijournal.com\\\/index.php\\\/les-laureats-de-la-7eme-edition-du-trophee-beton-ecoles\\\/101201\\\/#breadcrumb\",\"itemListElement\":[{\"@type\":\"ListItem\",\"position\":1,\"name\":\"Accueil\",\"item\":\"https:\\\/\\\/batijournal.com\\\/\"},{\"@type\":\"ListItem\",\"position\":2,\"name\":\"Actualit\u00e9s\",\"item\":\"https:\\\/\\\/batijournal.com\\\/index.php\\\/category\\\/actualites\\\/\"},{\"@type\":\"ListItem\",\"position\":3,\"name\":\"Les laur\u00e9ats de la 7\u00e8me \u00e9dition du Troph\u00e9e b\u00e9ton Ecoles\"}]},{\"@type\":\"WebSite\",\"@id\":\"https:\\\/\\\/batijournal.com\\\/#website\",\"url\":\"https:\\\/\\\/batijournal.com\\\/\",\"name\":\"Batijournal\",\"description\":\"L&#039;actualit\u00e9 du b\u00e2timent\",\"potentialAction\":[{\"@type\":\"SearchAction\",\"target\":{\"@type\":\"EntryPoint\",\"urlTemplate\":\"https:\\\/\\\/batijournal.com\\\/?s={search_term_string}\"},\"query-input\":{\"@type\":\"PropertyValueSpecification\",\"valueRequired\":true,\"valueName\":\"search_term_string\"}}],\"inLanguage\":\"fr-FR\"},{\"@type\":\"Person\",\"@id\":\"https:\\\/\\\/batijournal.com\\\/#\\\/schema\\\/person\\\/1dc96ec6957aa1ccb25ebe78bb19f100\",\"name\":\"St\u00e9phane Miget\",\"image\":{\"@type\":\"ImageObject\",\"inLanguage\":\"fr-FR\",\"@id\":\"https:\\\/\\\/secure.gravatar.com\\\/avatar\\\/89915563d925342126b8ef0281b93d9d7fc337043e8df017f780908eb9644451?s=96&d=mm&r=g\",\"url\":\"https:\\\/\\\/secure.gravatar.com\\\/avatar\\\/89915563d925342126b8ef0281b93d9d7fc337043e8df017f780908eb9644451?s=96&d=mm&r=g\",\"contentUrl\":\"https:\\\/\\\/secure.gravatar.com\\\/avatar\\\/89915563d925342126b8ef0281b93d9d7fc337043e8df017f780908eb9644451?s=96&d=mm&r=g\",\"caption\":\"St\u00e9phane Miget\"},\"url\":\"https:\\\/\\\/batijournal.com\\\/index.php\\\/author\\\/stephane\\\/\"}]}<\/script>\n<!-- \/ Yoast SEO plugin. -->","yoast_head_json":{"title":"Les laur\u00e9ats de la 7\u00e8me \u00e9dition du Troph\u00e9e b\u00e9ton Ecoles","description":"La c\u00e9r\u00e9monie de remise des prix de la 7\u00e8me \u00e9dition du Troph\u00e9e b\u00e9ton Ecoles s'est d\u00e9roul\u00e9e le 10 janvier 2019, \u00e0 la Maison de l'architecture en Ile-de-France","robots":{"index":"index","follow":"follow","max-snippet":"max-snippet:-1","max-image-preview":"max-image-preview:large","max-video-preview":"max-video-preview:-1"},"canonical":"https:\/\/batijournal.com\/index.php\/les-laureats-de-la-7eme-edition-du-trophee-beton-ecoles\/101201\/","og_locale":"fr_FR","og_type":"article","og_title":"Les laur\u00e9ats de la 7\u00e8me \u00e9dition du Troph\u00e9e b\u00e9ton Ecoles","og_description":"La c\u00e9r\u00e9monie de remise des prix de la 7\u00e8me \u00e9dition du Troph\u00e9e b\u00e9ton Ecoles s'est d\u00e9roul\u00e9e le 10 janvier 2019, \u00e0 la Maison de l'architecture en Ile-de-France","og_url":"https:\/\/batijournal.com\/index.php\/les-laureats-de-la-7eme-edition-du-trophee-beton-ecoles\/101201\/","og_site_name":"Batijournal","article_published_time":"2019-01-14T07:45:43+00:00","article_modified_time":"2019-07-15T09:21:34+00:00","og_image":[{"width":1411,"height":1418,"url":"https:\/\/batijournal.com\/wp-content\/uploads\/2019\/01\/01-COUSOT-Aline-SESSINI-Enzo-BD.jpg","type":"image\/jpeg"}],"author":"St\u00e9phane Miget","twitter_card":"summary_large_image","twitter_creator":"@bati_journal","twitter_site":"@bati_journal","twitter_misc":{"\u00c9crit par":"St\u00e9phane Miget","Dur\u00e9e de lecture estim\u00e9e":"2 minutes"},"schema":{"@context":"https:\/\/schema.org","@graph":[{"@type":"Article","@id":"https:\/\/batijournal.com\/index.php\/les-laureats-de-la-7eme-edition-du-trophee-beton-ecoles\/101201\/#article","isPartOf":{"@id":"https:\/\/batijournal.com\/index.php\/les-laureats-de-la-7eme-edition-du-trophee-beton-ecoles\/101201\/"},"author":{"name":"St\u00e9phane Miget","@id":"https:\/\/batijournal.com\/#\/schema\/person\/1dc96ec6957aa1ccb25ebe78bb19f100"},"headline":"Les laur\u00e9ats de la 7\u00e8me \u00e9dition du Troph\u00e9e b\u00e9ton Ecoles","datePublished":"2019-01-14T07:45:43+00:00","dateModified":"2019-07-15T09:21:34+00:00","mainEntityOfPage":{"@id":"https:\/\/batijournal.com\/index.php\/les-laureats-de-la-7eme-edition-du-trophee-beton-ecoles\/101201\/"},"wordCount":411,"image":{"@id":"https:\/\/batijournal.com\/index.php\/les-laureats-de-la-7eme-edition-du-trophee-beton-ecoles\/101201\/#primaryimage"},"thumbnailUrl":"https:\/\/batijournal.com\/wp-content\/uploads\/2019\/01\/01-COUSOT-Aline-SESSINI-Enzo-BD.jpg","keywords":["b\u00e9ton","concours"],"articleSection":["Actualit\u00e9s","Architecture &amp; Conception"],"inLanguage":"fr-FR"},{"@type":"WebPage","@id":"https:\/\/batijournal.com\/index.php\/les-laureats-de-la-7eme-edition-du-trophee-beton-ecoles\/101201\/","url":"https:\/\/batijournal.com\/index.php\/les-laureats-de-la-7eme-edition-du-trophee-beton-ecoles\/101201\/","name":"Les laur\u00e9ats de la 7\u00e8me \u00e9dition du Troph\u00e9e b\u00e9ton Ecoles","isPartOf":{"@id":"https:\/\/batijournal.com\/#website"},"primaryImageOfPage":{"@id":"https:\/\/batijournal.com\/index.php\/les-laureats-de-la-7eme-edition-du-trophee-beton-ecoles\/101201\/#primaryimage"},"image":{"@id":"https:\/\/batijournal.com\/index.php\/les-laureats-de-la-7eme-edition-du-trophee-beton-ecoles\/101201\/#primaryimage"},"thumbnailUrl":"https:\/\/batijournal.com\/wp-content\/uploads\/2019\/01\/01-COUSOT-Aline-SESSINI-Enzo-BD.jpg","datePublished":"2019-01-14T07:45:43+00:00","dateModified":"2019-07-15T09:21:34+00:00","author":{"@id":"https:\/\/batijournal.com\/#\/schema\/person\/1dc96ec6957aa1ccb25ebe78bb19f100"},"description":"La c\u00e9r\u00e9monie de remise des prix de la 7\u00e8me \u00e9dition du Troph\u00e9e b\u00e9ton Ecoles s'est d\u00e9roul\u00e9e le 10 janvier 2019, \u00e0 la Maison de l'architecture en Ile-de-France","breadcrumb":{"@id":"https:\/\/batijournal.com\/index.php\/les-laureats-de-la-7eme-edition-du-trophee-beton-ecoles\/101201\/#breadcrumb"},"inLanguage":"fr-FR","potentialAction":[{"@type":"ReadAction","target":["https:\/\/batijournal.com\/index.php\/les-laureats-de-la-7eme-edition-du-trophee-beton-ecoles\/101201\/"]}]},{"@type":"ImageObject","inLanguage":"fr-FR","@id":"https:\/\/batijournal.com\/index.php\/les-laureats-de-la-7eme-edition-du-trophee-beton-ecoles\/101201\/#primaryimage","url":"https:\/\/batijournal.com\/wp-content\/uploads\/2019\/01\/01-COUSOT-Aline-SESSINI-Enzo-BD.jpg","contentUrl":"https:\/\/batijournal.com\/wp-content\/uploads\/2019\/01\/01-COUSOT-Aline-SESSINI-Enzo-BD.jpg","width":1411,"height":1418},{"@type":"BreadcrumbList","@id":"https:\/\/batijournal.com\/index.php\/les-laureats-de-la-7eme-edition-du-trophee-beton-ecoles\/101201\/#breadcrumb","itemListElement":[{"@type":"ListItem","position":1,"name":"Accueil","item":"https:\/\/batijournal.com\/"},{"@type":"ListItem","position":2,"name":"Actualit\u00e9s","item":"https:\/\/batijournal.com\/index.php\/category\/actualites\/"},{"@type":"ListItem","position":3,"name":"Les laur\u00e9ats de la 7\u00e8me \u00e9dition du Troph\u00e9e b\u00e9ton Ecoles"}]},{"@type":"WebSite","@id":"https:\/\/batijournal.com\/#website","url":"https:\/\/batijournal.com\/","name":"Batijournal","description":"L&#039;actualit\u00e9 du b\u00e2timent","potentialAction":[{"@type":"SearchAction","target":{"@type":"EntryPoint","urlTemplate":"https:\/\/batijournal.com\/?s={search_term_string}"},"query-input":{"@type":"PropertyValueSpecification","valueRequired":true,"valueName":"search_term_string"}}],"inLanguage":"fr-FR"},{"@type":"Person","@id":"https:\/\/batijournal.com\/#\/schema\/person\/1dc96ec6957aa1ccb25ebe78bb19f100","name":"St\u00e9phane Miget","image":{"@type":"ImageObject","inLanguage":"fr-FR","@id":"https:\/\/secure.gravatar.com\/avatar\/89915563d925342126b8ef0281b93d9d7fc337043e8df017f780908eb9644451?s=96&d=mm&r=g","url":"https:\/\/secure.gravatar.com\/avatar\/89915563d925342126b8ef0281b93d9d7fc337043e8df017f780908eb9644451?s=96&d=mm&r=g","contentUrl":"https:\/\/secure.gravatar.com\/avatar\/89915563d925342126b8ef0281b93d9d7fc337043e8df017f780908eb9644451?s=96&d=mm&r=g","caption":"St\u00e9phane Miget"},"url":"https:\/\/batijournal.com\/index.php\/author\/stephane\/"}]}},"_links":{"self":[{"href":"https:\/\/batijournal.com\/index.php\/wp-json\/wp\/v2\/posts\/101201","targetHints":{"allow":["GET"]}}],"collection":[{"href":"https:\/\/batijournal.com\/index.php\/wp-json\/wp\/v2\/posts"}],"about":[{"href":"https:\/\/batijournal.com\/index.php\/wp-json\/wp\/v2\/types\/post"}],"author":[{"embeddable":true,"href":"https:\/\/batijournal.com\/index.php\/wp-json\/wp\/v2\/users\/17"}],"replies":[{"embeddable":true,"href":"https:\/\/batijournal.com\/index.php\/wp-json\/wp\/v2\/comments?post=101201"}],"version-history":[{"count":0,"href":"https:\/\/batijournal.com\/index.php\/wp-json\/wp\/v2\/posts\/101201\/revisions"}],"wp:featuredmedia":[{"embeddable":true,"href":"https:\/\/batijournal.com\/index.php\/wp-json\/wp\/v2\/media\/101202"}],"wp:attachment":[{"href":"https:\/\/batijournal.com\/index.php\/wp-json\/wp\/v2\/media?parent=101201"}],"wp:term":[{"taxonomy":"category","embeddable":true,"href":"https:\/\/batijournal.com\/index.php\/wp-json\/wp\/v2\/categories?post=101201"},{"taxonomy":"post_tag","embeddable":true,"href":"https:\/\/batijournal.com\/index.php\/wp-json\/wp\/v2\/tags?post=101201"}],"curies":[{"name":"wp","href":"https:\/\/api.w.org\/{rel}","templated":true}]}}