{"id":101205,"date":"2019-01-14T15:34:05","date_gmt":"2019-01-14T14:34:05","guid":{"rendered":"https:\/\/batijournal.com\/?p=101205"},"modified":"2019-01-15T16:37:43","modified_gmt":"2019-01-15T15:37:43","slug":"nouveau-directeur-general-de-fcba","status":"publish","type":"post","link":"https:\/\/batijournal.com\/index.php\/nouveau-directeur-general-de-fcba\/101205\/","title":{"rendered":"Nouveau directeur g\u00e9n\u00e9ral de FCBA"},"content":{"rendered":"<p>Christophe Mathieu a \u00e9t\u00e9 nomm\u00e9 directeur g\u00e9n\u00e9ral de l&rsquo;Institut technologique FCBA au 1er janvier 2019. Il succ\u00e8de \u00e0 Georges-Henri Florentin qui a dirig\u00e9 l&rsquo;Institut pendant 9 ans. Ag\u00e9 de 56 ans, cet ancien \u00e9l\u00e8ve de l&rsquo;Ecole polytechnique et dipl\u00f4m\u00e9 Sup A\u00e9ro a commenc\u00e9 sa carri\u00e8re dans les minist\u00e8res de la D\u00e9fense, puis de la Recherche. De 2009 \u00e0 2018, il \u00e9tait directeur g\u00e9n\u00e9ral du CTICM (Centre technique industriel de la Construction m\u00e9tallique). En parall\u00e8le, il a pris la pr\u00e9sidence du r\u00e9seau des CTI de 2012 \u00e0 2017.<\/p>\n<p>\u00ab\u00a0L&rsquo;Institut technologique FCBA a une formidable capacit\u00e9 scientifique et technique \u00e0 promouvoir le bois dans toutes les sph\u00e8res de la soci\u00e9t\u00e9, souligne Christophe Mathieu. Nous continuerons \u00e0 nous montrer dignes des professions qui nous soutiennent dans nos recherches et innovations au profit de l&rsquo;ensemble de la fili\u00e8re strat\u00e9gique for\u00eat-bois.\u00a0\u00bb<\/p>\n<p><a href=\"http:\/\/www.fcba.fr\">www.fcba.fr<\/a><\/p>\n<p>Photo : \u00a0Christine Ledroit-Perrin<\/p>\n","protected":false},"excerpt":{"rendered":"<p>Christophe Mathieu a \u00e9t\u00e9 nomm\u00e9 directeur g\u00e9n\u00e9ral de l&rsquo;Institut technologique FCBA au 1er janvier 2019. Il succ\u00e8de \u00e0 Georges-Henri Florentin qui a dirig\u00e9 l&rsquo;Institut pendant 9 ans. Ag\u00e9 de 56 ans, cet ancien \u00e9l\u00e8ve de l&rsquo;Ecole polytechnique et dipl\u00f4m\u00e9 Sup A\u00e9ro a commenc\u00e9 sa carri\u00e8re dans les minist\u00e8res de la D\u00e9fense, puis de la Recherche. [&hellip;]<\/p>\n","protected":false},"author":17,"featured_media":101206,"comment_status":"closed","ping_status":"closed","sticky":false,"template":"","format":"standard","meta":{"_et_pb_use_builder":"","_et_pb_old_content":"","_et_gb_content_width":"","footnotes":""},"categories":[10530,11953,10768,10764],"tags":[],"class_list":["post-101205","post","type-post","status-publish","format-standard","has-post-thumbnail","hentry","category-actualites","category-actualites-generalistes","category-nouvelles-tetes","category-woodsurfer"],"yoast_head":"<!-- This site is optimized with the Yoast SEO plugin v27.4 - https:\/\/yoast.com\/product\/yoast-seo-wordpress\/ -->\n<title>FCBA : Christophe Mathieu, nouveau directeur g\u00e9n\u00e9ral<\/title>\n<meta name=\"description\" content=\"Christophe Mathieu (56 ans) a \u00e9t\u00e9 nomm\u00e9 directeur g\u00e9n\u00e9ral de l&#039;Institut technologique FCBA (\" \/>\n<meta name=\"robots\" content=\"index, follow, max-snippet:-1, max-image-preview:large, max-video-preview:-1\" \/>\n<link rel=\"canonical\" href=\"https:\/\/batijournal.com\/index.php\/nouveau-directeur-general-de-fcba\/101205\/\" \/>\n<meta property=\"og:locale\" content=\"fr_FR\" \/>\n<meta property=\"og:type\" content=\"article\" \/>\n<meta property=\"og:title\" content=\"FCBA : Christophe Mathieu, nouveau directeur g\u00e9n\u00e9ral\" \/>\n<meta property=\"og:description\" content=\"Christophe Mathieu (56 ans) a \u00e9t\u00e9 nomm\u00e9 directeur g\u00e9n\u00e9ral de l&#039;Institut technologique FCBA (\" \/>\n<meta property=\"og:url\" content=\"https:\/\/batijournal.com\/index.php\/nouveau-directeur-general-de-fcba\/101205\/\" \/>\n<meta property=\"og:site_name\" content=\"Batijournal\" \/>\n<meta property=\"article:published_time\" content=\"2019-01-14T14:34:05+00:00\" \/>\n<meta property=\"article:modified_time\" content=\"2019-01-15T15:37:43+00:00\" \/>\n<meta property=\"og:image\" content=\"https:\/\/batijournal.com\/wp-content\/uploads\/2019\/01\/ChristopheMathieuFCBA.jpg\" \/>\n\t<meta property=\"og:image:width\" content=\"4665\" \/>\n\t<meta property=\"og:image:height\" content=\"3683\" \/>\n\t<meta property=\"og:image:type\" content=\"image\/jpeg\" \/>\n<meta name=\"author\" content=\"St\u00e9phane Miget\" \/>\n<meta name=\"twitter:card\" content=\"summary_large_image\" \/>\n<meta name=\"twitter:creator\" content=\"@bati_journal\" \/>\n<meta name=\"twitter:site\" content=\"@bati_journal\" \/>\n<meta name=\"twitter:label1\" content=\"\u00c9crit par\" \/>\n\t<meta name=\"twitter:data1\" content=\"St\u00e9phane Miget\" \/>\n\t<meta name=\"twitter:label2\" content=\"Dur\u00e9e de lecture estim\u00e9e\" \/>\n\t<meta name=\"twitter:data2\" content=\"1 minute\" \/>\n<script type=\"application\/ld+json\" class=\"yoast-schema-graph\">{\"@context\":\"https:\\\/\\\/schema.org\",\"@graph\":[{\"@type\":\"Article\",\"@id\":\"https:\\\/\\\/batijournal.com\\\/index.php\\\/nouveau-directeur-general-de-fcba\\\/101205\\\/#article\",\"isPartOf\":{\"@id\":\"https:\\\/\\\/batijournal.com\\\/index.php\\\/nouveau-directeur-general-de-fcba\\\/101205\\\/\"},\"author\":{\"name\":\"St\u00e9phane Miget\",\"@id\":\"https:\\\/\\\/batijournal.com\\\/#\\\/schema\\\/person\\\/1dc96ec6957aa1ccb25ebe78bb19f100\"},\"headline\":\"Nouveau directeur g\u00e9n\u00e9ral de FCBA\",\"datePublished\":\"2019-01-14T14:34:05+00:00\",\"dateModified\":\"2019-01-15T15:37:43+00:00\",\"mainEntityOfPage\":{\"@id\":\"https:\\\/\\\/batijournal.com\\\/index.php\\\/nouveau-directeur-general-de-fcba\\\/101205\\\/\"},\"wordCount\":162,\"image\":{\"@id\":\"https:\\\/\\\/batijournal.com\\\/index.php\\\/nouveau-directeur-general-de-fcba\\\/101205\\\/#primaryimage\"},\"thumbnailUrl\":\"https:\\\/\\\/batijournal.com\\\/wp-content\\\/uploads\\\/2019\\\/01\\\/ChristopheMathieuFCBA.jpg\",\"articleSection\":[\"Actualit\u00e9s\",\"Actualit\u00e9s g\u00e9n\u00e9ralistes\",\"zz_Nouvelles t\u00eates - Woodsurfer\",\"zz_Woodsurfer\"],\"inLanguage\":\"fr-FR\"},{\"@type\":\"WebPage\",\"@id\":\"https:\\\/\\\/batijournal.com\\\/index.php\\\/nouveau-directeur-general-de-fcba\\\/101205\\\/\",\"url\":\"https:\\\/\\\/batijournal.com\\\/index.php\\\/nouveau-directeur-general-de-fcba\\\/101205\\\/\",\"name\":\"FCBA : Christophe Mathieu, nouveau directeur g\u00e9n\u00e9ral\",\"isPartOf\":{\"@id\":\"https:\\\/\\\/batijournal.com\\\/#website\"},\"primaryImageOfPage\":{\"@id\":\"https:\\\/\\\/batijournal.com\\\/index.php\\\/nouveau-directeur-general-de-fcba\\\/101205\\\/#primaryimage\"},\"image\":{\"@id\":\"https:\\\/\\\/batijournal.com\\\/index.php\\\/nouveau-directeur-general-de-fcba\\\/101205\\\/#primaryimage\"},\"thumbnailUrl\":\"https:\\\/\\\/batijournal.com\\\/wp-content\\\/uploads\\\/2019\\\/01\\\/ChristopheMathieuFCBA.jpg\",\"datePublished\":\"2019-01-14T14:34:05+00:00\",\"dateModified\":\"2019-01-15T15:37:43+00:00\",\"author\":{\"@id\":\"https:\\\/\\\/batijournal.com\\\/#\\\/schema\\\/person\\\/1dc96ec6957aa1ccb25ebe78bb19f100\"},\"description\":\"Christophe Mathieu (56 ans) a \u00e9t\u00e9 nomm\u00e9 directeur g\u00e9n\u00e9ral de l'Institut technologique FCBA (\",\"breadcrumb\":{\"@id\":\"https:\\\/\\\/batijournal.com\\\/index.php\\\/nouveau-directeur-general-de-fcba\\\/101205\\\/#breadcrumb\"},\"inLanguage\":\"fr-FR\",\"potentialAction\":[{\"@type\":\"ReadAction\",\"target\":[\"https:\\\/\\\/batijournal.com\\\/index.php\\\/nouveau-directeur-general-de-fcba\\\/101205\\\/\"]}]},{\"@type\":\"ImageObject\",\"inLanguage\":\"fr-FR\",\"@id\":\"https:\\\/\\\/batijournal.com\\\/index.php\\\/nouveau-directeur-general-de-fcba\\\/101205\\\/#primaryimage\",\"url\":\"https:\\\/\\\/batijournal.com\\\/wp-content\\\/uploads\\\/2019\\\/01\\\/ChristopheMathieuFCBA.jpg\",\"contentUrl\":\"https:\\\/\\\/batijournal.com\\\/wp-content\\\/uploads\\\/2019\\\/01\\\/ChristopheMathieuFCBA.jpg\",\"width\":4665,\"height\":3683,\"caption\":\"nouveau-directeur-general-de-fcba\"},{\"@type\":\"BreadcrumbList\",\"@id\":\"https:\\\/\\\/batijournal.com\\\/index.php\\\/nouveau-directeur-general-de-fcba\\\/101205\\\/#breadcrumb\",\"itemListElement\":[{\"@type\":\"ListItem\",\"position\":1,\"name\":\"Accueil\",\"item\":\"https:\\\/\\\/batijournal.com\\\/\"},{\"@type\":\"ListItem\",\"position\":2,\"name\":\"Actualit\u00e9s\",\"item\":\"https:\\\/\\\/batijournal.com\\\/index.php\\\/category\\\/actualites\\\/\"},{\"@type\":\"ListItem\",\"position\":3,\"name\":\"Nouveau directeur g\u00e9n\u00e9ral de FCBA\"}]},{\"@type\":\"WebSite\",\"@id\":\"https:\\\/\\\/batijournal.com\\\/#website\",\"url\":\"https:\\\/\\\/batijournal.com\\\/\",\"name\":\"Batijournal\",\"description\":\"L&#039;actualit\u00e9 du b\u00e2timent\",\"potentialAction\":[{\"@type\":\"SearchAction\",\"target\":{\"@type\":\"EntryPoint\",\"urlTemplate\":\"https:\\\/\\\/batijournal.com\\\/?s={search_term_string}\"},\"query-input\":{\"@type\":\"PropertyValueSpecification\",\"valueRequired\":true,\"valueName\":\"search_term_string\"}}],\"inLanguage\":\"fr-FR\"},{\"@type\":\"Person\",\"@id\":\"https:\\\/\\\/batijournal.com\\\/#\\\/schema\\\/person\\\/1dc96ec6957aa1ccb25ebe78bb19f100\",\"name\":\"St\u00e9phane Miget\",\"image\":{\"@type\":\"ImageObject\",\"inLanguage\":\"fr-FR\",\"@id\":\"https:\\\/\\\/secure.gravatar.com\\\/avatar\\\/89915563d925342126b8ef0281b93d9d7fc337043e8df017f780908eb9644451?s=96&d=mm&r=g\",\"url\":\"https:\\\/\\\/secure.gravatar.com\\\/avatar\\\/89915563d925342126b8ef0281b93d9d7fc337043e8df017f780908eb9644451?s=96&d=mm&r=g\",\"contentUrl\":\"https:\\\/\\\/secure.gravatar.com\\\/avatar\\\/89915563d925342126b8ef0281b93d9d7fc337043e8df017f780908eb9644451?s=96&d=mm&r=g\",\"caption\":\"St\u00e9phane Miget\"},\"url\":\"https:\\\/\\\/batijournal.com\\\/index.php\\\/author\\\/stephane\\\/\"}]}<\/script>\n<!-- \/ Yoast SEO plugin. -->","yoast_head_json":{"title":"FCBA : Christophe Mathieu, nouveau directeur g\u00e9n\u00e9ral","description":"Christophe Mathieu (56 ans) a \u00e9t\u00e9 nomm\u00e9 directeur g\u00e9n\u00e9ral de l'Institut technologique FCBA (","robots":{"index":"index","follow":"follow","max-snippet":"max-snippet:-1","max-image-preview":"max-image-preview:large","max-video-preview":"max-video-preview:-1"},"canonical":"https:\/\/batijournal.com\/index.php\/nouveau-directeur-general-de-fcba\/101205\/","og_locale":"fr_FR","og_type":"article","og_title":"FCBA : Christophe Mathieu, nouveau directeur g\u00e9n\u00e9ral","og_description":"Christophe Mathieu (56 ans) a \u00e9t\u00e9 nomm\u00e9 directeur g\u00e9n\u00e9ral de l'Institut technologique FCBA (","og_url":"https:\/\/batijournal.com\/index.php\/nouveau-directeur-general-de-fcba\/101205\/","og_site_name":"Batijournal","article_published_time":"2019-01-14T14:34:05+00:00","article_modified_time":"2019-01-15T15:37:43+00:00","og_image":[{"width":4665,"height":3683,"url":"https:\/\/batijournal.com\/wp-content\/uploads\/2019\/01\/ChristopheMathieuFCBA.jpg","type":"image\/jpeg"}],"author":"St\u00e9phane Miget","twitter_card":"summary_large_image","twitter_creator":"@bati_journal","twitter_site":"@bati_journal","twitter_misc":{"\u00c9crit par":"St\u00e9phane Miget","Dur\u00e9e de lecture estim\u00e9e":"1 minute"},"schema":{"@context":"https:\/\/schema.org","@graph":[{"@type":"Article","@id":"https:\/\/batijournal.com\/index.php\/nouveau-directeur-general-de-fcba\/101205\/#article","isPartOf":{"@id":"https:\/\/batijournal.com\/index.php\/nouveau-directeur-general-de-fcba\/101205\/"},"author":{"name":"St\u00e9phane Miget","@id":"https:\/\/batijournal.com\/#\/schema\/person\/1dc96ec6957aa1ccb25ebe78bb19f100"},"headline":"Nouveau directeur g\u00e9n\u00e9ral de FCBA","datePublished":"2019-01-14T14:34:05+00:00","dateModified":"2019-01-15T15:37:43+00:00","mainEntityOfPage":{"@id":"https:\/\/batijournal.com\/index.php\/nouveau-directeur-general-de-fcba\/101205\/"},"wordCount":162,"image":{"@id":"https:\/\/batijournal.com\/index.php\/nouveau-directeur-general-de-fcba\/101205\/#primaryimage"},"thumbnailUrl":"https:\/\/batijournal.com\/wp-content\/uploads\/2019\/01\/ChristopheMathieuFCBA.jpg","articleSection":["Actualit\u00e9s","Actualit\u00e9s g\u00e9n\u00e9ralistes","zz_Nouvelles t\u00eates - Woodsurfer","zz_Woodsurfer"],"inLanguage":"fr-FR"},{"@type":"WebPage","@id":"https:\/\/batijournal.com\/index.php\/nouveau-directeur-general-de-fcba\/101205\/","url":"https:\/\/batijournal.com\/index.php\/nouveau-directeur-general-de-fcba\/101205\/","name":"FCBA : Christophe Mathieu, nouveau directeur g\u00e9n\u00e9ral","isPartOf":{"@id":"https:\/\/batijournal.com\/#website"},"primaryImageOfPage":{"@id":"https:\/\/batijournal.com\/index.php\/nouveau-directeur-general-de-fcba\/101205\/#primaryimage"},"image":{"@id":"https:\/\/batijournal.com\/index.php\/nouveau-directeur-general-de-fcba\/101205\/#primaryimage"},"thumbnailUrl":"https:\/\/batijournal.com\/wp-content\/uploads\/2019\/01\/ChristopheMathieuFCBA.jpg","datePublished":"2019-01-14T14:34:05+00:00","dateModified":"2019-01-15T15:37:43+00:00","author":{"@id":"https:\/\/batijournal.com\/#\/schema\/person\/1dc96ec6957aa1ccb25ebe78bb19f100"},"description":"Christophe Mathieu (56 ans) a \u00e9t\u00e9 nomm\u00e9 directeur g\u00e9n\u00e9ral de l'Institut technologique FCBA (","breadcrumb":{"@id":"https:\/\/batijournal.com\/index.php\/nouveau-directeur-general-de-fcba\/101205\/#breadcrumb"},"inLanguage":"fr-FR","potentialAction":[{"@type":"ReadAction","target":["https:\/\/batijournal.com\/index.php\/nouveau-directeur-general-de-fcba\/101205\/"]}]},{"@type":"ImageObject","inLanguage":"fr-FR","@id":"https:\/\/batijournal.com\/index.php\/nouveau-directeur-general-de-fcba\/101205\/#primaryimage","url":"https:\/\/batijournal.com\/wp-content\/uploads\/2019\/01\/ChristopheMathieuFCBA.jpg","contentUrl":"https:\/\/batijournal.com\/wp-content\/uploads\/2019\/01\/ChristopheMathieuFCBA.jpg","width":4665,"height":3683,"caption":"nouveau-directeur-general-de-fcba"},{"@type":"BreadcrumbList","@id":"https:\/\/batijournal.com\/index.php\/nouveau-directeur-general-de-fcba\/101205\/#breadcrumb","itemListElement":[{"@type":"ListItem","position":1,"name":"Accueil","item":"https:\/\/batijournal.com\/"},{"@type":"ListItem","position":2,"name":"Actualit\u00e9s","item":"https:\/\/batijournal.com\/index.php\/category\/actualites\/"},{"@type":"ListItem","position":3,"name":"Nouveau directeur g\u00e9n\u00e9ral de FCBA"}]},{"@type":"WebSite","@id":"https:\/\/batijournal.com\/#website","url":"https:\/\/batijournal.com\/","name":"Batijournal","description":"L&#039;actualit\u00e9 du b\u00e2timent","potentialAction":[{"@type":"SearchAction","target":{"@type":"EntryPoint","urlTemplate":"https:\/\/batijournal.com\/?s={search_term_string}"},"query-input":{"@type":"PropertyValueSpecification","valueRequired":true,"valueName":"search_term_string"}}],"inLanguage":"fr-FR"},{"@type":"Person","@id":"https:\/\/batijournal.com\/#\/schema\/person\/1dc96ec6957aa1ccb25ebe78bb19f100","name":"St\u00e9phane Miget","image":{"@type":"ImageObject","inLanguage":"fr-FR","@id":"https:\/\/secure.gravatar.com\/avatar\/89915563d925342126b8ef0281b93d9d7fc337043e8df017f780908eb9644451?s=96&d=mm&r=g","url":"https:\/\/secure.gravatar.com\/avatar\/89915563d925342126b8ef0281b93d9d7fc337043e8df017f780908eb9644451?s=96&d=mm&r=g","contentUrl":"https:\/\/secure.gravatar.com\/avatar\/89915563d925342126b8ef0281b93d9d7fc337043e8df017f780908eb9644451?s=96&d=mm&r=g","caption":"St\u00e9phane Miget"},"url":"https:\/\/batijournal.com\/index.php\/author\/stephane\/"}]}},"_links":{"self":[{"href":"https:\/\/batijournal.com\/index.php\/wp-json\/wp\/v2\/posts\/101205","targetHints":{"allow":["GET"]}}],"collection":[{"href":"https:\/\/batijournal.com\/index.php\/wp-json\/wp\/v2\/posts"}],"about":[{"href":"https:\/\/batijournal.com\/index.php\/wp-json\/wp\/v2\/types\/post"}],"author":[{"embeddable":true,"href":"https:\/\/batijournal.com\/index.php\/wp-json\/wp\/v2\/users\/17"}],"replies":[{"embeddable":true,"href":"https:\/\/batijournal.com\/index.php\/wp-json\/wp\/v2\/comments?post=101205"}],"version-history":[{"count":0,"href":"https:\/\/batijournal.com\/index.php\/wp-json\/wp\/v2\/posts\/101205\/revisions"}],"wp:featuredmedia":[{"embeddable":true,"href":"https:\/\/batijournal.com\/index.php\/wp-json\/wp\/v2\/media\/101206"}],"wp:attachment":[{"href":"https:\/\/batijournal.com\/index.php\/wp-json\/wp\/v2\/media?parent=101205"}],"wp:term":[{"taxonomy":"category","embeddable":true,"href":"https:\/\/batijournal.com\/index.php\/wp-json\/wp\/v2\/categories?post=101205"},{"taxonomy":"post_tag","embeddable":true,"href":"https:\/\/batijournal.com\/index.php\/wp-json\/wp\/v2\/tags?post=101205"}],"curies":[{"name":"wp","href":"https:\/\/api.w.org\/{rel}","templated":true}]}}