{"id":101209,"date":"2019-01-15T07:27:29","date_gmt":"2019-01-15T06:27:29","guid":{"rendered":"https:\/\/batijournal.com\/?p=101209"},"modified":"2019-07-15T12:10:37","modified_gmt":"2019-07-15T10:10:37","slug":"les-nouveaux-objets-connectes-attirent-les-francais","status":"publish","type":"post","link":"https:\/\/batijournal.com\/index.php\/les-nouveaux-objets-connectes-attirent-les-francais\/101209\/","title":{"rendered":"Les nouveaux objets connect\u00e9s attirent les fran\u00e7ais"},"content":{"rendered":"<p>\u00c0 l\u2019occasion du r\u00e9cent CES de Las Vegas, le Barom\u00e8tre Qualitel-Ipsos a mis au banc d\u2019essai 11 objets ou services connect\u00e9s. Si les objets connect\u00e9s sont encore minoritaires dans les logements (3 logements sur 10 en sont \u00e9quip\u00e9s), ils g\u00e9n\u00e8rent une vraie app\u00e9tence chez les consommateurs. Les objets sur le march\u00e9 depuis plusieurs mois remportent une forte adh\u00e9sion. Ceux qui ressortent en premi\u00e8re position des intentions d\u2019achat r\u00e9pondent avant tout \u00e0 des enjeux de protection des biens et des personnes, ou permettent de faire des \u00e9conomies : alertes temps r\u00e9el en cas de fuite d\u2019eau, de gaz ou d\u2019incendie (46 %), alertes anti-intrusion (42 %) ou compteurs \u00e9lectriques intelligents (41 %). Ces 3 objets sont jug\u00e9s utiles par plus des trois quarts des personnes interrog\u00e9es. Les \u00e9quipements plus r\u00e9cents enregistrent naturellement des scores plus faibles, mais d\u00e9j\u00e0 encourageants. Ainsi, 14 % des Fran\u00e7ais se disent pr\u00eats \u00e0 investir dans des enceintes connect\u00e9es (soit l\u2019\u00e9quivalent de 4 millions de foyers). Il en va de m\u00eame pour des objets comme le r\u00e9frig\u00e9rateur connect\u00e9 ou le parking intelligent (optimisation des places au moyen de capteurs), qui int\u00e9ressent pr\u00e8s d\u2019un Fran\u00e7ais sur dix.<\/p>\n","protected":false},"excerpt":{"rendered":"<p>\u00c0 l\u2019occasion du r\u00e9cent CES de Las Vegas, le Barom\u00e8tre Qualitel-Ipsos a mis au banc d\u2019essai 11 objets ou services connect\u00e9s. Si les objets connect\u00e9s sont encore minoritaires dans les logements (3 logements sur 10 en sont \u00e9quip\u00e9s), ils g\u00e9n\u00e8rent une vraie app\u00e9tence chez les consommateurs. Les objets sur le march\u00e9 depuis plusieurs mois remportent [&hellip;]<\/p>\n","protected":false},"author":17,"featured_media":101210,"comment_status":"closed","ping_status":"closed","sticky":false,"template":"","format":"standard","meta":{"_et_pb_use_builder":"","_et_pb_old_content":"","_et_gb_content_width":"","footnotes":""},"categories":[10530,6340,10778],"tags":[827,12687],"class_list":["post-101209","post","type-post","status-publish","format-standard","has-post-thumbnail","hentry","category-actualites","category-architecture-conception","category-planete","tag-domotique-2","tag-objets-connectes"],"yoast_head":"<!-- This site is optimized with the Yoast SEO plugin v27.4 - https:\/\/yoast.com\/product\/yoast-seo-wordpress\/ -->\n<title>Les nouveaux objets connect\u00e9s attirent les fran\u00e7ais<\/title>\n<meta name=\"description\" content=\"Les objets connect\u00e9s en premi\u00e8re position des intentions d\u2019achat r\u00e9pondent avant tout \u00e0 des enjeux de protection des biens et des personnes\" \/>\n<meta name=\"robots\" content=\"index, follow, max-snippet:-1, max-image-preview:large, max-video-preview:-1\" \/>\n<link rel=\"canonical\" href=\"https:\/\/batijournal.com\/index.php\/les-nouveaux-objets-connectes-attirent-les-francais\/101209\/\" \/>\n<meta property=\"og:locale\" content=\"fr_FR\" \/>\n<meta property=\"og:type\" content=\"article\" \/>\n<meta property=\"og:title\" content=\"Les nouveaux objets connect\u00e9s attirent les fran\u00e7ais\" \/>\n<meta property=\"og:description\" content=\"Les objets connect\u00e9s en premi\u00e8re position des intentions d\u2019achat r\u00e9pondent avant tout \u00e0 des enjeux de protection des biens et des personnes\" \/>\n<meta property=\"og:url\" content=\"https:\/\/batijournal.com\/index.php\/les-nouveaux-objets-connectes-attirent-les-francais\/101209\/\" \/>\n<meta property=\"og:site_name\" content=\"Batijournal\" \/>\n<meta property=\"article:published_time\" content=\"2019-01-15T06:27:29+00:00\" \/>\n<meta property=\"article:modified_time\" content=\"2019-07-15T10:10:37+00:00\" \/>\n<meta property=\"og:image\" content=\"https:\/\/batijournal.com\/wp-content\/uploads\/2019\/01\/objets-connectes-barometre-qualitel-ipsos.png\" \/>\n\t<meta property=\"og:image:width\" content=\"942\" \/>\n\t<meta property=\"og:image:height\" content=\"530\" \/>\n\t<meta property=\"og:image:type\" content=\"image\/png\" \/>\n<meta name=\"author\" content=\"St\u00e9phane Miget\" \/>\n<meta name=\"twitter:card\" content=\"summary_large_image\" \/>\n<meta name=\"twitter:creator\" content=\"@bati_journal\" \/>\n<meta name=\"twitter:site\" content=\"@bati_journal\" \/>\n<meta name=\"twitter:label1\" content=\"\u00c9crit par\" \/>\n\t<meta name=\"twitter:data1\" content=\"St\u00e9phane Miget\" \/>\n\t<meta name=\"twitter:label2\" content=\"Dur\u00e9e de lecture estim\u00e9e\" \/>\n\t<meta name=\"twitter:data2\" content=\"1 minute\" \/>\n<script type=\"application\/ld+json\" class=\"yoast-schema-graph\">{\"@context\":\"https:\\\/\\\/schema.org\",\"@graph\":[{\"@type\":\"Article\",\"@id\":\"https:\\\/\\\/batijournal.com\\\/index.php\\\/les-nouveaux-objets-connectes-attirent-les-francais\\\/101209\\\/#article\",\"isPartOf\":{\"@id\":\"https:\\\/\\\/batijournal.com\\\/index.php\\\/les-nouveaux-objets-connectes-attirent-les-francais\\\/101209\\\/\"},\"author\":{\"name\":\"St\u00e9phane Miget\",\"@id\":\"https:\\\/\\\/batijournal.com\\\/#\\\/schema\\\/person\\\/1dc96ec6957aa1ccb25ebe78bb19f100\"},\"headline\":\"Les nouveaux objets connect\u00e9s attirent les fran\u00e7ais\",\"datePublished\":\"2019-01-15T06:27:29+00:00\",\"dateModified\":\"2019-07-15T10:10:37+00:00\",\"mainEntityOfPage\":{\"@id\":\"https:\\\/\\\/batijournal.com\\\/index.php\\\/les-nouveaux-objets-connectes-attirent-les-francais\\\/101209\\\/\"},\"wordCount\":213,\"image\":{\"@id\":\"https:\\\/\\\/batijournal.com\\\/index.php\\\/les-nouveaux-objets-connectes-attirent-les-francais\\\/101209\\\/#primaryimage\"},\"thumbnailUrl\":\"https:\\\/\\\/batijournal.com\\\/wp-content\\\/uploads\\\/2019\\\/01\\\/objets-connectes-barometre-qualitel-ipsos.png\",\"keywords\":[\"domotique\",\"objets connect\u00e9s\"],\"articleSection\":[\"Actualit\u00e9s\",\"Architecture &amp; Conception\",\"zz_Plan\u00e8te B\u00e2timent\"],\"inLanguage\":\"fr-FR\"},{\"@type\":\"WebPage\",\"@id\":\"https:\\\/\\\/batijournal.com\\\/index.php\\\/les-nouveaux-objets-connectes-attirent-les-francais\\\/101209\\\/\",\"url\":\"https:\\\/\\\/batijournal.com\\\/index.php\\\/les-nouveaux-objets-connectes-attirent-les-francais\\\/101209\\\/\",\"name\":\"Les nouveaux objets connect\u00e9s attirent les fran\u00e7ais\",\"isPartOf\":{\"@id\":\"https:\\\/\\\/batijournal.com\\\/#website\"},\"primaryImageOfPage\":{\"@id\":\"https:\\\/\\\/batijournal.com\\\/index.php\\\/les-nouveaux-objets-connectes-attirent-les-francais\\\/101209\\\/#primaryimage\"},\"image\":{\"@id\":\"https:\\\/\\\/batijournal.com\\\/index.php\\\/les-nouveaux-objets-connectes-attirent-les-francais\\\/101209\\\/#primaryimage\"},\"thumbnailUrl\":\"https:\\\/\\\/batijournal.com\\\/wp-content\\\/uploads\\\/2019\\\/01\\\/objets-connectes-barometre-qualitel-ipsos.png\",\"datePublished\":\"2019-01-15T06:27:29+00:00\",\"dateModified\":\"2019-07-15T10:10:37+00:00\",\"author\":{\"@id\":\"https:\\\/\\\/batijournal.com\\\/#\\\/schema\\\/person\\\/1dc96ec6957aa1ccb25ebe78bb19f100\"},\"description\":\"Les objets connect\u00e9s en premi\u00e8re position des intentions d\u2019achat r\u00e9pondent avant tout \u00e0 des enjeux de protection des biens et des personnes\",\"breadcrumb\":{\"@id\":\"https:\\\/\\\/batijournal.com\\\/index.php\\\/les-nouveaux-objets-connectes-attirent-les-francais\\\/101209\\\/#breadcrumb\"},\"inLanguage\":\"fr-FR\",\"potentialAction\":[{\"@type\":\"ReadAction\",\"target\":[\"https:\\\/\\\/batijournal.com\\\/index.php\\\/les-nouveaux-objets-connectes-attirent-les-francais\\\/101209\\\/\"]}]},{\"@type\":\"ImageObject\",\"inLanguage\":\"fr-FR\",\"@id\":\"https:\\\/\\\/batijournal.com\\\/index.php\\\/les-nouveaux-objets-connectes-attirent-les-francais\\\/101209\\\/#primaryimage\",\"url\":\"https:\\\/\\\/batijournal.com\\\/wp-content\\\/uploads\\\/2019\\\/01\\\/objets-connectes-barometre-qualitel-ipsos.png\",\"contentUrl\":\"https:\\\/\\\/batijournal.com\\\/wp-content\\\/uploads\\\/2019\\\/01\\\/objets-connectes-barometre-qualitel-ipsos.png\",\"width\":942,\"height\":530},{\"@type\":\"BreadcrumbList\",\"@id\":\"https:\\\/\\\/batijournal.com\\\/index.php\\\/les-nouveaux-objets-connectes-attirent-les-francais\\\/101209\\\/#breadcrumb\",\"itemListElement\":[{\"@type\":\"ListItem\",\"position\":1,\"name\":\"Accueil\",\"item\":\"https:\\\/\\\/batijournal.com\\\/\"},{\"@type\":\"ListItem\",\"position\":2,\"name\":\"Actualit\u00e9s\",\"item\":\"https:\\\/\\\/batijournal.com\\\/index.php\\\/category\\\/actualites\\\/\"},{\"@type\":\"ListItem\",\"position\":3,\"name\":\"Les nouveaux objets connect\u00e9s attirent les fran\u00e7ais\"}]},{\"@type\":\"WebSite\",\"@id\":\"https:\\\/\\\/batijournal.com\\\/#website\",\"url\":\"https:\\\/\\\/batijournal.com\\\/\",\"name\":\"Batijournal\",\"description\":\"L&#039;actualit\u00e9 du b\u00e2timent\",\"potentialAction\":[{\"@type\":\"SearchAction\",\"target\":{\"@type\":\"EntryPoint\",\"urlTemplate\":\"https:\\\/\\\/batijournal.com\\\/?s={search_term_string}\"},\"query-input\":{\"@type\":\"PropertyValueSpecification\",\"valueRequired\":true,\"valueName\":\"search_term_string\"}}],\"inLanguage\":\"fr-FR\"},{\"@type\":\"Person\",\"@id\":\"https:\\\/\\\/batijournal.com\\\/#\\\/schema\\\/person\\\/1dc96ec6957aa1ccb25ebe78bb19f100\",\"name\":\"St\u00e9phane Miget\",\"image\":{\"@type\":\"ImageObject\",\"inLanguage\":\"fr-FR\",\"@id\":\"https:\\\/\\\/secure.gravatar.com\\\/avatar\\\/89915563d925342126b8ef0281b93d9d7fc337043e8df017f780908eb9644451?s=96&d=mm&r=g\",\"url\":\"https:\\\/\\\/secure.gravatar.com\\\/avatar\\\/89915563d925342126b8ef0281b93d9d7fc337043e8df017f780908eb9644451?s=96&d=mm&r=g\",\"contentUrl\":\"https:\\\/\\\/secure.gravatar.com\\\/avatar\\\/89915563d925342126b8ef0281b93d9d7fc337043e8df017f780908eb9644451?s=96&d=mm&r=g\",\"caption\":\"St\u00e9phane Miget\"},\"url\":\"https:\\\/\\\/batijournal.com\\\/index.php\\\/author\\\/stephane\\\/\"}]}<\/script>\n<!-- \/ Yoast SEO plugin. -->","yoast_head_json":{"title":"Les nouveaux objets connect\u00e9s attirent les fran\u00e7ais","description":"Les objets connect\u00e9s en premi\u00e8re position des intentions d\u2019achat r\u00e9pondent avant tout \u00e0 des enjeux de protection des biens et des personnes","robots":{"index":"index","follow":"follow","max-snippet":"max-snippet:-1","max-image-preview":"max-image-preview:large","max-video-preview":"max-video-preview:-1"},"canonical":"https:\/\/batijournal.com\/index.php\/les-nouveaux-objets-connectes-attirent-les-francais\/101209\/","og_locale":"fr_FR","og_type":"article","og_title":"Les nouveaux objets connect\u00e9s attirent les fran\u00e7ais","og_description":"Les objets connect\u00e9s en premi\u00e8re position des intentions d\u2019achat r\u00e9pondent avant tout \u00e0 des enjeux de protection des biens et des personnes","og_url":"https:\/\/batijournal.com\/index.php\/les-nouveaux-objets-connectes-attirent-les-francais\/101209\/","og_site_name":"Batijournal","article_published_time":"2019-01-15T06:27:29+00:00","article_modified_time":"2019-07-15T10:10:37+00:00","og_image":[{"width":942,"height":530,"url":"https:\/\/batijournal.com\/wp-content\/uploads\/2019\/01\/objets-connectes-barometre-qualitel-ipsos.png","type":"image\/png"}],"author":"St\u00e9phane Miget","twitter_card":"summary_large_image","twitter_creator":"@bati_journal","twitter_site":"@bati_journal","twitter_misc":{"\u00c9crit par":"St\u00e9phane Miget","Dur\u00e9e de lecture estim\u00e9e":"1 minute"},"schema":{"@context":"https:\/\/schema.org","@graph":[{"@type":"Article","@id":"https:\/\/batijournal.com\/index.php\/les-nouveaux-objets-connectes-attirent-les-francais\/101209\/#article","isPartOf":{"@id":"https:\/\/batijournal.com\/index.php\/les-nouveaux-objets-connectes-attirent-les-francais\/101209\/"},"author":{"name":"St\u00e9phane Miget","@id":"https:\/\/batijournal.com\/#\/schema\/person\/1dc96ec6957aa1ccb25ebe78bb19f100"},"headline":"Les nouveaux objets connect\u00e9s attirent les fran\u00e7ais","datePublished":"2019-01-15T06:27:29+00:00","dateModified":"2019-07-15T10:10:37+00:00","mainEntityOfPage":{"@id":"https:\/\/batijournal.com\/index.php\/les-nouveaux-objets-connectes-attirent-les-francais\/101209\/"},"wordCount":213,"image":{"@id":"https:\/\/batijournal.com\/index.php\/les-nouveaux-objets-connectes-attirent-les-francais\/101209\/#primaryimage"},"thumbnailUrl":"https:\/\/batijournal.com\/wp-content\/uploads\/2019\/01\/objets-connectes-barometre-qualitel-ipsos.png","keywords":["domotique","objets connect\u00e9s"],"articleSection":["Actualit\u00e9s","Architecture &amp; Conception","zz_Plan\u00e8te B\u00e2timent"],"inLanguage":"fr-FR"},{"@type":"WebPage","@id":"https:\/\/batijournal.com\/index.php\/les-nouveaux-objets-connectes-attirent-les-francais\/101209\/","url":"https:\/\/batijournal.com\/index.php\/les-nouveaux-objets-connectes-attirent-les-francais\/101209\/","name":"Les nouveaux objets connect\u00e9s attirent les fran\u00e7ais","isPartOf":{"@id":"https:\/\/batijournal.com\/#website"},"primaryImageOfPage":{"@id":"https:\/\/batijournal.com\/index.php\/les-nouveaux-objets-connectes-attirent-les-francais\/101209\/#primaryimage"},"image":{"@id":"https:\/\/batijournal.com\/index.php\/les-nouveaux-objets-connectes-attirent-les-francais\/101209\/#primaryimage"},"thumbnailUrl":"https:\/\/batijournal.com\/wp-content\/uploads\/2019\/01\/objets-connectes-barometre-qualitel-ipsos.png","datePublished":"2019-01-15T06:27:29+00:00","dateModified":"2019-07-15T10:10:37+00:00","author":{"@id":"https:\/\/batijournal.com\/#\/schema\/person\/1dc96ec6957aa1ccb25ebe78bb19f100"},"description":"Les objets connect\u00e9s en premi\u00e8re position des intentions d\u2019achat r\u00e9pondent avant tout \u00e0 des enjeux de protection des biens et des personnes","breadcrumb":{"@id":"https:\/\/batijournal.com\/index.php\/les-nouveaux-objets-connectes-attirent-les-francais\/101209\/#breadcrumb"},"inLanguage":"fr-FR","potentialAction":[{"@type":"ReadAction","target":["https:\/\/batijournal.com\/index.php\/les-nouveaux-objets-connectes-attirent-les-francais\/101209\/"]}]},{"@type":"ImageObject","inLanguage":"fr-FR","@id":"https:\/\/batijournal.com\/index.php\/les-nouveaux-objets-connectes-attirent-les-francais\/101209\/#primaryimage","url":"https:\/\/batijournal.com\/wp-content\/uploads\/2019\/01\/objets-connectes-barometre-qualitel-ipsos.png","contentUrl":"https:\/\/batijournal.com\/wp-content\/uploads\/2019\/01\/objets-connectes-barometre-qualitel-ipsos.png","width":942,"height":530},{"@type":"BreadcrumbList","@id":"https:\/\/batijournal.com\/index.php\/les-nouveaux-objets-connectes-attirent-les-francais\/101209\/#breadcrumb","itemListElement":[{"@type":"ListItem","position":1,"name":"Accueil","item":"https:\/\/batijournal.com\/"},{"@type":"ListItem","position":2,"name":"Actualit\u00e9s","item":"https:\/\/batijournal.com\/index.php\/category\/actualites\/"},{"@type":"ListItem","position":3,"name":"Les nouveaux objets connect\u00e9s attirent les fran\u00e7ais"}]},{"@type":"WebSite","@id":"https:\/\/batijournal.com\/#website","url":"https:\/\/batijournal.com\/","name":"Batijournal","description":"L&#039;actualit\u00e9 du b\u00e2timent","potentialAction":[{"@type":"SearchAction","target":{"@type":"EntryPoint","urlTemplate":"https:\/\/batijournal.com\/?s={search_term_string}"},"query-input":{"@type":"PropertyValueSpecification","valueRequired":true,"valueName":"search_term_string"}}],"inLanguage":"fr-FR"},{"@type":"Person","@id":"https:\/\/batijournal.com\/#\/schema\/person\/1dc96ec6957aa1ccb25ebe78bb19f100","name":"St\u00e9phane Miget","image":{"@type":"ImageObject","inLanguage":"fr-FR","@id":"https:\/\/secure.gravatar.com\/avatar\/89915563d925342126b8ef0281b93d9d7fc337043e8df017f780908eb9644451?s=96&d=mm&r=g","url":"https:\/\/secure.gravatar.com\/avatar\/89915563d925342126b8ef0281b93d9d7fc337043e8df017f780908eb9644451?s=96&d=mm&r=g","contentUrl":"https:\/\/secure.gravatar.com\/avatar\/89915563d925342126b8ef0281b93d9d7fc337043e8df017f780908eb9644451?s=96&d=mm&r=g","caption":"St\u00e9phane Miget"},"url":"https:\/\/batijournal.com\/index.php\/author\/stephane\/"}]}},"_links":{"self":[{"href":"https:\/\/batijournal.com\/index.php\/wp-json\/wp\/v2\/posts\/101209","targetHints":{"allow":["GET"]}}],"collection":[{"href":"https:\/\/batijournal.com\/index.php\/wp-json\/wp\/v2\/posts"}],"about":[{"href":"https:\/\/batijournal.com\/index.php\/wp-json\/wp\/v2\/types\/post"}],"author":[{"embeddable":true,"href":"https:\/\/batijournal.com\/index.php\/wp-json\/wp\/v2\/users\/17"}],"replies":[{"embeddable":true,"href":"https:\/\/batijournal.com\/index.php\/wp-json\/wp\/v2\/comments?post=101209"}],"version-history":[{"count":0,"href":"https:\/\/batijournal.com\/index.php\/wp-json\/wp\/v2\/posts\/101209\/revisions"}],"wp:featuredmedia":[{"embeddable":true,"href":"https:\/\/batijournal.com\/index.php\/wp-json\/wp\/v2\/media\/101210"}],"wp:attachment":[{"href":"https:\/\/batijournal.com\/index.php\/wp-json\/wp\/v2\/media?parent=101209"}],"wp:term":[{"taxonomy":"category","embeddable":true,"href":"https:\/\/batijournal.com\/index.php\/wp-json\/wp\/v2\/categories?post=101209"},{"taxonomy":"post_tag","embeddable":true,"href":"https:\/\/batijournal.com\/index.php\/wp-json\/wp\/v2\/tags?post=101209"}],"curies":[{"name":"wp","href":"https:\/\/api.w.org\/{rel}","templated":true}]}}