{"id":101220,"date":"2019-01-16T09:15:18","date_gmt":"2019-01-16T08:15:18","guid":{"rendered":"https:\/\/batijournal.com\/?p=101220"},"modified":"2019-07-15T11:14:44","modified_gmt":"2019-07-15T09:14:44","slug":"il-est-encore-temps-dinscrire-son-jardin-aux-rendez-vous-aux-jardins-2019","status":"publish","type":"post","link":"https:\/\/batijournal.com\/index.php\/il-est-encore-temps-dinscrire-son-jardin-aux-rendez-vous-aux-jardins-2019\/101220\/","title":{"rendered":"Il est encore temps d&rsquo;inscrire son jardin aux rendez-vous aux jardins 2019"},"content":{"rendered":"<p>Vous disposez d&rsquo;un jardin historique ou contemporain et vous souhaitez l&rsquo;ouvrir \u00e0 l&rsquo;occasion des rendez-vous aux jardins 2019 ? Le jardin doit avoir un int\u00e9r\u00eat historique, esth\u00e9tique, architectural, paysager, botanique&#8230; Il doit \u00eatre bien entretenu. L&rsquo;accueil du public doit \u00eatre pr\u00e9vu dans les meilleures conditions, il est souhait\u00e9 la pr\u00e9sence du propri\u00e9taire, du jardinier, ou d&rsquo;un accompagnateur et l&rsquo;organisation de visites guid\u00e9es et\/ou la mise \u00e0 disposition de supports d&rsquo;aide \u00e0 la visite. L&rsquo;acc\u00e8s du jardin ainsi que les diverses activit\u00e9s doivent \u00eatre propos\u00e9es \u00e0 des tarifs pr\u00e9f\u00e9rentiels : visites guid\u00e9es, d\u00e9monstrations de savoir-faire, \u00e9changes avec le jardinier, ateliers pour le jeune public, animation musicale, etc. La gratuit\u00e9 doit \u00eatre privil\u00e9gi\u00e9e pour les moins de 18 ans, notamment le vendredi (journ\u00e9e plus particuli\u00e8rement d\u00e9di\u00e9e aux scolaires).<\/p>\n<p><a href=\"https:\/\/rendezvousauxjardins.culture.gouv.fr\/En-pratique\/Participer-a-l-evenement\" target=\"_blank\" rel=\"noopener noreferrer\">https:\/\/rendezvousauxjardins.culture.gouv.fr\/En-pratique\/Participer-a-l-evenement<\/a><\/p>\n<p>&nbsp;<\/p>\n","protected":false},"excerpt":{"rendered":"<p>Vous disposez d&rsquo;un jardin historique ou contemporain et vous souhaitez l&rsquo;ouvrir \u00e0 l&rsquo;occasion des rendez-vous aux jardins 2019 ? Le jardin doit avoir un int\u00e9r\u00eat historique, esth\u00e9tique, architectural, paysager, botanique&#8230; Il doit \u00eatre bien entretenu. L&rsquo;accueil du public doit \u00eatre pr\u00e9vu dans les meilleures conditions, il est souhait\u00e9 la pr\u00e9sence du propri\u00e9taire, du jardinier, ou [&hellip;]<\/p>\n","protected":false},"author":17,"featured_media":95411,"comment_status":"closed","ping_status":"closed","sticky":false,"template":"","format":"standard","meta":{"_et_pb_use_builder":"","_et_pb_old_content":"","_et_gb_content_width":"","footnotes":""},"categories":[10530,6340,10785],"tags":[6819],"class_list":["post-101220","post","type-post","status-publish","format-standard","has-post-thumbnail","hentry","category-actualites","category-architecture-conception","category-atrium","tag-jardins"],"yoast_head":"<!-- This site is optimized with the Yoast SEO plugin v27.4 - https:\/\/yoast.com\/product\/yoast-seo-wordpress\/ -->\n<title>Il est encore temps d&#039;inscrire son jardin aux rendez-vous aux jardins 2019<\/title>\n<meta name=\"description\" content=\"Vous disposez d&#039;un jardin historique ou contemporain et vous souhaitez l&#039;ouvrir \u00e0 l&#039;occasion des rendez-vous aux jardins 2019\" \/>\n<meta name=\"robots\" content=\"index, follow, max-snippet:-1, max-image-preview:large, max-video-preview:-1\" \/>\n<link rel=\"canonical\" href=\"https:\/\/batijournal.com\/index.php\/il-est-encore-temps-dinscrire-son-jardin-aux-rendez-vous-aux-jardins-2019\/101220\/\" \/>\n<meta property=\"og:locale\" content=\"fr_FR\" \/>\n<meta property=\"og:type\" content=\"article\" \/>\n<meta property=\"og:title\" content=\"Il est encore temps d&#039;inscrire son jardin aux rendez-vous aux jardins 2019\" \/>\n<meta property=\"og:description\" content=\"Vous disposez d&#039;un jardin historique ou contemporain et vous souhaitez l&#039;ouvrir \u00e0 l&#039;occasion des rendez-vous aux jardins 2019\" \/>\n<meta property=\"og:url\" content=\"https:\/\/batijournal.com\/index.php\/il-est-encore-temps-dinscrire-son-jardin-aux-rendez-vous-aux-jardins-2019\/101220\/\" \/>\n<meta property=\"og:site_name\" content=\"Batijournal\" \/>\n<meta property=\"article:published_time\" content=\"2019-01-16T08:15:18+00:00\" \/>\n<meta property=\"article:modified_time\" content=\"2019-07-15T09:14:44+00:00\" \/>\n<meta property=\"og:image\" content=\"https:\/\/batijournal.com\/wp-content\/uploads\/2017\/03\/jardin-potager.jpg\" \/>\n\t<meta property=\"og:image:width\" content=\"1200\" \/>\n\t<meta property=\"og:image:height\" content=\"698\" \/>\n\t<meta property=\"og:image:type\" content=\"image\/jpeg\" \/>\n<meta name=\"author\" content=\"St\u00e9phane Miget\" \/>\n<meta name=\"twitter:card\" content=\"summary_large_image\" \/>\n<meta name=\"twitter:creator\" content=\"@bati_journal\" \/>\n<meta name=\"twitter:site\" content=\"@bati_journal\" \/>\n<meta name=\"twitter:label1\" content=\"\u00c9crit par\" \/>\n\t<meta name=\"twitter:data1\" content=\"St\u00e9phane Miget\" \/>\n\t<meta name=\"twitter:label2\" content=\"Dur\u00e9e de lecture estim\u00e9e\" \/>\n\t<meta name=\"twitter:data2\" content=\"1 minute\" \/>\n<script type=\"application\/ld+json\" class=\"yoast-schema-graph\">{\"@context\":\"https:\\\/\\\/schema.org\",\"@graph\":[{\"@type\":\"Article\",\"@id\":\"https:\\\/\\\/batijournal.com\\\/index.php\\\/il-est-encore-temps-dinscrire-son-jardin-aux-rendez-vous-aux-jardins-2019\\\/101220\\\/#article\",\"isPartOf\":{\"@id\":\"https:\\\/\\\/batijournal.com\\\/index.php\\\/il-est-encore-temps-dinscrire-son-jardin-aux-rendez-vous-aux-jardins-2019\\\/101220\\\/\"},\"author\":{\"name\":\"St\u00e9phane Miget\",\"@id\":\"https:\\\/\\\/batijournal.com\\\/#\\\/schema\\\/person\\\/1dc96ec6957aa1ccb25ebe78bb19f100\"},\"headline\":\"Il est encore temps d&rsquo;inscrire son jardin aux rendez-vous aux jardins 2019\",\"datePublished\":\"2019-01-16T08:15:18+00:00\",\"dateModified\":\"2019-07-15T09:14:44+00:00\",\"mainEntityOfPage\":{\"@id\":\"https:\\\/\\\/batijournal.com\\\/index.php\\\/il-est-encore-temps-dinscrire-son-jardin-aux-rendez-vous-aux-jardins-2019\\\/101220\\\/\"},\"wordCount\":167,\"image\":{\"@id\":\"https:\\\/\\\/batijournal.com\\\/index.php\\\/il-est-encore-temps-dinscrire-son-jardin-aux-rendez-vous-aux-jardins-2019\\\/101220\\\/#primaryimage\"},\"thumbnailUrl\":\"https:\\\/\\\/batijournal.com\\\/wp-content\\\/uploads\\\/2017\\\/03\\\/jardin-potager.jpg\",\"keywords\":[\"jardins\"],\"articleSection\":[\"Actualit\u00e9s\",\"Architecture &amp; Conception\",\"zz_Atrium Patrimoine\"],\"inLanguage\":\"fr-FR\"},{\"@type\":\"WebPage\",\"@id\":\"https:\\\/\\\/batijournal.com\\\/index.php\\\/il-est-encore-temps-dinscrire-son-jardin-aux-rendez-vous-aux-jardins-2019\\\/101220\\\/\",\"url\":\"https:\\\/\\\/batijournal.com\\\/index.php\\\/il-est-encore-temps-dinscrire-son-jardin-aux-rendez-vous-aux-jardins-2019\\\/101220\\\/\",\"name\":\"Il est encore temps d'inscrire son jardin aux rendez-vous aux jardins 2019\",\"isPartOf\":{\"@id\":\"https:\\\/\\\/batijournal.com\\\/#website\"},\"primaryImageOfPage\":{\"@id\":\"https:\\\/\\\/batijournal.com\\\/index.php\\\/il-est-encore-temps-dinscrire-son-jardin-aux-rendez-vous-aux-jardins-2019\\\/101220\\\/#primaryimage\"},\"image\":{\"@id\":\"https:\\\/\\\/batijournal.com\\\/index.php\\\/il-est-encore-temps-dinscrire-son-jardin-aux-rendez-vous-aux-jardins-2019\\\/101220\\\/#primaryimage\"},\"thumbnailUrl\":\"https:\\\/\\\/batijournal.com\\\/wp-content\\\/uploads\\\/2017\\\/03\\\/jardin-potager.jpg\",\"datePublished\":\"2019-01-16T08:15:18+00:00\",\"dateModified\":\"2019-07-15T09:14:44+00:00\",\"author\":{\"@id\":\"https:\\\/\\\/batijournal.com\\\/#\\\/schema\\\/person\\\/1dc96ec6957aa1ccb25ebe78bb19f100\"},\"description\":\"Vous disposez d'un jardin historique ou contemporain et vous souhaitez l'ouvrir \u00e0 l'occasion des rendez-vous aux jardins 2019\",\"breadcrumb\":{\"@id\":\"https:\\\/\\\/batijournal.com\\\/index.php\\\/il-est-encore-temps-dinscrire-son-jardin-aux-rendez-vous-aux-jardins-2019\\\/101220\\\/#breadcrumb\"},\"inLanguage\":\"fr-FR\",\"potentialAction\":[{\"@type\":\"ReadAction\",\"target\":[\"https:\\\/\\\/batijournal.com\\\/index.php\\\/il-est-encore-temps-dinscrire-son-jardin-aux-rendez-vous-aux-jardins-2019\\\/101220\\\/\"]}]},{\"@type\":\"ImageObject\",\"inLanguage\":\"fr-FR\",\"@id\":\"https:\\\/\\\/batijournal.com\\\/index.php\\\/il-est-encore-temps-dinscrire-son-jardin-aux-rendez-vous-aux-jardins-2019\\\/101220\\\/#primaryimage\",\"url\":\"https:\\\/\\\/batijournal.com\\\/wp-content\\\/uploads\\\/2017\\\/03\\\/jardin-potager.jpg\",\"contentUrl\":\"https:\\\/\\\/batijournal.com\\\/wp-content\\\/uploads\\\/2017\\\/03\\\/jardin-potager.jpg\",\"width\":1200,\"height\":698},{\"@type\":\"BreadcrumbList\",\"@id\":\"https:\\\/\\\/batijournal.com\\\/index.php\\\/il-est-encore-temps-dinscrire-son-jardin-aux-rendez-vous-aux-jardins-2019\\\/101220\\\/#breadcrumb\",\"itemListElement\":[{\"@type\":\"ListItem\",\"position\":1,\"name\":\"Accueil\",\"item\":\"https:\\\/\\\/batijournal.com\\\/\"},{\"@type\":\"ListItem\",\"position\":2,\"name\":\"Actualit\u00e9s\",\"item\":\"https:\\\/\\\/batijournal.com\\\/index.php\\\/category\\\/actualites\\\/\"},{\"@type\":\"ListItem\",\"position\":3,\"name\":\"Il est encore temps d&rsquo;inscrire son jardin aux rendez-vous aux jardins 2019\"}]},{\"@type\":\"WebSite\",\"@id\":\"https:\\\/\\\/batijournal.com\\\/#website\",\"url\":\"https:\\\/\\\/batijournal.com\\\/\",\"name\":\"Batijournal\",\"description\":\"L&#039;actualit\u00e9 du b\u00e2timent\",\"potentialAction\":[{\"@type\":\"SearchAction\",\"target\":{\"@type\":\"EntryPoint\",\"urlTemplate\":\"https:\\\/\\\/batijournal.com\\\/?s={search_term_string}\"},\"query-input\":{\"@type\":\"PropertyValueSpecification\",\"valueRequired\":true,\"valueName\":\"search_term_string\"}}],\"inLanguage\":\"fr-FR\"},{\"@type\":\"Person\",\"@id\":\"https:\\\/\\\/batijournal.com\\\/#\\\/schema\\\/person\\\/1dc96ec6957aa1ccb25ebe78bb19f100\",\"name\":\"St\u00e9phane Miget\",\"image\":{\"@type\":\"ImageObject\",\"inLanguage\":\"fr-FR\",\"@id\":\"https:\\\/\\\/secure.gravatar.com\\\/avatar\\\/89915563d925342126b8ef0281b93d9d7fc337043e8df017f780908eb9644451?s=96&d=mm&r=g\",\"url\":\"https:\\\/\\\/secure.gravatar.com\\\/avatar\\\/89915563d925342126b8ef0281b93d9d7fc337043e8df017f780908eb9644451?s=96&d=mm&r=g\",\"contentUrl\":\"https:\\\/\\\/secure.gravatar.com\\\/avatar\\\/89915563d925342126b8ef0281b93d9d7fc337043e8df017f780908eb9644451?s=96&d=mm&r=g\",\"caption\":\"St\u00e9phane Miget\"},\"url\":\"https:\\\/\\\/batijournal.com\\\/index.php\\\/author\\\/stephane\\\/\"}]}<\/script>\n<!-- \/ Yoast SEO plugin. -->","yoast_head_json":{"title":"Il est encore temps d'inscrire son jardin aux rendez-vous aux jardins 2019","description":"Vous disposez d'un jardin historique ou contemporain et vous souhaitez l'ouvrir \u00e0 l'occasion des rendez-vous aux jardins 2019","robots":{"index":"index","follow":"follow","max-snippet":"max-snippet:-1","max-image-preview":"max-image-preview:large","max-video-preview":"max-video-preview:-1"},"canonical":"https:\/\/batijournal.com\/index.php\/il-est-encore-temps-dinscrire-son-jardin-aux-rendez-vous-aux-jardins-2019\/101220\/","og_locale":"fr_FR","og_type":"article","og_title":"Il est encore temps d'inscrire son jardin aux rendez-vous aux jardins 2019","og_description":"Vous disposez d'un jardin historique ou contemporain et vous souhaitez l'ouvrir \u00e0 l'occasion des rendez-vous aux jardins 2019","og_url":"https:\/\/batijournal.com\/index.php\/il-est-encore-temps-dinscrire-son-jardin-aux-rendez-vous-aux-jardins-2019\/101220\/","og_site_name":"Batijournal","article_published_time":"2019-01-16T08:15:18+00:00","article_modified_time":"2019-07-15T09:14:44+00:00","og_image":[{"width":1200,"height":698,"url":"https:\/\/batijournal.com\/wp-content\/uploads\/2017\/03\/jardin-potager.jpg","type":"image\/jpeg"}],"author":"St\u00e9phane Miget","twitter_card":"summary_large_image","twitter_creator":"@bati_journal","twitter_site":"@bati_journal","twitter_misc":{"\u00c9crit par":"St\u00e9phane Miget","Dur\u00e9e de lecture estim\u00e9e":"1 minute"},"schema":{"@context":"https:\/\/schema.org","@graph":[{"@type":"Article","@id":"https:\/\/batijournal.com\/index.php\/il-est-encore-temps-dinscrire-son-jardin-aux-rendez-vous-aux-jardins-2019\/101220\/#article","isPartOf":{"@id":"https:\/\/batijournal.com\/index.php\/il-est-encore-temps-dinscrire-son-jardin-aux-rendez-vous-aux-jardins-2019\/101220\/"},"author":{"name":"St\u00e9phane Miget","@id":"https:\/\/batijournal.com\/#\/schema\/person\/1dc96ec6957aa1ccb25ebe78bb19f100"},"headline":"Il est encore temps d&rsquo;inscrire son jardin aux rendez-vous aux jardins 2019","datePublished":"2019-01-16T08:15:18+00:00","dateModified":"2019-07-15T09:14:44+00:00","mainEntityOfPage":{"@id":"https:\/\/batijournal.com\/index.php\/il-est-encore-temps-dinscrire-son-jardin-aux-rendez-vous-aux-jardins-2019\/101220\/"},"wordCount":167,"image":{"@id":"https:\/\/batijournal.com\/index.php\/il-est-encore-temps-dinscrire-son-jardin-aux-rendez-vous-aux-jardins-2019\/101220\/#primaryimage"},"thumbnailUrl":"https:\/\/batijournal.com\/wp-content\/uploads\/2017\/03\/jardin-potager.jpg","keywords":["jardins"],"articleSection":["Actualit\u00e9s","Architecture &amp; Conception","zz_Atrium Patrimoine"],"inLanguage":"fr-FR"},{"@type":"WebPage","@id":"https:\/\/batijournal.com\/index.php\/il-est-encore-temps-dinscrire-son-jardin-aux-rendez-vous-aux-jardins-2019\/101220\/","url":"https:\/\/batijournal.com\/index.php\/il-est-encore-temps-dinscrire-son-jardin-aux-rendez-vous-aux-jardins-2019\/101220\/","name":"Il est encore temps d'inscrire son jardin aux rendez-vous aux jardins 2019","isPartOf":{"@id":"https:\/\/batijournal.com\/#website"},"primaryImageOfPage":{"@id":"https:\/\/batijournal.com\/index.php\/il-est-encore-temps-dinscrire-son-jardin-aux-rendez-vous-aux-jardins-2019\/101220\/#primaryimage"},"image":{"@id":"https:\/\/batijournal.com\/index.php\/il-est-encore-temps-dinscrire-son-jardin-aux-rendez-vous-aux-jardins-2019\/101220\/#primaryimage"},"thumbnailUrl":"https:\/\/batijournal.com\/wp-content\/uploads\/2017\/03\/jardin-potager.jpg","datePublished":"2019-01-16T08:15:18+00:00","dateModified":"2019-07-15T09:14:44+00:00","author":{"@id":"https:\/\/batijournal.com\/#\/schema\/person\/1dc96ec6957aa1ccb25ebe78bb19f100"},"description":"Vous disposez d'un jardin historique ou contemporain et vous souhaitez l'ouvrir \u00e0 l'occasion des rendez-vous aux jardins 2019","breadcrumb":{"@id":"https:\/\/batijournal.com\/index.php\/il-est-encore-temps-dinscrire-son-jardin-aux-rendez-vous-aux-jardins-2019\/101220\/#breadcrumb"},"inLanguage":"fr-FR","potentialAction":[{"@type":"ReadAction","target":["https:\/\/batijournal.com\/index.php\/il-est-encore-temps-dinscrire-son-jardin-aux-rendez-vous-aux-jardins-2019\/101220\/"]}]},{"@type":"ImageObject","inLanguage":"fr-FR","@id":"https:\/\/batijournal.com\/index.php\/il-est-encore-temps-dinscrire-son-jardin-aux-rendez-vous-aux-jardins-2019\/101220\/#primaryimage","url":"https:\/\/batijournal.com\/wp-content\/uploads\/2017\/03\/jardin-potager.jpg","contentUrl":"https:\/\/batijournal.com\/wp-content\/uploads\/2017\/03\/jardin-potager.jpg","width":1200,"height":698},{"@type":"BreadcrumbList","@id":"https:\/\/batijournal.com\/index.php\/il-est-encore-temps-dinscrire-son-jardin-aux-rendez-vous-aux-jardins-2019\/101220\/#breadcrumb","itemListElement":[{"@type":"ListItem","position":1,"name":"Accueil","item":"https:\/\/batijournal.com\/"},{"@type":"ListItem","position":2,"name":"Actualit\u00e9s","item":"https:\/\/batijournal.com\/index.php\/category\/actualites\/"},{"@type":"ListItem","position":3,"name":"Il est encore temps d&rsquo;inscrire son jardin aux rendez-vous aux jardins 2019"}]},{"@type":"WebSite","@id":"https:\/\/batijournal.com\/#website","url":"https:\/\/batijournal.com\/","name":"Batijournal","description":"L&#039;actualit\u00e9 du b\u00e2timent","potentialAction":[{"@type":"SearchAction","target":{"@type":"EntryPoint","urlTemplate":"https:\/\/batijournal.com\/?s={search_term_string}"},"query-input":{"@type":"PropertyValueSpecification","valueRequired":true,"valueName":"search_term_string"}}],"inLanguage":"fr-FR"},{"@type":"Person","@id":"https:\/\/batijournal.com\/#\/schema\/person\/1dc96ec6957aa1ccb25ebe78bb19f100","name":"St\u00e9phane Miget","image":{"@type":"ImageObject","inLanguage":"fr-FR","@id":"https:\/\/secure.gravatar.com\/avatar\/89915563d925342126b8ef0281b93d9d7fc337043e8df017f780908eb9644451?s=96&d=mm&r=g","url":"https:\/\/secure.gravatar.com\/avatar\/89915563d925342126b8ef0281b93d9d7fc337043e8df017f780908eb9644451?s=96&d=mm&r=g","contentUrl":"https:\/\/secure.gravatar.com\/avatar\/89915563d925342126b8ef0281b93d9d7fc337043e8df017f780908eb9644451?s=96&d=mm&r=g","caption":"St\u00e9phane Miget"},"url":"https:\/\/batijournal.com\/index.php\/author\/stephane\/"}]}},"_links":{"self":[{"href":"https:\/\/batijournal.com\/index.php\/wp-json\/wp\/v2\/posts\/101220","targetHints":{"allow":["GET"]}}],"collection":[{"href":"https:\/\/batijournal.com\/index.php\/wp-json\/wp\/v2\/posts"}],"about":[{"href":"https:\/\/batijournal.com\/index.php\/wp-json\/wp\/v2\/types\/post"}],"author":[{"embeddable":true,"href":"https:\/\/batijournal.com\/index.php\/wp-json\/wp\/v2\/users\/17"}],"replies":[{"embeddable":true,"href":"https:\/\/batijournal.com\/index.php\/wp-json\/wp\/v2\/comments?post=101220"}],"version-history":[{"count":0,"href":"https:\/\/batijournal.com\/index.php\/wp-json\/wp\/v2\/posts\/101220\/revisions"}],"wp:featuredmedia":[{"embeddable":true,"href":"https:\/\/batijournal.com\/index.php\/wp-json\/wp\/v2\/media\/95411"}],"wp:attachment":[{"href":"https:\/\/batijournal.com\/index.php\/wp-json\/wp\/v2\/media?parent=101220"}],"wp:term":[{"taxonomy":"category","embeddable":true,"href":"https:\/\/batijournal.com\/index.php\/wp-json\/wp\/v2\/categories?post=101220"},{"taxonomy":"post_tag","embeddable":true,"href":"https:\/\/batijournal.com\/index.php\/wp-json\/wp\/v2\/tags?post=101220"}],"curies":[{"name":"wp","href":"https:\/\/api.w.org\/{rel}","templated":true}]}}