{"id":101224,"date":"2019-01-16T09:32:23","date_gmt":"2019-01-16T08:32:23","guid":{"rendered":"https:\/\/batijournal.com\/?p=101224"},"modified":"2019-06-13T13:06:10","modified_gmt":"2019-06-13T11:06:10","slug":"9eme-championnat-de-france-cordistes","status":"publish","type":"post","link":"https:\/\/batijournal.com\/index.php\/9eme-championnat-de-france-cordistes\/101224\/","title":{"rendered":"9\u00e8me Championnat de France Cordistes"},"content":{"rendered":"<p>Durant deux jours, les cordistes, professionnels des travaux difficiles en hauteur form\u00e9s aux m\u00e9tiers du b\u00e2timent, vont disputer d\u00e9but avril \u00e0 Marseille le titre de Champion de France Cordistes. Ce m\u00e9tier est en pleine expansion, il est de plus en plus mis en lumi\u00e8re notamment lors de grands chantiers. Pendant ces Championnats, \u00e0 travers diff\u00e9rentes \u00e9preuves sur cordes et en hauteur, ces experts d\u00e9montrent toutes les comp\u00e9tences que demande leur m\u00e9tier hors du commun : pr\u00e9cision, rapidit\u00e9, s\u00e9curit\u00e9 et entraide. Travail de pr\u00e9cision, d\u00e9placement, ma\u00eetrise de l&rsquo;outillage, intervention de secours&#8230; toutes les facettes du m\u00e9tier de cordiste sont abord\u00e9es. Outre le temps r\u00e9alis\u00e9, le jury (compos\u00e9 de professionnels cordistes) d\u00e9lib\u00e8re sur le respect des modes op\u00e9ratoires sur cordes, sur la qualit\u00e9 et la pr\u00e9cision du travail effectu\u00e9, dans les meilleures conditions de s\u00e9curit\u00e9.\u00a0Apr\u00e8s une journ\u00e9e de qualification, le jeudi 4 avril, trente-deux cordistes qualifi\u00e9s disputeront les Masters le vendredi 5 avril au matin pour essayer d&rsquo;atteindre le groupe des huit finalistes. Un Challenge Entreprise est organis\u00e9 en parall\u00e8le pour rappeler les hautes exigences que demande le travail en \u00e9quipe (trois concurrents par \u00e9quipe).<\/p>\n<p>9\u00e8me Championnat de France Cordistes<br \/>\nJeudi 4 &amp; Vendredi 5 avril 2019<br \/>\nLa Cit\u00e9 des Arts de la Rue, Marseille (13)<\/p>\n<p>Photo : \u00a9vuedici.org<\/p>\n<p>&nbsp;<\/p>\n","protected":false},"excerpt":{"rendered":"<p>Durant deux jours, les cordistes, professionnels des travaux difficiles en hauteur form\u00e9s aux m\u00e9tiers du b\u00e2timent, vont disputer d\u00e9but avril \u00e0 Marseille le titre de Champion de France Cordistes. Ce m\u00e9tier est en pleine expansion, il est de plus en plus mis en lumi\u00e8re notamment lors de grands chantiers. Pendant ces Championnats, \u00e0 travers diff\u00e9rentes [&hellip;]<\/p>\n","protected":false},"author":17,"featured_media":101225,"comment_status":"closed","ping_status":"closed","sticky":false,"template":"","format":"standard","meta":{"_et_pb_use_builder":"","_et_pb_old_content":"","_et_gb_content_width":"","footnotes":""},"categories":[10530,6345,9192,10771,10775,10785],"tags":[9202],"class_list":["post-101224","post","type-post","status-publish","format-standard","has-post-thumbnail","hentry","category-actualites","category-economie-marches","category-evenements","category-5facades","category-actualites-5facades","category-atrium","tag-cordiste"],"yoast_head":"<!-- This site is optimized with the Yoast SEO plugin v27.4 - https:\/\/yoast.com\/product\/yoast-seo-wordpress\/ -->\n<title>9\u00e8me Championnat de France Cordistes<\/title>\n<meta name=\"description\" content=\"Les cordistes, professionnels des travaux difficiles en hauteur vont disputer d\u00e9but avril \u00e0 Marseille le titre de Champion de France Cordistes\" \/>\n<meta name=\"robots\" content=\"index, follow, max-snippet:-1, max-image-preview:large, max-video-preview:-1\" \/>\n<link rel=\"canonical\" href=\"https:\/\/batijournal.com\/index.php\/9eme-championnat-de-france-cordistes\/101224\/\" \/>\n<meta property=\"og:locale\" content=\"fr_FR\" \/>\n<meta property=\"og:type\" content=\"article\" \/>\n<meta property=\"og:title\" content=\"9\u00e8me Championnat de France Cordistes\" \/>\n<meta property=\"og:description\" content=\"Les cordistes, professionnels des travaux difficiles en hauteur vont disputer d\u00e9but avril \u00e0 Marseille le titre de Champion de France Cordistes\" \/>\n<meta property=\"og:url\" content=\"https:\/\/batijournal.com\/index.php\/9eme-championnat-de-france-cordistes\/101224\/\" \/>\n<meta property=\"og:site_name\" content=\"Batijournal\" \/>\n<meta property=\"article:published_time\" content=\"2019-01-16T08:32:23+00:00\" \/>\n<meta property=\"article:modified_time\" content=\"2019-06-13T11:06:10+00:00\" \/>\n<meta property=\"og:image\" content=\"https:\/\/batijournal.com\/wp-content\/uploads\/2019\/01\/championnat-de-france-cordistes.jpeg\" \/>\n\t<meta property=\"og:image:width\" content=\"854\" \/>\n\t<meta property=\"og:image:height\" content=\"1280\" \/>\n\t<meta property=\"og:image:type\" content=\"image\/jpeg\" \/>\n<meta name=\"author\" content=\"St\u00e9phane Miget\" \/>\n<meta name=\"twitter:card\" content=\"summary_large_image\" \/>\n<meta name=\"twitter:creator\" content=\"@bati_journal\" \/>\n<meta name=\"twitter:site\" content=\"@bati_journal\" \/>\n<meta name=\"twitter:label1\" content=\"\u00c9crit par\" \/>\n\t<meta name=\"twitter:data1\" content=\"St\u00e9phane Miget\" \/>\n\t<meta name=\"twitter:label2\" content=\"Dur\u00e9e de lecture estim\u00e9e\" \/>\n\t<meta name=\"twitter:data2\" content=\"1 minute\" \/>\n<script type=\"application\/ld+json\" class=\"yoast-schema-graph\">{\"@context\":\"https:\\\/\\\/schema.org\",\"@graph\":[{\"@type\":\"Article\",\"@id\":\"https:\\\/\\\/batijournal.com\\\/index.php\\\/9eme-championnat-de-france-cordistes\\\/101224\\\/#article\",\"isPartOf\":{\"@id\":\"https:\\\/\\\/batijournal.com\\\/index.php\\\/9eme-championnat-de-france-cordistes\\\/101224\\\/\"},\"author\":{\"name\":\"St\u00e9phane Miget\",\"@id\":\"https:\\\/\\\/batijournal.com\\\/#\\\/schema\\\/person\\\/1dc96ec6957aa1ccb25ebe78bb19f100\"},\"headline\":\"9\u00e8me Championnat de France Cordistes\",\"datePublished\":\"2019-01-16T08:32:23+00:00\",\"dateModified\":\"2019-06-13T11:06:10+00:00\",\"mainEntityOfPage\":{\"@id\":\"https:\\\/\\\/batijournal.com\\\/index.php\\\/9eme-championnat-de-france-cordistes\\\/101224\\\/\"},\"wordCount\":234,\"image\":{\"@id\":\"https:\\\/\\\/batijournal.com\\\/index.php\\\/9eme-championnat-de-france-cordistes\\\/101224\\\/#primaryimage\"},\"thumbnailUrl\":\"https:\\\/\\\/batijournal.com\\\/wp-content\\\/uploads\\\/2019\\\/01\\\/championnat-de-france-cordistes.jpeg\",\"keywords\":[\"cordiste\"],\"articleSection\":[\"Actualit\u00e9s\",\"\u00c9conomie &amp; March\u00e9s\",\"\u00c9v\u00e9nements\",\"zz_5fa\u00e7ades\",\"zz_Actualit\u00e9s - 5fa\u00e7ades\",\"zz_Atrium Patrimoine\"],\"inLanguage\":\"fr-FR\"},{\"@type\":\"WebPage\",\"@id\":\"https:\\\/\\\/batijournal.com\\\/index.php\\\/9eme-championnat-de-france-cordistes\\\/101224\\\/\",\"url\":\"https:\\\/\\\/batijournal.com\\\/index.php\\\/9eme-championnat-de-france-cordistes\\\/101224\\\/\",\"name\":\"9\u00e8me Championnat de France Cordistes\",\"isPartOf\":{\"@id\":\"https:\\\/\\\/batijournal.com\\\/#website\"},\"primaryImageOfPage\":{\"@id\":\"https:\\\/\\\/batijournal.com\\\/index.php\\\/9eme-championnat-de-france-cordistes\\\/101224\\\/#primaryimage\"},\"image\":{\"@id\":\"https:\\\/\\\/batijournal.com\\\/index.php\\\/9eme-championnat-de-france-cordistes\\\/101224\\\/#primaryimage\"},\"thumbnailUrl\":\"https:\\\/\\\/batijournal.com\\\/wp-content\\\/uploads\\\/2019\\\/01\\\/championnat-de-france-cordistes.jpeg\",\"datePublished\":\"2019-01-16T08:32:23+00:00\",\"dateModified\":\"2019-06-13T11:06:10+00:00\",\"author\":{\"@id\":\"https:\\\/\\\/batijournal.com\\\/#\\\/schema\\\/person\\\/1dc96ec6957aa1ccb25ebe78bb19f100\"},\"description\":\"Les cordistes, professionnels des travaux difficiles en hauteur vont disputer d\u00e9but avril \u00e0 Marseille le titre de Champion de France Cordistes\",\"breadcrumb\":{\"@id\":\"https:\\\/\\\/batijournal.com\\\/index.php\\\/9eme-championnat-de-france-cordistes\\\/101224\\\/#breadcrumb\"},\"inLanguage\":\"fr-FR\",\"potentialAction\":[{\"@type\":\"ReadAction\",\"target\":[\"https:\\\/\\\/batijournal.com\\\/index.php\\\/9eme-championnat-de-france-cordistes\\\/101224\\\/\"]}]},{\"@type\":\"ImageObject\",\"inLanguage\":\"fr-FR\",\"@id\":\"https:\\\/\\\/batijournal.com\\\/index.php\\\/9eme-championnat-de-france-cordistes\\\/101224\\\/#primaryimage\",\"url\":\"https:\\\/\\\/batijournal.com\\\/wp-content\\\/uploads\\\/2019\\\/01\\\/championnat-de-france-cordistes.jpeg\",\"contentUrl\":\"https:\\\/\\\/batijournal.com\\\/wp-content\\\/uploads\\\/2019\\\/01\\\/championnat-de-france-cordistes.jpeg\",\"width\":854,\"height\":1280},{\"@type\":\"BreadcrumbList\",\"@id\":\"https:\\\/\\\/batijournal.com\\\/index.php\\\/9eme-championnat-de-france-cordistes\\\/101224\\\/#breadcrumb\",\"itemListElement\":[{\"@type\":\"ListItem\",\"position\":1,\"name\":\"Accueil\",\"item\":\"https:\\\/\\\/batijournal.com\\\/\"},{\"@type\":\"ListItem\",\"position\":2,\"name\":\"Actualit\u00e9s\",\"item\":\"https:\\\/\\\/batijournal.com\\\/index.php\\\/category\\\/actualites\\\/\"},{\"@type\":\"ListItem\",\"position\":3,\"name\":\"9\u00e8me Championnat de France Cordistes\"}]},{\"@type\":\"WebSite\",\"@id\":\"https:\\\/\\\/batijournal.com\\\/#website\",\"url\":\"https:\\\/\\\/batijournal.com\\\/\",\"name\":\"Batijournal\",\"description\":\"L&#039;actualit\u00e9 du b\u00e2timent\",\"potentialAction\":[{\"@type\":\"SearchAction\",\"target\":{\"@type\":\"EntryPoint\",\"urlTemplate\":\"https:\\\/\\\/batijournal.com\\\/?s={search_term_string}\"},\"query-input\":{\"@type\":\"PropertyValueSpecification\",\"valueRequired\":true,\"valueName\":\"search_term_string\"}}],\"inLanguage\":\"fr-FR\"},{\"@type\":\"Person\",\"@id\":\"https:\\\/\\\/batijournal.com\\\/#\\\/schema\\\/person\\\/1dc96ec6957aa1ccb25ebe78bb19f100\",\"name\":\"St\u00e9phane Miget\",\"image\":{\"@type\":\"ImageObject\",\"inLanguage\":\"fr-FR\",\"@id\":\"https:\\\/\\\/secure.gravatar.com\\\/avatar\\\/89915563d925342126b8ef0281b93d9d7fc337043e8df017f780908eb9644451?s=96&d=mm&r=g\",\"url\":\"https:\\\/\\\/secure.gravatar.com\\\/avatar\\\/89915563d925342126b8ef0281b93d9d7fc337043e8df017f780908eb9644451?s=96&d=mm&r=g\",\"contentUrl\":\"https:\\\/\\\/secure.gravatar.com\\\/avatar\\\/89915563d925342126b8ef0281b93d9d7fc337043e8df017f780908eb9644451?s=96&d=mm&r=g\",\"caption\":\"St\u00e9phane Miget\"},\"url\":\"https:\\\/\\\/batijournal.com\\\/index.php\\\/author\\\/stephane\\\/\"}]}<\/script>\n<!-- \/ Yoast SEO plugin. -->","yoast_head_json":{"title":"9\u00e8me Championnat de France Cordistes","description":"Les cordistes, professionnels des travaux difficiles en hauteur vont disputer d\u00e9but avril \u00e0 Marseille le titre de Champion de France Cordistes","robots":{"index":"index","follow":"follow","max-snippet":"max-snippet:-1","max-image-preview":"max-image-preview:large","max-video-preview":"max-video-preview:-1"},"canonical":"https:\/\/batijournal.com\/index.php\/9eme-championnat-de-france-cordistes\/101224\/","og_locale":"fr_FR","og_type":"article","og_title":"9\u00e8me Championnat de France Cordistes","og_description":"Les cordistes, professionnels des travaux difficiles en hauteur vont disputer d\u00e9but avril \u00e0 Marseille le titre de Champion de France Cordistes","og_url":"https:\/\/batijournal.com\/index.php\/9eme-championnat-de-france-cordistes\/101224\/","og_site_name":"Batijournal","article_published_time":"2019-01-16T08:32:23+00:00","article_modified_time":"2019-06-13T11:06:10+00:00","og_image":[{"width":854,"height":1280,"url":"https:\/\/batijournal.com\/wp-content\/uploads\/2019\/01\/championnat-de-france-cordistes.jpeg","type":"image\/jpeg"}],"author":"St\u00e9phane Miget","twitter_card":"summary_large_image","twitter_creator":"@bati_journal","twitter_site":"@bati_journal","twitter_misc":{"\u00c9crit par":"St\u00e9phane Miget","Dur\u00e9e de lecture estim\u00e9e":"1 minute"},"schema":{"@context":"https:\/\/schema.org","@graph":[{"@type":"Article","@id":"https:\/\/batijournal.com\/index.php\/9eme-championnat-de-france-cordistes\/101224\/#article","isPartOf":{"@id":"https:\/\/batijournal.com\/index.php\/9eme-championnat-de-france-cordistes\/101224\/"},"author":{"name":"St\u00e9phane Miget","@id":"https:\/\/batijournal.com\/#\/schema\/person\/1dc96ec6957aa1ccb25ebe78bb19f100"},"headline":"9\u00e8me Championnat de France Cordistes","datePublished":"2019-01-16T08:32:23+00:00","dateModified":"2019-06-13T11:06:10+00:00","mainEntityOfPage":{"@id":"https:\/\/batijournal.com\/index.php\/9eme-championnat-de-france-cordistes\/101224\/"},"wordCount":234,"image":{"@id":"https:\/\/batijournal.com\/index.php\/9eme-championnat-de-france-cordistes\/101224\/#primaryimage"},"thumbnailUrl":"https:\/\/batijournal.com\/wp-content\/uploads\/2019\/01\/championnat-de-france-cordistes.jpeg","keywords":["cordiste"],"articleSection":["Actualit\u00e9s","\u00c9conomie &amp; March\u00e9s","\u00c9v\u00e9nements","zz_5fa\u00e7ades","zz_Actualit\u00e9s - 5fa\u00e7ades","zz_Atrium Patrimoine"],"inLanguage":"fr-FR"},{"@type":"WebPage","@id":"https:\/\/batijournal.com\/index.php\/9eme-championnat-de-france-cordistes\/101224\/","url":"https:\/\/batijournal.com\/index.php\/9eme-championnat-de-france-cordistes\/101224\/","name":"9\u00e8me Championnat de France Cordistes","isPartOf":{"@id":"https:\/\/batijournal.com\/#website"},"primaryImageOfPage":{"@id":"https:\/\/batijournal.com\/index.php\/9eme-championnat-de-france-cordistes\/101224\/#primaryimage"},"image":{"@id":"https:\/\/batijournal.com\/index.php\/9eme-championnat-de-france-cordistes\/101224\/#primaryimage"},"thumbnailUrl":"https:\/\/batijournal.com\/wp-content\/uploads\/2019\/01\/championnat-de-france-cordistes.jpeg","datePublished":"2019-01-16T08:32:23+00:00","dateModified":"2019-06-13T11:06:10+00:00","author":{"@id":"https:\/\/batijournal.com\/#\/schema\/person\/1dc96ec6957aa1ccb25ebe78bb19f100"},"description":"Les cordistes, professionnels des travaux difficiles en hauteur vont disputer d\u00e9but avril \u00e0 Marseille le titre de Champion de France Cordistes","breadcrumb":{"@id":"https:\/\/batijournal.com\/index.php\/9eme-championnat-de-france-cordistes\/101224\/#breadcrumb"},"inLanguage":"fr-FR","potentialAction":[{"@type":"ReadAction","target":["https:\/\/batijournal.com\/index.php\/9eme-championnat-de-france-cordistes\/101224\/"]}]},{"@type":"ImageObject","inLanguage":"fr-FR","@id":"https:\/\/batijournal.com\/index.php\/9eme-championnat-de-france-cordistes\/101224\/#primaryimage","url":"https:\/\/batijournal.com\/wp-content\/uploads\/2019\/01\/championnat-de-france-cordistes.jpeg","contentUrl":"https:\/\/batijournal.com\/wp-content\/uploads\/2019\/01\/championnat-de-france-cordistes.jpeg","width":854,"height":1280},{"@type":"BreadcrumbList","@id":"https:\/\/batijournal.com\/index.php\/9eme-championnat-de-france-cordistes\/101224\/#breadcrumb","itemListElement":[{"@type":"ListItem","position":1,"name":"Accueil","item":"https:\/\/batijournal.com\/"},{"@type":"ListItem","position":2,"name":"Actualit\u00e9s","item":"https:\/\/batijournal.com\/index.php\/category\/actualites\/"},{"@type":"ListItem","position":3,"name":"9\u00e8me Championnat de France Cordistes"}]},{"@type":"WebSite","@id":"https:\/\/batijournal.com\/#website","url":"https:\/\/batijournal.com\/","name":"Batijournal","description":"L&#039;actualit\u00e9 du b\u00e2timent","potentialAction":[{"@type":"SearchAction","target":{"@type":"EntryPoint","urlTemplate":"https:\/\/batijournal.com\/?s={search_term_string}"},"query-input":{"@type":"PropertyValueSpecification","valueRequired":true,"valueName":"search_term_string"}}],"inLanguage":"fr-FR"},{"@type":"Person","@id":"https:\/\/batijournal.com\/#\/schema\/person\/1dc96ec6957aa1ccb25ebe78bb19f100","name":"St\u00e9phane Miget","image":{"@type":"ImageObject","inLanguage":"fr-FR","@id":"https:\/\/secure.gravatar.com\/avatar\/89915563d925342126b8ef0281b93d9d7fc337043e8df017f780908eb9644451?s=96&d=mm&r=g","url":"https:\/\/secure.gravatar.com\/avatar\/89915563d925342126b8ef0281b93d9d7fc337043e8df017f780908eb9644451?s=96&d=mm&r=g","contentUrl":"https:\/\/secure.gravatar.com\/avatar\/89915563d925342126b8ef0281b93d9d7fc337043e8df017f780908eb9644451?s=96&d=mm&r=g","caption":"St\u00e9phane Miget"},"url":"https:\/\/batijournal.com\/index.php\/author\/stephane\/"}]}},"_links":{"self":[{"href":"https:\/\/batijournal.com\/index.php\/wp-json\/wp\/v2\/posts\/101224","targetHints":{"allow":["GET"]}}],"collection":[{"href":"https:\/\/batijournal.com\/index.php\/wp-json\/wp\/v2\/posts"}],"about":[{"href":"https:\/\/batijournal.com\/index.php\/wp-json\/wp\/v2\/types\/post"}],"author":[{"embeddable":true,"href":"https:\/\/batijournal.com\/index.php\/wp-json\/wp\/v2\/users\/17"}],"replies":[{"embeddable":true,"href":"https:\/\/batijournal.com\/index.php\/wp-json\/wp\/v2\/comments?post=101224"}],"version-history":[{"count":0,"href":"https:\/\/batijournal.com\/index.php\/wp-json\/wp\/v2\/posts\/101224\/revisions"}],"wp:featuredmedia":[{"embeddable":true,"href":"https:\/\/batijournal.com\/index.php\/wp-json\/wp\/v2\/media\/101225"}],"wp:attachment":[{"href":"https:\/\/batijournal.com\/index.php\/wp-json\/wp\/v2\/media?parent=101224"}],"wp:term":[{"taxonomy":"category","embeddable":true,"href":"https:\/\/batijournal.com\/index.php\/wp-json\/wp\/v2\/categories?post=101224"},{"taxonomy":"post_tag","embeddable":true,"href":"https:\/\/batijournal.com\/index.php\/wp-json\/wp\/v2\/tags?post=101224"}],"curies":[{"name":"wp","href":"https:\/\/api.w.org\/{rel}","templated":true}]}}