{"id":101228,"date":"2019-01-17T08:40:28","date_gmt":"2019-01-17T07:40:28","guid":{"rendered":"https:\/\/batijournal.com\/?p=101228"},"modified":"2019-07-15T12:33:22","modified_gmt":"2019-07-15T10:33:22","slug":"facades-disponibilite-et-mise-a-la-teinte-rapide","status":"publish","type":"post","link":"https:\/\/batijournal.com\/index.php\/facades-disponibilite-et-mise-a-la-teinte-rapide\/101228\/","title":{"rendered":"Fa\u00e7ades : disponibilit\u00e9 et mise \u00e0 la teinte rapide"},"content":{"rendered":"<p>Sto d\u00e9ploie dans toutes ses agences un nouveau service baptis\u00e9 Sto\u2019n\u2019Go*. Objectif : offrir \u00e0 ses clients disponibilit\u00e9 et r\u00e9activit\u00e9 de mise \u00e0 la teinte pour l\u2019essentiel des produits de ravalement afin de faciliter leur m\u00e9tier au quotidien. La s\u00e9lection de produits porte sur plus de 300 articles disponibles en permanence \u00e0 l\u2019enl\u00e8vement ou en livraison dans toutes les agences Sto. Elle couvre les 10 familles de l\u2019activit\u00e9 ravalement : intervention, r\u00e9paration, mastics, impressions \/ fixateurs, peintures, enduits, imperm\u00e9abilit\u00e9, laques et lasures, syst\u00e8mes d\u2019\u00e9tanch\u00e9it\u00e9 liquide et outillage. Sto s\u2019engage \u00e9galement \u00e0 proposer la mise \u00e0 la teinte rapide de produits jusqu\u2019\u00e0 6 seaux. Pour toute commande inf\u00e9rieure \u00e0 une palette pass\u00e9e la veille, Sto garantit la disponibilit\u00e9 des produits teint\u00e9s en J+1 (commande pass\u00e9e avant midi : mise \u00e0 disposition en J+1 le matin \/ commande pass\u00e9e dans l\u2019apr\u00e8s-midi : mise \u00e0 disposition en J+1 l\u2019apr\u00e8s-midi).<\/p>\n<p>*Sto et c\u2019est parti<\/p>\n<p>&nbsp;<\/p>\n","protected":false},"excerpt":{"rendered":"<p>Sto d\u00e9ploie dans toutes ses agences un nouveau service baptis\u00e9 Sto\u2019n\u2019Go*. Objectif : offrir \u00e0 ses clients disponibilit\u00e9 et r\u00e9activit\u00e9 de mise \u00e0 la teinte pour l\u2019essentiel des produits de ravalement afin de faciliter leur m\u00e9tier au quotidien. La s\u00e9lection de produits porte sur plus de 300 articles disponibles en permanence \u00e0 l\u2019enl\u00e8vement ou en [&hellip;]<\/p>\n","protected":false},"author":17,"featured_media":101232,"comment_status":"closed","ping_status":"closed","sticky":false,"template":"","format":"standard","meta":{"_et_pb_use_builder":"","_et_pb_old_content":"","_et_gb_content_width":"","footnotes":""},"categories":[6356,10771],"tags":[548,2349],"class_list":["post-101228","post","type-post","status-publish","format-standard","has-post-thumbnail","hentry","category-produits-solutions-techniques","category-5facades","tag-enduits-2","tag-facades"],"yoast_head":"<!-- This site is optimized with the Yoast SEO plugin v27.4 - https:\/\/yoast.com\/product\/yoast-seo-wordpress\/ -->\n<title>Fa\u00e7ades : disponibilit\u00e9 et mise \u00e0 la teinte rapide<\/title>\n<meta name=\"description\" content=\"Sto d\u00e9ploie dans toutes ses agences un nouveau service baptis\u00e9 Sto\u2019n\u2019Go*. Objectif : offrir \u00e0 ses clients disponibilit\u00e9 et r\u00e9activit\u00e9 de mise \u00e0 la teinte\" \/>\n<meta name=\"robots\" content=\"index, follow, max-snippet:-1, max-image-preview:large, max-video-preview:-1\" \/>\n<link rel=\"canonical\" href=\"https:\/\/batijournal.com\/index.php\/facades-disponibilite-et-mise-a-la-teinte-rapide\/101228\/\" \/>\n<meta property=\"og:locale\" content=\"fr_FR\" \/>\n<meta property=\"og:type\" content=\"article\" \/>\n<meta property=\"og:title\" content=\"Fa\u00e7ades : disponibilit\u00e9 et mise \u00e0 la teinte rapide\" \/>\n<meta property=\"og:description\" content=\"Sto d\u00e9ploie dans toutes ses agences un nouveau service baptis\u00e9 Sto\u2019n\u2019Go*. Objectif : offrir \u00e0 ses clients disponibilit\u00e9 et r\u00e9activit\u00e9 de mise \u00e0 la teinte\" \/>\n<meta property=\"og:url\" content=\"https:\/\/batijournal.com\/index.php\/facades-disponibilite-et-mise-a-la-teinte-rapide\/101228\/\" \/>\n<meta property=\"og:site_name\" content=\"Batijournal\" \/>\n<meta property=\"article:published_time\" content=\"2019-01-17T07:40:28+00:00\" \/>\n<meta property=\"article:modified_time\" content=\"2019-07-15T10:33:22+00:00\" \/>\n<meta property=\"og:image\" content=\"https:\/\/batijournal.com\/wp-content\/uploads\/2019\/01\/Sto-n-Go.jpg\" \/>\n\t<meta property=\"og:image:width\" content=\"1200\" \/>\n\t<meta property=\"og:image:height\" content=\"724\" \/>\n\t<meta property=\"og:image:type\" content=\"image\/jpeg\" \/>\n<meta name=\"author\" content=\"St\u00e9phane Miget\" \/>\n<meta name=\"twitter:card\" content=\"summary_large_image\" \/>\n<meta name=\"twitter:creator\" content=\"@bati_journal\" \/>\n<meta name=\"twitter:site\" content=\"@bati_journal\" \/>\n<meta name=\"twitter:label1\" content=\"\u00c9crit par\" \/>\n\t<meta name=\"twitter:data1\" content=\"St\u00e9phane Miget\" \/>\n\t<meta name=\"twitter:label2\" content=\"Dur\u00e9e de lecture estim\u00e9e\" \/>\n\t<meta name=\"twitter:data2\" content=\"1 minute\" \/>\n<script type=\"application\/ld+json\" class=\"yoast-schema-graph\">{\"@context\":\"https:\\\/\\\/schema.org\",\"@graph\":[{\"@type\":\"Article\",\"@id\":\"https:\\\/\\\/batijournal.com\\\/index.php\\\/facades-disponibilite-et-mise-a-la-teinte-rapide\\\/101228\\\/#article\",\"isPartOf\":{\"@id\":\"https:\\\/\\\/batijournal.com\\\/index.php\\\/facades-disponibilite-et-mise-a-la-teinte-rapide\\\/101228\\\/\"},\"author\":{\"name\":\"St\u00e9phane Miget\",\"@id\":\"https:\\\/\\\/batijournal.com\\\/#\\\/schema\\\/person\\\/1dc96ec6957aa1ccb25ebe78bb19f100\"},\"headline\":\"Fa\u00e7ades : disponibilit\u00e9 et mise \u00e0 la teinte rapide\",\"datePublished\":\"2019-01-17T07:40:28+00:00\",\"dateModified\":\"2019-07-15T10:33:22+00:00\",\"mainEntityOfPage\":{\"@id\":\"https:\\\/\\\/batijournal.com\\\/index.php\\\/facades-disponibilite-et-mise-a-la-teinte-rapide\\\/101228\\\/\"},\"wordCount\":168,\"image\":{\"@id\":\"https:\\\/\\\/batijournal.com\\\/index.php\\\/facades-disponibilite-et-mise-a-la-teinte-rapide\\\/101228\\\/#primaryimage\"},\"thumbnailUrl\":\"https:\\\/\\\/batijournal.com\\\/wp-content\\\/uploads\\\/2019\\\/01\\\/Sto-n-Go.jpg\",\"keywords\":[\"enduits\",\"fa\u00e7ades\"],\"articleSection\":[\"Produits &amp; Solutions techniques\",\"zz_5fa\u00e7ades\"],\"inLanguage\":\"fr-FR\"},{\"@type\":\"WebPage\",\"@id\":\"https:\\\/\\\/batijournal.com\\\/index.php\\\/facades-disponibilite-et-mise-a-la-teinte-rapide\\\/101228\\\/\",\"url\":\"https:\\\/\\\/batijournal.com\\\/index.php\\\/facades-disponibilite-et-mise-a-la-teinte-rapide\\\/101228\\\/\",\"name\":\"Fa\u00e7ades : disponibilit\u00e9 et mise \u00e0 la teinte rapide\",\"isPartOf\":{\"@id\":\"https:\\\/\\\/batijournal.com\\\/#website\"},\"primaryImageOfPage\":{\"@id\":\"https:\\\/\\\/batijournal.com\\\/index.php\\\/facades-disponibilite-et-mise-a-la-teinte-rapide\\\/101228\\\/#primaryimage\"},\"image\":{\"@id\":\"https:\\\/\\\/batijournal.com\\\/index.php\\\/facades-disponibilite-et-mise-a-la-teinte-rapide\\\/101228\\\/#primaryimage\"},\"thumbnailUrl\":\"https:\\\/\\\/batijournal.com\\\/wp-content\\\/uploads\\\/2019\\\/01\\\/Sto-n-Go.jpg\",\"datePublished\":\"2019-01-17T07:40:28+00:00\",\"dateModified\":\"2019-07-15T10:33:22+00:00\",\"author\":{\"@id\":\"https:\\\/\\\/batijournal.com\\\/#\\\/schema\\\/person\\\/1dc96ec6957aa1ccb25ebe78bb19f100\"},\"description\":\"Sto d\u00e9ploie dans toutes ses agences un nouveau service baptis\u00e9 Sto\u2019n\u2019Go*. Objectif : offrir \u00e0 ses clients disponibilit\u00e9 et r\u00e9activit\u00e9 de mise \u00e0 la teinte\",\"breadcrumb\":{\"@id\":\"https:\\\/\\\/batijournal.com\\\/index.php\\\/facades-disponibilite-et-mise-a-la-teinte-rapide\\\/101228\\\/#breadcrumb\"},\"inLanguage\":\"fr-FR\",\"potentialAction\":[{\"@type\":\"ReadAction\",\"target\":[\"https:\\\/\\\/batijournal.com\\\/index.php\\\/facades-disponibilite-et-mise-a-la-teinte-rapide\\\/101228\\\/\"]}]},{\"@type\":\"ImageObject\",\"inLanguage\":\"fr-FR\",\"@id\":\"https:\\\/\\\/batijournal.com\\\/index.php\\\/facades-disponibilite-et-mise-a-la-teinte-rapide\\\/101228\\\/#primaryimage\",\"url\":\"https:\\\/\\\/batijournal.com\\\/wp-content\\\/uploads\\\/2019\\\/01\\\/Sto-n-Go.jpg\",\"contentUrl\":\"https:\\\/\\\/batijournal.com\\\/wp-content\\\/uploads\\\/2019\\\/01\\\/Sto-n-Go.jpg\",\"width\":1200,\"height\":724},{\"@type\":\"BreadcrumbList\",\"@id\":\"https:\\\/\\\/batijournal.com\\\/index.php\\\/facades-disponibilite-et-mise-a-la-teinte-rapide\\\/101228\\\/#breadcrumb\",\"itemListElement\":[{\"@type\":\"ListItem\",\"position\":1,\"name\":\"Accueil\",\"item\":\"https:\\\/\\\/batijournal.com\\\/\"},{\"@type\":\"ListItem\",\"position\":2,\"name\":\"Produits &amp; Solutions techniques\",\"item\":\"https:\\\/\\\/batijournal.com\\\/index.php\\\/category\\\/produits-solutions-techniques\\\/\"},{\"@type\":\"ListItem\",\"position\":3,\"name\":\"Fa\u00e7ades : disponibilit\u00e9 et mise \u00e0 la teinte rapide\"}]},{\"@type\":\"WebSite\",\"@id\":\"https:\\\/\\\/batijournal.com\\\/#website\",\"url\":\"https:\\\/\\\/batijournal.com\\\/\",\"name\":\"Batijournal\",\"description\":\"L&#039;actualit\u00e9 du b\u00e2timent\",\"potentialAction\":[{\"@type\":\"SearchAction\",\"target\":{\"@type\":\"EntryPoint\",\"urlTemplate\":\"https:\\\/\\\/batijournal.com\\\/?s={search_term_string}\"},\"query-input\":{\"@type\":\"PropertyValueSpecification\",\"valueRequired\":true,\"valueName\":\"search_term_string\"}}],\"inLanguage\":\"fr-FR\"},{\"@type\":\"Person\",\"@id\":\"https:\\\/\\\/batijournal.com\\\/#\\\/schema\\\/person\\\/1dc96ec6957aa1ccb25ebe78bb19f100\",\"name\":\"St\u00e9phane Miget\",\"image\":{\"@type\":\"ImageObject\",\"inLanguage\":\"fr-FR\",\"@id\":\"https:\\\/\\\/secure.gravatar.com\\\/avatar\\\/89915563d925342126b8ef0281b93d9d7fc337043e8df017f780908eb9644451?s=96&d=mm&r=g\",\"url\":\"https:\\\/\\\/secure.gravatar.com\\\/avatar\\\/89915563d925342126b8ef0281b93d9d7fc337043e8df017f780908eb9644451?s=96&d=mm&r=g\",\"contentUrl\":\"https:\\\/\\\/secure.gravatar.com\\\/avatar\\\/89915563d925342126b8ef0281b93d9d7fc337043e8df017f780908eb9644451?s=96&d=mm&r=g\",\"caption\":\"St\u00e9phane Miget\"},\"url\":\"https:\\\/\\\/batijournal.com\\\/index.php\\\/author\\\/stephane\\\/\"}]}<\/script>\n<!-- \/ Yoast SEO plugin. -->","yoast_head_json":{"title":"Fa\u00e7ades : disponibilit\u00e9 et mise \u00e0 la teinte rapide","description":"Sto d\u00e9ploie dans toutes ses agences un nouveau service baptis\u00e9 Sto\u2019n\u2019Go*. Objectif : offrir \u00e0 ses clients disponibilit\u00e9 et r\u00e9activit\u00e9 de mise \u00e0 la teinte","robots":{"index":"index","follow":"follow","max-snippet":"max-snippet:-1","max-image-preview":"max-image-preview:large","max-video-preview":"max-video-preview:-1"},"canonical":"https:\/\/batijournal.com\/index.php\/facades-disponibilite-et-mise-a-la-teinte-rapide\/101228\/","og_locale":"fr_FR","og_type":"article","og_title":"Fa\u00e7ades : disponibilit\u00e9 et mise \u00e0 la teinte rapide","og_description":"Sto d\u00e9ploie dans toutes ses agences un nouveau service baptis\u00e9 Sto\u2019n\u2019Go*. Objectif : offrir \u00e0 ses clients disponibilit\u00e9 et r\u00e9activit\u00e9 de mise \u00e0 la teinte","og_url":"https:\/\/batijournal.com\/index.php\/facades-disponibilite-et-mise-a-la-teinte-rapide\/101228\/","og_site_name":"Batijournal","article_published_time":"2019-01-17T07:40:28+00:00","article_modified_time":"2019-07-15T10:33:22+00:00","og_image":[{"width":1200,"height":724,"url":"https:\/\/batijournal.com\/wp-content\/uploads\/2019\/01\/Sto-n-Go.jpg","type":"image\/jpeg"}],"author":"St\u00e9phane Miget","twitter_card":"summary_large_image","twitter_creator":"@bati_journal","twitter_site":"@bati_journal","twitter_misc":{"\u00c9crit par":"St\u00e9phane Miget","Dur\u00e9e de lecture estim\u00e9e":"1 minute"},"schema":{"@context":"https:\/\/schema.org","@graph":[{"@type":"Article","@id":"https:\/\/batijournal.com\/index.php\/facades-disponibilite-et-mise-a-la-teinte-rapide\/101228\/#article","isPartOf":{"@id":"https:\/\/batijournal.com\/index.php\/facades-disponibilite-et-mise-a-la-teinte-rapide\/101228\/"},"author":{"name":"St\u00e9phane Miget","@id":"https:\/\/batijournal.com\/#\/schema\/person\/1dc96ec6957aa1ccb25ebe78bb19f100"},"headline":"Fa\u00e7ades : disponibilit\u00e9 et mise \u00e0 la teinte rapide","datePublished":"2019-01-17T07:40:28+00:00","dateModified":"2019-07-15T10:33:22+00:00","mainEntityOfPage":{"@id":"https:\/\/batijournal.com\/index.php\/facades-disponibilite-et-mise-a-la-teinte-rapide\/101228\/"},"wordCount":168,"image":{"@id":"https:\/\/batijournal.com\/index.php\/facades-disponibilite-et-mise-a-la-teinte-rapide\/101228\/#primaryimage"},"thumbnailUrl":"https:\/\/batijournal.com\/wp-content\/uploads\/2019\/01\/Sto-n-Go.jpg","keywords":["enduits","fa\u00e7ades"],"articleSection":["Produits &amp; Solutions techniques","zz_5fa\u00e7ades"],"inLanguage":"fr-FR"},{"@type":"WebPage","@id":"https:\/\/batijournal.com\/index.php\/facades-disponibilite-et-mise-a-la-teinte-rapide\/101228\/","url":"https:\/\/batijournal.com\/index.php\/facades-disponibilite-et-mise-a-la-teinte-rapide\/101228\/","name":"Fa\u00e7ades : disponibilit\u00e9 et mise \u00e0 la teinte rapide","isPartOf":{"@id":"https:\/\/batijournal.com\/#website"},"primaryImageOfPage":{"@id":"https:\/\/batijournal.com\/index.php\/facades-disponibilite-et-mise-a-la-teinte-rapide\/101228\/#primaryimage"},"image":{"@id":"https:\/\/batijournal.com\/index.php\/facades-disponibilite-et-mise-a-la-teinte-rapide\/101228\/#primaryimage"},"thumbnailUrl":"https:\/\/batijournal.com\/wp-content\/uploads\/2019\/01\/Sto-n-Go.jpg","datePublished":"2019-01-17T07:40:28+00:00","dateModified":"2019-07-15T10:33:22+00:00","author":{"@id":"https:\/\/batijournal.com\/#\/schema\/person\/1dc96ec6957aa1ccb25ebe78bb19f100"},"description":"Sto d\u00e9ploie dans toutes ses agences un nouveau service baptis\u00e9 Sto\u2019n\u2019Go*. Objectif : offrir \u00e0 ses clients disponibilit\u00e9 et r\u00e9activit\u00e9 de mise \u00e0 la teinte","breadcrumb":{"@id":"https:\/\/batijournal.com\/index.php\/facades-disponibilite-et-mise-a-la-teinte-rapide\/101228\/#breadcrumb"},"inLanguage":"fr-FR","potentialAction":[{"@type":"ReadAction","target":["https:\/\/batijournal.com\/index.php\/facades-disponibilite-et-mise-a-la-teinte-rapide\/101228\/"]}]},{"@type":"ImageObject","inLanguage":"fr-FR","@id":"https:\/\/batijournal.com\/index.php\/facades-disponibilite-et-mise-a-la-teinte-rapide\/101228\/#primaryimage","url":"https:\/\/batijournal.com\/wp-content\/uploads\/2019\/01\/Sto-n-Go.jpg","contentUrl":"https:\/\/batijournal.com\/wp-content\/uploads\/2019\/01\/Sto-n-Go.jpg","width":1200,"height":724},{"@type":"BreadcrumbList","@id":"https:\/\/batijournal.com\/index.php\/facades-disponibilite-et-mise-a-la-teinte-rapide\/101228\/#breadcrumb","itemListElement":[{"@type":"ListItem","position":1,"name":"Accueil","item":"https:\/\/batijournal.com\/"},{"@type":"ListItem","position":2,"name":"Produits &amp; Solutions techniques","item":"https:\/\/batijournal.com\/index.php\/category\/produits-solutions-techniques\/"},{"@type":"ListItem","position":3,"name":"Fa\u00e7ades : disponibilit\u00e9 et mise \u00e0 la teinte rapide"}]},{"@type":"WebSite","@id":"https:\/\/batijournal.com\/#website","url":"https:\/\/batijournal.com\/","name":"Batijournal","description":"L&#039;actualit\u00e9 du b\u00e2timent","potentialAction":[{"@type":"SearchAction","target":{"@type":"EntryPoint","urlTemplate":"https:\/\/batijournal.com\/?s={search_term_string}"},"query-input":{"@type":"PropertyValueSpecification","valueRequired":true,"valueName":"search_term_string"}}],"inLanguage":"fr-FR"},{"@type":"Person","@id":"https:\/\/batijournal.com\/#\/schema\/person\/1dc96ec6957aa1ccb25ebe78bb19f100","name":"St\u00e9phane Miget","image":{"@type":"ImageObject","inLanguage":"fr-FR","@id":"https:\/\/secure.gravatar.com\/avatar\/89915563d925342126b8ef0281b93d9d7fc337043e8df017f780908eb9644451?s=96&d=mm&r=g","url":"https:\/\/secure.gravatar.com\/avatar\/89915563d925342126b8ef0281b93d9d7fc337043e8df017f780908eb9644451?s=96&d=mm&r=g","contentUrl":"https:\/\/secure.gravatar.com\/avatar\/89915563d925342126b8ef0281b93d9d7fc337043e8df017f780908eb9644451?s=96&d=mm&r=g","caption":"St\u00e9phane Miget"},"url":"https:\/\/batijournal.com\/index.php\/author\/stephane\/"}]}},"_links":{"self":[{"href":"https:\/\/batijournal.com\/index.php\/wp-json\/wp\/v2\/posts\/101228","targetHints":{"allow":["GET"]}}],"collection":[{"href":"https:\/\/batijournal.com\/index.php\/wp-json\/wp\/v2\/posts"}],"about":[{"href":"https:\/\/batijournal.com\/index.php\/wp-json\/wp\/v2\/types\/post"}],"author":[{"embeddable":true,"href":"https:\/\/batijournal.com\/index.php\/wp-json\/wp\/v2\/users\/17"}],"replies":[{"embeddable":true,"href":"https:\/\/batijournal.com\/index.php\/wp-json\/wp\/v2\/comments?post=101228"}],"version-history":[{"count":0,"href":"https:\/\/batijournal.com\/index.php\/wp-json\/wp\/v2\/posts\/101228\/revisions"}],"wp:featuredmedia":[{"embeddable":true,"href":"https:\/\/batijournal.com\/index.php\/wp-json\/wp\/v2\/media\/101232"}],"wp:attachment":[{"href":"https:\/\/batijournal.com\/index.php\/wp-json\/wp\/v2\/media?parent=101228"}],"wp:term":[{"taxonomy":"category","embeddable":true,"href":"https:\/\/batijournal.com\/index.php\/wp-json\/wp\/v2\/categories?post=101228"},{"taxonomy":"post_tag","embeddable":true,"href":"https:\/\/batijournal.com\/index.php\/wp-json\/wp\/v2\/tags?post=101228"}],"curies":[{"name":"wp","href":"https:\/\/api.w.org\/{rel}","templated":true}]}}