{"id":101236,"date":"2019-01-17T17:36:07","date_gmt":"2019-01-17T16:36:07","guid":{"rendered":"https:\/\/batijournal.com\/?p=101236"},"modified":"2019-01-23T11:31:20","modified_gmt":"2019-01-23T10:31:20","slug":"lancement-du-contrat-detudes-prospectives-bois","status":"publish","type":"post","link":"https:\/\/batijournal.com\/index.php\/lancement-du-contrat-detudes-prospectives-bois\/101236\/","title":{"rendered":"Lancement du Contrat d&rsquo;\u00e9tudes prospectives bois"},"content":{"rendered":"<p align=\"LEFT\"><span style=\"color: #000000;\"><span style=\"font-family: Arial, sans-serif;\"><span style=\"font-size: medium;\">Suite \u00e0 un accord-cadre national sign\u00e9 le 18 d\u00e9cembre 2018, le minist\u00e8re du Travail et les repr\u00e9sentants de la fili\u00e8re bois fran\u00e7aise se sont r\u00e9unis jeudi 17 janvier 2019 \u00e0 Paris pour le lancement des travaux du Contrat d\u2019\u00e9tudes prospectives (C\u00c9P) bois sur les m\u00e9tiers et les comp\u00e9tences pour le secteur des produits bois dans la construction et l\u2019am\u00e9nagement, pour venir en soutien \u00e0 la d\u00e9cision et \u00e0 la construction d\u2019un plan d\u2019action. Le C\u00c9P a pour objectif d\u2019analyser la situation actuelle et l\u2019\u00e9volution des emplois, des m\u00e9tiers, des comp\u00e9tences et des formations au regard des nombreux d\u00e9fis tant \u00e9conomiques que technologiques auxquels les entreprises devront faire face \u00e0 court et moyen terme. Il devra permettre de disposer d\u2019un outil d\u2019identification des besoins de recrutement des entreprises en fonction des sp\u00e9cialit\u00e9s et des sp\u00e9cificit\u00e9s territoriales. Il couvrira les activit\u00e9s \u00e9num\u00e9r\u00e9es dans le champ d\u2019application des conventions collectives nationales suivantes : travail m\u00e9canique du bois, des scieries, du n\u00e9goce et de l\u2019importation des bois ; scieries agricoles et exploitations foresti\u00e8res ; industrie des panneaux \u00e0 base de bois ; b\u00e2timent (ouvriers et cadres) ; menuiseries, charpentes et constructions industrialis\u00e9es et portes planes ; fabrication de l\u2019ameublement. CONSTRUCTYS, OPCA 3+ et OPCALIA sont mandat\u00e9s par les signataires de l&rsquo;accord pour \u00eatre organismes relais du C\u00c9P. <\/span><\/span><\/span><\/p>\n<p align=\"LEFT\"><span style=\"color: #ff3333;\"><span style=\"font-family: Arial, sans-serif;\"><span style=\"font-size: medium;\"><span style=\"color: #000000;\">De gauche \u00e0 droite\u00a0: <\/span><span style=\"color: #000000;\"><i>Jean-Marc Desmedt, Capeb\u00a0&#8211; Carine\u00a0 Chevrier, DGEFP &#8211; Nicolas Douzain, FNB &#8211; Luc Charmasson, CSF Bois &#8211; <\/i><\/span><span style=\"color: #000000;\"><i>Romain Cancler, UICB &#8211; Anne Midavaine, Ameublement fran\u00e7ais &#8211; Thierry Ducros, UMB-FFB &#8211; Gaetan Nugues, FO \u2013 Olivier Hugon-Nicolas, UIPP<\/i><\/span><\/span><\/span><\/span><\/p>\n","protected":false},"excerpt":{"rendered":"<p>Suite \u00e0 un accord-cadre national sign\u00e9 le 18 d\u00e9cembre 2018, le minist\u00e8re du Travail et les repr\u00e9sentants de la fili\u00e8re bois fran\u00e7aise se sont r\u00e9unis jeudi 17 janvier 2019 \u00e0 Paris pour le lancement des travaux du Contrat d\u2019\u00e9tudes prospectives (C\u00c9P) bois sur les m\u00e9tiers et les comp\u00e9tences pour le secteur des produits bois dans [&hellip;]<\/p>\n","protected":false},"author":17,"featured_media":101237,"comment_status":"closed","ping_status":"closed","sticky":false,"template":"","format":"standard","meta":{"_et_pb_use_builder":"","_et_pb_old_content":"","_et_gb_content_width":"","footnotes":""},"categories":[10530,11953,10764],"tags":[12688,6001,517],"class_list":["post-101236","post","type-post","status-publish","format-standard","has-post-thumbnail","hentry","category-actualites","category-actualites-generalistes","category-woodsurfer","tag-cep","tag-csf-bois","tag-formation"],"yoast_head":"<!-- This site is optimized with the Yoast SEO plugin v27.4 - https:\/\/yoast.com\/product\/yoast-seo-wordpress\/ -->\n<title>Lancement du Contrat d&#039;\u00e9tudes prospectives bois<\/title>\n<meta name=\"description\" content=\"Le minist\u00e8re du Travail et les repr\u00e9sentants de la fili\u00e8re bois fran\u00e7aise se sont r\u00e9unis jeudi 17 janvier \u00e0 Paris pour le lancement des travaux du Contrat d\u2019\u00e9tudes prospectives (C\u00c9P)\" \/>\n<meta name=\"robots\" content=\"index, follow, max-snippet:-1, max-image-preview:large, max-video-preview:-1\" \/>\n<link rel=\"canonical\" href=\"https:\/\/batijournal.com\/index.php\/lancement-du-contrat-detudes-prospectives-bois\/101236\/\" \/>\n<meta property=\"og:locale\" content=\"fr_FR\" \/>\n<meta property=\"og:type\" content=\"article\" \/>\n<meta property=\"og:title\" content=\"Lancement du Contrat d&#039;\u00e9tudes prospectives bois\" \/>\n<meta property=\"og:description\" content=\"Le minist\u00e8re du Travail et les repr\u00e9sentants de la fili\u00e8re bois fran\u00e7aise se sont r\u00e9unis jeudi 17 janvier \u00e0 Paris pour le lancement des travaux du Contrat d\u2019\u00e9tudes prospectives (C\u00c9P)\" \/>\n<meta property=\"og:url\" content=\"https:\/\/batijournal.com\/index.php\/lancement-du-contrat-detudes-prospectives-bois\/101236\/\" \/>\n<meta property=\"og:site_name\" content=\"Batijournal\" \/>\n<meta property=\"article:published_time\" content=\"2019-01-17T16:36:07+00:00\" \/>\n<meta property=\"article:modified_time\" content=\"2019-01-23T10:31:20+00:00\" \/>\n<meta property=\"og:image\" content=\"https:\/\/batijournal.com\/wp-content\/uploads\/2019\/01\/190117_Photo-Lancement-CEP.jpg\" \/>\n\t<meta property=\"og:image:width\" content=\"1632\" \/>\n\t<meta property=\"og:image:height\" content=\"1224\" \/>\n\t<meta property=\"og:image:type\" content=\"image\/jpeg\" \/>\n<meta name=\"author\" content=\"St\u00e9phane Miget\" \/>\n<meta name=\"twitter:card\" content=\"summary_large_image\" \/>\n<meta name=\"twitter:creator\" content=\"@bati_journal\" \/>\n<meta name=\"twitter:site\" content=\"@bati_journal\" \/>\n<meta name=\"twitter:label1\" content=\"\u00c9crit par\" \/>\n\t<meta name=\"twitter:data1\" content=\"St\u00e9phane Miget\" \/>\n\t<meta name=\"twitter:label2\" content=\"Dur\u00e9e de lecture estim\u00e9e\" \/>\n\t<meta name=\"twitter:data2\" content=\"1 minute\" \/>\n<script type=\"application\/ld+json\" class=\"yoast-schema-graph\">{\"@context\":\"https:\\\/\\\/schema.org\",\"@graph\":[{\"@type\":\"Article\",\"@id\":\"https:\\\/\\\/batijournal.com\\\/index.php\\\/lancement-du-contrat-detudes-prospectives-bois\\\/101236\\\/#article\",\"isPartOf\":{\"@id\":\"https:\\\/\\\/batijournal.com\\\/index.php\\\/lancement-du-contrat-detudes-prospectives-bois\\\/101236\\\/\"},\"author\":{\"name\":\"St\u00e9phane Miget\",\"@id\":\"https:\\\/\\\/batijournal.com\\\/#\\\/schema\\\/person\\\/1dc96ec6957aa1ccb25ebe78bb19f100\"},\"headline\":\"Lancement du Contrat d&rsquo;\u00e9tudes prospectives bois\",\"datePublished\":\"2019-01-17T16:36:07+00:00\",\"dateModified\":\"2019-01-23T10:31:20+00:00\",\"mainEntityOfPage\":{\"@id\":\"https:\\\/\\\/batijournal.com\\\/index.php\\\/lancement-du-contrat-detudes-prospectives-bois\\\/101236\\\/\"},\"wordCount\":284,\"image\":{\"@id\":\"https:\\\/\\\/batijournal.com\\\/index.php\\\/lancement-du-contrat-detudes-prospectives-bois\\\/101236\\\/#primaryimage\"},\"thumbnailUrl\":\"https:\\\/\\\/batijournal.com\\\/wp-content\\\/uploads\\\/2019\\\/01\\\/190117_Photo-Lancement-CEP.jpg\",\"keywords\":[\"C\u00c9P\",\"CSF bois\",\"formation\"],\"articleSection\":[\"Actualit\u00e9s\",\"Actualit\u00e9s g\u00e9n\u00e9ralistes\",\"zz_Woodsurfer\"],\"inLanguage\":\"fr-FR\"},{\"@type\":\"WebPage\",\"@id\":\"https:\\\/\\\/batijournal.com\\\/index.php\\\/lancement-du-contrat-detudes-prospectives-bois\\\/101236\\\/\",\"url\":\"https:\\\/\\\/batijournal.com\\\/index.php\\\/lancement-du-contrat-detudes-prospectives-bois\\\/101236\\\/\",\"name\":\"Lancement du Contrat d'\u00e9tudes prospectives bois\",\"isPartOf\":{\"@id\":\"https:\\\/\\\/batijournal.com\\\/#website\"},\"primaryImageOfPage\":{\"@id\":\"https:\\\/\\\/batijournal.com\\\/index.php\\\/lancement-du-contrat-detudes-prospectives-bois\\\/101236\\\/#primaryimage\"},\"image\":{\"@id\":\"https:\\\/\\\/batijournal.com\\\/index.php\\\/lancement-du-contrat-detudes-prospectives-bois\\\/101236\\\/#primaryimage\"},\"thumbnailUrl\":\"https:\\\/\\\/batijournal.com\\\/wp-content\\\/uploads\\\/2019\\\/01\\\/190117_Photo-Lancement-CEP.jpg\",\"datePublished\":\"2019-01-17T16:36:07+00:00\",\"dateModified\":\"2019-01-23T10:31:20+00:00\",\"author\":{\"@id\":\"https:\\\/\\\/batijournal.com\\\/#\\\/schema\\\/person\\\/1dc96ec6957aa1ccb25ebe78bb19f100\"},\"description\":\"Le minist\u00e8re du Travail et les repr\u00e9sentants de la fili\u00e8re bois fran\u00e7aise se sont r\u00e9unis jeudi 17 janvier \u00e0 Paris pour le lancement des travaux du Contrat d\u2019\u00e9tudes prospectives (C\u00c9P)\",\"breadcrumb\":{\"@id\":\"https:\\\/\\\/batijournal.com\\\/index.php\\\/lancement-du-contrat-detudes-prospectives-bois\\\/101236\\\/#breadcrumb\"},\"inLanguage\":\"fr-FR\",\"potentialAction\":[{\"@type\":\"ReadAction\",\"target\":[\"https:\\\/\\\/batijournal.com\\\/index.php\\\/lancement-du-contrat-detudes-prospectives-bois\\\/101236\\\/\"]}]},{\"@type\":\"ImageObject\",\"inLanguage\":\"fr-FR\",\"@id\":\"https:\\\/\\\/batijournal.com\\\/index.php\\\/lancement-du-contrat-detudes-prospectives-bois\\\/101236\\\/#primaryimage\",\"url\":\"https:\\\/\\\/batijournal.com\\\/wp-content\\\/uploads\\\/2019\\\/01\\\/190117_Photo-Lancement-CEP.jpg\",\"contentUrl\":\"https:\\\/\\\/batijournal.com\\\/wp-content\\\/uploads\\\/2019\\\/01\\\/190117_Photo-Lancement-CEP.jpg\",\"width\":1632,\"height\":1224},{\"@type\":\"BreadcrumbList\",\"@id\":\"https:\\\/\\\/batijournal.com\\\/index.php\\\/lancement-du-contrat-detudes-prospectives-bois\\\/101236\\\/#breadcrumb\",\"itemListElement\":[{\"@type\":\"ListItem\",\"position\":1,\"name\":\"Accueil\",\"item\":\"https:\\\/\\\/batijournal.com\\\/\"},{\"@type\":\"ListItem\",\"position\":2,\"name\":\"Actualit\u00e9s\",\"item\":\"https:\\\/\\\/batijournal.com\\\/index.php\\\/category\\\/actualites\\\/\"},{\"@type\":\"ListItem\",\"position\":3,\"name\":\"Lancement du Contrat d&rsquo;\u00e9tudes prospectives bois\"}]},{\"@type\":\"WebSite\",\"@id\":\"https:\\\/\\\/batijournal.com\\\/#website\",\"url\":\"https:\\\/\\\/batijournal.com\\\/\",\"name\":\"Batijournal\",\"description\":\"L&#039;actualit\u00e9 du b\u00e2timent\",\"potentialAction\":[{\"@type\":\"SearchAction\",\"target\":{\"@type\":\"EntryPoint\",\"urlTemplate\":\"https:\\\/\\\/batijournal.com\\\/?s={search_term_string}\"},\"query-input\":{\"@type\":\"PropertyValueSpecification\",\"valueRequired\":true,\"valueName\":\"search_term_string\"}}],\"inLanguage\":\"fr-FR\"},{\"@type\":\"Person\",\"@id\":\"https:\\\/\\\/batijournal.com\\\/#\\\/schema\\\/person\\\/1dc96ec6957aa1ccb25ebe78bb19f100\",\"name\":\"St\u00e9phane Miget\",\"image\":{\"@type\":\"ImageObject\",\"inLanguage\":\"fr-FR\",\"@id\":\"https:\\\/\\\/secure.gravatar.com\\\/avatar\\\/89915563d925342126b8ef0281b93d9d7fc337043e8df017f780908eb9644451?s=96&d=mm&r=g\",\"url\":\"https:\\\/\\\/secure.gravatar.com\\\/avatar\\\/89915563d925342126b8ef0281b93d9d7fc337043e8df017f780908eb9644451?s=96&d=mm&r=g\",\"contentUrl\":\"https:\\\/\\\/secure.gravatar.com\\\/avatar\\\/89915563d925342126b8ef0281b93d9d7fc337043e8df017f780908eb9644451?s=96&d=mm&r=g\",\"caption\":\"St\u00e9phane Miget\"},\"url\":\"https:\\\/\\\/batijournal.com\\\/index.php\\\/author\\\/stephane\\\/\"}]}<\/script>\n<!-- \/ Yoast SEO plugin. -->","yoast_head_json":{"title":"Lancement du Contrat d'\u00e9tudes prospectives bois","description":"Le minist\u00e8re du Travail et les repr\u00e9sentants de la fili\u00e8re bois fran\u00e7aise se sont r\u00e9unis jeudi 17 janvier \u00e0 Paris pour le lancement des travaux du Contrat d\u2019\u00e9tudes prospectives (C\u00c9P)","robots":{"index":"index","follow":"follow","max-snippet":"max-snippet:-1","max-image-preview":"max-image-preview:large","max-video-preview":"max-video-preview:-1"},"canonical":"https:\/\/batijournal.com\/index.php\/lancement-du-contrat-detudes-prospectives-bois\/101236\/","og_locale":"fr_FR","og_type":"article","og_title":"Lancement du Contrat d'\u00e9tudes prospectives bois","og_description":"Le minist\u00e8re du Travail et les repr\u00e9sentants de la fili\u00e8re bois fran\u00e7aise se sont r\u00e9unis jeudi 17 janvier \u00e0 Paris pour le lancement des travaux du Contrat d\u2019\u00e9tudes prospectives (C\u00c9P)","og_url":"https:\/\/batijournal.com\/index.php\/lancement-du-contrat-detudes-prospectives-bois\/101236\/","og_site_name":"Batijournal","article_published_time":"2019-01-17T16:36:07+00:00","article_modified_time":"2019-01-23T10:31:20+00:00","og_image":[{"width":1632,"height":1224,"url":"https:\/\/batijournal.com\/wp-content\/uploads\/2019\/01\/190117_Photo-Lancement-CEP.jpg","type":"image\/jpeg"}],"author":"St\u00e9phane Miget","twitter_card":"summary_large_image","twitter_creator":"@bati_journal","twitter_site":"@bati_journal","twitter_misc":{"\u00c9crit par":"St\u00e9phane Miget","Dur\u00e9e de lecture estim\u00e9e":"1 minute"},"schema":{"@context":"https:\/\/schema.org","@graph":[{"@type":"Article","@id":"https:\/\/batijournal.com\/index.php\/lancement-du-contrat-detudes-prospectives-bois\/101236\/#article","isPartOf":{"@id":"https:\/\/batijournal.com\/index.php\/lancement-du-contrat-detudes-prospectives-bois\/101236\/"},"author":{"name":"St\u00e9phane Miget","@id":"https:\/\/batijournal.com\/#\/schema\/person\/1dc96ec6957aa1ccb25ebe78bb19f100"},"headline":"Lancement du Contrat d&rsquo;\u00e9tudes prospectives bois","datePublished":"2019-01-17T16:36:07+00:00","dateModified":"2019-01-23T10:31:20+00:00","mainEntityOfPage":{"@id":"https:\/\/batijournal.com\/index.php\/lancement-du-contrat-detudes-prospectives-bois\/101236\/"},"wordCount":284,"image":{"@id":"https:\/\/batijournal.com\/index.php\/lancement-du-contrat-detudes-prospectives-bois\/101236\/#primaryimage"},"thumbnailUrl":"https:\/\/batijournal.com\/wp-content\/uploads\/2019\/01\/190117_Photo-Lancement-CEP.jpg","keywords":["C\u00c9P","CSF bois","formation"],"articleSection":["Actualit\u00e9s","Actualit\u00e9s g\u00e9n\u00e9ralistes","zz_Woodsurfer"],"inLanguage":"fr-FR"},{"@type":"WebPage","@id":"https:\/\/batijournal.com\/index.php\/lancement-du-contrat-detudes-prospectives-bois\/101236\/","url":"https:\/\/batijournal.com\/index.php\/lancement-du-contrat-detudes-prospectives-bois\/101236\/","name":"Lancement du Contrat d'\u00e9tudes prospectives bois","isPartOf":{"@id":"https:\/\/batijournal.com\/#website"},"primaryImageOfPage":{"@id":"https:\/\/batijournal.com\/index.php\/lancement-du-contrat-detudes-prospectives-bois\/101236\/#primaryimage"},"image":{"@id":"https:\/\/batijournal.com\/index.php\/lancement-du-contrat-detudes-prospectives-bois\/101236\/#primaryimage"},"thumbnailUrl":"https:\/\/batijournal.com\/wp-content\/uploads\/2019\/01\/190117_Photo-Lancement-CEP.jpg","datePublished":"2019-01-17T16:36:07+00:00","dateModified":"2019-01-23T10:31:20+00:00","author":{"@id":"https:\/\/batijournal.com\/#\/schema\/person\/1dc96ec6957aa1ccb25ebe78bb19f100"},"description":"Le minist\u00e8re du Travail et les repr\u00e9sentants de la fili\u00e8re bois fran\u00e7aise se sont r\u00e9unis jeudi 17 janvier \u00e0 Paris pour le lancement des travaux du Contrat d\u2019\u00e9tudes prospectives (C\u00c9P)","breadcrumb":{"@id":"https:\/\/batijournal.com\/index.php\/lancement-du-contrat-detudes-prospectives-bois\/101236\/#breadcrumb"},"inLanguage":"fr-FR","potentialAction":[{"@type":"ReadAction","target":["https:\/\/batijournal.com\/index.php\/lancement-du-contrat-detudes-prospectives-bois\/101236\/"]}]},{"@type":"ImageObject","inLanguage":"fr-FR","@id":"https:\/\/batijournal.com\/index.php\/lancement-du-contrat-detudes-prospectives-bois\/101236\/#primaryimage","url":"https:\/\/batijournal.com\/wp-content\/uploads\/2019\/01\/190117_Photo-Lancement-CEP.jpg","contentUrl":"https:\/\/batijournal.com\/wp-content\/uploads\/2019\/01\/190117_Photo-Lancement-CEP.jpg","width":1632,"height":1224},{"@type":"BreadcrumbList","@id":"https:\/\/batijournal.com\/index.php\/lancement-du-contrat-detudes-prospectives-bois\/101236\/#breadcrumb","itemListElement":[{"@type":"ListItem","position":1,"name":"Accueil","item":"https:\/\/batijournal.com\/"},{"@type":"ListItem","position":2,"name":"Actualit\u00e9s","item":"https:\/\/batijournal.com\/index.php\/category\/actualites\/"},{"@type":"ListItem","position":3,"name":"Lancement du Contrat d&rsquo;\u00e9tudes prospectives bois"}]},{"@type":"WebSite","@id":"https:\/\/batijournal.com\/#website","url":"https:\/\/batijournal.com\/","name":"Batijournal","description":"L&#039;actualit\u00e9 du b\u00e2timent","potentialAction":[{"@type":"SearchAction","target":{"@type":"EntryPoint","urlTemplate":"https:\/\/batijournal.com\/?s={search_term_string}"},"query-input":{"@type":"PropertyValueSpecification","valueRequired":true,"valueName":"search_term_string"}}],"inLanguage":"fr-FR"},{"@type":"Person","@id":"https:\/\/batijournal.com\/#\/schema\/person\/1dc96ec6957aa1ccb25ebe78bb19f100","name":"St\u00e9phane Miget","image":{"@type":"ImageObject","inLanguage":"fr-FR","@id":"https:\/\/secure.gravatar.com\/avatar\/89915563d925342126b8ef0281b93d9d7fc337043e8df017f780908eb9644451?s=96&d=mm&r=g","url":"https:\/\/secure.gravatar.com\/avatar\/89915563d925342126b8ef0281b93d9d7fc337043e8df017f780908eb9644451?s=96&d=mm&r=g","contentUrl":"https:\/\/secure.gravatar.com\/avatar\/89915563d925342126b8ef0281b93d9d7fc337043e8df017f780908eb9644451?s=96&d=mm&r=g","caption":"St\u00e9phane Miget"},"url":"https:\/\/batijournal.com\/index.php\/author\/stephane\/"}]}},"_links":{"self":[{"href":"https:\/\/batijournal.com\/index.php\/wp-json\/wp\/v2\/posts\/101236","targetHints":{"allow":["GET"]}}],"collection":[{"href":"https:\/\/batijournal.com\/index.php\/wp-json\/wp\/v2\/posts"}],"about":[{"href":"https:\/\/batijournal.com\/index.php\/wp-json\/wp\/v2\/types\/post"}],"author":[{"embeddable":true,"href":"https:\/\/batijournal.com\/index.php\/wp-json\/wp\/v2\/users\/17"}],"replies":[{"embeddable":true,"href":"https:\/\/batijournal.com\/index.php\/wp-json\/wp\/v2\/comments?post=101236"}],"version-history":[{"count":0,"href":"https:\/\/batijournal.com\/index.php\/wp-json\/wp\/v2\/posts\/101236\/revisions"}],"wp:featuredmedia":[{"embeddable":true,"href":"https:\/\/batijournal.com\/index.php\/wp-json\/wp\/v2\/media\/101237"}],"wp:attachment":[{"href":"https:\/\/batijournal.com\/index.php\/wp-json\/wp\/v2\/media?parent=101236"}],"wp:term":[{"taxonomy":"category","embeddable":true,"href":"https:\/\/batijournal.com\/index.php\/wp-json\/wp\/v2\/categories?post=101236"},{"taxonomy":"post_tag","embeddable":true,"href":"https:\/\/batijournal.com\/index.php\/wp-json\/wp\/v2\/tags?post=101236"}],"curies":[{"name":"wp","href":"https:\/\/api.w.org\/{rel}","templated":true}]}}