{"id":101251,"date":"2019-01-23T09:47:26","date_gmt":"2019-01-23T08:47:26","guid":{"rendered":"https:\/\/batijournal.com\/?p=101251"},"modified":"2019-07-15T11:14:43","modified_gmt":"2019-07-15T09:14:43","slug":"trois-projets-de-rehabilitation-situes-dans-des-zones-de-post-conflit","status":"publish","type":"post","link":"https:\/\/batijournal.com\/index.php\/trois-projets-de-rehabilitation-situes-dans-des-zones-de-post-conflit\/101251\/","title":{"rendered":"Trois projets de r\u00e9habilitation situ\u00e9s dans des zones de post-conflit"},"content":{"rendered":"<p><strong>La fondation pour l\u2019Alliance internationale pour la protection du patrimoine dans les zones de conflit (Aliph), dont l&rsquo;ambition est de \u00ab\u00a0prot\u00e9ger le patrimoine pour construire la paix\u00a0\u00bb, soutient trois projets de r\u00e9habilitation situ\u00e9s dans des zones de post-conflit : la r\u00e9habilitation du mus\u00e9e de Mossoul et celle du monast\u00e8re de Mar Behnam, en Irak et la restauration du tombeau des Askia, \u00e0 Gao au Mali.<\/strong><\/p>\n<p><strong>La r\u00e9habilitation du mus\u00e9e de Mossoul<\/strong><br \/>\nEn collaboration avec le Conseil national irakien des antiquit\u00e9s et du patrimoine, ALIPH soutient l\u2019\u00e9valuation des importants dommages inflig\u00e9s au mus\u00e9e par Daech en 2014. La fondation finance \u00e0 hauteur de 480 000 $ la phase initiale de ce projet, qui consiste \u00e0 permettre l\u2019\u00e9valuation pr\u00e9cise des dommages caus\u00e9s et la d\u00e9finition des besoins afin de donner naissance \u00e0 un projet d\u2019avenir pour le mus\u00e9e. Cette premi\u00e8re \u00e9tape est men\u00e9e conjointement par la Smithsonian Institution et le mus\u00e9e du Louvre.<\/p>\n<p><strong>La r\u00e9habilitation du monast\u00e8re de Mar Behnam<\/strong><br \/>\nLe Monast\u00e8re de Mar Behnam \u00e0 Khidr, dans le nord de l\u2019Irak \u2013 monument du 4e si\u00e8cle, qui poss\u00e9dait notamment une des plus importantes biblioth\u00e8ques syriaques au monde \u2013 a \u00e9t\u00e9 d\u00e9truit par Daech en 2015. Le projet, initi\u00e9 par l\u2019association Fraternit\u00e9 en Irak, a permis la r\u00e9habilitation de plusieurs parties de l\u2019\u00e9glise et de la tombe. ALIPH a contribu\u00e9 \u00e0 ce projet \u00e0 hauteur de 250 000 $.<\/p>\n<p><strong>La r\u00e9habilitation du tombeau des Askia \u00e0 Gao<\/strong><br \/>\nCe deuxi\u00e8me projet a pour ambition d\u2019assurer la restauration du monument. L\u2019occupation de la ville par des groupes arm\u00e9s en 2012-2013 a emp\u00each\u00e9 le travail d\u2019entretien annuel des autorit\u00e9s locales et la tombe &#8211; datant de la fin du 15e si\u00e8cle et inscrite depuis 2012 sur la liste du patrimoine mondial en p\u00e9ril de l\u2019UNSECO &#8211; risque aujourd\u2019hui de s\u2019effondrer. Le projet est men\u00e9 par la Direction nationale du patrimoine culturel du Mali en collaboration avec l\u2019association CRAterre. ALIPH apporte un soutien financier d\u2019un montant de 500 000 $.<\/p>\n<p>Les institutions patrimoniales peuvent r\u00e9pondre jusqu\u2019au 15 mars 2019, et contribuer ainsi \u00e0 la cause de la protection du patrimoine dans les pays frapp\u00e9s par la guerre. Les projets retenus seront s\u00e9lectionn\u00e9s par le Conseil de fondation, pr\u00e9sid\u00e9 par Thomas S. Kaplan, entrepreneur et philanthrope am\u00e9ricain, apr\u00e8s consultation du Comit\u00e9 scientifique, pr\u00e9sid\u00e9 par Jean-Luc Martinez, pr\u00e9sident-directeur du mus\u00e9e du Louvre. L&rsquo;Aliph lance \u00e9galement sur son site internetun vaste appel en vue de soutenir des projets de pr\u00e9vention, de protection ou de restauration de toutes tailles, des plus modestes initiatives locales \u00e0 d\u2019ambitieux programmes de longue dur\u00e9e.<\/p>\n<p><a href=\"https:\/\/www.aliph-foundation.org\/fr\" target=\"_blank\" rel=\"noopener noreferrer\">https:\/\/www.aliph-foundation.org\/fr<\/a><\/p>\n<p>&nbsp;<\/p>\n<p>Photo : Monast\u00e8re de Mar Behnam (Irak) \u00a9 Fraternit\u00e9 en Irak<\/p>\n<p>&nbsp;<\/p>\n","protected":false},"excerpt":{"rendered":"<p>La fondation pour l\u2019Alliance internationale pour la protection du patrimoine dans les zones de conflit (Aliph), dont l&rsquo;ambition est de \u00ab\u00a0prot\u00e9ger le patrimoine pour construire la paix\u00a0\u00bb, soutient trois projets de r\u00e9habilitation situ\u00e9s dans des zones de post-conflit : la r\u00e9habilitation du mus\u00e9e de Mossoul et celle du monast\u00e8re de Mar Behnam, en Irak et [&hellip;]<\/p>\n","protected":false},"author":17,"featured_media":101253,"comment_status":"closed","ping_status":"closed","sticky":false,"template":"","format":"standard","meta":{"_et_pb_use_builder":"","_et_pb_old_content":"","_et_gb_content_width":"","footnotes":""},"categories":[10530,6340,10785],"tags":[12691],"class_list":["post-101251","post","type-post","status-publish","format-standard","has-post-thumbnail","hentry","category-actualites","category-architecture-conception","category-atrium","tag-protection-du-patrimoine"],"yoast_head":"<!-- This site is optimized with the Yoast SEO plugin v27.4 - https:\/\/yoast.com\/product\/yoast-seo-wordpress\/ -->\n<title>Trois projets de r\u00e9habilitation situ\u00e9s dans des zones de post-conflit<\/title>\n<meta name=\"description\" content=\"La fondation pour l\u2019Alliance internationale pour la protection du patrimoine dans les zones de conflit (Aliph) soutient trois projets de r\u00e9habilitation\" \/>\n<meta name=\"robots\" content=\"index, follow, max-snippet:-1, max-image-preview:large, max-video-preview:-1\" \/>\n<link rel=\"canonical\" href=\"https:\/\/batijournal.com\/index.php\/trois-projets-de-rehabilitation-situes-dans-des-zones-de-post-conflit\/101251\/\" \/>\n<meta property=\"og:locale\" content=\"fr_FR\" \/>\n<meta property=\"og:type\" content=\"article\" \/>\n<meta property=\"og:title\" content=\"Trois projets de r\u00e9habilitation situ\u00e9s dans des zones de post-conflit\" \/>\n<meta property=\"og:description\" content=\"La fondation pour l\u2019Alliance internationale pour la protection du patrimoine dans les zones de conflit (Aliph) soutient trois projets de r\u00e9habilitation\" \/>\n<meta property=\"og:url\" content=\"https:\/\/batijournal.com\/index.php\/trois-projets-de-rehabilitation-situes-dans-des-zones-de-post-conflit\/101251\/\" \/>\n<meta property=\"og:site_name\" content=\"Batijournal\" \/>\n<meta property=\"article:published_time\" content=\"2019-01-23T08:47:26+00:00\" \/>\n<meta property=\"article:modified_time\" content=\"2019-07-15T09:14:43+00:00\" \/>\n<meta property=\"og:image\" content=\"https:\/\/batijournal.com\/wp-content\/uploads\/2019\/01\/Patrimoine-en-danger-Monastere-de-Mar-Behnam-Irak.jpg\" \/>\n\t<meta property=\"og:image:width\" content=\"603\" \/>\n\t<meta property=\"og:image:height\" content=\"402\" \/>\n\t<meta property=\"og:image:type\" content=\"image\/jpeg\" \/>\n<meta name=\"author\" content=\"St\u00e9phane Miget\" \/>\n<meta name=\"twitter:card\" content=\"summary_large_image\" \/>\n<meta name=\"twitter:creator\" content=\"@bati_journal\" \/>\n<meta name=\"twitter:site\" content=\"@bati_journal\" \/>\n<meta name=\"twitter:label1\" content=\"\u00c9crit par\" \/>\n\t<meta name=\"twitter:data1\" content=\"St\u00e9phane Miget\" \/>\n\t<meta name=\"twitter:label2\" content=\"Dur\u00e9e de lecture estim\u00e9e\" \/>\n\t<meta name=\"twitter:data2\" content=\"2 minutes\" \/>\n<script type=\"application\/ld+json\" class=\"yoast-schema-graph\">{\"@context\":\"https:\\\/\\\/schema.org\",\"@graph\":[{\"@type\":\"Article\",\"@id\":\"https:\\\/\\\/batijournal.com\\\/index.php\\\/trois-projets-de-rehabilitation-situes-dans-des-zones-de-post-conflit\\\/101251\\\/#article\",\"isPartOf\":{\"@id\":\"https:\\\/\\\/batijournal.com\\\/index.php\\\/trois-projets-de-rehabilitation-situes-dans-des-zones-de-post-conflit\\\/101251\\\/\"},\"author\":{\"name\":\"St\u00e9phane Miget\",\"@id\":\"https:\\\/\\\/batijournal.com\\\/#\\\/schema\\\/person\\\/1dc96ec6957aa1ccb25ebe78bb19f100\"},\"headline\":\"Trois projets de r\u00e9habilitation situ\u00e9s dans des zones de post-conflit\",\"datePublished\":\"2019-01-23T08:47:26+00:00\",\"dateModified\":\"2019-07-15T09:14:43+00:00\",\"mainEntityOfPage\":{\"@id\":\"https:\\\/\\\/batijournal.com\\\/index.php\\\/trois-projets-de-rehabilitation-situes-dans-des-zones-de-post-conflit\\\/101251\\\/\"},\"wordCount\":486,\"image\":{\"@id\":\"https:\\\/\\\/batijournal.com\\\/index.php\\\/trois-projets-de-rehabilitation-situes-dans-des-zones-de-post-conflit\\\/101251\\\/#primaryimage\"},\"thumbnailUrl\":\"https:\\\/\\\/batijournal.com\\\/wp-content\\\/uploads\\\/2019\\\/01\\\/Patrimoine-en-danger-Monastere-de-Mar-Behnam-Irak.jpg\",\"keywords\":[\"protection du patrimoine\"],\"articleSection\":[\"Actualit\u00e9s\",\"Architecture &amp; Conception\",\"zz_Atrium Patrimoine\"],\"inLanguage\":\"fr-FR\"},{\"@type\":\"WebPage\",\"@id\":\"https:\\\/\\\/batijournal.com\\\/index.php\\\/trois-projets-de-rehabilitation-situes-dans-des-zones-de-post-conflit\\\/101251\\\/\",\"url\":\"https:\\\/\\\/batijournal.com\\\/index.php\\\/trois-projets-de-rehabilitation-situes-dans-des-zones-de-post-conflit\\\/101251\\\/\",\"name\":\"Trois projets de r\u00e9habilitation situ\u00e9s dans des zones de post-conflit\",\"isPartOf\":{\"@id\":\"https:\\\/\\\/batijournal.com\\\/#website\"},\"primaryImageOfPage\":{\"@id\":\"https:\\\/\\\/batijournal.com\\\/index.php\\\/trois-projets-de-rehabilitation-situes-dans-des-zones-de-post-conflit\\\/101251\\\/#primaryimage\"},\"image\":{\"@id\":\"https:\\\/\\\/batijournal.com\\\/index.php\\\/trois-projets-de-rehabilitation-situes-dans-des-zones-de-post-conflit\\\/101251\\\/#primaryimage\"},\"thumbnailUrl\":\"https:\\\/\\\/batijournal.com\\\/wp-content\\\/uploads\\\/2019\\\/01\\\/Patrimoine-en-danger-Monastere-de-Mar-Behnam-Irak.jpg\",\"datePublished\":\"2019-01-23T08:47:26+00:00\",\"dateModified\":\"2019-07-15T09:14:43+00:00\",\"author\":{\"@id\":\"https:\\\/\\\/batijournal.com\\\/#\\\/schema\\\/person\\\/1dc96ec6957aa1ccb25ebe78bb19f100\"},\"description\":\"La fondation pour l\u2019Alliance internationale pour la protection du patrimoine dans les zones de conflit (Aliph) soutient trois projets de r\u00e9habilitation\",\"breadcrumb\":{\"@id\":\"https:\\\/\\\/batijournal.com\\\/index.php\\\/trois-projets-de-rehabilitation-situes-dans-des-zones-de-post-conflit\\\/101251\\\/#breadcrumb\"},\"inLanguage\":\"fr-FR\",\"potentialAction\":[{\"@type\":\"ReadAction\",\"target\":[\"https:\\\/\\\/batijournal.com\\\/index.php\\\/trois-projets-de-rehabilitation-situes-dans-des-zones-de-post-conflit\\\/101251\\\/\"]}]},{\"@type\":\"ImageObject\",\"inLanguage\":\"fr-FR\",\"@id\":\"https:\\\/\\\/batijournal.com\\\/index.php\\\/trois-projets-de-rehabilitation-situes-dans-des-zones-de-post-conflit\\\/101251\\\/#primaryimage\",\"url\":\"https:\\\/\\\/batijournal.com\\\/wp-content\\\/uploads\\\/2019\\\/01\\\/Patrimoine-en-danger-Monastere-de-Mar-Behnam-Irak.jpg\",\"contentUrl\":\"https:\\\/\\\/batijournal.com\\\/wp-content\\\/uploads\\\/2019\\\/01\\\/Patrimoine-en-danger-Monastere-de-Mar-Behnam-Irak.jpg\",\"width\":603,\"height\":402},{\"@type\":\"BreadcrumbList\",\"@id\":\"https:\\\/\\\/batijournal.com\\\/index.php\\\/trois-projets-de-rehabilitation-situes-dans-des-zones-de-post-conflit\\\/101251\\\/#breadcrumb\",\"itemListElement\":[{\"@type\":\"ListItem\",\"position\":1,\"name\":\"Accueil\",\"item\":\"https:\\\/\\\/batijournal.com\\\/\"},{\"@type\":\"ListItem\",\"position\":2,\"name\":\"Actualit\u00e9s\",\"item\":\"https:\\\/\\\/batijournal.com\\\/index.php\\\/category\\\/actualites\\\/\"},{\"@type\":\"ListItem\",\"position\":3,\"name\":\"Trois projets de r\u00e9habilitation situ\u00e9s dans des zones de post-conflit\"}]},{\"@type\":\"WebSite\",\"@id\":\"https:\\\/\\\/batijournal.com\\\/#website\",\"url\":\"https:\\\/\\\/batijournal.com\\\/\",\"name\":\"Batijournal\",\"description\":\"L&#039;actualit\u00e9 du b\u00e2timent\",\"potentialAction\":[{\"@type\":\"SearchAction\",\"target\":{\"@type\":\"EntryPoint\",\"urlTemplate\":\"https:\\\/\\\/batijournal.com\\\/?s={search_term_string}\"},\"query-input\":{\"@type\":\"PropertyValueSpecification\",\"valueRequired\":true,\"valueName\":\"search_term_string\"}}],\"inLanguage\":\"fr-FR\"},{\"@type\":\"Person\",\"@id\":\"https:\\\/\\\/batijournal.com\\\/#\\\/schema\\\/person\\\/1dc96ec6957aa1ccb25ebe78bb19f100\",\"name\":\"St\u00e9phane Miget\",\"image\":{\"@type\":\"ImageObject\",\"inLanguage\":\"fr-FR\",\"@id\":\"https:\\\/\\\/secure.gravatar.com\\\/avatar\\\/89915563d925342126b8ef0281b93d9d7fc337043e8df017f780908eb9644451?s=96&d=mm&r=g\",\"url\":\"https:\\\/\\\/secure.gravatar.com\\\/avatar\\\/89915563d925342126b8ef0281b93d9d7fc337043e8df017f780908eb9644451?s=96&d=mm&r=g\",\"contentUrl\":\"https:\\\/\\\/secure.gravatar.com\\\/avatar\\\/89915563d925342126b8ef0281b93d9d7fc337043e8df017f780908eb9644451?s=96&d=mm&r=g\",\"caption\":\"St\u00e9phane Miget\"},\"url\":\"https:\\\/\\\/batijournal.com\\\/index.php\\\/author\\\/stephane\\\/\"}]}<\/script>\n<!-- \/ Yoast SEO plugin. -->","yoast_head_json":{"title":"Trois projets de r\u00e9habilitation situ\u00e9s dans des zones de post-conflit","description":"La fondation pour l\u2019Alliance internationale pour la protection du patrimoine dans les zones de conflit (Aliph) soutient trois projets de r\u00e9habilitation","robots":{"index":"index","follow":"follow","max-snippet":"max-snippet:-1","max-image-preview":"max-image-preview:large","max-video-preview":"max-video-preview:-1"},"canonical":"https:\/\/batijournal.com\/index.php\/trois-projets-de-rehabilitation-situes-dans-des-zones-de-post-conflit\/101251\/","og_locale":"fr_FR","og_type":"article","og_title":"Trois projets de r\u00e9habilitation situ\u00e9s dans des zones de post-conflit","og_description":"La fondation pour l\u2019Alliance internationale pour la protection du patrimoine dans les zones de conflit (Aliph) soutient trois projets de r\u00e9habilitation","og_url":"https:\/\/batijournal.com\/index.php\/trois-projets-de-rehabilitation-situes-dans-des-zones-de-post-conflit\/101251\/","og_site_name":"Batijournal","article_published_time":"2019-01-23T08:47:26+00:00","article_modified_time":"2019-07-15T09:14:43+00:00","og_image":[{"width":603,"height":402,"url":"https:\/\/batijournal.com\/wp-content\/uploads\/2019\/01\/Patrimoine-en-danger-Monastere-de-Mar-Behnam-Irak.jpg","type":"image\/jpeg"}],"author":"St\u00e9phane Miget","twitter_card":"summary_large_image","twitter_creator":"@bati_journal","twitter_site":"@bati_journal","twitter_misc":{"\u00c9crit par":"St\u00e9phane Miget","Dur\u00e9e de lecture estim\u00e9e":"2 minutes"},"schema":{"@context":"https:\/\/schema.org","@graph":[{"@type":"Article","@id":"https:\/\/batijournal.com\/index.php\/trois-projets-de-rehabilitation-situes-dans-des-zones-de-post-conflit\/101251\/#article","isPartOf":{"@id":"https:\/\/batijournal.com\/index.php\/trois-projets-de-rehabilitation-situes-dans-des-zones-de-post-conflit\/101251\/"},"author":{"name":"St\u00e9phane Miget","@id":"https:\/\/batijournal.com\/#\/schema\/person\/1dc96ec6957aa1ccb25ebe78bb19f100"},"headline":"Trois projets de r\u00e9habilitation situ\u00e9s dans des zones de post-conflit","datePublished":"2019-01-23T08:47:26+00:00","dateModified":"2019-07-15T09:14:43+00:00","mainEntityOfPage":{"@id":"https:\/\/batijournal.com\/index.php\/trois-projets-de-rehabilitation-situes-dans-des-zones-de-post-conflit\/101251\/"},"wordCount":486,"image":{"@id":"https:\/\/batijournal.com\/index.php\/trois-projets-de-rehabilitation-situes-dans-des-zones-de-post-conflit\/101251\/#primaryimage"},"thumbnailUrl":"https:\/\/batijournal.com\/wp-content\/uploads\/2019\/01\/Patrimoine-en-danger-Monastere-de-Mar-Behnam-Irak.jpg","keywords":["protection du patrimoine"],"articleSection":["Actualit\u00e9s","Architecture &amp; Conception","zz_Atrium Patrimoine"],"inLanguage":"fr-FR"},{"@type":"WebPage","@id":"https:\/\/batijournal.com\/index.php\/trois-projets-de-rehabilitation-situes-dans-des-zones-de-post-conflit\/101251\/","url":"https:\/\/batijournal.com\/index.php\/trois-projets-de-rehabilitation-situes-dans-des-zones-de-post-conflit\/101251\/","name":"Trois projets de r\u00e9habilitation situ\u00e9s dans des zones de post-conflit","isPartOf":{"@id":"https:\/\/batijournal.com\/#website"},"primaryImageOfPage":{"@id":"https:\/\/batijournal.com\/index.php\/trois-projets-de-rehabilitation-situes-dans-des-zones-de-post-conflit\/101251\/#primaryimage"},"image":{"@id":"https:\/\/batijournal.com\/index.php\/trois-projets-de-rehabilitation-situes-dans-des-zones-de-post-conflit\/101251\/#primaryimage"},"thumbnailUrl":"https:\/\/batijournal.com\/wp-content\/uploads\/2019\/01\/Patrimoine-en-danger-Monastere-de-Mar-Behnam-Irak.jpg","datePublished":"2019-01-23T08:47:26+00:00","dateModified":"2019-07-15T09:14:43+00:00","author":{"@id":"https:\/\/batijournal.com\/#\/schema\/person\/1dc96ec6957aa1ccb25ebe78bb19f100"},"description":"La fondation pour l\u2019Alliance internationale pour la protection du patrimoine dans les zones de conflit (Aliph) soutient trois projets de r\u00e9habilitation","breadcrumb":{"@id":"https:\/\/batijournal.com\/index.php\/trois-projets-de-rehabilitation-situes-dans-des-zones-de-post-conflit\/101251\/#breadcrumb"},"inLanguage":"fr-FR","potentialAction":[{"@type":"ReadAction","target":["https:\/\/batijournal.com\/index.php\/trois-projets-de-rehabilitation-situes-dans-des-zones-de-post-conflit\/101251\/"]}]},{"@type":"ImageObject","inLanguage":"fr-FR","@id":"https:\/\/batijournal.com\/index.php\/trois-projets-de-rehabilitation-situes-dans-des-zones-de-post-conflit\/101251\/#primaryimage","url":"https:\/\/batijournal.com\/wp-content\/uploads\/2019\/01\/Patrimoine-en-danger-Monastere-de-Mar-Behnam-Irak.jpg","contentUrl":"https:\/\/batijournal.com\/wp-content\/uploads\/2019\/01\/Patrimoine-en-danger-Monastere-de-Mar-Behnam-Irak.jpg","width":603,"height":402},{"@type":"BreadcrumbList","@id":"https:\/\/batijournal.com\/index.php\/trois-projets-de-rehabilitation-situes-dans-des-zones-de-post-conflit\/101251\/#breadcrumb","itemListElement":[{"@type":"ListItem","position":1,"name":"Accueil","item":"https:\/\/batijournal.com\/"},{"@type":"ListItem","position":2,"name":"Actualit\u00e9s","item":"https:\/\/batijournal.com\/index.php\/category\/actualites\/"},{"@type":"ListItem","position":3,"name":"Trois projets de r\u00e9habilitation situ\u00e9s dans des zones de post-conflit"}]},{"@type":"WebSite","@id":"https:\/\/batijournal.com\/#website","url":"https:\/\/batijournal.com\/","name":"Batijournal","description":"L&#039;actualit\u00e9 du b\u00e2timent","potentialAction":[{"@type":"SearchAction","target":{"@type":"EntryPoint","urlTemplate":"https:\/\/batijournal.com\/?s={search_term_string}"},"query-input":{"@type":"PropertyValueSpecification","valueRequired":true,"valueName":"search_term_string"}}],"inLanguage":"fr-FR"},{"@type":"Person","@id":"https:\/\/batijournal.com\/#\/schema\/person\/1dc96ec6957aa1ccb25ebe78bb19f100","name":"St\u00e9phane Miget","image":{"@type":"ImageObject","inLanguage":"fr-FR","@id":"https:\/\/secure.gravatar.com\/avatar\/89915563d925342126b8ef0281b93d9d7fc337043e8df017f780908eb9644451?s=96&d=mm&r=g","url":"https:\/\/secure.gravatar.com\/avatar\/89915563d925342126b8ef0281b93d9d7fc337043e8df017f780908eb9644451?s=96&d=mm&r=g","contentUrl":"https:\/\/secure.gravatar.com\/avatar\/89915563d925342126b8ef0281b93d9d7fc337043e8df017f780908eb9644451?s=96&d=mm&r=g","caption":"St\u00e9phane Miget"},"url":"https:\/\/batijournal.com\/index.php\/author\/stephane\/"}]}},"_links":{"self":[{"href":"https:\/\/batijournal.com\/index.php\/wp-json\/wp\/v2\/posts\/101251","targetHints":{"allow":["GET"]}}],"collection":[{"href":"https:\/\/batijournal.com\/index.php\/wp-json\/wp\/v2\/posts"}],"about":[{"href":"https:\/\/batijournal.com\/index.php\/wp-json\/wp\/v2\/types\/post"}],"author":[{"embeddable":true,"href":"https:\/\/batijournal.com\/index.php\/wp-json\/wp\/v2\/users\/17"}],"replies":[{"embeddable":true,"href":"https:\/\/batijournal.com\/index.php\/wp-json\/wp\/v2\/comments?post=101251"}],"version-history":[{"count":0,"href":"https:\/\/batijournal.com\/index.php\/wp-json\/wp\/v2\/posts\/101251\/revisions"}],"wp:featuredmedia":[{"embeddable":true,"href":"https:\/\/batijournal.com\/index.php\/wp-json\/wp\/v2\/media\/101253"}],"wp:attachment":[{"href":"https:\/\/batijournal.com\/index.php\/wp-json\/wp\/v2\/media?parent=101251"}],"wp:term":[{"taxonomy":"category","embeddable":true,"href":"https:\/\/batijournal.com\/index.php\/wp-json\/wp\/v2\/categories?post=101251"},{"taxonomy":"post_tag","embeddable":true,"href":"https:\/\/batijournal.com\/index.php\/wp-json\/wp\/v2\/tags?post=101251"}],"curies":[{"name":"wp","href":"https:\/\/api.w.org\/{rel}","templated":true}]}}