{"id":101254,"date":"2019-01-23T09:50:28","date_gmt":"2019-01-23T08:50:28","guid":{"rendered":"https:\/\/batijournal.com\/?p=101254"},"modified":"2019-07-15T11:14:43","modified_gmt":"2019-07-15T09:14:43","slug":"maisons-des-illustres-elles-sont-desormais-235","status":"publish","type":"post","link":"https:\/\/batijournal.com\/index.php\/maisons-des-illustres-elles-sont-desormais-235\/101254\/","title":{"rendered":"Maisons des Illustres : elles sont d\u00e9sormais 235"},"content":{"rendered":"<p>Cr\u00e9\u00e9 en 2011, le label Maisons des Illustres est un dispositif de valorisation du patrimoine et de l&rsquo;action culturelle sur l&rsquo;ensemble du territoire. Il est attribu\u00e9 aux maisons qui conservent et transmettent la m\u00e9moire de femmes et d\u2019hommes qui les ont habit\u00e9es et se sont illustr\u00e9s dans l\u2019histoire politique, sociale et culturelle de la France. Ces maisons \u00e9tablissent un lien entre histoire locale et histoire nationale, intimit\u00e9 et grand r\u00e9cit, transmission et cr\u00e9ation. Elles ouvrent leurs portes aux visiteurs plus de quarante jours par an, pr\u00e9sentent un programme culturel adapt\u00e9 \u00e0 tous les publics, et sont accessibles notamment aux personnes en situation de handicap. En 2017, la fr\u00e9quentation de l\u2019ensemble du r\u00e9seau des Maisons des Illustres est estim\u00e9e \u00e0 plus de 3,5 million d\u2019entr\u00e9es.<\/p>\n<p>Huit nouvelles Maisons des Illustres ont \u00e9t\u00e9 labellis\u00e9es en d\u00e9cembre dernier :<\/p>\n<p>&#8211; Mus\u00e9e-maison d&rsquo;Yvonne Jean-Haffen, \u00e0 Dinan, en Bretagne ;<br \/>\n&#8211; Ch\u00e2teau d\u2019Henri Louis Duhamel de Monceau, \u00e0 Dadonville, en Centre-Val de Loire ;<br \/>\n&#8211; Maison natale de Pierre de Ronsard, \u00e0 Vend\u00f4me, en Centre-Val de Loire ;<br \/>\n&#8211; Maison Paul et Camille Claudel, \u00e0 Ch\u00e2teau-Thierry, en Hauts-de-France ;<br \/>\n&#8211; Bureau d&rsquo;Aim\u00e9 C\u00e9saire, \u00e0 Fort-de-France, en Martinique ;<br \/>\n&#8211; Villa Gustave Thuret, \u00e0 Antibes-Juan-Les-Pin, en Provence-Alpes-C\u00f4te d&rsquo;Azur ;<br \/>\n&#8211; Fondation Camargo &#8211; Jerome Hill, \u00e0 Cassis, en Provence-Alpes-C\u00f4te d&rsquo;Azur ;<br \/>\n&#8211; Degas House, \u00e0 la Nouvelle Orl\u00e9ans, en Louisiane, \u00c9tats-Unis d&rsquo;Am\u00e9rique.<\/p>\n<p>Le r\u00e9seau compte d\u00e9sormais 235 Maisons des Illustres labellis\u00e9es.<\/p>\n","protected":false},"excerpt":{"rendered":"<p>Cr\u00e9\u00e9 en 2011, le label Maisons des Illustres est un dispositif de valorisation du patrimoine et de l&rsquo;action culturelle sur l&rsquo;ensemble du territoire. Il est attribu\u00e9 aux maisons qui conservent et transmettent la m\u00e9moire de femmes et d\u2019hommes qui les ont habit\u00e9es et se sont illustr\u00e9s dans l\u2019histoire politique, sociale et culturelle de la France. [&hellip;]<\/p>\n","protected":false},"author":17,"featured_media":101255,"comment_status":"closed","ping_status":"closed","sticky":false,"template":"","format":"standard","meta":{"_et_pb_use_builder":"","_et_pb_old_content":"","_et_gb_content_width":"","footnotes":""},"categories":[10530,6340,10785],"tags":[8393],"class_list":["post-101254","post","type-post","status-publish","format-standard","has-post-thumbnail","hentry","category-actualites","category-architecture-conception","category-atrium","tag-les-maisons-des-illustres"],"yoast_head":"<!-- This site is optimized with the Yoast SEO plugin v27.4 - https:\/\/yoast.com\/product\/yoast-seo-wordpress\/ -->\n<title>Maisons des Illustres : elles sont d\u00e9sormais 235<\/title>\n<meta name=\"description\" content=\"Le label Maisons des Illustres est un dispositif de valorisation du patrimoine et de l&#039;action culturelle sur l&#039;ensemble du territoire.\" \/>\n<meta name=\"robots\" content=\"index, follow, max-snippet:-1, max-image-preview:large, max-video-preview:-1\" \/>\n<link rel=\"canonical\" href=\"https:\/\/batijournal.com\/index.php\/maisons-des-illustres-elles-sont-desormais-235\/101254\/\" \/>\n<meta property=\"og:locale\" content=\"fr_FR\" \/>\n<meta property=\"og:type\" content=\"article\" \/>\n<meta property=\"og:title\" content=\"Maisons des Illustres : elles sont d\u00e9sormais 235\" \/>\n<meta property=\"og:description\" content=\"Le label Maisons des Illustres est un dispositif de valorisation du patrimoine et de l&#039;action culturelle sur l&#039;ensemble du territoire.\" \/>\n<meta property=\"og:url\" content=\"https:\/\/batijournal.com\/index.php\/maisons-des-illustres-elles-sont-desormais-235\/101254\/\" \/>\n<meta property=\"og:site_name\" content=\"Batijournal\" \/>\n<meta property=\"article:published_time\" content=\"2019-01-23T08:50:28+00:00\" \/>\n<meta property=\"article:modified_time\" content=\"2019-07-15T09:14:43+00:00\" \/>\n<meta property=\"og:image\" content=\"https:\/\/batijournal.com\/wp-content\/uploads\/2019\/01\/maisons-des-illustres.png\" \/>\n\t<meta property=\"og:image:width\" content=\"801\" \/>\n\t<meta property=\"og:image:height\" content=\"697\" \/>\n\t<meta property=\"og:image:type\" content=\"image\/png\" \/>\n<meta name=\"author\" content=\"St\u00e9phane Miget\" \/>\n<meta name=\"twitter:card\" content=\"summary_large_image\" \/>\n<meta name=\"twitter:creator\" content=\"@bati_journal\" \/>\n<meta name=\"twitter:site\" content=\"@bati_journal\" \/>\n<meta name=\"twitter:label1\" content=\"\u00c9crit par\" \/>\n\t<meta name=\"twitter:data1\" content=\"St\u00e9phane Miget\" \/>\n\t<meta name=\"twitter:label2\" content=\"Dur\u00e9e de lecture estim\u00e9e\" \/>\n\t<meta name=\"twitter:data2\" content=\"1 minute\" \/>\n<script type=\"application\/ld+json\" class=\"yoast-schema-graph\">{\"@context\":\"https:\\\/\\\/schema.org\",\"@graph\":[{\"@type\":\"Article\",\"@id\":\"https:\\\/\\\/batijournal.com\\\/index.php\\\/maisons-des-illustres-elles-sont-desormais-235\\\/101254\\\/#article\",\"isPartOf\":{\"@id\":\"https:\\\/\\\/batijournal.com\\\/index.php\\\/maisons-des-illustres-elles-sont-desormais-235\\\/101254\\\/\"},\"author\":{\"name\":\"St\u00e9phane Miget\",\"@id\":\"https:\\\/\\\/batijournal.com\\\/#\\\/schema\\\/person\\\/1dc96ec6957aa1ccb25ebe78bb19f100\"},\"headline\":\"Maisons des Illustres : elles sont d\u00e9sormais 235\",\"datePublished\":\"2019-01-23T08:50:28+00:00\",\"dateModified\":\"2019-07-15T09:14:43+00:00\",\"mainEntityOfPage\":{\"@id\":\"https:\\\/\\\/batijournal.com\\\/index.php\\\/maisons-des-illustres-elles-sont-desormais-235\\\/101254\\\/\"},\"wordCount\":256,\"image\":{\"@id\":\"https:\\\/\\\/batijournal.com\\\/index.php\\\/maisons-des-illustres-elles-sont-desormais-235\\\/101254\\\/#primaryimage\"},\"thumbnailUrl\":\"https:\\\/\\\/batijournal.com\\\/wp-content\\\/uploads\\\/2019\\\/01\\\/maisons-des-illustres.png\",\"keywords\":[\"les maisons des illustres\"],\"articleSection\":[\"Actualit\u00e9s\",\"Architecture &amp; Conception\",\"zz_Atrium Patrimoine\"],\"inLanguage\":\"fr-FR\"},{\"@type\":\"WebPage\",\"@id\":\"https:\\\/\\\/batijournal.com\\\/index.php\\\/maisons-des-illustres-elles-sont-desormais-235\\\/101254\\\/\",\"url\":\"https:\\\/\\\/batijournal.com\\\/index.php\\\/maisons-des-illustres-elles-sont-desormais-235\\\/101254\\\/\",\"name\":\"Maisons des Illustres : elles sont d\u00e9sormais 235\",\"isPartOf\":{\"@id\":\"https:\\\/\\\/batijournal.com\\\/#website\"},\"primaryImageOfPage\":{\"@id\":\"https:\\\/\\\/batijournal.com\\\/index.php\\\/maisons-des-illustres-elles-sont-desormais-235\\\/101254\\\/#primaryimage\"},\"image\":{\"@id\":\"https:\\\/\\\/batijournal.com\\\/index.php\\\/maisons-des-illustres-elles-sont-desormais-235\\\/101254\\\/#primaryimage\"},\"thumbnailUrl\":\"https:\\\/\\\/batijournal.com\\\/wp-content\\\/uploads\\\/2019\\\/01\\\/maisons-des-illustres.png\",\"datePublished\":\"2019-01-23T08:50:28+00:00\",\"dateModified\":\"2019-07-15T09:14:43+00:00\",\"author\":{\"@id\":\"https:\\\/\\\/batijournal.com\\\/#\\\/schema\\\/person\\\/1dc96ec6957aa1ccb25ebe78bb19f100\"},\"description\":\"Le label Maisons des Illustres est un dispositif de valorisation du patrimoine et de l'action culturelle sur l'ensemble du territoire.\",\"breadcrumb\":{\"@id\":\"https:\\\/\\\/batijournal.com\\\/index.php\\\/maisons-des-illustres-elles-sont-desormais-235\\\/101254\\\/#breadcrumb\"},\"inLanguage\":\"fr-FR\",\"potentialAction\":[{\"@type\":\"ReadAction\",\"target\":[\"https:\\\/\\\/batijournal.com\\\/index.php\\\/maisons-des-illustres-elles-sont-desormais-235\\\/101254\\\/\"]}]},{\"@type\":\"ImageObject\",\"inLanguage\":\"fr-FR\",\"@id\":\"https:\\\/\\\/batijournal.com\\\/index.php\\\/maisons-des-illustres-elles-sont-desormais-235\\\/101254\\\/#primaryimage\",\"url\":\"https:\\\/\\\/batijournal.com\\\/wp-content\\\/uploads\\\/2019\\\/01\\\/maisons-des-illustres.png\",\"contentUrl\":\"https:\\\/\\\/batijournal.com\\\/wp-content\\\/uploads\\\/2019\\\/01\\\/maisons-des-illustres.png\",\"width\":801,\"height\":697},{\"@type\":\"BreadcrumbList\",\"@id\":\"https:\\\/\\\/batijournal.com\\\/index.php\\\/maisons-des-illustres-elles-sont-desormais-235\\\/101254\\\/#breadcrumb\",\"itemListElement\":[{\"@type\":\"ListItem\",\"position\":1,\"name\":\"Accueil\",\"item\":\"https:\\\/\\\/batijournal.com\\\/\"},{\"@type\":\"ListItem\",\"position\":2,\"name\":\"Actualit\u00e9s\",\"item\":\"https:\\\/\\\/batijournal.com\\\/index.php\\\/category\\\/actualites\\\/\"},{\"@type\":\"ListItem\",\"position\":3,\"name\":\"Maisons des Illustres : elles sont d\u00e9sormais 235\"}]},{\"@type\":\"WebSite\",\"@id\":\"https:\\\/\\\/batijournal.com\\\/#website\",\"url\":\"https:\\\/\\\/batijournal.com\\\/\",\"name\":\"Batijournal\",\"description\":\"L&#039;actualit\u00e9 du b\u00e2timent\",\"potentialAction\":[{\"@type\":\"SearchAction\",\"target\":{\"@type\":\"EntryPoint\",\"urlTemplate\":\"https:\\\/\\\/batijournal.com\\\/?s={search_term_string}\"},\"query-input\":{\"@type\":\"PropertyValueSpecification\",\"valueRequired\":true,\"valueName\":\"search_term_string\"}}],\"inLanguage\":\"fr-FR\"},{\"@type\":\"Person\",\"@id\":\"https:\\\/\\\/batijournal.com\\\/#\\\/schema\\\/person\\\/1dc96ec6957aa1ccb25ebe78bb19f100\",\"name\":\"St\u00e9phane Miget\",\"image\":{\"@type\":\"ImageObject\",\"inLanguage\":\"fr-FR\",\"@id\":\"https:\\\/\\\/secure.gravatar.com\\\/avatar\\\/89915563d925342126b8ef0281b93d9d7fc337043e8df017f780908eb9644451?s=96&d=mm&r=g\",\"url\":\"https:\\\/\\\/secure.gravatar.com\\\/avatar\\\/89915563d925342126b8ef0281b93d9d7fc337043e8df017f780908eb9644451?s=96&d=mm&r=g\",\"contentUrl\":\"https:\\\/\\\/secure.gravatar.com\\\/avatar\\\/89915563d925342126b8ef0281b93d9d7fc337043e8df017f780908eb9644451?s=96&d=mm&r=g\",\"caption\":\"St\u00e9phane Miget\"},\"url\":\"https:\\\/\\\/batijournal.com\\\/index.php\\\/author\\\/stephane\\\/\"}]}<\/script>\n<!-- \/ Yoast SEO plugin. -->","yoast_head_json":{"title":"Maisons des Illustres : elles sont d\u00e9sormais 235","description":"Le label Maisons des Illustres est un dispositif de valorisation du patrimoine et de l'action culturelle sur l'ensemble du territoire.","robots":{"index":"index","follow":"follow","max-snippet":"max-snippet:-1","max-image-preview":"max-image-preview:large","max-video-preview":"max-video-preview:-1"},"canonical":"https:\/\/batijournal.com\/index.php\/maisons-des-illustres-elles-sont-desormais-235\/101254\/","og_locale":"fr_FR","og_type":"article","og_title":"Maisons des Illustres : elles sont d\u00e9sormais 235","og_description":"Le label Maisons des Illustres est un dispositif de valorisation du patrimoine et de l'action culturelle sur l'ensemble du territoire.","og_url":"https:\/\/batijournal.com\/index.php\/maisons-des-illustres-elles-sont-desormais-235\/101254\/","og_site_name":"Batijournal","article_published_time":"2019-01-23T08:50:28+00:00","article_modified_time":"2019-07-15T09:14:43+00:00","og_image":[{"width":801,"height":697,"url":"https:\/\/batijournal.com\/wp-content\/uploads\/2019\/01\/maisons-des-illustres.png","type":"image\/png"}],"author":"St\u00e9phane Miget","twitter_card":"summary_large_image","twitter_creator":"@bati_journal","twitter_site":"@bati_journal","twitter_misc":{"\u00c9crit par":"St\u00e9phane Miget","Dur\u00e9e de lecture estim\u00e9e":"1 minute"},"schema":{"@context":"https:\/\/schema.org","@graph":[{"@type":"Article","@id":"https:\/\/batijournal.com\/index.php\/maisons-des-illustres-elles-sont-desormais-235\/101254\/#article","isPartOf":{"@id":"https:\/\/batijournal.com\/index.php\/maisons-des-illustres-elles-sont-desormais-235\/101254\/"},"author":{"name":"St\u00e9phane Miget","@id":"https:\/\/batijournal.com\/#\/schema\/person\/1dc96ec6957aa1ccb25ebe78bb19f100"},"headline":"Maisons des Illustres : elles sont d\u00e9sormais 235","datePublished":"2019-01-23T08:50:28+00:00","dateModified":"2019-07-15T09:14:43+00:00","mainEntityOfPage":{"@id":"https:\/\/batijournal.com\/index.php\/maisons-des-illustres-elles-sont-desormais-235\/101254\/"},"wordCount":256,"image":{"@id":"https:\/\/batijournal.com\/index.php\/maisons-des-illustres-elles-sont-desormais-235\/101254\/#primaryimage"},"thumbnailUrl":"https:\/\/batijournal.com\/wp-content\/uploads\/2019\/01\/maisons-des-illustres.png","keywords":["les maisons des illustres"],"articleSection":["Actualit\u00e9s","Architecture &amp; Conception","zz_Atrium Patrimoine"],"inLanguage":"fr-FR"},{"@type":"WebPage","@id":"https:\/\/batijournal.com\/index.php\/maisons-des-illustres-elles-sont-desormais-235\/101254\/","url":"https:\/\/batijournal.com\/index.php\/maisons-des-illustres-elles-sont-desormais-235\/101254\/","name":"Maisons des Illustres : elles sont d\u00e9sormais 235","isPartOf":{"@id":"https:\/\/batijournal.com\/#website"},"primaryImageOfPage":{"@id":"https:\/\/batijournal.com\/index.php\/maisons-des-illustres-elles-sont-desormais-235\/101254\/#primaryimage"},"image":{"@id":"https:\/\/batijournal.com\/index.php\/maisons-des-illustres-elles-sont-desormais-235\/101254\/#primaryimage"},"thumbnailUrl":"https:\/\/batijournal.com\/wp-content\/uploads\/2019\/01\/maisons-des-illustres.png","datePublished":"2019-01-23T08:50:28+00:00","dateModified":"2019-07-15T09:14:43+00:00","author":{"@id":"https:\/\/batijournal.com\/#\/schema\/person\/1dc96ec6957aa1ccb25ebe78bb19f100"},"description":"Le label Maisons des Illustres est un dispositif de valorisation du patrimoine et de l'action culturelle sur l'ensemble du territoire.","breadcrumb":{"@id":"https:\/\/batijournal.com\/index.php\/maisons-des-illustres-elles-sont-desormais-235\/101254\/#breadcrumb"},"inLanguage":"fr-FR","potentialAction":[{"@type":"ReadAction","target":["https:\/\/batijournal.com\/index.php\/maisons-des-illustres-elles-sont-desormais-235\/101254\/"]}]},{"@type":"ImageObject","inLanguage":"fr-FR","@id":"https:\/\/batijournal.com\/index.php\/maisons-des-illustres-elles-sont-desormais-235\/101254\/#primaryimage","url":"https:\/\/batijournal.com\/wp-content\/uploads\/2019\/01\/maisons-des-illustres.png","contentUrl":"https:\/\/batijournal.com\/wp-content\/uploads\/2019\/01\/maisons-des-illustres.png","width":801,"height":697},{"@type":"BreadcrumbList","@id":"https:\/\/batijournal.com\/index.php\/maisons-des-illustres-elles-sont-desormais-235\/101254\/#breadcrumb","itemListElement":[{"@type":"ListItem","position":1,"name":"Accueil","item":"https:\/\/batijournal.com\/"},{"@type":"ListItem","position":2,"name":"Actualit\u00e9s","item":"https:\/\/batijournal.com\/index.php\/category\/actualites\/"},{"@type":"ListItem","position":3,"name":"Maisons des Illustres : elles sont d\u00e9sormais 235"}]},{"@type":"WebSite","@id":"https:\/\/batijournal.com\/#website","url":"https:\/\/batijournal.com\/","name":"Batijournal","description":"L&#039;actualit\u00e9 du b\u00e2timent","potentialAction":[{"@type":"SearchAction","target":{"@type":"EntryPoint","urlTemplate":"https:\/\/batijournal.com\/?s={search_term_string}"},"query-input":{"@type":"PropertyValueSpecification","valueRequired":true,"valueName":"search_term_string"}}],"inLanguage":"fr-FR"},{"@type":"Person","@id":"https:\/\/batijournal.com\/#\/schema\/person\/1dc96ec6957aa1ccb25ebe78bb19f100","name":"St\u00e9phane Miget","image":{"@type":"ImageObject","inLanguage":"fr-FR","@id":"https:\/\/secure.gravatar.com\/avatar\/89915563d925342126b8ef0281b93d9d7fc337043e8df017f780908eb9644451?s=96&d=mm&r=g","url":"https:\/\/secure.gravatar.com\/avatar\/89915563d925342126b8ef0281b93d9d7fc337043e8df017f780908eb9644451?s=96&d=mm&r=g","contentUrl":"https:\/\/secure.gravatar.com\/avatar\/89915563d925342126b8ef0281b93d9d7fc337043e8df017f780908eb9644451?s=96&d=mm&r=g","caption":"St\u00e9phane Miget"},"url":"https:\/\/batijournal.com\/index.php\/author\/stephane\/"}]}},"_links":{"self":[{"href":"https:\/\/batijournal.com\/index.php\/wp-json\/wp\/v2\/posts\/101254","targetHints":{"allow":["GET"]}}],"collection":[{"href":"https:\/\/batijournal.com\/index.php\/wp-json\/wp\/v2\/posts"}],"about":[{"href":"https:\/\/batijournal.com\/index.php\/wp-json\/wp\/v2\/types\/post"}],"author":[{"embeddable":true,"href":"https:\/\/batijournal.com\/index.php\/wp-json\/wp\/v2\/users\/17"}],"replies":[{"embeddable":true,"href":"https:\/\/batijournal.com\/index.php\/wp-json\/wp\/v2\/comments?post=101254"}],"version-history":[{"count":0,"href":"https:\/\/batijournal.com\/index.php\/wp-json\/wp\/v2\/posts\/101254\/revisions"}],"wp:featuredmedia":[{"embeddable":true,"href":"https:\/\/batijournal.com\/index.php\/wp-json\/wp\/v2\/media\/101255"}],"wp:attachment":[{"href":"https:\/\/batijournal.com\/index.php\/wp-json\/wp\/v2\/media?parent=101254"}],"wp:term":[{"taxonomy":"category","embeddable":true,"href":"https:\/\/batijournal.com\/index.php\/wp-json\/wp\/v2\/categories?post=101254"},{"taxonomy":"post_tag","embeddable":true,"href":"https:\/\/batijournal.com\/index.php\/wp-json\/wp\/v2\/tags?post=101254"}],"curies":[{"name":"wp","href":"https:\/\/api.w.org\/{rel}","templated":true}]}}