{"id":101277,"date":"2019-01-28T08:39:56","date_gmt":"2019-01-28T07:39:56","guid":{"rendered":"https:\/\/batijournal.com\/?p=101277"},"modified":"2019-07-15T12:07:07","modified_gmt":"2019-07-15T10:07:07","slug":"prevention-des-tms-la-pratique-dexercices-physiques-ne-suffit-pas","status":"publish","type":"post","link":"https:\/\/batijournal.com\/index.php\/prevention-des-tms-la-pratique-dexercices-physiques-ne-suffit-pas\/101277\/","title":{"rendered":"Pr\u00e9vention des TMS, la pratique d\u2019exercices physiques ne suffit pas"},"content":{"rendered":"<p>Les TMS repr\u00e9sentent 87% des maladies professionnelles en France, soient plus de 42 500 cas en 2016. Face \u00e0 ce fl\u00e9au, des programmes d\u2019\u00e9chauffements, de renforcement musculaire, d\u2019\u00e9tirements\u2026 sont fr\u00e9quemment propos\u00e9s aux entreprises par des intervenants ext\u00e9rieurs. Toutefois, ces pratiques posent de nombreuses questions, notamment lorsqu\u2019elles consistent seulement en une approche individuelle de pr\u00e9vention des risques professionnels, sans remise en question de la conception des postes et des modes d\u2019organisation du travail. L\u2019INRS rel\u00e8ve un manque de preuves sur l\u2019efficacit\u00e9 de ces mesures pour pr\u00e9venir les TMS, except\u00e9 pour des personnes souffrant de douleurs dans la r\u00e9gion du cou et des \u00e9paules et qui ont un travail de bureau s\u00e9dentaire. Des effets b\u00e9n\u00e9fiques sont toutefois \u00e0 noter sur la mise en route physique et mentale et le renforcement du collectif.<br \/>\n\u00ab Pr\u00e9venir les TMS ne se r\u00e9sume pas \u00e0 la pratique d\u2019exercices physiques, qui d\u2019ailleurs ne sont pas sans risque. Ces pratiques doivent syst\u00e9matiquement \u00eatre mises en place en compl\u00e9ment d\u2019actions de pr\u00e9vention collective et ne jamais s\u2019y substituer. \u00bb insiste Laurent Claudon, responsable de laboratoire au sein du d\u00e9partement Homme au Travail, \u00e0 l\u2019INRS. Analyser les situations de travail pour les am\u00e9liorer, r\u00e9fl\u00e9chir aux raisons qui motiveraient la mise en place de ce type de programmes, en partager les objectifs et les modalit\u00e9s de mise en \u0153uvre avec l\u2019ensemble des acteurs de l\u2019entreprise (direction, repr\u00e9sentants du personnel, pr\u00e9venteurs, service de sant\u00e9 au travail\u2026) sont des pr\u00e9requis incontournables.<\/p>\n<p><a href=\"http:\/\/www.inrs.fr\/media.html?refINRS=TC%20161\" target=\"_blank\" rel=\"noopener noreferrer\">http:\/\/www.inrs.fr\/media.html?refINRS=TC%20161<\/a><\/p>\n<p>&nbsp;<\/p>\n","protected":false},"excerpt":{"rendered":"<p>Les TMS repr\u00e9sentent 87% des maladies professionnelles en France, soient plus de 42 500 cas en 2016. Face \u00e0 ce fl\u00e9au, des programmes d\u2019\u00e9chauffements, de renforcement musculaire, d\u2019\u00e9tirements\u2026 sont fr\u00e9quemment propos\u00e9s aux entreprises par des intervenants ext\u00e9rieurs. Toutefois, ces pratiques posent de nombreuses questions, notamment lorsqu\u2019elles consistent seulement en une approche individuelle de pr\u00e9vention des [&hellip;]<\/p>\n","protected":false},"author":17,"featured_media":101279,"comment_status":"closed","ping_status":"closed","sticky":false,"template":"","format":"standard","meta":{"_et_pb_use_builder":"","_et_pb_old_content":"","_et_gb_content_width":"","footnotes":""},"categories":[10530,6345],"tags":[7664],"class_list":["post-101277","post","type-post","status-publish","format-standard","has-post-thumbnail","hentry","category-actualites","category-economie-marches","tag-tms"],"yoast_head":"<!-- This site is optimized with the Yoast SEO plugin v27.4 - https:\/\/yoast.com\/product\/yoast-seo-wordpress\/ -->\n<title>Pr\u00e9vention des TMS, la pratique d\u2019exercices physiques ne suffit pas<\/title>\n<meta name=\"robots\" content=\"index, follow, max-snippet:-1, max-image-preview:large, max-video-preview:-1\" \/>\n<link rel=\"canonical\" href=\"https:\/\/batijournal.com\/index.php\/prevention-des-tms-la-pratique-dexercices-physiques-ne-suffit-pas\/101277\/\" \/>\n<meta property=\"og:locale\" content=\"fr_FR\" \/>\n<meta property=\"og:type\" content=\"article\" \/>\n<meta property=\"og:title\" content=\"Pr\u00e9vention des TMS, la pratique d\u2019exercices physiques ne suffit pas\" \/>\n<meta property=\"og:description\" content=\"Les TMS repr\u00e9sentent 87% des maladies professionnelles en France, soient plus de 42 500 cas en 2016. Face \u00e0 ce fl\u00e9au, des programmes d\u2019\u00e9chauffements, de renforcement musculaire, d\u2019\u00e9tirements\u2026 sont fr\u00e9quemment propos\u00e9s aux entreprises par des intervenants ext\u00e9rieurs. Toutefois, ces pratiques posent de nombreuses questions, notamment lorsqu\u2019elles consistent seulement en une approche individuelle de pr\u00e9vention des [&hellip;]\" \/>\n<meta property=\"og:url\" content=\"https:\/\/batijournal.com\/index.php\/prevention-des-tms-la-pratique-dexercices-physiques-ne-suffit-pas\/101277\/\" \/>\n<meta property=\"og:site_name\" content=\"Batijournal\" \/>\n<meta property=\"article:published_time\" content=\"2019-01-28T07:39:56+00:00\" \/>\n<meta property=\"article:modified_time\" content=\"2019-07-15T10:07:07+00:00\" \/>\n<meta property=\"og:image\" content=\"https:\/\/batijournal.com\/wp-content\/uploads\/2019\/01\/TMS-exercices-physiques.jpg\" \/>\n\t<meta property=\"og:image:width\" content=\"1095\" \/>\n\t<meta property=\"og:image:height\" content=\"611\" \/>\n\t<meta property=\"og:image:type\" content=\"image\/jpeg\" \/>\n<meta name=\"author\" content=\"St\u00e9phane Miget\" \/>\n<meta name=\"twitter:card\" content=\"summary_large_image\" \/>\n<meta name=\"twitter:creator\" content=\"@bati_journal\" \/>\n<meta name=\"twitter:site\" content=\"@bati_journal\" \/>\n<meta name=\"twitter:label1\" content=\"\u00c9crit par\" \/>\n\t<meta name=\"twitter:data1\" content=\"St\u00e9phane Miget\" \/>\n\t<meta name=\"twitter:label2\" content=\"Dur\u00e9e de lecture estim\u00e9e\" \/>\n\t<meta name=\"twitter:data2\" content=\"1 minute\" \/>\n<script type=\"application\/ld+json\" class=\"yoast-schema-graph\">{\"@context\":\"https:\\\/\\\/schema.org\",\"@graph\":[{\"@type\":\"Article\",\"@id\":\"https:\\\/\\\/batijournal.com\\\/index.php\\\/prevention-des-tms-la-pratique-dexercices-physiques-ne-suffit-pas\\\/101277\\\/#article\",\"isPartOf\":{\"@id\":\"https:\\\/\\\/batijournal.com\\\/index.php\\\/prevention-des-tms-la-pratique-dexercices-physiques-ne-suffit-pas\\\/101277\\\/\"},\"author\":{\"name\":\"St\u00e9phane Miget\",\"@id\":\"https:\\\/\\\/batijournal.com\\\/#\\\/schema\\\/person\\\/1dc96ec6957aa1ccb25ebe78bb19f100\"},\"headline\":\"Pr\u00e9vention des TMS, la pratique d\u2019exercices physiques ne suffit pas\",\"datePublished\":\"2019-01-28T07:39:56+00:00\",\"dateModified\":\"2019-07-15T10:07:07+00:00\",\"mainEntityOfPage\":{\"@id\":\"https:\\\/\\\/batijournal.com\\\/index.php\\\/prevention-des-tms-la-pratique-dexercices-physiques-ne-suffit-pas\\\/101277\\\/\"},\"wordCount\":287,\"image\":{\"@id\":\"https:\\\/\\\/batijournal.com\\\/index.php\\\/prevention-des-tms-la-pratique-dexercices-physiques-ne-suffit-pas\\\/101277\\\/#primaryimage\"},\"thumbnailUrl\":\"https:\\\/\\\/batijournal.com\\\/wp-content\\\/uploads\\\/2019\\\/01\\\/TMS-exercices-physiques.jpg\",\"keywords\":[\"tms\"],\"articleSection\":[\"Actualit\u00e9s\",\"\u00c9conomie &amp; March\u00e9s\"],\"inLanguage\":\"fr-FR\"},{\"@type\":\"WebPage\",\"@id\":\"https:\\\/\\\/batijournal.com\\\/index.php\\\/prevention-des-tms-la-pratique-dexercices-physiques-ne-suffit-pas\\\/101277\\\/\",\"url\":\"https:\\\/\\\/batijournal.com\\\/index.php\\\/prevention-des-tms-la-pratique-dexercices-physiques-ne-suffit-pas\\\/101277\\\/\",\"name\":\"Pr\u00e9vention des TMS, la pratique d\u2019exercices physiques ne suffit pas\",\"isPartOf\":{\"@id\":\"https:\\\/\\\/batijournal.com\\\/#website\"},\"primaryImageOfPage\":{\"@id\":\"https:\\\/\\\/batijournal.com\\\/index.php\\\/prevention-des-tms-la-pratique-dexercices-physiques-ne-suffit-pas\\\/101277\\\/#primaryimage\"},\"image\":{\"@id\":\"https:\\\/\\\/batijournal.com\\\/index.php\\\/prevention-des-tms-la-pratique-dexercices-physiques-ne-suffit-pas\\\/101277\\\/#primaryimage\"},\"thumbnailUrl\":\"https:\\\/\\\/batijournal.com\\\/wp-content\\\/uploads\\\/2019\\\/01\\\/TMS-exercices-physiques.jpg\",\"datePublished\":\"2019-01-28T07:39:56+00:00\",\"dateModified\":\"2019-07-15T10:07:07+00:00\",\"author\":{\"@id\":\"https:\\\/\\\/batijournal.com\\\/#\\\/schema\\\/person\\\/1dc96ec6957aa1ccb25ebe78bb19f100\"},\"breadcrumb\":{\"@id\":\"https:\\\/\\\/batijournal.com\\\/index.php\\\/prevention-des-tms-la-pratique-dexercices-physiques-ne-suffit-pas\\\/101277\\\/#breadcrumb\"},\"inLanguage\":\"fr-FR\",\"potentialAction\":[{\"@type\":\"ReadAction\",\"target\":[\"https:\\\/\\\/batijournal.com\\\/index.php\\\/prevention-des-tms-la-pratique-dexercices-physiques-ne-suffit-pas\\\/101277\\\/\"]}]},{\"@type\":\"ImageObject\",\"inLanguage\":\"fr-FR\",\"@id\":\"https:\\\/\\\/batijournal.com\\\/index.php\\\/prevention-des-tms-la-pratique-dexercices-physiques-ne-suffit-pas\\\/101277\\\/#primaryimage\",\"url\":\"https:\\\/\\\/batijournal.com\\\/wp-content\\\/uploads\\\/2019\\\/01\\\/TMS-exercices-physiques.jpg\",\"contentUrl\":\"https:\\\/\\\/batijournal.com\\\/wp-content\\\/uploads\\\/2019\\\/01\\\/TMS-exercices-physiques.jpg\",\"width\":1095,\"height\":611},{\"@type\":\"BreadcrumbList\",\"@id\":\"https:\\\/\\\/batijournal.com\\\/index.php\\\/prevention-des-tms-la-pratique-dexercices-physiques-ne-suffit-pas\\\/101277\\\/#breadcrumb\",\"itemListElement\":[{\"@type\":\"ListItem\",\"position\":1,\"name\":\"Accueil\",\"item\":\"https:\\\/\\\/batijournal.com\\\/\"},{\"@type\":\"ListItem\",\"position\":2,\"name\":\"Actualit\u00e9s\",\"item\":\"https:\\\/\\\/batijournal.com\\\/index.php\\\/category\\\/actualites\\\/\"},{\"@type\":\"ListItem\",\"position\":3,\"name\":\"Pr\u00e9vention des TMS, la pratique d\u2019exercices physiques ne suffit pas\"}]},{\"@type\":\"WebSite\",\"@id\":\"https:\\\/\\\/batijournal.com\\\/#website\",\"url\":\"https:\\\/\\\/batijournal.com\\\/\",\"name\":\"Batijournal\",\"description\":\"L&#039;actualit\u00e9 du b\u00e2timent\",\"potentialAction\":[{\"@type\":\"SearchAction\",\"target\":{\"@type\":\"EntryPoint\",\"urlTemplate\":\"https:\\\/\\\/batijournal.com\\\/?s={search_term_string}\"},\"query-input\":{\"@type\":\"PropertyValueSpecification\",\"valueRequired\":true,\"valueName\":\"search_term_string\"}}],\"inLanguage\":\"fr-FR\"},{\"@type\":\"Person\",\"@id\":\"https:\\\/\\\/batijournal.com\\\/#\\\/schema\\\/person\\\/1dc96ec6957aa1ccb25ebe78bb19f100\",\"name\":\"St\u00e9phane Miget\",\"image\":{\"@type\":\"ImageObject\",\"inLanguage\":\"fr-FR\",\"@id\":\"https:\\\/\\\/secure.gravatar.com\\\/avatar\\\/89915563d925342126b8ef0281b93d9d7fc337043e8df017f780908eb9644451?s=96&d=mm&r=g\",\"url\":\"https:\\\/\\\/secure.gravatar.com\\\/avatar\\\/89915563d925342126b8ef0281b93d9d7fc337043e8df017f780908eb9644451?s=96&d=mm&r=g\",\"contentUrl\":\"https:\\\/\\\/secure.gravatar.com\\\/avatar\\\/89915563d925342126b8ef0281b93d9d7fc337043e8df017f780908eb9644451?s=96&d=mm&r=g\",\"caption\":\"St\u00e9phane Miget\"},\"url\":\"https:\\\/\\\/batijournal.com\\\/index.php\\\/author\\\/stephane\\\/\"}]}<\/script>\n<!-- \/ Yoast SEO plugin. -->","yoast_head_json":{"title":"Pr\u00e9vention des TMS, la pratique d\u2019exercices physiques ne suffit pas","robots":{"index":"index","follow":"follow","max-snippet":"max-snippet:-1","max-image-preview":"max-image-preview:large","max-video-preview":"max-video-preview:-1"},"canonical":"https:\/\/batijournal.com\/index.php\/prevention-des-tms-la-pratique-dexercices-physiques-ne-suffit-pas\/101277\/","og_locale":"fr_FR","og_type":"article","og_title":"Pr\u00e9vention des TMS, la pratique d\u2019exercices physiques ne suffit pas","og_description":"Les TMS repr\u00e9sentent 87% des maladies professionnelles en France, soient plus de 42 500 cas en 2016. Face \u00e0 ce fl\u00e9au, des programmes d\u2019\u00e9chauffements, de renforcement musculaire, d\u2019\u00e9tirements\u2026 sont fr\u00e9quemment propos\u00e9s aux entreprises par des intervenants ext\u00e9rieurs. Toutefois, ces pratiques posent de nombreuses questions, notamment lorsqu\u2019elles consistent seulement en une approche individuelle de pr\u00e9vention des [&hellip;]","og_url":"https:\/\/batijournal.com\/index.php\/prevention-des-tms-la-pratique-dexercices-physiques-ne-suffit-pas\/101277\/","og_site_name":"Batijournal","article_published_time":"2019-01-28T07:39:56+00:00","article_modified_time":"2019-07-15T10:07:07+00:00","og_image":[{"width":1095,"height":611,"url":"https:\/\/batijournal.com\/wp-content\/uploads\/2019\/01\/TMS-exercices-physiques.jpg","type":"image\/jpeg"}],"author":"St\u00e9phane Miget","twitter_card":"summary_large_image","twitter_creator":"@bati_journal","twitter_site":"@bati_journal","twitter_misc":{"\u00c9crit par":"St\u00e9phane Miget","Dur\u00e9e de lecture estim\u00e9e":"1 minute"},"schema":{"@context":"https:\/\/schema.org","@graph":[{"@type":"Article","@id":"https:\/\/batijournal.com\/index.php\/prevention-des-tms-la-pratique-dexercices-physiques-ne-suffit-pas\/101277\/#article","isPartOf":{"@id":"https:\/\/batijournal.com\/index.php\/prevention-des-tms-la-pratique-dexercices-physiques-ne-suffit-pas\/101277\/"},"author":{"name":"St\u00e9phane Miget","@id":"https:\/\/batijournal.com\/#\/schema\/person\/1dc96ec6957aa1ccb25ebe78bb19f100"},"headline":"Pr\u00e9vention des TMS, la pratique d\u2019exercices physiques ne suffit pas","datePublished":"2019-01-28T07:39:56+00:00","dateModified":"2019-07-15T10:07:07+00:00","mainEntityOfPage":{"@id":"https:\/\/batijournal.com\/index.php\/prevention-des-tms-la-pratique-dexercices-physiques-ne-suffit-pas\/101277\/"},"wordCount":287,"image":{"@id":"https:\/\/batijournal.com\/index.php\/prevention-des-tms-la-pratique-dexercices-physiques-ne-suffit-pas\/101277\/#primaryimage"},"thumbnailUrl":"https:\/\/batijournal.com\/wp-content\/uploads\/2019\/01\/TMS-exercices-physiques.jpg","keywords":["tms"],"articleSection":["Actualit\u00e9s","\u00c9conomie &amp; March\u00e9s"],"inLanguage":"fr-FR"},{"@type":"WebPage","@id":"https:\/\/batijournal.com\/index.php\/prevention-des-tms-la-pratique-dexercices-physiques-ne-suffit-pas\/101277\/","url":"https:\/\/batijournal.com\/index.php\/prevention-des-tms-la-pratique-dexercices-physiques-ne-suffit-pas\/101277\/","name":"Pr\u00e9vention des TMS, la pratique d\u2019exercices physiques ne suffit pas","isPartOf":{"@id":"https:\/\/batijournal.com\/#website"},"primaryImageOfPage":{"@id":"https:\/\/batijournal.com\/index.php\/prevention-des-tms-la-pratique-dexercices-physiques-ne-suffit-pas\/101277\/#primaryimage"},"image":{"@id":"https:\/\/batijournal.com\/index.php\/prevention-des-tms-la-pratique-dexercices-physiques-ne-suffit-pas\/101277\/#primaryimage"},"thumbnailUrl":"https:\/\/batijournal.com\/wp-content\/uploads\/2019\/01\/TMS-exercices-physiques.jpg","datePublished":"2019-01-28T07:39:56+00:00","dateModified":"2019-07-15T10:07:07+00:00","author":{"@id":"https:\/\/batijournal.com\/#\/schema\/person\/1dc96ec6957aa1ccb25ebe78bb19f100"},"breadcrumb":{"@id":"https:\/\/batijournal.com\/index.php\/prevention-des-tms-la-pratique-dexercices-physiques-ne-suffit-pas\/101277\/#breadcrumb"},"inLanguage":"fr-FR","potentialAction":[{"@type":"ReadAction","target":["https:\/\/batijournal.com\/index.php\/prevention-des-tms-la-pratique-dexercices-physiques-ne-suffit-pas\/101277\/"]}]},{"@type":"ImageObject","inLanguage":"fr-FR","@id":"https:\/\/batijournal.com\/index.php\/prevention-des-tms-la-pratique-dexercices-physiques-ne-suffit-pas\/101277\/#primaryimage","url":"https:\/\/batijournal.com\/wp-content\/uploads\/2019\/01\/TMS-exercices-physiques.jpg","contentUrl":"https:\/\/batijournal.com\/wp-content\/uploads\/2019\/01\/TMS-exercices-physiques.jpg","width":1095,"height":611},{"@type":"BreadcrumbList","@id":"https:\/\/batijournal.com\/index.php\/prevention-des-tms-la-pratique-dexercices-physiques-ne-suffit-pas\/101277\/#breadcrumb","itemListElement":[{"@type":"ListItem","position":1,"name":"Accueil","item":"https:\/\/batijournal.com\/"},{"@type":"ListItem","position":2,"name":"Actualit\u00e9s","item":"https:\/\/batijournal.com\/index.php\/category\/actualites\/"},{"@type":"ListItem","position":3,"name":"Pr\u00e9vention des TMS, la pratique d\u2019exercices physiques ne suffit pas"}]},{"@type":"WebSite","@id":"https:\/\/batijournal.com\/#website","url":"https:\/\/batijournal.com\/","name":"Batijournal","description":"L&#039;actualit\u00e9 du b\u00e2timent","potentialAction":[{"@type":"SearchAction","target":{"@type":"EntryPoint","urlTemplate":"https:\/\/batijournal.com\/?s={search_term_string}"},"query-input":{"@type":"PropertyValueSpecification","valueRequired":true,"valueName":"search_term_string"}}],"inLanguage":"fr-FR"},{"@type":"Person","@id":"https:\/\/batijournal.com\/#\/schema\/person\/1dc96ec6957aa1ccb25ebe78bb19f100","name":"St\u00e9phane Miget","image":{"@type":"ImageObject","inLanguage":"fr-FR","@id":"https:\/\/secure.gravatar.com\/avatar\/89915563d925342126b8ef0281b93d9d7fc337043e8df017f780908eb9644451?s=96&d=mm&r=g","url":"https:\/\/secure.gravatar.com\/avatar\/89915563d925342126b8ef0281b93d9d7fc337043e8df017f780908eb9644451?s=96&d=mm&r=g","contentUrl":"https:\/\/secure.gravatar.com\/avatar\/89915563d925342126b8ef0281b93d9d7fc337043e8df017f780908eb9644451?s=96&d=mm&r=g","caption":"St\u00e9phane Miget"},"url":"https:\/\/batijournal.com\/index.php\/author\/stephane\/"}]}},"_links":{"self":[{"href":"https:\/\/batijournal.com\/index.php\/wp-json\/wp\/v2\/posts\/101277","targetHints":{"allow":["GET"]}}],"collection":[{"href":"https:\/\/batijournal.com\/index.php\/wp-json\/wp\/v2\/posts"}],"about":[{"href":"https:\/\/batijournal.com\/index.php\/wp-json\/wp\/v2\/types\/post"}],"author":[{"embeddable":true,"href":"https:\/\/batijournal.com\/index.php\/wp-json\/wp\/v2\/users\/17"}],"replies":[{"embeddable":true,"href":"https:\/\/batijournal.com\/index.php\/wp-json\/wp\/v2\/comments?post=101277"}],"version-history":[{"count":0,"href":"https:\/\/batijournal.com\/index.php\/wp-json\/wp\/v2\/posts\/101277\/revisions"}],"wp:featuredmedia":[{"embeddable":true,"href":"https:\/\/batijournal.com\/index.php\/wp-json\/wp\/v2\/media\/101279"}],"wp:attachment":[{"href":"https:\/\/batijournal.com\/index.php\/wp-json\/wp\/v2\/media?parent=101277"}],"wp:term":[{"taxonomy":"category","embeddable":true,"href":"https:\/\/batijournal.com\/index.php\/wp-json\/wp\/v2\/categories?post=101277"},{"taxonomy":"post_tag","embeddable":true,"href":"https:\/\/batijournal.com\/index.php\/wp-json\/wp\/v2\/tags?post=101277"}],"curies":[{"name":"wp","href":"https:\/\/api.w.org\/{rel}","templated":true}]}}