{"id":101304,"date":"2019-01-30T15:49:17","date_gmt":"2019-01-30T14:49:17","guid":{"rendered":"https:\/\/batijournal.com\/?p=101304"},"modified":"2019-07-15T11:14:42","modified_gmt":"2019-07-15T09:14:42","slug":"lhotel-des-postes-de-strasbourg-une-restructuration-architecturale-hors-norme","status":"publish","type":"post","link":"https:\/\/batijournal.com\/index.php\/lhotel-des-postes-de-strasbourg-une-restructuration-architecturale-hors-norme\/101304\/","title":{"rendered":"L\u2019H\u00f4tel des Postes de Strasbourg : une restructuration architecturale hors norme"},"content":{"rendered":"<p><strong>Au printemps 2019, Bouygues Immobilier d\u00e9butera la r\u00e9affectation int\u00e9grale de l\u2019H\u00f4tel des Postes de Strasbourg. Remarquablement conserv\u00e9 depuis son origine, le b\u00e2timent de style n\u00e9o-gothique, construit \u00e0 la fin du XIXe si\u00e8cle (1887) sous l\u2019occupation prussienne, profite d\u2019un site de plus de 11 000 m2 au sol. \u00c0 ce projet s\u2019adjoindront la cr\u00e9ation de surfaces neuves et de stationnements en sous-sol dans la cour centrale.<\/strong><\/p>\n<p>Sise \u00e0 500 m\u00e8tres des monuments class\u00e9s de la Place de la R\u00e9publique, la structure est r\u00e9pertori\u00e9e \u201c b\u00e2timent exceptionnel \u201d pour la partie du XIXe si\u00e8cle et \u201c b\u00e2timent int\u00e9ressant \u201d pour la partie reconstruite d\u2019apr\u00e8s-guerre (corps central de l\u2019Avenue de la Marseillaise). \u00c0 l\u2019\u00e9t\u00e9 2021, elle accueillera des logements r\u00e9sidentiels, des bureaux neufs et r\u00e9habilit\u00e9s, une r\u00e9sidence services pour seniors et une brasserie-restaurant. Le projet pr\u00e9voit la restauration et le nettoyage des fa\u00e7ades ext\u00e9rieures dans le respect total des fa\u00e7ades et toitures d\u2019origine (1896), notamment par le remplacement de certains ch\u00e2ssis vitr\u00e9s et la suppression des ch\u00e2ssis de toiture r\u00e9cents. La cour int\u00e9rieure sera particuli\u00e8rement mise en valeur et les verri\u00e8res du bureau de Poste et de la brasserie seront r\u00e9habilit\u00e9es. Point culminant du b\u00e2timent, la Tour des T\u00e9l\u00e9coms (sur\u00e9lev\u00e9e en 1952) profitera d\u2019un couronnement apparent\u00e9 \u00e0 son allure originelle. Entre la cour int\u00e9rieure et l\u2019Avenue de la Marseillaise, la travers\u00e9e du corps central (reconstruit apr\u00e8s 1945) sera enti\u00e8rement r\u00e9tablie.<\/p>\n<p>Sous les pr\u00e9conisations et orientations de l\u2019Architecte des B\u00e2timents de France, les principales interventions sur le b\u00e2ti existant seront mineures et limit\u00e9es. Les principales voies de distributions (cages d\u2019escaliers angulaires et galerie de circulation vo\u00fbt\u00e9es), avec leurs d\u00e9cors pr\u00e9serv\u00e9s, seront conserv\u00e9es \u00e0 l\u2019identique, simplement r\u00e9nov\u00e9es et embellies. Les fa\u00e7ades sur rue ne sont pas modifi\u00e9es, simplement nettoy\u00e9es et r\u00e9nov\u00e9es.<\/p>\n<p>Visuel : Strasbourg &#8211; Hotel des Postes &#8211; Int\u00e9rieur \u00a9 Bouygues Immobilier<\/p>\n<p>&nbsp;<\/p>\n","protected":false},"excerpt":{"rendered":"<p>Au printemps 2019, Bouygues Immobilier d\u00e9butera la r\u00e9affectation int\u00e9grale de l\u2019H\u00f4tel des Postes de Strasbourg. Remarquablement conserv\u00e9 depuis son origine, le b\u00e2timent de style n\u00e9o-gothique, construit \u00e0 la fin du XIXe si\u00e8cle (1887) sous l\u2019occupation prussienne, profite d\u2019un site de plus de 11 000 m2 au sol. \u00c0 ce projet s\u2019adjoindront la cr\u00e9ation de surfaces [&hellip;]<\/p>\n","protected":false},"author":17,"featured_media":101305,"comment_status":"closed","ping_status":"closed","sticky":false,"template":"","format":"standard","meta":{"_et_pb_use_builder":"","_et_pb_old_content":"","_et_gb_content_width":"","footnotes":""},"categories":[10530,6340,10785],"tags":[89],"class_list":["post-101304","post","type-post","status-publish","format-standard","has-post-thumbnail","hentry","category-actualites","category-architecture-conception","category-atrium","tag-rehabilitation"],"yoast_head":"<!-- This site is optimized with the Yoast SEO plugin v27.4 - https:\/\/yoast.com\/product\/yoast-seo-wordpress\/ -->\n<title>L\u2019H\u00f4tel des Postes de Strasbourg : une restructuration architecturale hors norme<\/title>\n<meta name=\"description\" content=\"Au printemps 2019, Bouygues Immobilier d\u00e9butera la r\u00e9affectation int\u00e9grale du b\u00e2timent de style n\u00e9o-gothique de l\u2019H\u00f4tel des Postes de Strasbourg\" \/>\n<meta name=\"robots\" content=\"index, follow, max-snippet:-1, max-image-preview:large, max-video-preview:-1\" \/>\n<link rel=\"canonical\" href=\"https:\/\/batijournal.com\/index.php\/lhotel-des-postes-de-strasbourg-une-restructuration-architecturale-hors-norme\/101304\/\" \/>\n<meta property=\"og:locale\" content=\"fr_FR\" \/>\n<meta property=\"og:type\" content=\"article\" \/>\n<meta property=\"og:title\" content=\"L\u2019H\u00f4tel des Postes de Strasbourg : une restructuration architecturale hors norme\" \/>\n<meta property=\"og:description\" content=\"Au printemps 2019, Bouygues Immobilier d\u00e9butera la r\u00e9affectation int\u00e9grale du b\u00e2timent de style n\u00e9o-gothique de l\u2019H\u00f4tel des Postes de Strasbourg\" \/>\n<meta property=\"og:url\" content=\"https:\/\/batijournal.com\/index.php\/lhotel-des-postes-de-strasbourg-une-restructuration-architecturale-hors-norme\/101304\/\" \/>\n<meta property=\"og:site_name\" content=\"Batijournal\" \/>\n<meta property=\"article:published_time\" content=\"2019-01-30T14:49:17+00:00\" \/>\n<meta property=\"article:modified_time\" content=\"2019-07-15T09:14:42+00:00\" \/>\n<meta property=\"og:image\" content=\"https:\/\/batijournal.com\/wp-content\/uploads\/2019\/01\/Strasbourg-Hotel-des-Postes-Interieur-Bouygues-Immobilier.jpg\" \/>\n\t<meta property=\"og:image:width\" content=\"1200\" \/>\n\t<meta property=\"og:image:height\" content=\"675\" \/>\n\t<meta property=\"og:image:type\" content=\"image\/jpeg\" \/>\n<meta name=\"author\" content=\"St\u00e9phane Miget\" \/>\n<meta name=\"twitter:card\" content=\"summary_large_image\" \/>\n<meta name=\"twitter:creator\" content=\"@bati_journal\" \/>\n<meta name=\"twitter:site\" content=\"@bati_journal\" \/>\n<meta name=\"twitter:label1\" content=\"\u00c9crit par\" \/>\n\t<meta name=\"twitter:data1\" content=\"St\u00e9phane Miget\" \/>\n\t<meta name=\"twitter:label2\" content=\"Dur\u00e9e de lecture estim\u00e9e\" \/>\n\t<meta name=\"twitter:data2\" content=\"2 minutes\" \/>\n<script type=\"application\/ld+json\" class=\"yoast-schema-graph\">{\"@context\":\"https:\\\/\\\/schema.org\",\"@graph\":[{\"@type\":\"Article\",\"@id\":\"https:\\\/\\\/batijournal.com\\\/index.php\\\/lhotel-des-postes-de-strasbourg-une-restructuration-architecturale-hors-norme\\\/101304\\\/#article\",\"isPartOf\":{\"@id\":\"https:\\\/\\\/batijournal.com\\\/index.php\\\/lhotel-des-postes-de-strasbourg-une-restructuration-architecturale-hors-norme\\\/101304\\\/\"},\"author\":{\"name\":\"St\u00e9phane Miget\",\"@id\":\"https:\\\/\\\/batijournal.com\\\/#\\\/schema\\\/person\\\/1dc96ec6957aa1ccb25ebe78bb19f100\"},\"headline\":\"L\u2019H\u00f4tel des Postes de Strasbourg : une restructuration architecturale hors norme\",\"datePublished\":\"2019-01-30T14:49:17+00:00\",\"dateModified\":\"2019-07-15T09:14:42+00:00\",\"mainEntityOfPage\":{\"@id\":\"https:\\\/\\\/batijournal.com\\\/index.php\\\/lhotel-des-postes-de-strasbourg-une-restructuration-architecturale-hors-norme\\\/101304\\\/\"},\"wordCount\":366,\"image\":{\"@id\":\"https:\\\/\\\/batijournal.com\\\/index.php\\\/lhotel-des-postes-de-strasbourg-une-restructuration-architecturale-hors-norme\\\/101304\\\/#primaryimage\"},\"thumbnailUrl\":\"https:\\\/\\\/batijournal.com\\\/wp-content\\\/uploads\\\/2019\\\/01\\\/Strasbourg-Hotel-des-Postes-Interieur-Bouygues-Immobilier.jpg\",\"keywords\":[\"r\u00e9habilitation\"],\"articleSection\":[\"Actualit\u00e9s\",\"Architecture &amp; Conception\",\"zz_Atrium Patrimoine\"],\"inLanguage\":\"fr-FR\"},{\"@type\":\"WebPage\",\"@id\":\"https:\\\/\\\/batijournal.com\\\/index.php\\\/lhotel-des-postes-de-strasbourg-une-restructuration-architecturale-hors-norme\\\/101304\\\/\",\"url\":\"https:\\\/\\\/batijournal.com\\\/index.php\\\/lhotel-des-postes-de-strasbourg-une-restructuration-architecturale-hors-norme\\\/101304\\\/\",\"name\":\"L\u2019H\u00f4tel des Postes de Strasbourg : une restructuration architecturale hors norme\",\"isPartOf\":{\"@id\":\"https:\\\/\\\/batijournal.com\\\/#website\"},\"primaryImageOfPage\":{\"@id\":\"https:\\\/\\\/batijournal.com\\\/index.php\\\/lhotel-des-postes-de-strasbourg-une-restructuration-architecturale-hors-norme\\\/101304\\\/#primaryimage\"},\"image\":{\"@id\":\"https:\\\/\\\/batijournal.com\\\/index.php\\\/lhotel-des-postes-de-strasbourg-une-restructuration-architecturale-hors-norme\\\/101304\\\/#primaryimage\"},\"thumbnailUrl\":\"https:\\\/\\\/batijournal.com\\\/wp-content\\\/uploads\\\/2019\\\/01\\\/Strasbourg-Hotel-des-Postes-Interieur-Bouygues-Immobilier.jpg\",\"datePublished\":\"2019-01-30T14:49:17+00:00\",\"dateModified\":\"2019-07-15T09:14:42+00:00\",\"author\":{\"@id\":\"https:\\\/\\\/batijournal.com\\\/#\\\/schema\\\/person\\\/1dc96ec6957aa1ccb25ebe78bb19f100\"},\"description\":\"Au printemps 2019, Bouygues Immobilier d\u00e9butera la r\u00e9affectation int\u00e9grale du b\u00e2timent de style n\u00e9o-gothique de l\u2019H\u00f4tel des Postes de Strasbourg\",\"breadcrumb\":{\"@id\":\"https:\\\/\\\/batijournal.com\\\/index.php\\\/lhotel-des-postes-de-strasbourg-une-restructuration-architecturale-hors-norme\\\/101304\\\/#breadcrumb\"},\"inLanguage\":\"fr-FR\",\"potentialAction\":[{\"@type\":\"ReadAction\",\"target\":[\"https:\\\/\\\/batijournal.com\\\/index.php\\\/lhotel-des-postes-de-strasbourg-une-restructuration-architecturale-hors-norme\\\/101304\\\/\"]}]},{\"@type\":\"ImageObject\",\"inLanguage\":\"fr-FR\",\"@id\":\"https:\\\/\\\/batijournal.com\\\/index.php\\\/lhotel-des-postes-de-strasbourg-une-restructuration-architecturale-hors-norme\\\/101304\\\/#primaryimage\",\"url\":\"https:\\\/\\\/batijournal.com\\\/wp-content\\\/uploads\\\/2019\\\/01\\\/Strasbourg-Hotel-des-Postes-Interieur-Bouygues-Immobilier.jpg\",\"contentUrl\":\"https:\\\/\\\/batijournal.com\\\/wp-content\\\/uploads\\\/2019\\\/01\\\/Strasbourg-Hotel-des-Postes-Interieur-Bouygues-Immobilier.jpg\",\"width\":1200,\"height\":675},{\"@type\":\"BreadcrumbList\",\"@id\":\"https:\\\/\\\/batijournal.com\\\/index.php\\\/lhotel-des-postes-de-strasbourg-une-restructuration-architecturale-hors-norme\\\/101304\\\/#breadcrumb\",\"itemListElement\":[{\"@type\":\"ListItem\",\"position\":1,\"name\":\"Accueil\",\"item\":\"https:\\\/\\\/batijournal.com\\\/\"},{\"@type\":\"ListItem\",\"position\":2,\"name\":\"Actualit\u00e9s\",\"item\":\"https:\\\/\\\/batijournal.com\\\/index.php\\\/category\\\/actualites\\\/\"},{\"@type\":\"ListItem\",\"position\":3,\"name\":\"L\u2019H\u00f4tel des Postes de Strasbourg : une restructuration architecturale hors norme\"}]},{\"@type\":\"WebSite\",\"@id\":\"https:\\\/\\\/batijournal.com\\\/#website\",\"url\":\"https:\\\/\\\/batijournal.com\\\/\",\"name\":\"Batijournal\",\"description\":\"L&#039;actualit\u00e9 du b\u00e2timent\",\"potentialAction\":[{\"@type\":\"SearchAction\",\"target\":{\"@type\":\"EntryPoint\",\"urlTemplate\":\"https:\\\/\\\/batijournal.com\\\/?s={search_term_string}\"},\"query-input\":{\"@type\":\"PropertyValueSpecification\",\"valueRequired\":true,\"valueName\":\"search_term_string\"}}],\"inLanguage\":\"fr-FR\"},{\"@type\":\"Person\",\"@id\":\"https:\\\/\\\/batijournal.com\\\/#\\\/schema\\\/person\\\/1dc96ec6957aa1ccb25ebe78bb19f100\",\"name\":\"St\u00e9phane Miget\",\"image\":{\"@type\":\"ImageObject\",\"inLanguage\":\"fr-FR\",\"@id\":\"https:\\\/\\\/secure.gravatar.com\\\/avatar\\\/89915563d925342126b8ef0281b93d9d7fc337043e8df017f780908eb9644451?s=96&d=mm&r=g\",\"url\":\"https:\\\/\\\/secure.gravatar.com\\\/avatar\\\/89915563d925342126b8ef0281b93d9d7fc337043e8df017f780908eb9644451?s=96&d=mm&r=g\",\"contentUrl\":\"https:\\\/\\\/secure.gravatar.com\\\/avatar\\\/89915563d925342126b8ef0281b93d9d7fc337043e8df017f780908eb9644451?s=96&d=mm&r=g\",\"caption\":\"St\u00e9phane Miget\"},\"url\":\"https:\\\/\\\/batijournal.com\\\/index.php\\\/author\\\/stephane\\\/\"}]}<\/script>\n<!-- \/ Yoast SEO plugin. -->","yoast_head_json":{"title":"L\u2019H\u00f4tel des Postes de Strasbourg : une restructuration architecturale hors norme","description":"Au printemps 2019, Bouygues Immobilier d\u00e9butera la r\u00e9affectation int\u00e9grale du b\u00e2timent de style n\u00e9o-gothique de l\u2019H\u00f4tel des Postes de Strasbourg","robots":{"index":"index","follow":"follow","max-snippet":"max-snippet:-1","max-image-preview":"max-image-preview:large","max-video-preview":"max-video-preview:-1"},"canonical":"https:\/\/batijournal.com\/index.php\/lhotel-des-postes-de-strasbourg-une-restructuration-architecturale-hors-norme\/101304\/","og_locale":"fr_FR","og_type":"article","og_title":"L\u2019H\u00f4tel des Postes de Strasbourg : une restructuration architecturale hors norme","og_description":"Au printemps 2019, Bouygues Immobilier d\u00e9butera la r\u00e9affectation int\u00e9grale du b\u00e2timent de style n\u00e9o-gothique de l\u2019H\u00f4tel des Postes de Strasbourg","og_url":"https:\/\/batijournal.com\/index.php\/lhotel-des-postes-de-strasbourg-une-restructuration-architecturale-hors-norme\/101304\/","og_site_name":"Batijournal","article_published_time":"2019-01-30T14:49:17+00:00","article_modified_time":"2019-07-15T09:14:42+00:00","og_image":[{"width":1200,"height":675,"url":"https:\/\/batijournal.com\/wp-content\/uploads\/2019\/01\/Strasbourg-Hotel-des-Postes-Interieur-Bouygues-Immobilier.jpg","type":"image\/jpeg"}],"author":"St\u00e9phane Miget","twitter_card":"summary_large_image","twitter_creator":"@bati_journal","twitter_site":"@bati_journal","twitter_misc":{"\u00c9crit par":"St\u00e9phane Miget","Dur\u00e9e de lecture estim\u00e9e":"2 minutes"},"schema":{"@context":"https:\/\/schema.org","@graph":[{"@type":"Article","@id":"https:\/\/batijournal.com\/index.php\/lhotel-des-postes-de-strasbourg-une-restructuration-architecturale-hors-norme\/101304\/#article","isPartOf":{"@id":"https:\/\/batijournal.com\/index.php\/lhotel-des-postes-de-strasbourg-une-restructuration-architecturale-hors-norme\/101304\/"},"author":{"name":"St\u00e9phane Miget","@id":"https:\/\/batijournal.com\/#\/schema\/person\/1dc96ec6957aa1ccb25ebe78bb19f100"},"headline":"L\u2019H\u00f4tel des Postes de Strasbourg : une restructuration architecturale hors norme","datePublished":"2019-01-30T14:49:17+00:00","dateModified":"2019-07-15T09:14:42+00:00","mainEntityOfPage":{"@id":"https:\/\/batijournal.com\/index.php\/lhotel-des-postes-de-strasbourg-une-restructuration-architecturale-hors-norme\/101304\/"},"wordCount":366,"image":{"@id":"https:\/\/batijournal.com\/index.php\/lhotel-des-postes-de-strasbourg-une-restructuration-architecturale-hors-norme\/101304\/#primaryimage"},"thumbnailUrl":"https:\/\/batijournal.com\/wp-content\/uploads\/2019\/01\/Strasbourg-Hotel-des-Postes-Interieur-Bouygues-Immobilier.jpg","keywords":["r\u00e9habilitation"],"articleSection":["Actualit\u00e9s","Architecture &amp; Conception","zz_Atrium Patrimoine"],"inLanguage":"fr-FR"},{"@type":"WebPage","@id":"https:\/\/batijournal.com\/index.php\/lhotel-des-postes-de-strasbourg-une-restructuration-architecturale-hors-norme\/101304\/","url":"https:\/\/batijournal.com\/index.php\/lhotel-des-postes-de-strasbourg-une-restructuration-architecturale-hors-norme\/101304\/","name":"L\u2019H\u00f4tel des Postes de Strasbourg : une restructuration architecturale hors norme","isPartOf":{"@id":"https:\/\/batijournal.com\/#website"},"primaryImageOfPage":{"@id":"https:\/\/batijournal.com\/index.php\/lhotel-des-postes-de-strasbourg-une-restructuration-architecturale-hors-norme\/101304\/#primaryimage"},"image":{"@id":"https:\/\/batijournal.com\/index.php\/lhotel-des-postes-de-strasbourg-une-restructuration-architecturale-hors-norme\/101304\/#primaryimage"},"thumbnailUrl":"https:\/\/batijournal.com\/wp-content\/uploads\/2019\/01\/Strasbourg-Hotel-des-Postes-Interieur-Bouygues-Immobilier.jpg","datePublished":"2019-01-30T14:49:17+00:00","dateModified":"2019-07-15T09:14:42+00:00","author":{"@id":"https:\/\/batijournal.com\/#\/schema\/person\/1dc96ec6957aa1ccb25ebe78bb19f100"},"description":"Au printemps 2019, Bouygues Immobilier d\u00e9butera la r\u00e9affectation int\u00e9grale du b\u00e2timent de style n\u00e9o-gothique de l\u2019H\u00f4tel des Postes de Strasbourg","breadcrumb":{"@id":"https:\/\/batijournal.com\/index.php\/lhotel-des-postes-de-strasbourg-une-restructuration-architecturale-hors-norme\/101304\/#breadcrumb"},"inLanguage":"fr-FR","potentialAction":[{"@type":"ReadAction","target":["https:\/\/batijournal.com\/index.php\/lhotel-des-postes-de-strasbourg-une-restructuration-architecturale-hors-norme\/101304\/"]}]},{"@type":"ImageObject","inLanguage":"fr-FR","@id":"https:\/\/batijournal.com\/index.php\/lhotel-des-postes-de-strasbourg-une-restructuration-architecturale-hors-norme\/101304\/#primaryimage","url":"https:\/\/batijournal.com\/wp-content\/uploads\/2019\/01\/Strasbourg-Hotel-des-Postes-Interieur-Bouygues-Immobilier.jpg","contentUrl":"https:\/\/batijournal.com\/wp-content\/uploads\/2019\/01\/Strasbourg-Hotel-des-Postes-Interieur-Bouygues-Immobilier.jpg","width":1200,"height":675},{"@type":"BreadcrumbList","@id":"https:\/\/batijournal.com\/index.php\/lhotel-des-postes-de-strasbourg-une-restructuration-architecturale-hors-norme\/101304\/#breadcrumb","itemListElement":[{"@type":"ListItem","position":1,"name":"Accueil","item":"https:\/\/batijournal.com\/"},{"@type":"ListItem","position":2,"name":"Actualit\u00e9s","item":"https:\/\/batijournal.com\/index.php\/category\/actualites\/"},{"@type":"ListItem","position":3,"name":"L\u2019H\u00f4tel des Postes de Strasbourg : une restructuration architecturale hors norme"}]},{"@type":"WebSite","@id":"https:\/\/batijournal.com\/#website","url":"https:\/\/batijournal.com\/","name":"Batijournal","description":"L&#039;actualit\u00e9 du b\u00e2timent","potentialAction":[{"@type":"SearchAction","target":{"@type":"EntryPoint","urlTemplate":"https:\/\/batijournal.com\/?s={search_term_string}"},"query-input":{"@type":"PropertyValueSpecification","valueRequired":true,"valueName":"search_term_string"}}],"inLanguage":"fr-FR"},{"@type":"Person","@id":"https:\/\/batijournal.com\/#\/schema\/person\/1dc96ec6957aa1ccb25ebe78bb19f100","name":"St\u00e9phane Miget","image":{"@type":"ImageObject","inLanguage":"fr-FR","@id":"https:\/\/secure.gravatar.com\/avatar\/89915563d925342126b8ef0281b93d9d7fc337043e8df017f780908eb9644451?s=96&d=mm&r=g","url":"https:\/\/secure.gravatar.com\/avatar\/89915563d925342126b8ef0281b93d9d7fc337043e8df017f780908eb9644451?s=96&d=mm&r=g","contentUrl":"https:\/\/secure.gravatar.com\/avatar\/89915563d925342126b8ef0281b93d9d7fc337043e8df017f780908eb9644451?s=96&d=mm&r=g","caption":"St\u00e9phane Miget"},"url":"https:\/\/batijournal.com\/index.php\/author\/stephane\/"}]}},"_links":{"self":[{"href":"https:\/\/batijournal.com\/index.php\/wp-json\/wp\/v2\/posts\/101304","targetHints":{"allow":["GET"]}}],"collection":[{"href":"https:\/\/batijournal.com\/index.php\/wp-json\/wp\/v2\/posts"}],"about":[{"href":"https:\/\/batijournal.com\/index.php\/wp-json\/wp\/v2\/types\/post"}],"author":[{"embeddable":true,"href":"https:\/\/batijournal.com\/index.php\/wp-json\/wp\/v2\/users\/17"}],"replies":[{"embeddable":true,"href":"https:\/\/batijournal.com\/index.php\/wp-json\/wp\/v2\/comments?post=101304"}],"version-history":[{"count":0,"href":"https:\/\/batijournal.com\/index.php\/wp-json\/wp\/v2\/posts\/101304\/revisions"}],"wp:featuredmedia":[{"embeddable":true,"href":"https:\/\/batijournal.com\/index.php\/wp-json\/wp\/v2\/media\/101305"}],"wp:attachment":[{"href":"https:\/\/batijournal.com\/index.php\/wp-json\/wp\/v2\/media?parent=101304"}],"wp:term":[{"taxonomy":"category","embeddable":true,"href":"https:\/\/batijournal.com\/index.php\/wp-json\/wp\/v2\/categories?post=101304"},{"taxonomy":"post_tag","embeddable":true,"href":"https:\/\/batijournal.com\/index.php\/wp-json\/wp\/v2\/tags?post=101304"}],"curies":[{"name":"wp","href":"https:\/\/api.w.org\/{rel}","templated":true}]}}