{"id":101314,"date":"2019-01-31T08:57:46","date_gmt":"2019-01-31T07:57:46","guid":{"rendered":"https:\/\/batijournal.com\/?p=101314"},"modified":"2019-07-15T11:26:46","modified_gmt":"2019-07-15T09:26:46","slug":"la-future-sous-prefecture-de-palaiseau-sera-integree-au-paysage","status":"publish","type":"post","link":"https:\/\/batijournal.com\/index.php\/la-future-sous-prefecture-de-palaiseau-sera-integree-au-paysage\/101314\/","title":{"rendered":"La future sous-pr\u00e9fecture de Palaiseau sera int\u00e9gr\u00e9e au paysage"},"content":{"rendered":"<p>Mars Architectes r\u00e9alisera la sous-pr\u00e9fecture de Palaiseau au sein du Campus urbain de Paris-Saclay. Le b\u00e2timent se situera \u00e0 l\u2019entr\u00e9e du quartier de l\u2019Ecole polytechnique du Campus urbain, dans un environnement v\u00e9g\u00e9tal \u00e0 l\u2019or\u00e9e de la lisi\u00e8re paysag\u00e8re qui m\u00e9nage la transition entre la ville et les espaces agricoles. Le projet de Mars Architectes tire parti de cette situation pour proposer une fa\u00e7ade \u00ab fronton \u00bb au nord, marquant l\u2019entr\u00e9e du Campus et affirmer la pr\u00e9sence du b\u00e2timent public sur l\u2019avenue de la Vauve. Son architecture solide et p\u00e9renne se distingue par sa sobri\u00e9t\u00e9 et son \u00e9quilibre. Celle-ci \u00e9merge du paysage par un point culminant, au-dessus de la cime des arbres. Au sud, le mur d\u2019enceinte s\u2019enfonce dans le sol pour laisser place \u00e0 un jardin en pente douce venant accueillir le public, un jardin qui s\u2019inscrit dans la continuit\u00e9 des espaces publics de l\u2019entr\u00e9e de Campus. Le public est ainsi invit\u00e9 \u00e0 parcourir ce jardin pour entrer dans le b\u00e2timent, et est ainsi accueilli dans un environnement de qualit\u00e9. Le fronton en b\u00e9ton teint\u00e9 ocre est orn\u00e9 d\u2019un motif s\u00e9riel portant les inscriptions, grav\u00e9es dans sa masse, \u00ab Sous-pr\u00e9fecture de Palaiseau\u2026R\u00e9publique Fran\u00e7aise\u2026 \u00bb. La gestion des eaux pluviales est pr\u00e9vue via la toiture v\u00e9g\u00e9talis\u00e9e, la noue humide et les espaces ext\u00e9rieurs perm\u00e9ables en rez-de-chauss\u00e9e. Le projet permet d\u2019absorber naturellement une grande partie des eaux pluviales. N\u00e9anmoins, une cuve enterr\u00e9e de r\u00e9cup\u00e9ration des eaux de pluie sera int\u00e9gr\u00e9e en phase \u00e9tudes afin d\u2019alimenter un r\u00e9seau d\u2019eau non potable destin\u00e9e \u00e0 l\u2019arrosage des espaces ext\u00e9rieures et toitures v\u00e9g\u00e9talis\u00e9es ainsi que pour l\u2019entretien des locaux.<\/p>\n","protected":false},"excerpt":{"rendered":"<p>Mars Architectes r\u00e9alisera la sous-pr\u00e9fecture de Palaiseau au sein du Campus urbain de Paris-Saclay. Le b\u00e2timent se situera \u00e0 l\u2019entr\u00e9e du quartier de l\u2019Ecole polytechnique du Campus urbain, dans un environnement v\u00e9g\u00e9tal \u00e0 l\u2019or\u00e9e de la lisi\u00e8re paysag\u00e8re qui m\u00e9nage la transition entre la ville et les espaces agricoles. Le projet de Mars Architectes tire [&hellip;]<\/p>\n","protected":false},"author":17,"featured_media":101312,"comment_status":"closed","ping_status":"closed","sticky":false,"template":"","format":"standard","meta":{"_et_pb_use_builder":"","_et_pb_old_content":"","_et_gb_content_width":"","footnotes":""},"categories":[10530,6340,10771,10775],"tags":[1150],"class_list":["post-101314","post","type-post","status-publish","format-standard","has-post-thumbnail","hentry","category-actualites","category-architecture-conception","category-5facades","category-actualites-5facades","tag-chantier"],"yoast_head":"<!-- This site is optimized with the Yoast SEO plugin v27.4 - https:\/\/yoast.com\/product\/yoast-seo-wordpress\/ -->\n<title>La future sous-pr\u00e9fecture de Palaiseau sera int\u00e9gr\u00e9e au paysage<\/title>\n<meta name=\"description\" content=\"Mars Architectes r\u00e9alisera la sous-pr\u00e9fecture de Palaiseau au sein du Campus urbain de Paris-Saclay \u00e0 l\u2019entr\u00e9e du quartier de l\u2019Ecole polytechnique\" \/>\n<meta name=\"robots\" content=\"index, follow, max-snippet:-1, max-image-preview:large, max-video-preview:-1\" \/>\n<link rel=\"canonical\" href=\"https:\/\/batijournal.com\/index.php\/la-future-sous-prefecture-de-palaiseau-sera-integree-au-paysage\/101314\/\" \/>\n<meta property=\"og:locale\" content=\"fr_FR\" \/>\n<meta property=\"og:type\" content=\"article\" \/>\n<meta property=\"og:title\" content=\"La future sous-pr\u00e9fecture de Palaiseau sera int\u00e9gr\u00e9e au paysage\" \/>\n<meta property=\"og:description\" content=\"Mars Architectes r\u00e9alisera la sous-pr\u00e9fecture de Palaiseau au sein du Campus urbain de Paris-Saclay \u00e0 l\u2019entr\u00e9e du quartier de l\u2019Ecole polytechnique\" \/>\n<meta property=\"og:url\" content=\"https:\/\/batijournal.com\/index.php\/la-future-sous-prefecture-de-palaiseau-sera-integree-au-paysage\/101314\/\" \/>\n<meta property=\"og:site_name\" content=\"Batijournal\" \/>\n<meta property=\"article:published_time\" content=\"2019-01-31T07:57:46+00:00\" \/>\n<meta property=\"article:modified_time\" content=\"2019-07-15T09:26:46+00:00\" \/>\n<meta property=\"og:image\" content=\"https:\/\/batijournal.com\/wp-content\/uploads\/2019\/01\/sous-prefecture-palaiseau-integration-paysagere.jpg\" \/>\n\t<meta property=\"og:image:width\" content=\"1200\" \/>\n\t<meta property=\"og:image:height\" content=\"540\" \/>\n\t<meta property=\"og:image:type\" content=\"image\/jpeg\" \/>\n<meta name=\"author\" content=\"St\u00e9phane Miget\" \/>\n<meta name=\"twitter:card\" content=\"summary_large_image\" \/>\n<meta name=\"twitter:creator\" content=\"@bati_journal\" \/>\n<meta name=\"twitter:site\" content=\"@bati_journal\" \/>\n<meta name=\"twitter:label1\" content=\"\u00c9crit par\" \/>\n\t<meta name=\"twitter:data1\" content=\"St\u00e9phane Miget\" \/>\n\t<meta name=\"twitter:label2\" content=\"Dur\u00e9e de lecture estim\u00e9e\" \/>\n\t<meta name=\"twitter:data2\" content=\"2 minutes\" \/>\n<script type=\"application\/ld+json\" class=\"yoast-schema-graph\">{\"@context\":\"https:\\\/\\\/schema.org\",\"@graph\":[{\"@type\":\"Article\",\"@id\":\"https:\\\/\\\/batijournal.com\\\/index.php\\\/la-future-sous-prefecture-de-palaiseau-sera-integree-au-paysage\\\/101314\\\/#article\",\"isPartOf\":{\"@id\":\"https:\\\/\\\/batijournal.com\\\/index.php\\\/la-future-sous-prefecture-de-palaiseau-sera-integree-au-paysage\\\/101314\\\/\"},\"author\":{\"name\":\"St\u00e9phane Miget\",\"@id\":\"https:\\\/\\\/batijournal.com\\\/#\\\/schema\\\/person\\\/1dc96ec6957aa1ccb25ebe78bb19f100\"},\"headline\":\"La future sous-pr\u00e9fecture de Palaiseau sera int\u00e9gr\u00e9e au paysage\",\"datePublished\":\"2019-01-31T07:57:46+00:00\",\"dateModified\":\"2019-07-15T09:26:46+00:00\",\"mainEntityOfPage\":{\"@id\":\"https:\\\/\\\/batijournal.com\\\/index.php\\\/la-future-sous-prefecture-de-palaiseau-sera-integree-au-paysage\\\/101314\\\/\"},\"wordCount\":325,\"image\":{\"@id\":\"https:\\\/\\\/batijournal.com\\\/index.php\\\/la-future-sous-prefecture-de-palaiseau-sera-integree-au-paysage\\\/101314\\\/#primaryimage\"},\"thumbnailUrl\":\"https:\\\/\\\/batijournal.com\\\/wp-content\\\/uploads\\\/2019\\\/01\\\/sous-prefecture-palaiseau-integration-paysagere.jpg\",\"keywords\":[\"chantier\"],\"articleSection\":[\"Actualit\u00e9s\",\"Architecture &amp; Conception\",\"zz_5fa\u00e7ades\",\"zz_Actualit\u00e9s - 5fa\u00e7ades\"],\"inLanguage\":\"fr-FR\"},{\"@type\":\"WebPage\",\"@id\":\"https:\\\/\\\/batijournal.com\\\/index.php\\\/la-future-sous-prefecture-de-palaiseau-sera-integree-au-paysage\\\/101314\\\/\",\"url\":\"https:\\\/\\\/batijournal.com\\\/index.php\\\/la-future-sous-prefecture-de-palaiseau-sera-integree-au-paysage\\\/101314\\\/\",\"name\":\"La future sous-pr\u00e9fecture de Palaiseau sera int\u00e9gr\u00e9e au paysage\",\"isPartOf\":{\"@id\":\"https:\\\/\\\/batijournal.com\\\/#website\"},\"primaryImageOfPage\":{\"@id\":\"https:\\\/\\\/batijournal.com\\\/index.php\\\/la-future-sous-prefecture-de-palaiseau-sera-integree-au-paysage\\\/101314\\\/#primaryimage\"},\"image\":{\"@id\":\"https:\\\/\\\/batijournal.com\\\/index.php\\\/la-future-sous-prefecture-de-palaiseau-sera-integree-au-paysage\\\/101314\\\/#primaryimage\"},\"thumbnailUrl\":\"https:\\\/\\\/batijournal.com\\\/wp-content\\\/uploads\\\/2019\\\/01\\\/sous-prefecture-palaiseau-integration-paysagere.jpg\",\"datePublished\":\"2019-01-31T07:57:46+00:00\",\"dateModified\":\"2019-07-15T09:26:46+00:00\",\"author\":{\"@id\":\"https:\\\/\\\/batijournal.com\\\/#\\\/schema\\\/person\\\/1dc96ec6957aa1ccb25ebe78bb19f100\"},\"description\":\"Mars Architectes r\u00e9alisera la sous-pr\u00e9fecture de Palaiseau au sein du Campus urbain de Paris-Saclay \u00e0 l\u2019entr\u00e9e du quartier de l\u2019Ecole polytechnique\",\"breadcrumb\":{\"@id\":\"https:\\\/\\\/batijournal.com\\\/index.php\\\/la-future-sous-prefecture-de-palaiseau-sera-integree-au-paysage\\\/101314\\\/#breadcrumb\"},\"inLanguage\":\"fr-FR\",\"potentialAction\":[{\"@type\":\"ReadAction\",\"target\":[\"https:\\\/\\\/batijournal.com\\\/index.php\\\/la-future-sous-prefecture-de-palaiseau-sera-integree-au-paysage\\\/101314\\\/\"]}]},{\"@type\":\"ImageObject\",\"inLanguage\":\"fr-FR\",\"@id\":\"https:\\\/\\\/batijournal.com\\\/index.php\\\/la-future-sous-prefecture-de-palaiseau-sera-integree-au-paysage\\\/101314\\\/#primaryimage\",\"url\":\"https:\\\/\\\/batijournal.com\\\/wp-content\\\/uploads\\\/2019\\\/01\\\/sous-prefecture-palaiseau-integration-paysagere.jpg\",\"contentUrl\":\"https:\\\/\\\/batijournal.com\\\/wp-content\\\/uploads\\\/2019\\\/01\\\/sous-prefecture-palaiseau-integration-paysagere.jpg\",\"width\":1200,\"height\":540},{\"@type\":\"BreadcrumbList\",\"@id\":\"https:\\\/\\\/batijournal.com\\\/index.php\\\/la-future-sous-prefecture-de-palaiseau-sera-integree-au-paysage\\\/101314\\\/#breadcrumb\",\"itemListElement\":[{\"@type\":\"ListItem\",\"position\":1,\"name\":\"Accueil\",\"item\":\"https:\\\/\\\/batijournal.com\\\/\"},{\"@type\":\"ListItem\",\"position\":2,\"name\":\"Actualit\u00e9s\",\"item\":\"https:\\\/\\\/batijournal.com\\\/index.php\\\/category\\\/actualites\\\/\"},{\"@type\":\"ListItem\",\"position\":3,\"name\":\"La future sous-pr\u00e9fecture de Palaiseau sera int\u00e9gr\u00e9e au paysage\"}]},{\"@type\":\"WebSite\",\"@id\":\"https:\\\/\\\/batijournal.com\\\/#website\",\"url\":\"https:\\\/\\\/batijournal.com\\\/\",\"name\":\"Batijournal\",\"description\":\"L&#039;actualit\u00e9 du b\u00e2timent\",\"potentialAction\":[{\"@type\":\"SearchAction\",\"target\":{\"@type\":\"EntryPoint\",\"urlTemplate\":\"https:\\\/\\\/batijournal.com\\\/?s={search_term_string}\"},\"query-input\":{\"@type\":\"PropertyValueSpecification\",\"valueRequired\":true,\"valueName\":\"search_term_string\"}}],\"inLanguage\":\"fr-FR\"},{\"@type\":\"Person\",\"@id\":\"https:\\\/\\\/batijournal.com\\\/#\\\/schema\\\/person\\\/1dc96ec6957aa1ccb25ebe78bb19f100\",\"name\":\"St\u00e9phane Miget\",\"image\":{\"@type\":\"ImageObject\",\"inLanguage\":\"fr-FR\",\"@id\":\"https:\\\/\\\/secure.gravatar.com\\\/avatar\\\/89915563d925342126b8ef0281b93d9d7fc337043e8df017f780908eb9644451?s=96&d=mm&r=g\",\"url\":\"https:\\\/\\\/secure.gravatar.com\\\/avatar\\\/89915563d925342126b8ef0281b93d9d7fc337043e8df017f780908eb9644451?s=96&d=mm&r=g\",\"contentUrl\":\"https:\\\/\\\/secure.gravatar.com\\\/avatar\\\/89915563d925342126b8ef0281b93d9d7fc337043e8df017f780908eb9644451?s=96&d=mm&r=g\",\"caption\":\"St\u00e9phane Miget\"},\"url\":\"https:\\\/\\\/batijournal.com\\\/index.php\\\/author\\\/stephane\\\/\"}]}<\/script>\n<!-- \/ Yoast SEO plugin. -->","yoast_head_json":{"title":"La future sous-pr\u00e9fecture de Palaiseau sera int\u00e9gr\u00e9e au paysage","description":"Mars Architectes r\u00e9alisera la sous-pr\u00e9fecture de Palaiseau au sein du Campus urbain de Paris-Saclay \u00e0 l\u2019entr\u00e9e du quartier de l\u2019Ecole polytechnique","robots":{"index":"index","follow":"follow","max-snippet":"max-snippet:-1","max-image-preview":"max-image-preview:large","max-video-preview":"max-video-preview:-1"},"canonical":"https:\/\/batijournal.com\/index.php\/la-future-sous-prefecture-de-palaiseau-sera-integree-au-paysage\/101314\/","og_locale":"fr_FR","og_type":"article","og_title":"La future sous-pr\u00e9fecture de Palaiseau sera int\u00e9gr\u00e9e au paysage","og_description":"Mars Architectes r\u00e9alisera la sous-pr\u00e9fecture de Palaiseau au sein du Campus urbain de Paris-Saclay \u00e0 l\u2019entr\u00e9e du quartier de l\u2019Ecole polytechnique","og_url":"https:\/\/batijournal.com\/index.php\/la-future-sous-prefecture-de-palaiseau-sera-integree-au-paysage\/101314\/","og_site_name":"Batijournal","article_published_time":"2019-01-31T07:57:46+00:00","article_modified_time":"2019-07-15T09:26:46+00:00","og_image":[{"width":1200,"height":540,"url":"https:\/\/batijournal.com\/wp-content\/uploads\/2019\/01\/sous-prefecture-palaiseau-integration-paysagere.jpg","type":"image\/jpeg"}],"author":"St\u00e9phane Miget","twitter_card":"summary_large_image","twitter_creator":"@bati_journal","twitter_site":"@bati_journal","twitter_misc":{"\u00c9crit par":"St\u00e9phane Miget","Dur\u00e9e de lecture estim\u00e9e":"2 minutes"},"schema":{"@context":"https:\/\/schema.org","@graph":[{"@type":"Article","@id":"https:\/\/batijournal.com\/index.php\/la-future-sous-prefecture-de-palaiseau-sera-integree-au-paysage\/101314\/#article","isPartOf":{"@id":"https:\/\/batijournal.com\/index.php\/la-future-sous-prefecture-de-palaiseau-sera-integree-au-paysage\/101314\/"},"author":{"name":"St\u00e9phane Miget","@id":"https:\/\/batijournal.com\/#\/schema\/person\/1dc96ec6957aa1ccb25ebe78bb19f100"},"headline":"La future sous-pr\u00e9fecture de Palaiseau sera int\u00e9gr\u00e9e au paysage","datePublished":"2019-01-31T07:57:46+00:00","dateModified":"2019-07-15T09:26:46+00:00","mainEntityOfPage":{"@id":"https:\/\/batijournal.com\/index.php\/la-future-sous-prefecture-de-palaiseau-sera-integree-au-paysage\/101314\/"},"wordCount":325,"image":{"@id":"https:\/\/batijournal.com\/index.php\/la-future-sous-prefecture-de-palaiseau-sera-integree-au-paysage\/101314\/#primaryimage"},"thumbnailUrl":"https:\/\/batijournal.com\/wp-content\/uploads\/2019\/01\/sous-prefecture-palaiseau-integration-paysagere.jpg","keywords":["chantier"],"articleSection":["Actualit\u00e9s","Architecture &amp; Conception","zz_5fa\u00e7ades","zz_Actualit\u00e9s - 5fa\u00e7ades"],"inLanguage":"fr-FR"},{"@type":"WebPage","@id":"https:\/\/batijournal.com\/index.php\/la-future-sous-prefecture-de-palaiseau-sera-integree-au-paysage\/101314\/","url":"https:\/\/batijournal.com\/index.php\/la-future-sous-prefecture-de-palaiseau-sera-integree-au-paysage\/101314\/","name":"La future sous-pr\u00e9fecture de Palaiseau sera int\u00e9gr\u00e9e au paysage","isPartOf":{"@id":"https:\/\/batijournal.com\/#website"},"primaryImageOfPage":{"@id":"https:\/\/batijournal.com\/index.php\/la-future-sous-prefecture-de-palaiseau-sera-integree-au-paysage\/101314\/#primaryimage"},"image":{"@id":"https:\/\/batijournal.com\/index.php\/la-future-sous-prefecture-de-palaiseau-sera-integree-au-paysage\/101314\/#primaryimage"},"thumbnailUrl":"https:\/\/batijournal.com\/wp-content\/uploads\/2019\/01\/sous-prefecture-palaiseau-integration-paysagere.jpg","datePublished":"2019-01-31T07:57:46+00:00","dateModified":"2019-07-15T09:26:46+00:00","author":{"@id":"https:\/\/batijournal.com\/#\/schema\/person\/1dc96ec6957aa1ccb25ebe78bb19f100"},"description":"Mars Architectes r\u00e9alisera la sous-pr\u00e9fecture de Palaiseau au sein du Campus urbain de Paris-Saclay \u00e0 l\u2019entr\u00e9e du quartier de l\u2019Ecole polytechnique","breadcrumb":{"@id":"https:\/\/batijournal.com\/index.php\/la-future-sous-prefecture-de-palaiseau-sera-integree-au-paysage\/101314\/#breadcrumb"},"inLanguage":"fr-FR","potentialAction":[{"@type":"ReadAction","target":["https:\/\/batijournal.com\/index.php\/la-future-sous-prefecture-de-palaiseau-sera-integree-au-paysage\/101314\/"]}]},{"@type":"ImageObject","inLanguage":"fr-FR","@id":"https:\/\/batijournal.com\/index.php\/la-future-sous-prefecture-de-palaiseau-sera-integree-au-paysage\/101314\/#primaryimage","url":"https:\/\/batijournal.com\/wp-content\/uploads\/2019\/01\/sous-prefecture-palaiseau-integration-paysagere.jpg","contentUrl":"https:\/\/batijournal.com\/wp-content\/uploads\/2019\/01\/sous-prefecture-palaiseau-integration-paysagere.jpg","width":1200,"height":540},{"@type":"BreadcrumbList","@id":"https:\/\/batijournal.com\/index.php\/la-future-sous-prefecture-de-palaiseau-sera-integree-au-paysage\/101314\/#breadcrumb","itemListElement":[{"@type":"ListItem","position":1,"name":"Accueil","item":"https:\/\/batijournal.com\/"},{"@type":"ListItem","position":2,"name":"Actualit\u00e9s","item":"https:\/\/batijournal.com\/index.php\/category\/actualites\/"},{"@type":"ListItem","position":3,"name":"La future sous-pr\u00e9fecture de Palaiseau sera int\u00e9gr\u00e9e au paysage"}]},{"@type":"WebSite","@id":"https:\/\/batijournal.com\/#website","url":"https:\/\/batijournal.com\/","name":"Batijournal","description":"L&#039;actualit\u00e9 du b\u00e2timent","potentialAction":[{"@type":"SearchAction","target":{"@type":"EntryPoint","urlTemplate":"https:\/\/batijournal.com\/?s={search_term_string}"},"query-input":{"@type":"PropertyValueSpecification","valueRequired":true,"valueName":"search_term_string"}}],"inLanguage":"fr-FR"},{"@type":"Person","@id":"https:\/\/batijournal.com\/#\/schema\/person\/1dc96ec6957aa1ccb25ebe78bb19f100","name":"St\u00e9phane Miget","image":{"@type":"ImageObject","inLanguage":"fr-FR","@id":"https:\/\/secure.gravatar.com\/avatar\/89915563d925342126b8ef0281b93d9d7fc337043e8df017f780908eb9644451?s=96&d=mm&r=g","url":"https:\/\/secure.gravatar.com\/avatar\/89915563d925342126b8ef0281b93d9d7fc337043e8df017f780908eb9644451?s=96&d=mm&r=g","contentUrl":"https:\/\/secure.gravatar.com\/avatar\/89915563d925342126b8ef0281b93d9d7fc337043e8df017f780908eb9644451?s=96&d=mm&r=g","caption":"St\u00e9phane Miget"},"url":"https:\/\/batijournal.com\/index.php\/author\/stephane\/"}]}},"_links":{"self":[{"href":"https:\/\/batijournal.com\/index.php\/wp-json\/wp\/v2\/posts\/101314","targetHints":{"allow":["GET"]}}],"collection":[{"href":"https:\/\/batijournal.com\/index.php\/wp-json\/wp\/v2\/posts"}],"about":[{"href":"https:\/\/batijournal.com\/index.php\/wp-json\/wp\/v2\/types\/post"}],"author":[{"embeddable":true,"href":"https:\/\/batijournal.com\/index.php\/wp-json\/wp\/v2\/users\/17"}],"replies":[{"embeddable":true,"href":"https:\/\/batijournal.com\/index.php\/wp-json\/wp\/v2\/comments?post=101314"}],"version-history":[{"count":0,"href":"https:\/\/batijournal.com\/index.php\/wp-json\/wp\/v2\/posts\/101314\/revisions"}],"wp:featuredmedia":[{"embeddable":true,"href":"https:\/\/batijournal.com\/index.php\/wp-json\/wp\/v2\/media\/101312"}],"wp:attachment":[{"href":"https:\/\/batijournal.com\/index.php\/wp-json\/wp\/v2\/media?parent=101314"}],"wp:term":[{"taxonomy":"category","embeddable":true,"href":"https:\/\/batijournal.com\/index.php\/wp-json\/wp\/v2\/categories?post=101314"},{"taxonomy":"post_tag","embeddable":true,"href":"https:\/\/batijournal.com\/index.php\/wp-json\/wp\/v2\/tags?post=101314"}],"curies":[{"name":"wp","href":"https:\/\/api.w.org\/{rel}","templated":true}]}}