{"id":101320,"date":"2019-02-04T09:04:42","date_gmt":"2019-02-04T08:04:42","guid":{"rendered":"https:\/\/batijournal.com\/?p=101320"},"modified":"2019-07-15T11:34:00","modified_gmt":"2019-07-15T09:34:00","slug":"la-capeb-va-aussi-avoir-son-offre-de-remplacement-de-chaudieres-et-pac-a-bas-prix","status":"publish","type":"post","link":"https:\/\/batijournal.com\/index.php\/la-capeb-va-aussi-avoir-son-offre-de-remplacement-de-chaudieres-et-pac-a-bas-prix\/101320\/","title":{"rendered":"La Capeb va aussi avoir son offre de remplacement de chaudi\u00e8res et PAC \u00e0 bas prix"},"content":{"rendered":"<p>Les nouvelles offres \u00ab PAC \u00e0 1\u20ac \u00bb ou encore \u00ab Chaudi\u00e8re \u00e0 1\u20ac \u00bb, lanc\u00e9es par des acteurs priv\u00e9s (fournisseurs d\u2019\u00e9nergie, d\u00e9l\u00e9gataires\u2026), reposent sur plusieurs incitations financi\u00e8res s\u2019appuyant sur le dispositif des certificats d\u2019\u00e9conomies d\u2019\u00e9nergie (CEE). Le Pr\u00e9sident de la CAPEB, Patrick Li\u00e9bus, regrette que la CAPEB n\u2019ait pas \u00e9t\u00e9 associ\u00e9e \u00e0 ce dispositif. La conf\u00e9d\u00e9ration va donc, tr\u00e8s prochainement, pr\u00e9senter des offres alternatives et \u00e9quitables qu\u2019elle a packag\u00e9es avec ses partenaires. Elle souhaite pr\u00e9server la relation directe de l\u2019entreprise et de son client. Le mod\u00e8le \u00e9conomique retenu respectera la qualit\u00e9 des travaux r\u00e9alis\u00e9s (performance du mat\u00e9riel, qualit\u00e9 de la prescription, respect des r\u00e8gles de l\u2019art, marge de l\u2019entreprise\u2026). Elle travaille donc avec les fournisseurs d\u2019\u00e9nergies avec lesquels elle dispose d\u2019un partenariat sur les CEE pour proposer une (ou plusieurs) offre(s) visant \u00e0 minimiser le reste \u00e0 charge pour les m\u00e9nages, selon notamment leur niveau de revenus.<\/p>\n","protected":false},"excerpt":{"rendered":"<p>Les nouvelles offres \u00ab PAC \u00e0 1\u20ac \u00bb ou encore \u00ab Chaudi\u00e8re \u00e0 1\u20ac \u00bb, lanc\u00e9es par des acteurs priv\u00e9s (fournisseurs d\u2019\u00e9nergie, d\u00e9l\u00e9gataires\u2026), reposent sur plusieurs incitations financi\u00e8res s\u2019appuyant sur le dispositif des certificats d\u2019\u00e9conomies d\u2019\u00e9nergie (CEE). Le Pr\u00e9sident de la CAPEB, Patrick Li\u00e9bus, regrette que la CAPEB n\u2019ait pas \u00e9t\u00e9 associ\u00e9e \u00e0 ce dispositif. [&hellip;]<\/p>\n","protected":false},"author":17,"featured_media":101321,"comment_status":"closed","ping_status":"closed","sticky":false,"template":"","format":"standard","meta":{"_et_pb_use_builder":"","_et_pb_old_content":"","_et_gb_content_width":"","footnotes":""},"categories":[10530,6345],"tags":[647],"class_list":["post-101320","post","type-post","status-publish","format-standard","has-post-thumbnail","hentry","category-actualites","category-economie-marches","tag-capeb"],"yoast_head":"<!-- This site is optimized with the Yoast SEO plugin v27.4 - https:\/\/yoast.com\/product\/yoast-seo-wordpress\/ -->\n<title>La Capeb va aussi avoir son offre de remplacement de chaudi\u00e8res et PAC \u00e0 bas prix<\/title>\n<meta name=\"description\" content=\"La Capeb va, tr\u00e8s prochainement, pr\u00e9senter des offres alternatives et \u00e9quitables qu\u2019elle a packag\u00e9es avec ses partenaires\" \/>\n<meta name=\"robots\" content=\"index, follow, max-snippet:-1, max-image-preview:large, max-video-preview:-1\" \/>\n<link rel=\"canonical\" href=\"https:\/\/batijournal.com\/index.php\/la-capeb-va-aussi-avoir-son-offre-de-remplacement-de-chaudieres-et-pac-a-bas-prix\/101320\/\" \/>\n<meta property=\"og:locale\" content=\"fr_FR\" \/>\n<meta property=\"og:type\" content=\"article\" \/>\n<meta property=\"og:title\" content=\"La Capeb va aussi avoir son offre de remplacement de chaudi\u00e8res et PAC \u00e0 bas prix\" \/>\n<meta property=\"og:description\" content=\"La Capeb va, tr\u00e8s prochainement, pr\u00e9senter des offres alternatives et \u00e9quitables qu\u2019elle a packag\u00e9es avec ses partenaires\" \/>\n<meta property=\"og:url\" content=\"https:\/\/batijournal.com\/index.php\/la-capeb-va-aussi-avoir-son-offre-de-remplacement-de-chaudieres-et-pac-a-bas-prix\/101320\/\" \/>\n<meta property=\"og:site_name\" content=\"Batijournal\" \/>\n<meta property=\"article:published_time\" content=\"2019-02-04T08:04:42+00:00\" \/>\n<meta property=\"article:modified_time\" content=\"2019-07-15T09:34:00+00:00\" \/>\n<meta property=\"og:image\" content=\"https:\/\/batijournal.com\/wp-content\/uploads\/2019\/02\/pompe-a-chaleur.jpg\" \/>\n\t<meta property=\"og:image:width\" content=\"1200\" \/>\n\t<meta property=\"og:image:height\" content=\"702\" \/>\n\t<meta property=\"og:image:type\" content=\"image\/jpeg\" \/>\n<meta name=\"author\" content=\"St\u00e9phane Miget\" \/>\n<meta name=\"twitter:card\" content=\"summary_large_image\" \/>\n<meta name=\"twitter:creator\" content=\"@bati_journal\" \/>\n<meta name=\"twitter:site\" content=\"@bati_journal\" \/>\n<meta name=\"twitter:label1\" content=\"\u00c9crit par\" \/>\n\t<meta name=\"twitter:data1\" content=\"St\u00e9phane Miget\" \/>\n\t<meta name=\"twitter:label2\" content=\"Dur\u00e9e de lecture estim\u00e9e\" \/>\n\t<meta name=\"twitter:data2\" content=\"1 minute\" \/>\n<script type=\"application\/ld+json\" class=\"yoast-schema-graph\">{\"@context\":\"https:\\\/\\\/schema.org\",\"@graph\":[{\"@type\":\"Article\",\"@id\":\"https:\\\/\\\/batijournal.com\\\/index.php\\\/la-capeb-va-aussi-avoir-son-offre-de-remplacement-de-chaudieres-et-pac-a-bas-prix\\\/101320\\\/#article\",\"isPartOf\":{\"@id\":\"https:\\\/\\\/batijournal.com\\\/index.php\\\/la-capeb-va-aussi-avoir-son-offre-de-remplacement-de-chaudieres-et-pac-a-bas-prix\\\/101320\\\/\"},\"author\":{\"name\":\"St\u00e9phane Miget\",\"@id\":\"https:\\\/\\\/batijournal.com\\\/#\\\/schema\\\/person\\\/1dc96ec6957aa1ccb25ebe78bb19f100\"},\"headline\":\"La Capeb va aussi avoir son offre de remplacement de chaudi\u00e8res et PAC \u00e0 bas prix\",\"datePublished\":\"2019-02-04T08:04:42+00:00\",\"dateModified\":\"2019-07-15T09:34:00+00:00\",\"mainEntityOfPage\":{\"@id\":\"https:\\\/\\\/batijournal.com\\\/index.php\\\/la-capeb-va-aussi-avoir-son-offre-de-remplacement-de-chaudieres-et-pac-a-bas-prix\\\/101320\\\/\"},\"wordCount\":186,\"image\":{\"@id\":\"https:\\\/\\\/batijournal.com\\\/index.php\\\/la-capeb-va-aussi-avoir-son-offre-de-remplacement-de-chaudieres-et-pac-a-bas-prix\\\/101320\\\/#primaryimage\"},\"thumbnailUrl\":\"https:\\\/\\\/batijournal.com\\\/wp-content\\\/uploads\\\/2019\\\/02\\\/pompe-a-chaleur.jpg\",\"keywords\":[\"CAPEB\"],\"articleSection\":[\"Actualit\u00e9s\",\"\u00c9conomie &amp; March\u00e9s\"],\"inLanguage\":\"fr-FR\"},{\"@type\":\"WebPage\",\"@id\":\"https:\\\/\\\/batijournal.com\\\/index.php\\\/la-capeb-va-aussi-avoir-son-offre-de-remplacement-de-chaudieres-et-pac-a-bas-prix\\\/101320\\\/\",\"url\":\"https:\\\/\\\/batijournal.com\\\/index.php\\\/la-capeb-va-aussi-avoir-son-offre-de-remplacement-de-chaudieres-et-pac-a-bas-prix\\\/101320\\\/\",\"name\":\"La Capeb va aussi avoir son offre de remplacement de chaudi\u00e8res et PAC \u00e0 bas prix\",\"isPartOf\":{\"@id\":\"https:\\\/\\\/batijournal.com\\\/#website\"},\"primaryImageOfPage\":{\"@id\":\"https:\\\/\\\/batijournal.com\\\/index.php\\\/la-capeb-va-aussi-avoir-son-offre-de-remplacement-de-chaudieres-et-pac-a-bas-prix\\\/101320\\\/#primaryimage\"},\"image\":{\"@id\":\"https:\\\/\\\/batijournal.com\\\/index.php\\\/la-capeb-va-aussi-avoir-son-offre-de-remplacement-de-chaudieres-et-pac-a-bas-prix\\\/101320\\\/#primaryimage\"},\"thumbnailUrl\":\"https:\\\/\\\/batijournal.com\\\/wp-content\\\/uploads\\\/2019\\\/02\\\/pompe-a-chaleur.jpg\",\"datePublished\":\"2019-02-04T08:04:42+00:00\",\"dateModified\":\"2019-07-15T09:34:00+00:00\",\"author\":{\"@id\":\"https:\\\/\\\/batijournal.com\\\/#\\\/schema\\\/person\\\/1dc96ec6957aa1ccb25ebe78bb19f100\"},\"description\":\"La Capeb va, tr\u00e8s prochainement, pr\u00e9senter des offres alternatives et \u00e9quitables qu\u2019elle a packag\u00e9es avec ses partenaires\",\"breadcrumb\":{\"@id\":\"https:\\\/\\\/batijournal.com\\\/index.php\\\/la-capeb-va-aussi-avoir-son-offre-de-remplacement-de-chaudieres-et-pac-a-bas-prix\\\/101320\\\/#breadcrumb\"},\"inLanguage\":\"fr-FR\",\"potentialAction\":[{\"@type\":\"ReadAction\",\"target\":[\"https:\\\/\\\/batijournal.com\\\/index.php\\\/la-capeb-va-aussi-avoir-son-offre-de-remplacement-de-chaudieres-et-pac-a-bas-prix\\\/101320\\\/\"]}]},{\"@type\":\"ImageObject\",\"inLanguage\":\"fr-FR\",\"@id\":\"https:\\\/\\\/batijournal.com\\\/index.php\\\/la-capeb-va-aussi-avoir-son-offre-de-remplacement-de-chaudieres-et-pac-a-bas-prix\\\/101320\\\/#primaryimage\",\"url\":\"https:\\\/\\\/batijournal.com\\\/wp-content\\\/uploads\\\/2019\\\/02\\\/pompe-a-chaleur.jpg\",\"contentUrl\":\"https:\\\/\\\/batijournal.com\\\/wp-content\\\/uploads\\\/2019\\\/02\\\/pompe-a-chaleur.jpg\",\"width\":1200,\"height\":702},{\"@type\":\"BreadcrumbList\",\"@id\":\"https:\\\/\\\/batijournal.com\\\/index.php\\\/la-capeb-va-aussi-avoir-son-offre-de-remplacement-de-chaudieres-et-pac-a-bas-prix\\\/101320\\\/#breadcrumb\",\"itemListElement\":[{\"@type\":\"ListItem\",\"position\":1,\"name\":\"Accueil\",\"item\":\"https:\\\/\\\/batijournal.com\\\/\"},{\"@type\":\"ListItem\",\"position\":2,\"name\":\"Actualit\u00e9s\",\"item\":\"https:\\\/\\\/batijournal.com\\\/index.php\\\/category\\\/actualites\\\/\"},{\"@type\":\"ListItem\",\"position\":3,\"name\":\"La Capeb va aussi avoir son offre de remplacement de chaudi\u00e8res et PAC \u00e0 bas prix\"}]},{\"@type\":\"WebSite\",\"@id\":\"https:\\\/\\\/batijournal.com\\\/#website\",\"url\":\"https:\\\/\\\/batijournal.com\\\/\",\"name\":\"Batijournal\",\"description\":\"L&#039;actualit\u00e9 du b\u00e2timent\",\"potentialAction\":[{\"@type\":\"SearchAction\",\"target\":{\"@type\":\"EntryPoint\",\"urlTemplate\":\"https:\\\/\\\/batijournal.com\\\/?s={search_term_string}\"},\"query-input\":{\"@type\":\"PropertyValueSpecification\",\"valueRequired\":true,\"valueName\":\"search_term_string\"}}],\"inLanguage\":\"fr-FR\"},{\"@type\":\"Person\",\"@id\":\"https:\\\/\\\/batijournal.com\\\/#\\\/schema\\\/person\\\/1dc96ec6957aa1ccb25ebe78bb19f100\",\"name\":\"St\u00e9phane Miget\",\"image\":{\"@type\":\"ImageObject\",\"inLanguage\":\"fr-FR\",\"@id\":\"https:\\\/\\\/secure.gravatar.com\\\/avatar\\\/89915563d925342126b8ef0281b93d9d7fc337043e8df017f780908eb9644451?s=96&d=mm&r=g\",\"url\":\"https:\\\/\\\/secure.gravatar.com\\\/avatar\\\/89915563d925342126b8ef0281b93d9d7fc337043e8df017f780908eb9644451?s=96&d=mm&r=g\",\"contentUrl\":\"https:\\\/\\\/secure.gravatar.com\\\/avatar\\\/89915563d925342126b8ef0281b93d9d7fc337043e8df017f780908eb9644451?s=96&d=mm&r=g\",\"caption\":\"St\u00e9phane Miget\"},\"url\":\"https:\\\/\\\/batijournal.com\\\/index.php\\\/author\\\/stephane\\\/\"}]}<\/script>\n<!-- \/ Yoast SEO plugin. -->","yoast_head_json":{"title":"La Capeb va aussi avoir son offre de remplacement de chaudi\u00e8res et PAC \u00e0 bas prix","description":"La Capeb va, tr\u00e8s prochainement, pr\u00e9senter des offres alternatives et \u00e9quitables qu\u2019elle a packag\u00e9es avec ses partenaires","robots":{"index":"index","follow":"follow","max-snippet":"max-snippet:-1","max-image-preview":"max-image-preview:large","max-video-preview":"max-video-preview:-1"},"canonical":"https:\/\/batijournal.com\/index.php\/la-capeb-va-aussi-avoir-son-offre-de-remplacement-de-chaudieres-et-pac-a-bas-prix\/101320\/","og_locale":"fr_FR","og_type":"article","og_title":"La Capeb va aussi avoir son offre de remplacement de chaudi\u00e8res et PAC \u00e0 bas prix","og_description":"La Capeb va, tr\u00e8s prochainement, pr\u00e9senter des offres alternatives et \u00e9quitables qu\u2019elle a packag\u00e9es avec ses partenaires","og_url":"https:\/\/batijournal.com\/index.php\/la-capeb-va-aussi-avoir-son-offre-de-remplacement-de-chaudieres-et-pac-a-bas-prix\/101320\/","og_site_name":"Batijournal","article_published_time":"2019-02-04T08:04:42+00:00","article_modified_time":"2019-07-15T09:34:00+00:00","og_image":[{"width":1200,"height":702,"url":"https:\/\/batijournal.com\/wp-content\/uploads\/2019\/02\/pompe-a-chaleur.jpg","type":"image\/jpeg"}],"author":"St\u00e9phane Miget","twitter_card":"summary_large_image","twitter_creator":"@bati_journal","twitter_site":"@bati_journal","twitter_misc":{"\u00c9crit par":"St\u00e9phane Miget","Dur\u00e9e de lecture estim\u00e9e":"1 minute"},"schema":{"@context":"https:\/\/schema.org","@graph":[{"@type":"Article","@id":"https:\/\/batijournal.com\/index.php\/la-capeb-va-aussi-avoir-son-offre-de-remplacement-de-chaudieres-et-pac-a-bas-prix\/101320\/#article","isPartOf":{"@id":"https:\/\/batijournal.com\/index.php\/la-capeb-va-aussi-avoir-son-offre-de-remplacement-de-chaudieres-et-pac-a-bas-prix\/101320\/"},"author":{"name":"St\u00e9phane Miget","@id":"https:\/\/batijournal.com\/#\/schema\/person\/1dc96ec6957aa1ccb25ebe78bb19f100"},"headline":"La Capeb va aussi avoir son offre de remplacement de chaudi\u00e8res et PAC \u00e0 bas prix","datePublished":"2019-02-04T08:04:42+00:00","dateModified":"2019-07-15T09:34:00+00:00","mainEntityOfPage":{"@id":"https:\/\/batijournal.com\/index.php\/la-capeb-va-aussi-avoir-son-offre-de-remplacement-de-chaudieres-et-pac-a-bas-prix\/101320\/"},"wordCount":186,"image":{"@id":"https:\/\/batijournal.com\/index.php\/la-capeb-va-aussi-avoir-son-offre-de-remplacement-de-chaudieres-et-pac-a-bas-prix\/101320\/#primaryimage"},"thumbnailUrl":"https:\/\/batijournal.com\/wp-content\/uploads\/2019\/02\/pompe-a-chaleur.jpg","keywords":["CAPEB"],"articleSection":["Actualit\u00e9s","\u00c9conomie &amp; March\u00e9s"],"inLanguage":"fr-FR"},{"@type":"WebPage","@id":"https:\/\/batijournal.com\/index.php\/la-capeb-va-aussi-avoir-son-offre-de-remplacement-de-chaudieres-et-pac-a-bas-prix\/101320\/","url":"https:\/\/batijournal.com\/index.php\/la-capeb-va-aussi-avoir-son-offre-de-remplacement-de-chaudieres-et-pac-a-bas-prix\/101320\/","name":"La Capeb va aussi avoir son offre de remplacement de chaudi\u00e8res et PAC \u00e0 bas prix","isPartOf":{"@id":"https:\/\/batijournal.com\/#website"},"primaryImageOfPage":{"@id":"https:\/\/batijournal.com\/index.php\/la-capeb-va-aussi-avoir-son-offre-de-remplacement-de-chaudieres-et-pac-a-bas-prix\/101320\/#primaryimage"},"image":{"@id":"https:\/\/batijournal.com\/index.php\/la-capeb-va-aussi-avoir-son-offre-de-remplacement-de-chaudieres-et-pac-a-bas-prix\/101320\/#primaryimage"},"thumbnailUrl":"https:\/\/batijournal.com\/wp-content\/uploads\/2019\/02\/pompe-a-chaleur.jpg","datePublished":"2019-02-04T08:04:42+00:00","dateModified":"2019-07-15T09:34:00+00:00","author":{"@id":"https:\/\/batijournal.com\/#\/schema\/person\/1dc96ec6957aa1ccb25ebe78bb19f100"},"description":"La Capeb va, tr\u00e8s prochainement, pr\u00e9senter des offres alternatives et \u00e9quitables qu\u2019elle a packag\u00e9es avec ses partenaires","breadcrumb":{"@id":"https:\/\/batijournal.com\/index.php\/la-capeb-va-aussi-avoir-son-offre-de-remplacement-de-chaudieres-et-pac-a-bas-prix\/101320\/#breadcrumb"},"inLanguage":"fr-FR","potentialAction":[{"@type":"ReadAction","target":["https:\/\/batijournal.com\/index.php\/la-capeb-va-aussi-avoir-son-offre-de-remplacement-de-chaudieres-et-pac-a-bas-prix\/101320\/"]}]},{"@type":"ImageObject","inLanguage":"fr-FR","@id":"https:\/\/batijournal.com\/index.php\/la-capeb-va-aussi-avoir-son-offre-de-remplacement-de-chaudieres-et-pac-a-bas-prix\/101320\/#primaryimage","url":"https:\/\/batijournal.com\/wp-content\/uploads\/2019\/02\/pompe-a-chaleur.jpg","contentUrl":"https:\/\/batijournal.com\/wp-content\/uploads\/2019\/02\/pompe-a-chaleur.jpg","width":1200,"height":702},{"@type":"BreadcrumbList","@id":"https:\/\/batijournal.com\/index.php\/la-capeb-va-aussi-avoir-son-offre-de-remplacement-de-chaudieres-et-pac-a-bas-prix\/101320\/#breadcrumb","itemListElement":[{"@type":"ListItem","position":1,"name":"Accueil","item":"https:\/\/batijournal.com\/"},{"@type":"ListItem","position":2,"name":"Actualit\u00e9s","item":"https:\/\/batijournal.com\/index.php\/category\/actualites\/"},{"@type":"ListItem","position":3,"name":"La Capeb va aussi avoir son offre de remplacement de chaudi\u00e8res et PAC \u00e0 bas prix"}]},{"@type":"WebSite","@id":"https:\/\/batijournal.com\/#website","url":"https:\/\/batijournal.com\/","name":"Batijournal","description":"L&#039;actualit\u00e9 du b\u00e2timent","potentialAction":[{"@type":"SearchAction","target":{"@type":"EntryPoint","urlTemplate":"https:\/\/batijournal.com\/?s={search_term_string}"},"query-input":{"@type":"PropertyValueSpecification","valueRequired":true,"valueName":"search_term_string"}}],"inLanguage":"fr-FR"},{"@type":"Person","@id":"https:\/\/batijournal.com\/#\/schema\/person\/1dc96ec6957aa1ccb25ebe78bb19f100","name":"St\u00e9phane Miget","image":{"@type":"ImageObject","inLanguage":"fr-FR","@id":"https:\/\/secure.gravatar.com\/avatar\/89915563d925342126b8ef0281b93d9d7fc337043e8df017f780908eb9644451?s=96&d=mm&r=g","url":"https:\/\/secure.gravatar.com\/avatar\/89915563d925342126b8ef0281b93d9d7fc337043e8df017f780908eb9644451?s=96&d=mm&r=g","contentUrl":"https:\/\/secure.gravatar.com\/avatar\/89915563d925342126b8ef0281b93d9d7fc337043e8df017f780908eb9644451?s=96&d=mm&r=g","caption":"St\u00e9phane Miget"},"url":"https:\/\/batijournal.com\/index.php\/author\/stephane\/"}]}},"_links":{"self":[{"href":"https:\/\/batijournal.com\/index.php\/wp-json\/wp\/v2\/posts\/101320","targetHints":{"allow":["GET"]}}],"collection":[{"href":"https:\/\/batijournal.com\/index.php\/wp-json\/wp\/v2\/posts"}],"about":[{"href":"https:\/\/batijournal.com\/index.php\/wp-json\/wp\/v2\/types\/post"}],"author":[{"embeddable":true,"href":"https:\/\/batijournal.com\/index.php\/wp-json\/wp\/v2\/users\/17"}],"replies":[{"embeddable":true,"href":"https:\/\/batijournal.com\/index.php\/wp-json\/wp\/v2\/comments?post=101320"}],"version-history":[{"count":0,"href":"https:\/\/batijournal.com\/index.php\/wp-json\/wp\/v2\/posts\/101320\/revisions"}],"wp:featuredmedia":[{"embeddable":true,"href":"https:\/\/batijournal.com\/index.php\/wp-json\/wp\/v2\/media\/101321"}],"wp:attachment":[{"href":"https:\/\/batijournal.com\/index.php\/wp-json\/wp\/v2\/media?parent=101320"}],"wp:term":[{"taxonomy":"category","embeddable":true,"href":"https:\/\/batijournal.com\/index.php\/wp-json\/wp\/v2\/categories?post=101320"},{"taxonomy":"post_tag","embeddable":true,"href":"https:\/\/batijournal.com\/index.php\/wp-json\/wp\/v2\/tags?post=101320"}],"curies":[{"name":"wp","href":"https:\/\/api.w.org\/{rel}","templated":true}]}}