{"id":101322,"date":"2019-02-04T09:07:08","date_gmt":"2019-02-04T08:07:08","guid":{"rendered":"https:\/\/batijournal.com\/?p=101322"},"modified":"2019-02-04T09:07:08","modified_gmt":"2019-02-04T08:07:08","slug":"les-architectes-rentrent-dans-le-grand-debat","status":"publish","type":"post","link":"https:\/\/batijournal.com\/index.php\/les-architectes-rentrent-dans-le-grand-debat\/101322\/","title":{"rendered":"Les architectes rentrent dans le grand d\u00e9bat"},"content":{"rendered":"<p>Les architectes veulent prendre leur part du grand d\u00e9bat national, ainsi, le Conseil national de l\u2019Ordre a ouvert le blog grand-debat.archi. Toute personne ayant des propositions sur nos mani\u00e8res d\u2019habiter ou le d\u00e9fi \u00e9cologique lanc\u00e9 \u00e0 l\u2019am\u00e9nagement de notre territoire peut les d\u00e9poser sur le site jusqu\u2019au 15 mars 2019. Toutes les contributions re\u00e7ues seront publi\u00e9es sur ce blog et une synth\u00e8se des propositions ainsi mises au d\u00e9bat sera effectu\u00e9e par le Conseil national de l\u2019Ordre et adress\u00e9e \u00e0 la mission du grand d\u00e9bat mise en place par le gouvernement ainsi qu\u2019aux Ministres Emmanuelle Wargon, S\u00e9bastien Lecornu et Franck Riester. Quatre th\u00e8mes sont mis en avant ; et quatre s\u00e9ries de questions sont propos\u00e9es pour guider ce d\u00e9bat initi\u00e9 par les architectes :<\/p>\n<p>HABITER : Mieux construire et mieux r\u00e9nover<br \/>\nFINANCER : Comment financer la transition \u00e9cologique ?<br \/>\nAMENAGER : Quelles solutions pour un am\u00e9nagement \u00e9cologique et solidaire pour bien vivre ensemble ?<br \/>\nPARTICIER : Comment associer les citoyens \u00e0 l\u2019am\u00e9nagement de leur cadre de vie ?<\/p>\n<p><a href=\"http:\/\/www.grand-debat.archi\" target=\"_blank\" rel=\"noopener\">http:\/\/www.grand-debat.archi<\/a><\/p>\n<p>&nbsp;<\/p>\n","protected":false},"excerpt":{"rendered":"<p>Les architectes veulent prendre leur part du grand d\u00e9bat national, ainsi, le Conseil national de l\u2019Ordre a ouvert le blog grand-debat.archi. Toute personne ayant des propositions sur nos mani\u00e8res d\u2019habiter ou le d\u00e9fi \u00e9cologique lanc\u00e9 \u00e0 l\u2019am\u00e9nagement de notre territoire peut les d\u00e9poser sur le site jusqu\u2019au 15 mars 2019. Toutes les contributions re\u00e7ues seront [&hellip;]<\/p>\n","protected":false},"author":17,"featured_media":101324,"comment_status":"closed","ping_status":"closed","sticky":false,"template":"","format":"standard","meta":{"_et_pb_use_builder":"","_et_pb_old_content":"","_et_gb_content_width":"","footnotes":""},"categories":[10530,6340],"tags":[12701],"class_list":["post-101322","post","type-post","status-publish","format-standard","has-post-thumbnail","hentry","category-actualites","category-architecture-conception","tag-grand-debat"],"yoast_head":"<!-- This site is optimized with the Yoast SEO plugin v27.4 - https:\/\/yoast.com\/product\/yoast-seo-wordpress\/ -->\n<title>Les architectes rentrent dans le grand d\u00e9bat<\/title>\n<meta name=\"description\" content=\"Les architectes veulent prendre leur part du grand d\u00e9bat national, ainsi, le Conseil national de l\u2019Ordre a ouvert le blog grand-debat.archi.\" \/>\n<meta name=\"robots\" content=\"index, follow, max-snippet:-1, max-image-preview:large, max-video-preview:-1\" \/>\n<link rel=\"canonical\" href=\"https:\/\/batijournal.com\/index.php\/les-architectes-rentrent-dans-le-grand-debat\/101322\/\" \/>\n<meta property=\"og:locale\" content=\"fr_FR\" \/>\n<meta property=\"og:type\" content=\"article\" \/>\n<meta property=\"og:title\" content=\"Les architectes rentrent dans le grand d\u00e9bat\" \/>\n<meta property=\"og:description\" content=\"Les architectes veulent prendre leur part du grand d\u00e9bat national, ainsi, le Conseil national de l\u2019Ordre a ouvert le blog grand-debat.archi.\" \/>\n<meta property=\"og:url\" content=\"https:\/\/batijournal.com\/index.php\/les-architectes-rentrent-dans-le-grand-debat\/101322\/\" \/>\n<meta property=\"og:site_name\" content=\"Batijournal\" \/>\n<meta property=\"article:published_time\" content=\"2019-02-04T08:07:08+00:00\" \/>\n<meta property=\"og:image\" content=\"https:\/\/batijournal.com\/wp-content\/uploads\/2019\/02\/grand-debat-architecture.png\" \/>\n\t<meta property=\"og:image:width\" content=\"1233\" \/>\n\t<meta property=\"og:image:height\" content=\"777\" \/>\n\t<meta property=\"og:image:type\" content=\"image\/png\" \/>\n<meta name=\"author\" content=\"St\u00e9phane Miget\" \/>\n<meta name=\"twitter:card\" content=\"summary_large_image\" \/>\n<meta name=\"twitter:creator\" content=\"@bati_journal\" \/>\n<meta name=\"twitter:site\" content=\"@bati_journal\" \/>\n<meta name=\"twitter:label1\" content=\"\u00c9crit par\" \/>\n\t<meta name=\"twitter:data1\" content=\"St\u00e9phane Miget\" \/>\n\t<meta name=\"twitter:label2\" content=\"Dur\u00e9e de lecture estim\u00e9e\" \/>\n\t<meta name=\"twitter:data2\" content=\"1 minute\" \/>\n<script type=\"application\/ld+json\" class=\"yoast-schema-graph\">{\"@context\":\"https:\\\/\\\/schema.org\",\"@graph\":[{\"@type\":\"Article\",\"@id\":\"https:\\\/\\\/batijournal.com\\\/index.php\\\/les-architectes-rentrent-dans-le-grand-debat\\\/101322\\\/#article\",\"isPartOf\":{\"@id\":\"https:\\\/\\\/batijournal.com\\\/index.php\\\/les-architectes-rentrent-dans-le-grand-debat\\\/101322\\\/\"},\"author\":{\"name\":\"St\u00e9phane Miget\",\"@id\":\"https:\\\/\\\/batijournal.com\\\/#\\\/schema\\\/person\\\/1dc96ec6957aa1ccb25ebe78bb19f100\"},\"headline\":\"Les architectes rentrent dans le grand d\u00e9bat\",\"datePublished\":\"2019-02-04T08:07:08+00:00\",\"mainEntityOfPage\":{\"@id\":\"https:\\\/\\\/batijournal.com\\\/index.php\\\/les-architectes-rentrent-dans-le-grand-debat\\\/101322\\\/\"},\"wordCount\":194,\"image\":{\"@id\":\"https:\\\/\\\/batijournal.com\\\/index.php\\\/les-architectes-rentrent-dans-le-grand-debat\\\/101322\\\/#primaryimage\"},\"thumbnailUrl\":\"https:\\\/\\\/batijournal.com\\\/wp-content\\\/uploads\\\/2019\\\/02\\\/grand-debat-architecture.png\",\"keywords\":[\"grand d\u00e9bat\"],\"articleSection\":[\"Actualit\u00e9s\",\"Architecture &amp; Conception\"],\"inLanguage\":\"fr-FR\"},{\"@type\":\"WebPage\",\"@id\":\"https:\\\/\\\/batijournal.com\\\/index.php\\\/les-architectes-rentrent-dans-le-grand-debat\\\/101322\\\/\",\"url\":\"https:\\\/\\\/batijournal.com\\\/index.php\\\/les-architectes-rentrent-dans-le-grand-debat\\\/101322\\\/\",\"name\":\"Les architectes rentrent dans le grand d\u00e9bat\",\"isPartOf\":{\"@id\":\"https:\\\/\\\/batijournal.com\\\/#website\"},\"primaryImageOfPage\":{\"@id\":\"https:\\\/\\\/batijournal.com\\\/index.php\\\/les-architectes-rentrent-dans-le-grand-debat\\\/101322\\\/#primaryimage\"},\"image\":{\"@id\":\"https:\\\/\\\/batijournal.com\\\/index.php\\\/les-architectes-rentrent-dans-le-grand-debat\\\/101322\\\/#primaryimage\"},\"thumbnailUrl\":\"https:\\\/\\\/batijournal.com\\\/wp-content\\\/uploads\\\/2019\\\/02\\\/grand-debat-architecture.png\",\"datePublished\":\"2019-02-04T08:07:08+00:00\",\"author\":{\"@id\":\"https:\\\/\\\/batijournal.com\\\/#\\\/schema\\\/person\\\/1dc96ec6957aa1ccb25ebe78bb19f100\"},\"description\":\"Les architectes veulent prendre leur part du grand d\u00e9bat national, ainsi, le Conseil national de l\u2019Ordre a ouvert le blog grand-debat.archi.\",\"breadcrumb\":{\"@id\":\"https:\\\/\\\/batijournal.com\\\/index.php\\\/les-architectes-rentrent-dans-le-grand-debat\\\/101322\\\/#breadcrumb\"},\"inLanguage\":\"fr-FR\",\"potentialAction\":[{\"@type\":\"ReadAction\",\"target\":[\"https:\\\/\\\/batijournal.com\\\/index.php\\\/les-architectes-rentrent-dans-le-grand-debat\\\/101322\\\/\"]}]},{\"@type\":\"ImageObject\",\"inLanguage\":\"fr-FR\",\"@id\":\"https:\\\/\\\/batijournal.com\\\/index.php\\\/les-architectes-rentrent-dans-le-grand-debat\\\/101322\\\/#primaryimage\",\"url\":\"https:\\\/\\\/batijournal.com\\\/wp-content\\\/uploads\\\/2019\\\/02\\\/grand-debat-architecture.png\",\"contentUrl\":\"https:\\\/\\\/batijournal.com\\\/wp-content\\\/uploads\\\/2019\\\/02\\\/grand-debat-architecture.png\",\"width\":1233,\"height\":777},{\"@type\":\"BreadcrumbList\",\"@id\":\"https:\\\/\\\/batijournal.com\\\/index.php\\\/les-architectes-rentrent-dans-le-grand-debat\\\/101322\\\/#breadcrumb\",\"itemListElement\":[{\"@type\":\"ListItem\",\"position\":1,\"name\":\"Accueil\",\"item\":\"https:\\\/\\\/batijournal.com\\\/\"},{\"@type\":\"ListItem\",\"position\":2,\"name\":\"Actualit\u00e9s\",\"item\":\"https:\\\/\\\/batijournal.com\\\/index.php\\\/category\\\/actualites\\\/\"},{\"@type\":\"ListItem\",\"position\":3,\"name\":\"Les architectes rentrent dans le grand d\u00e9bat\"}]},{\"@type\":\"WebSite\",\"@id\":\"https:\\\/\\\/batijournal.com\\\/#website\",\"url\":\"https:\\\/\\\/batijournal.com\\\/\",\"name\":\"Batijournal\",\"description\":\"L&#039;actualit\u00e9 du b\u00e2timent\",\"potentialAction\":[{\"@type\":\"SearchAction\",\"target\":{\"@type\":\"EntryPoint\",\"urlTemplate\":\"https:\\\/\\\/batijournal.com\\\/?s={search_term_string}\"},\"query-input\":{\"@type\":\"PropertyValueSpecification\",\"valueRequired\":true,\"valueName\":\"search_term_string\"}}],\"inLanguage\":\"fr-FR\"},{\"@type\":\"Person\",\"@id\":\"https:\\\/\\\/batijournal.com\\\/#\\\/schema\\\/person\\\/1dc96ec6957aa1ccb25ebe78bb19f100\",\"name\":\"St\u00e9phane Miget\",\"image\":{\"@type\":\"ImageObject\",\"inLanguage\":\"fr-FR\",\"@id\":\"https:\\\/\\\/secure.gravatar.com\\\/avatar\\\/89915563d925342126b8ef0281b93d9d7fc337043e8df017f780908eb9644451?s=96&d=mm&r=g\",\"url\":\"https:\\\/\\\/secure.gravatar.com\\\/avatar\\\/89915563d925342126b8ef0281b93d9d7fc337043e8df017f780908eb9644451?s=96&d=mm&r=g\",\"contentUrl\":\"https:\\\/\\\/secure.gravatar.com\\\/avatar\\\/89915563d925342126b8ef0281b93d9d7fc337043e8df017f780908eb9644451?s=96&d=mm&r=g\",\"caption\":\"St\u00e9phane Miget\"},\"url\":\"https:\\\/\\\/batijournal.com\\\/index.php\\\/author\\\/stephane\\\/\"}]}<\/script>\n<!-- \/ Yoast SEO plugin. -->","yoast_head_json":{"title":"Les architectes rentrent dans le grand d\u00e9bat","description":"Les architectes veulent prendre leur part du grand d\u00e9bat national, ainsi, le Conseil national de l\u2019Ordre a ouvert le blog grand-debat.archi.","robots":{"index":"index","follow":"follow","max-snippet":"max-snippet:-1","max-image-preview":"max-image-preview:large","max-video-preview":"max-video-preview:-1"},"canonical":"https:\/\/batijournal.com\/index.php\/les-architectes-rentrent-dans-le-grand-debat\/101322\/","og_locale":"fr_FR","og_type":"article","og_title":"Les architectes rentrent dans le grand d\u00e9bat","og_description":"Les architectes veulent prendre leur part du grand d\u00e9bat national, ainsi, le Conseil national de l\u2019Ordre a ouvert le blog grand-debat.archi.","og_url":"https:\/\/batijournal.com\/index.php\/les-architectes-rentrent-dans-le-grand-debat\/101322\/","og_site_name":"Batijournal","article_published_time":"2019-02-04T08:07:08+00:00","og_image":[{"width":1233,"height":777,"url":"https:\/\/batijournal.com\/wp-content\/uploads\/2019\/02\/grand-debat-architecture.png","type":"image\/png"}],"author":"St\u00e9phane Miget","twitter_card":"summary_large_image","twitter_creator":"@bati_journal","twitter_site":"@bati_journal","twitter_misc":{"\u00c9crit par":"St\u00e9phane Miget","Dur\u00e9e de lecture estim\u00e9e":"1 minute"},"schema":{"@context":"https:\/\/schema.org","@graph":[{"@type":"Article","@id":"https:\/\/batijournal.com\/index.php\/les-architectes-rentrent-dans-le-grand-debat\/101322\/#article","isPartOf":{"@id":"https:\/\/batijournal.com\/index.php\/les-architectes-rentrent-dans-le-grand-debat\/101322\/"},"author":{"name":"St\u00e9phane Miget","@id":"https:\/\/batijournal.com\/#\/schema\/person\/1dc96ec6957aa1ccb25ebe78bb19f100"},"headline":"Les architectes rentrent dans le grand d\u00e9bat","datePublished":"2019-02-04T08:07:08+00:00","mainEntityOfPage":{"@id":"https:\/\/batijournal.com\/index.php\/les-architectes-rentrent-dans-le-grand-debat\/101322\/"},"wordCount":194,"image":{"@id":"https:\/\/batijournal.com\/index.php\/les-architectes-rentrent-dans-le-grand-debat\/101322\/#primaryimage"},"thumbnailUrl":"https:\/\/batijournal.com\/wp-content\/uploads\/2019\/02\/grand-debat-architecture.png","keywords":["grand d\u00e9bat"],"articleSection":["Actualit\u00e9s","Architecture &amp; Conception"],"inLanguage":"fr-FR"},{"@type":"WebPage","@id":"https:\/\/batijournal.com\/index.php\/les-architectes-rentrent-dans-le-grand-debat\/101322\/","url":"https:\/\/batijournal.com\/index.php\/les-architectes-rentrent-dans-le-grand-debat\/101322\/","name":"Les architectes rentrent dans le grand d\u00e9bat","isPartOf":{"@id":"https:\/\/batijournal.com\/#website"},"primaryImageOfPage":{"@id":"https:\/\/batijournal.com\/index.php\/les-architectes-rentrent-dans-le-grand-debat\/101322\/#primaryimage"},"image":{"@id":"https:\/\/batijournal.com\/index.php\/les-architectes-rentrent-dans-le-grand-debat\/101322\/#primaryimage"},"thumbnailUrl":"https:\/\/batijournal.com\/wp-content\/uploads\/2019\/02\/grand-debat-architecture.png","datePublished":"2019-02-04T08:07:08+00:00","author":{"@id":"https:\/\/batijournal.com\/#\/schema\/person\/1dc96ec6957aa1ccb25ebe78bb19f100"},"description":"Les architectes veulent prendre leur part du grand d\u00e9bat national, ainsi, le Conseil national de l\u2019Ordre a ouvert le blog grand-debat.archi.","breadcrumb":{"@id":"https:\/\/batijournal.com\/index.php\/les-architectes-rentrent-dans-le-grand-debat\/101322\/#breadcrumb"},"inLanguage":"fr-FR","potentialAction":[{"@type":"ReadAction","target":["https:\/\/batijournal.com\/index.php\/les-architectes-rentrent-dans-le-grand-debat\/101322\/"]}]},{"@type":"ImageObject","inLanguage":"fr-FR","@id":"https:\/\/batijournal.com\/index.php\/les-architectes-rentrent-dans-le-grand-debat\/101322\/#primaryimage","url":"https:\/\/batijournal.com\/wp-content\/uploads\/2019\/02\/grand-debat-architecture.png","contentUrl":"https:\/\/batijournal.com\/wp-content\/uploads\/2019\/02\/grand-debat-architecture.png","width":1233,"height":777},{"@type":"BreadcrumbList","@id":"https:\/\/batijournal.com\/index.php\/les-architectes-rentrent-dans-le-grand-debat\/101322\/#breadcrumb","itemListElement":[{"@type":"ListItem","position":1,"name":"Accueil","item":"https:\/\/batijournal.com\/"},{"@type":"ListItem","position":2,"name":"Actualit\u00e9s","item":"https:\/\/batijournal.com\/index.php\/category\/actualites\/"},{"@type":"ListItem","position":3,"name":"Les architectes rentrent dans le grand d\u00e9bat"}]},{"@type":"WebSite","@id":"https:\/\/batijournal.com\/#website","url":"https:\/\/batijournal.com\/","name":"Batijournal","description":"L&#039;actualit\u00e9 du b\u00e2timent","potentialAction":[{"@type":"SearchAction","target":{"@type":"EntryPoint","urlTemplate":"https:\/\/batijournal.com\/?s={search_term_string}"},"query-input":{"@type":"PropertyValueSpecification","valueRequired":true,"valueName":"search_term_string"}}],"inLanguage":"fr-FR"},{"@type":"Person","@id":"https:\/\/batijournal.com\/#\/schema\/person\/1dc96ec6957aa1ccb25ebe78bb19f100","name":"St\u00e9phane Miget","image":{"@type":"ImageObject","inLanguage":"fr-FR","@id":"https:\/\/secure.gravatar.com\/avatar\/89915563d925342126b8ef0281b93d9d7fc337043e8df017f780908eb9644451?s=96&d=mm&r=g","url":"https:\/\/secure.gravatar.com\/avatar\/89915563d925342126b8ef0281b93d9d7fc337043e8df017f780908eb9644451?s=96&d=mm&r=g","contentUrl":"https:\/\/secure.gravatar.com\/avatar\/89915563d925342126b8ef0281b93d9d7fc337043e8df017f780908eb9644451?s=96&d=mm&r=g","caption":"St\u00e9phane Miget"},"url":"https:\/\/batijournal.com\/index.php\/author\/stephane\/"}]}},"_links":{"self":[{"href":"https:\/\/batijournal.com\/index.php\/wp-json\/wp\/v2\/posts\/101322","targetHints":{"allow":["GET"]}}],"collection":[{"href":"https:\/\/batijournal.com\/index.php\/wp-json\/wp\/v2\/posts"}],"about":[{"href":"https:\/\/batijournal.com\/index.php\/wp-json\/wp\/v2\/types\/post"}],"author":[{"embeddable":true,"href":"https:\/\/batijournal.com\/index.php\/wp-json\/wp\/v2\/users\/17"}],"replies":[{"embeddable":true,"href":"https:\/\/batijournal.com\/index.php\/wp-json\/wp\/v2\/comments?post=101322"}],"version-history":[{"count":0,"href":"https:\/\/batijournal.com\/index.php\/wp-json\/wp\/v2\/posts\/101322\/revisions"}],"wp:featuredmedia":[{"embeddable":true,"href":"https:\/\/batijournal.com\/index.php\/wp-json\/wp\/v2\/media\/101324"}],"wp:attachment":[{"href":"https:\/\/batijournal.com\/index.php\/wp-json\/wp\/v2\/media?parent=101322"}],"wp:term":[{"taxonomy":"category","embeddable":true,"href":"https:\/\/batijournal.com\/index.php\/wp-json\/wp\/v2\/categories?post=101322"},{"taxonomy":"post_tag","embeddable":true,"href":"https:\/\/batijournal.com\/index.php\/wp-json\/wp\/v2\/tags?post=101322"}],"curies":[{"name":"wp","href":"https:\/\/api.w.org\/{rel}","templated":true}]}}