{"id":101330,"date":"2019-02-06T07:49:51","date_gmt":"2019-02-06T06:49:51","guid":{"rendered":"https:\/\/batijournal.com\/?p=101330"},"modified":"2019-07-15T11:14:42","modified_gmt":"2019-07-15T09:14:42","slug":"phare-de-cordouan-et-villes-thermales-deurope-candidats-au-patrimoine-mondial-de-lunesco","status":"publish","type":"post","link":"https:\/\/batijournal.com\/index.php\/phare-de-cordouan-et-villes-thermales-deurope-candidats-au-patrimoine-mondial-de-lunesco\/101330\/","title":{"rendered":"Phare de Cordouan et villes thermales d\u2019Europe candidats au patrimoine mondial de l\u2019UNESCO"},"content":{"rendered":"<p><strong>Le ministre de la Culture, Franck Riester, a annonc\u00e9 la candidature du phare de Cordouan et des grandes villes d\u2019eaux d\u2019Europe \u00e0 l\u2019inscription sur la Liste du patrimoine mondial de l\u2019UNESCO.<\/strong><\/p>\n<p>\u00c9difi\u00e9 en pleine mer sur un plateau rocheux situ\u00e9 aux confins de l\u2019oc\u00e9an Atlantique et de l\u2019estuaire de la Gironde, le phare de Cordouan sert depuis le XVIe si\u00e8cle de signal aux navires commer\u00e7ant entre Bordeaux et le monde. Il repr\u00e9sente un chef-d\u2019\u0153uvre du g\u00e9nie cr\u00e9ateur humain par son architecture unique, r\u00e9sultant de la volont\u00e9 de concevoir un ouvrage de signalisation maritime comme un monument digne des anciennes Merveilles du Monde. Il t\u00e9moigne de l\u2019ing\u00e9niosit\u00e9 des hommes \u00e0 \u00e9riger un \u00e9difice de la plus haute ambition artistique au sein d\u2019un environnement maritime inhospitalier.<\/p>\n<p>Les grandes villes d\u2019eaux d\u2019Europe sont une candidature transnationale port\u00e9e par la R\u00e9publique tch\u00e8que et d\u00e9pos\u00e9e conjointement \u00e0 l\u2019UNESCO par l&rsquo;Allemagne, l&rsquo;Autriche, la Belgique, la France, l&rsquo;Italie et le Royaume-Uni. Ce bien en s\u00e9rie est une s\u00e9lection de onze villes thermales qui t\u00e9moignent des lieux consacr\u00e9s aux soins m\u00e9dicaux \u00e0 l\u2019aide d\u2019eaux min\u00e9rales et thermales. Leur regroupement repr\u00e9sente l\u2019ensemble des villes d\u2019eaux les plus c\u00e9l\u00e8bres et reconnues comme telles du XVIIIe si\u00e8cle aux ann\u00e9es 1920. Ces villes offrent les caract\u00e9ristiques communes aux villes d\u2019eaux et des ensembles architecturaux repr\u00e9sentatifs comportant les b\u00e2timents li\u00e9s \u00e0 cette activit\u00e9 : thermes, colonnades, \u00e9glises, th\u00e9\u00e2tres, casinos, h\u00f4tels sp\u00e9cialis\u00e9s et pensions de famille. La ville de Vichy est, pour la France, int\u00e9gr\u00e9e \u00e0 cette inscription en s\u00e9rie pour avoir largement contribu\u00e9 \u00e0 l\u2019\u00e9laboration de la culture thermale du XIXe si\u00e8cle.<\/p>\n<p>Ces deux candidatures seront examin\u00e9es par le Comit\u00e9 du Patrimoine mondial de l\u2019UNESCO lors de sa session de juillet 2020.<\/p>\n","protected":false},"excerpt":{"rendered":"<p>Le ministre de la Culture, Franck Riester, a annonc\u00e9 la candidature du phare de Cordouan et des grandes villes d\u2019eaux d\u2019Europe \u00e0 l\u2019inscription sur la Liste du patrimoine mondial de l\u2019UNESCO. \u00c9difi\u00e9 en pleine mer sur un plateau rocheux situ\u00e9 aux confins de l\u2019oc\u00e9an Atlantique et de l\u2019estuaire de la Gironde, le phare de Cordouan [&hellip;]<\/p>\n","protected":false},"author":17,"featured_media":92453,"comment_status":"closed","ping_status":"closed","sticky":false,"template":"","format":"standard","meta":{"_et_pb_use_builder":"","_et_pb_old_content":"","_et_gb_content_width":"","footnotes":""},"categories":[10530,6340,10785],"tags":[8381,8674],"class_list":["post-101330","post","type-post","status-publish","format-standard","has-post-thumbnail","hentry","category-actualites","category-architecture-conception","category-atrium","tag-patrimoine-mondial","tag-patrimoine-mondial-de-lunesco"],"yoast_head":"<!-- This site is optimized with the Yoast SEO plugin v27.4 - https:\/\/yoast.com\/product\/yoast-seo-wordpress\/ -->\n<title>Phare de Cordouan et villes thermales d\u2019Europe candidats au patrimoine mondial de l\u2019UNESCO<\/title>\n<meta name=\"description\" content=\"Franck Riester, a annonc\u00e9 la candidature du phare de Cordouan et des grandes villes d\u2019eaux d\u2019Europe \u00e0 l\u2019inscription au patrimoine mondial de l\u2019UNESCO\" \/>\n<meta name=\"robots\" content=\"index, follow, max-snippet:-1, max-image-preview:large, max-video-preview:-1\" \/>\n<link rel=\"canonical\" href=\"https:\/\/batijournal.com\/index.php\/phare-de-cordouan-et-villes-thermales-deurope-candidats-au-patrimoine-mondial-de-lunesco\/101330\/\" \/>\n<meta property=\"og:locale\" content=\"fr_FR\" \/>\n<meta property=\"og:type\" content=\"article\" \/>\n<meta property=\"og:title\" content=\"Phare de Cordouan et villes thermales d\u2019Europe candidats au patrimoine mondial de l\u2019UNESCO\" \/>\n<meta property=\"og:description\" content=\"Franck Riester, a annonc\u00e9 la candidature du phare de Cordouan et des grandes villes d\u2019eaux d\u2019Europe \u00e0 l\u2019inscription au patrimoine mondial de l\u2019UNESCO\" \/>\n<meta property=\"og:url\" content=\"https:\/\/batijournal.com\/index.php\/phare-de-cordouan-et-villes-thermales-deurope-candidats-au-patrimoine-mondial-de-lunesco\/101330\/\" \/>\n<meta property=\"og:site_name\" content=\"Batijournal\" \/>\n<meta property=\"article:published_time\" content=\"2019-02-06T06:49:51+00:00\" \/>\n<meta property=\"article:modified_time\" content=\"2019-07-15T09:14:42+00:00\" \/>\n<meta property=\"og:image\" content=\"https:\/\/batijournal.com\/wp-content\/uploads\/2016\/04\/phare-de-Cordouan-2.jpg\" \/>\n\t<meta property=\"og:image:width\" content=\"1000\" \/>\n\t<meta property=\"og:image:height\" content=\"667\" \/>\n\t<meta property=\"og:image:type\" content=\"image\/jpeg\" \/>\n<meta name=\"author\" content=\"St\u00e9phane Miget\" \/>\n<meta name=\"twitter:card\" content=\"summary_large_image\" \/>\n<meta name=\"twitter:creator\" content=\"@bati_journal\" \/>\n<meta name=\"twitter:site\" content=\"@bati_journal\" \/>\n<meta name=\"twitter:label1\" content=\"\u00c9crit par\" \/>\n\t<meta name=\"twitter:data1\" content=\"St\u00e9phane Miget\" \/>\n\t<meta name=\"twitter:label2\" content=\"Dur\u00e9e de lecture estim\u00e9e\" \/>\n\t<meta name=\"twitter:data2\" content=\"2 minutes\" \/>\n<script type=\"application\/ld+json\" class=\"yoast-schema-graph\">{\"@context\":\"https:\\\/\\\/schema.org\",\"@graph\":[{\"@type\":\"Article\",\"@id\":\"https:\\\/\\\/batijournal.com\\\/index.php\\\/phare-de-cordouan-et-villes-thermales-deurope-candidats-au-patrimoine-mondial-de-lunesco\\\/101330\\\/#article\",\"isPartOf\":{\"@id\":\"https:\\\/\\\/batijournal.com\\\/index.php\\\/phare-de-cordouan-et-villes-thermales-deurope-candidats-au-patrimoine-mondial-de-lunesco\\\/101330\\\/\"},\"author\":{\"name\":\"St\u00e9phane Miget\",\"@id\":\"https:\\\/\\\/batijournal.com\\\/#\\\/schema\\\/person\\\/1dc96ec6957aa1ccb25ebe78bb19f100\"},\"headline\":\"Phare de Cordouan et villes thermales d\u2019Europe candidats au patrimoine mondial de l\u2019UNESCO\",\"datePublished\":\"2019-02-06T06:49:51+00:00\",\"dateModified\":\"2019-07-15T09:14:42+00:00\",\"mainEntityOfPage\":{\"@id\":\"https:\\\/\\\/batijournal.com\\\/index.php\\\/phare-de-cordouan-et-villes-thermales-deurope-candidats-au-patrimoine-mondial-de-lunesco\\\/101330\\\/\"},\"wordCount\":344,\"image\":{\"@id\":\"https:\\\/\\\/batijournal.com\\\/index.php\\\/phare-de-cordouan-et-villes-thermales-deurope-candidats-au-patrimoine-mondial-de-lunesco\\\/101330\\\/#primaryimage\"},\"thumbnailUrl\":\"https:\\\/\\\/batijournal.com\\\/wp-content\\\/uploads\\\/2016\\\/04\\\/phare-de-Cordouan-2.jpg\",\"keywords\":[\"patrimoine mondial\",\"patrimoine mondial de lunesco\"],\"articleSection\":[\"Actualit\u00e9s\",\"Architecture &amp; Conception\",\"zz_Atrium Patrimoine\"],\"inLanguage\":\"fr-FR\"},{\"@type\":\"WebPage\",\"@id\":\"https:\\\/\\\/batijournal.com\\\/index.php\\\/phare-de-cordouan-et-villes-thermales-deurope-candidats-au-patrimoine-mondial-de-lunesco\\\/101330\\\/\",\"url\":\"https:\\\/\\\/batijournal.com\\\/index.php\\\/phare-de-cordouan-et-villes-thermales-deurope-candidats-au-patrimoine-mondial-de-lunesco\\\/101330\\\/\",\"name\":\"Phare de Cordouan et villes thermales d\u2019Europe candidats au patrimoine mondial de l\u2019UNESCO\",\"isPartOf\":{\"@id\":\"https:\\\/\\\/batijournal.com\\\/#website\"},\"primaryImageOfPage\":{\"@id\":\"https:\\\/\\\/batijournal.com\\\/index.php\\\/phare-de-cordouan-et-villes-thermales-deurope-candidats-au-patrimoine-mondial-de-lunesco\\\/101330\\\/#primaryimage\"},\"image\":{\"@id\":\"https:\\\/\\\/batijournal.com\\\/index.php\\\/phare-de-cordouan-et-villes-thermales-deurope-candidats-au-patrimoine-mondial-de-lunesco\\\/101330\\\/#primaryimage\"},\"thumbnailUrl\":\"https:\\\/\\\/batijournal.com\\\/wp-content\\\/uploads\\\/2016\\\/04\\\/phare-de-Cordouan-2.jpg\",\"datePublished\":\"2019-02-06T06:49:51+00:00\",\"dateModified\":\"2019-07-15T09:14:42+00:00\",\"author\":{\"@id\":\"https:\\\/\\\/batijournal.com\\\/#\\\/schema\\\/person\\\/1dc96ec6957aa1ccb25ebe78bb19f100\"},\"description\":\"Franck Riester, a annonc\u00e9 la candidature du phare de Cordouan et des grandes villes d\u2019eaux d\u2019Europe \u00e0 l\u2019inscription au patrimoine mondial de l\u2019UNESCO\",\"breadcrumb\":{\"@id\":\"https:\\\/\\\/batijournal.com\\\/index.php\\\/phare-de-cordouan-et-villes-thermales-deurope-candidats-au-patrimoine-mondial-de-lunesco\\\/101330\\\/#breadcrumb\"},\"inLanguage\":\"fr-FR\",\"potentialAction\":[{\"@type\":\"ReadAction\",\"target\":[\"https:\\\/\\\/batijournal.com\\\/index.php\\\/phare-de-cordouan-et-villes-thermales-deurope-candidats-au-patrimoine-mondial-de-lunesco\\\/101330\\\/\"]}]},{\"@type\":\"ImageObject\",\"inLanguage\":\"fr-FR\",\"@id\":\"https:\\\/\\\/batijournal.com\\\/index.php\\\/phare-de-cordouan-et-villes-thermales-deurope-candidats-au-patrimoine-mondial-de-lunesco\\\/101330\\\/#primaryimage\",\"url\":\"https:\\\/\\\/batijournal.com\\\/wp-content\\\/uploads\\\/2016\\\/04\\\/phare-de-Cordouan-2.jpg\",\"contentUrl\":\"https:\\\/\\\/batijournal.com\\\/wp-content\\\/uploads\\\/2016\\\/04\\\/phare-de-Cordouan-2.jpg\",\"width\":1000,\"height\":667,\"caption\":\"phare-de-Cordouan-2\"},{\"@type\":\"BreadcrumbList\",\"@id\":\"https:\\\/\\\/batijournal.com\\\/index.php\\\/phare-de-cordouan-et-villes-thermales-deurope-candidats-au-patrimoine-mondial-de-lunesco\\\/101330\\\/#breadcrumb\",\"itemListElement\":[{\"@type\":\"ListItem\",\"position\":1,\"name\":\"Accueil\",\"item\":\"https:\\\/\\\/batijournal.com\\\/\"},{\"@type\":\"ListItem\",\"position\":2,\"name\":\"Actualit\u00e9s\",\"item\":\"https:\\\/\\\/batijournal.com\\\/index.php\\\/category\\\/actualites\\\/\"},{\"@type\":\"ListItem\",\"position\":3,\"name\":\"Phare de Cordouan et villes thermales d\u2019Europe candidats au patrimoine mondial de l\u2019UNESCO\"}]},{\"@type\":\"WebSite\",\"@id\":\"https:\\\/\\\/batijournal.com\\\/#website\",\"url\":\"https:\\\/\\\/batijournal.com\\\/\",\"name\":\"Batijournal\",\"description\":\"L&#039;actualit\u00e9 du b\u00e2timent\",\"potentialAction\":[{\"@type\":\"SearchAction\",\"target\":{\"@type\":\"EntryPoint\",\"urlTemplate\":\"https:\\\/\\\/batijournal.com\\\/?s={search_term_string}\"},\"query-input\":{\"@type\":\"PropertyValueSpecification\",\"valueRequired\":true,\"valueName\":\"search_term_string\"}}],\"inLanguage\":\"fr-FR\"},{\"@type\":\"Person\",\"@id\":\"https:\\\/\\\/batijournal.com\\\/#\\\/schema\\\/person\\\/1dc96ec6957aa1ccb25ebe78bb19f100\",\"name\":\"St\u00e9phane Miget\",\"image\":{\"@type\":\"ImageObject\",\"inLanguage\":\"fr-FR\",\"@id\":\"https:\\\/\\\/secure.gravatar.com\\\/avatar\\\/89915563d925342126b8ef0281b93d9d7fc337043e8df017f780908eb9644451?s=96&d=mm&r=g\",\"url\":\"https:\\\/\\\/secure.gravatar.com\\\/avatar\\\/89915563d925342126b8ef0281b93d9d7fc337043e8df017f780908eb9644451?s=96&d=mm&r=g\",\"contentUrl\":\"https:\\\/\\\/secure.gravatar.com\\\/avatar\\\/89915563d925342126b8ef0281b93d9d7fc337043e8df017f780908eb9644451?s=96&d=mm&r=g\",\"caption\":\"St\u00e9phane Miget\"},\"url\":\"https:\\\/\\\/batijournal.com\\\/index.php\\\/author\\\/stephane\\\/\"}]}<\/script>\n<!-- \/ Yoast SEO plugin. -->","yoast_head_json":{"title":"Phare de Cordouan et villes thermales d\u2019Europe candidats au patrimoine mondial de l\u2019UNESCO","description":"Franck Riester, a annonc\u00e9 la candidature du phare de Cordouan et des grandes villes d\u2019eaux d\u2019Europe \u00e0 l\u2019inscription au patrimoine mondial de l\u2019UNESCO","robots":{"index":"index","follow":"follow","max-snippet":"max-snippet:-1","max-image-preview":"max-image-preview:large","max-video-preview":"max-video-preview:-1"},"canonical":"https:\/\/batijournal.com\/index.php\/phare-de-cordouan-et-villes-thermales-deurope-candidats-au-patrimoine-mondial-de-lunesco\/101330\/","og_locale":"fr_FR","og_type":"article","og_title":"Phare de Cordouan et villes thermales d\u2019Europe candidats au patrimoine mondial de l\u2019UNESCO","og_description":"Franck Riester, a annonc\u00e9 la candidature du phare de Cordouan et des grandes villes d\u2019eaux d\u2019Europe \u00e0 l\u2019inscription au patrimoine mondial de l\u2019UNESCO","og_url":"https:\/\/batijournal.com\/index.php\/phare-de-cordouan-et-villes-thermales-deurope-candidats-au-patrimoine-mondial-de-lunesco\/101330\/","og_site_name":"Batijournal","article_published_time":"2019-02-06T06:49:51+00:00","article_modified_time":"2019-07-15T09:14:42+00:00","og_image":[{"width":1000,"height":667,"url":"https:\/\/batijournal.com\/wp-content\/uploads\/2016\/04\/phare-de-Cordouan-2.jpg","type":"image\/jpeg"}],"author":"St\u00e9phane Miget","twitter_card":"summary_large_image","twitter_creator":"@bati_journal","twitter_site":"@bati_journal","twitter_misc":{"\u00c9crit par":"St\u00e9phane Miget","Dur\u00e9e de lecture estim\u00e9e":"2 minutes"},"schema":{"@context":"https:\/\/schema.org","@graph":[{"@type":"Article","@id":"https:\/\/batijournal.com\/index.php\/phare-de-cordouan-et-villes-thermales-deurope-candidats-au-patrimoine-mondial-de-lunesco\/101330\/#article","isPartOf":{"@id":"https:\/\/batijournal.com\/index.php\/phare-de-cordouan-et-villes-thermales-deurope-candidats-au-patrimoine-mondial-de-lunesco\/101330\/"},"author":{"name":"St\u00e9phane Miget","@id":"https:\/\/batijournal.com\/#\/schema\/person\/1dc96ec6957aa1ccb25ebe78bb19f100"},"headline":"Phare de Cordouan et villes thermales d\u2019Europe candidats au patrimoine mondial de l\u2019UNESCO","datePublished":"2019-02-06T06:49:51+00:00","dateModified":"2019-07-15T09:14:42+00:00","mainEntityOfPage":{"@id":"https:\/\/batijournal.com\/index.php\/phare-de-cordouan-et-villes-thermales-deurope-candidats-au-patrimoine-mondial-de-lunesco\/101330\/"},"wordCount":344,"image":{"@id":"https:\/\/batijournal.com\/index.php\/phare-de-cordouan-et-villes-thermales-deurope-candidats-au-patrimoine-mondial-de-lunesco\/101330\/#primaryimage"},"thumbnailUrl":"https:\/\/batijournal.com\/wp-content\/uploads\/2016\/04\/phare-de-Cordouan-2.jpg","keywords":["patrimoine mondial","patrimoine mondial de lunesco"],"articleSection":["Actualit\u00e9s","Architecture &amp; Conception","zz_Atrium Patrimoine"],"inLanguage":"fr-FR"},{"@type":"WebPage","@id":"https:\/\/batijournal.com\/index.php\/phare-de-cordouan-et-villes-thermales-deurope-candidats-au-patrimoine-mondial-de-lunesco\/101330\/","url":"https:\/\/batijournal.com\/index.php\/phare-de-cordouan-et-villes-thermales-deurope-candidats-au-patrimoine-mondial-de-lunesco\/101330\/","name":"Phare de Cordouan et villes thermales d\u2019Europe candidats au patrimoine mondial de l\u2019UNESCO","isPartOf":{"@id":"https:\/\/batijournal.com\/#website"},"primaryImageOfPage":{"@id":"https:\/\/batijournal.com\/index.php\/phare-de-cordouan-et-villes-thermales-deurope-candidats-au-patrimoine-mondial-de-lunesco\/101330\/#primaryimage"},"image":{"@id":"https:\/\/batijournal.com\/index.php\/phare-de-cordouan-et-villes-thermales-deurope-candidats-au-patrimoine-mondial-de-lunesco\/101330\/#primaryimage"},"thumbnailUrl":"https:\/\/batijournal.com\/wp-content\/uploads\/2016\/04\/phare-de-Cordouan-2.jpg","datePublished":"2019-02-06T06:49:51+00:00","dateModified":"2019-07-15T09:14:42+00:00","author":{"@id":"https:\/\/batijournal.com\/#\/schema\/person\/1dc96ec6957aa1ccb25ebe78bb19f100"},"description":"Franck Riester, a annonc\u00e9 la candidature du phare de Cordouan et des grandes villes d\u2019eaux d\u2019Europe \u00e0 l\u2019inscription au patrimoine mondial de l\u2019UNESCO","breadcrumb":{"@id":"https:\/\/batijournal.com\/index.php\/phare-de-cordouan-et-villes-thermales-deurope-candidats-au-patrimoine-mondial-de-lunesco\/101330\/#breadcrumb"},"inLanguage":"fr-FR","potentialAction":[{"@type":"ReadAction","target":["https:\/\/batijournal.com\/index.php\/phare-de-cordouan-et-villes-thermales-deurope-candidats-au-patrimoine-mondial-de-lunesco\/101330\/"]}]},{"@type":"ImageObject","inLanguage":"fr-FR","@id":"https:\/\/batijournal.com\/index.php\/phare-de-cordouan-et-villes-thermales-deurope-candidats-au-patrimoine-mondial-de-lunesco\/101330\/#primaryimage","url":"https:\/\/batijournal.com\/wp-content\/uploads\/2016\/04\/phare-de-Cordouan-2.jpg","contentUrl":"https:\/\/batijournal.com\/wp-content\/uploads\/2016\/04\/phare-de-Cordouan-2.jpg","width":1000,"height":667,"caption":"phare-de-Cordouan-2"},{"@type":"BreadcrumbList","@id":"https:\/\/batijournal.com\/index.php\/phare-de-cordouan-et-villes-thermales-deurope-candidats-au-patrimoine-mondial-de-lunesco\/101330\/#breadcrumb","itemListElement":[{"@type":"ListItem","position":1,"name":"Accueil","item":"https:\/\/batijournal.com\/"},{"@type":"ListItem","position":2,"name":"Actualit\u00e9s","item":"https:\/\/batijournal.com\/index.php\/category\/actualites\/"},{"@type":"ListItem","position":3,"name":"Phare de Cordouan et villes thermales d\u2019Europe candidats au patrimoine mondial de l\u2019UNESCO"}]},{"@type":"WebSite","@id":"https:\/\/batijournal.com\/#website","url":"https:\/\/batijournal.com\/","name":"Batijournal","description":"L&#039;actualit\u00e9 du b\u00e2timent","potentialAction":[{"@type":"SearchAction","target":{"@type":"EntryPoint","urlTemplate":"https:\/\/batijournal.com\/?s={search_term_string}"},"query-input":{"@type":"PropertyValueSpecification","valueRequired":true,"valueName":"search_term_string"}}],"inLanguage":"fr-FR"},{"@type":"Person","@id":"https:\/\/batijournal.com\/#\/schema\/person\/1dc96ec6957aa1ccb25ebe78bb19f100","name":"St\u00e9phane Miget","image":{"@type":"ImageObject","inLanguage":"fr-FR","@id":"https:\/\/secure.gravatar.com\/avatar\/89915563d925342126b8ef0281b93d9d7fc337043e8df017f780908eb9644451?s=96&d=mm&r=g","url":"https:\/\/secure.gravatar.com\/avatar\/89915563d925342126b8ef0281b93d9d7fc337043e8df017f780908eb9644451?s=96&d=mm&r=g","contentUrl":"https:\/\/secure.gravatar.com\/avatar\/89915563d925342126b8ef0281b93d9d7fc337043e8df017f780908eb9644451?s=96&d=mm&r=g","caption":"St\u00e9phane Miget"},"url":"https:\/\/batijournal.com\/index.php\/author\/stephane\/"}]}},"_links":{"self":[{"href":"https:\/\/batijournal.com\/index.php\/wp-json\/wp\/v2\/posts\/101330","targetHints":{"allow":["GET"]}}],"collection":[{"href":"https:\/\/batijournal.com\/index.php\/wp-json\/wp\/v2\/posts"}],"about":[{"href":"https:\/\/batijournal.com\/index.php\/wp-json\/wp\/v2\/types\/post"}],"author":[{"embeddable":true,"href":"https:\/\/batijournal.com\/index.php\/wp-json\/wp\/v2\/users\/17"}],"replies":[{"embeddable":true,"href":"https:\/\/batijournal.com\/index.php\/wp-json\/wp\/v2\/comments?post=101330"}],"version-history":[{"count":0,"href":"https:\/\/batijournal.com\/index.php\/wp-json\/wp\/v2\/posts\/101330\/revisions"}],"wp:featuredmedia":[{"embeddable":true,"href":"https:\/\/batijournal.com\/index.php\/wp-json\/wp\/v2\/media\/92453"}],"wp:attachment":[{"href":"https:\/\/batijournal.com\/index.php\/wp-json\/wp\/v2\/media?parent=101330"}],"wp:term":[{"taxonomy":"category","embeddable":true,"href":"https:\/\/batijournal.com\/index.php\/wp-json\/wp\/v2\/categories?post=101330"},{"taxonomy":"post_tag","embeddable":true,"href":"https:\/\/batijournal.com\/index.php\/wp-json\/wp\/v2\/tags?post=101330"}],"curies":[{"name":"wp","href":"https:\/\/api.w.org\/{rel}","templated":true}]}}