{"id":101331,"date":"2019-02-06T08:07:12","date_gmt":"2019-02-06T07:07:12","guid":{"rendered":"https:\/\/batijournal.com\/?p=101331"},"modified":"2019-07-15T11:14:42","modified_gmt":"2019-07-15T09:14:42","slug":"le-ministere-de-la-culture-reamenage-limmeuble-des-bons-enfants","status":"publish","type":"post","link":"https:\/\/batijournal.com\/index.php\/le-ministere-de-la-culture-reamenage-limmeuble-des-bons-enfants\/101331\/","title":{"rendered":"Le minist\u00e8re de la culture r\u00e9am\u00e9nage l&rsquo;immeuble des Bons-Enfants"},"content":{"rendered":"<p>Dans ce cadre du projet CAMUS, qui vise \u00e0 rationaliser l&rsquo;implantation immobili\u00e8re de son administration centrale, le minist\u00e8re de la culture s\u2019engage une campagne de r\u00e9am\u00e9nagement partiel de l&rsquo;immeuble dit \u00ab des Bons-Enfants \u00bb, son implantation principale de l\u2019administration centrale. R-Architecture a \u00e9t\u00e9 choisi pour assurer la ma\u00eetrise d\u2019\u0153uvre des travaux de reconfiguration et d\u2019am\u00e9nagement des espaces collectifs. L&rsquo;immeuble, implant\u00e9 en partie dans le b\u00e2timent d&rsquo;origine de Georges Vaudoyer, et qui a fait l&rsquo;objet d&rsquo;une extension-restructuration d\u2019ampleur en 2005, par les architectes Francis Soler et Fr\u00e9d\u00e9ric Druot, signe la pr\u00e9sence du Minist\u00e8re de la Culture dans le paysage urbain. R-Architecture propose un projet d\u2019am\u00e9nagement riche et dynamique avec des r\u00e9ponses innovantes en mati\u00e8re de d\u00e9veloppement durable et adapt\u00e9es aux enjeux d&rsquo;un chantier qui se d\u00e9roulera en site occup\u00e9. L&rsquo;approche d\u00e9velopp\u00e9e montre une r\u00e9elle volont\u00e9 d&rsquo;\u00e9volution du b\u00e2timent, coh\u00e9rente avec de nouvelles pratiques de travail, tout en s\u2019appuyant sur les lignes fortes de l\u2019histoire architecturale de ce b\u00e2timent. Le groupement de ma\u00eetrise d&rsquo;\u0153uvre sera compos\u00e9 de R-Architecture, mandataire, associ\u00e9 aux bureaux d&rsquo;\u00e9tudes Batiserf (structure), Choulet (fluides), BMF (\u00e9conomiste), Action Ergo (ergonome), AFL (s\u00e9curit\u00e9-suret\u00e9) et Alternative (acoustique), CALQ (ma\u00eetrise d&rsquo;\u0153uvre d&rsquo;ex\u00e9cution), R-Use (BET r\u00e9-emploi). La ma\u00eetrise d\u2019ouvrage de l&rsquo;op\u00e9ration est confi\u00e9e \u00e0 l&rsquo;Op\u00e9rateur du patrimoine et des projets immobiliers de la Culture (OPPIC). Le projet CAMUS vise \u00e0 rationaliser l&rsquo;implantation immobili\u00e8re de l&rsquo;administration centrale du minist\u00e8re, actuellement r\u00e9partie sur sept sites, afin de la regrouper sur trois sites au c\u0153ur de Paris \u00e0 horizon de l&rsquo;\u00e9t\u00e9 2021.<\/p>\n","protected":false},"excerpt":{"rendered":"<p>Dans ce cadre du projet CAMUS, qui vise \u00e0 rationaliser l&rsquo;implantation immobili\u00e8re de son administration centrale, le minist\u00e8re de la culture s\u2019engage une campagne de r\u00e9am\u00e9nagement partiel de l&rsquo;immeuble dit \u00ab des Bons-Enfants \u00bb, son implantation principale de l\u2019administration centrale. R-Architecture a \u00e9t\u00e9 choisi pour assurer la ma\u00eetrise d\u2019\u0153uvre des travaux de reconfiguration et d\u2019am\u00e9nagement [&hellip;]<\/p>\n","protected":false},"author":17,"featured_media":101332,"comment_status":"closed","ping_status":"closed","sticky":false,"template":"","format":"standard","meta":{"_et_pb_use_builder":"","_et_pb_old_content":"","_et_gb_content_width":"","footnotes":""},"categories":[10530,6340,10785],"tags":[6004],"class_list":["post-101331","post","type-post","status-publish","format-standard","has-post-thumbnail","hentry","category-actualites","category-architecture-conception","category-atrium","tag-ministere-de-la-culture"],"yoast_head":"<!-- This site is optimized with the Yoast SEO plugin v27.4 - https:\/\/yoast.com\/product\/yoast-seo-wordpress\/ -->\n<title>Le minist\u00e8re de la culture r\u00e9am\u00e9nage l&#039;immeuble des Bons-Enfants<\/title>\n<meta name=\"description\" content=\"Le minist\u00e8re de la culture s\u2019engage une campagne de r\u00e9am\u00e9nagement partiel de l&#039;immeuble dit \u00ab des Bons-Enfants \u00bb, son implantation principale\" \/>\n<meta name=\"robots\" content=\"index, follow, max-snippet:-1, max-image-preview:large, max-video-preview:-1\" \/>\n<link rel=\"canonical\" href=\"https:\/\/batijournal.com\/index.php\/le-ministere-de-la-culture-reamenage-limmeuble-des-bons-enfants\/101331\/\" \/>\n<meta property=\"og:locale\" content=\"fr_FR\" \/>\n<meta property=\"og:type\" content=\"article\" \/>\n<meta property=\"og:title\" content=\"Le minist\u00e8re de la culture r\u00e9am\u00e9nage l&#039;immeuble des Bons-Enfants\" \/>\n<meta property=\"og:description\" content=\"Le minist\u00e8re de la culture s\u2019engage une campagne de r\u00e9am\u00e9nagement partiel de l&#039;immeuble dit \u00ab des Bons-Enfants \u00bb, son implantation principale\" \/>\n<meta property=\"og:url\" content=\"https:\/\/batijournal.com\/index.php\/le-ministere-de-la-culture-reamenage-limmeuble-des-bons-enfants\/101331\/\" \/>\n<meta property=\"og:site_name\" content=\"Batijournal\" \/>\n<meta property=\"article:published_time\" content=\"2019-02-06T07:07:12+00:00\" \/>\n<meta property=\"article:modified_time\" content=\"2019-07-15T09:14:42+00:00\" \/>\n<meta property=\"og:image\" content=\"https:\/\/batijournal.com\/wp-content\/uploads\/2019\/02\/immeuble-des-bons-enfants-ministere-de-la-culture.png\" \/>\n\t<meta property=\"og:image:width\" content=\"1068\" \/>\n\t<meta property=\"og:image:height\" content=\"689\" \/>\n\t<meta property=\"og:image:type\" content=\"image\/png\" \/>\n<meta name=\"author\" content=\"St\u00e9phane Miget\" \/>\n<meta name=\"twitter:card\" content=\"summary_large_image\" \/>\n<meta name=\"twitter:creator\" content=\"@bati_journal\" \/>\n<meta name=\"twitter:site\" content=\"@bati_journal\" \/>\n<meta name=\"twitter:label1\" content=\"\u00c9crit par\" \/>\n\t<meta name=\"twitter:data1\" content=\"St\u00e9phane Miget\" \/>\n\t<meta name=\"twitter:label2\" content=\"Dur\u00e9e de lecture estim\u00e9e\" \/>\n\t<meta name=\"twitter:data2\" content=\"1 minute\" \/>\n<script type=\"application\/ld+json\" class=\"yoast-schema-graph\">{\"@context\":\"https:\\\/\\\/schema.org\",\"@graph\":[{\"@type\":\"Article\",\"@id\":\"https:\\\/\\\/batijournal.com\\\/index.php\\\/le-ministere-de-la-culture-reamenage-limmeuble-des-bons-enfants\\\/101331\\\/#article\",\"isPartOf\":{\"@id\":\"https:\\\/\\\/batijournal.com\\\/index.php\\\/le-ministere-de-la-culture-reamenage-limmeuble-des-bons-enfants\\\/101331\\\/\"},\"author\":{\"name\":\"St\u00e9phane Miget\",\"@id\":\"https:\\\/\\\/batijournal.com\\\/#\\\/schema\\\/person\\\/1dc96ec6957aa1ccb25ebe78bb19f100\"},\"headline\":\"Le minist\u00e8re de la culture r\u00e9am\u00e9nage l&rsquo;immeuble des Bons-Enfants\",\"datePublished\":\"2019-02-06T07:07:12+00:00\",\"dateModified\":\"2019-07-15T09:14:42+00:00\",\"mainEntityOfPage\":{\"@id\":\"https:\\\/\\\/batijournal.com\\\/index.php\\\/le-ministere-de-la-culture-reamenage-limmeuble-des-bons-enfants\\\/101331\\\/\"},\"wordCount\":314,\"image\":{\"@id\":\"https:\\\/\\\/batijournal.com\\\/index.php\\\/le-ministere-de-la-culture-reamenage-limmeuble-des-bons-enfants\\\/101331\\\/#primaryimage\"},\"thumbnailUrl\":\"https:\\\/\\\/batijournal.com\\\/wp-content\\\/uploads\\\/2019\\\/02\\\/immeuble-des-bons-enfants-ministere-de-la-culture.png\",\"keywords\":[\"minist\u00e8re de la culture\"],\"articleSection\":[\"Actualit\u00e9s\",\"Architecture &amp; Conception\",\"zz_Atrium Patrimoine\"],\"inLanguage\":\"fr-FR\"},{\"@type\":\"WebPage\",\"@id\":\"https:\\\/\\\/batijournal.com\\\/index.php\\\/le-ministere-de-la-culture-reamenage-limmeuble-des-bons-enfants\\\/101331\\\/\",\"url\":\"https:\\\/\\\/batijournal.com\\\/index.php\\\/le-ministere-de-la-culture-reamenage-limmeuble-des-bons-enfants\\\/101331\\\/\",\"name\":\"Le minist\u00e8re de la culture r\u00e9am\u00e9nage l'immeuble des Bons-Enfants\",\"isPartOf\":{\"@id\":\"https:\\\/\\\/batijournal.com\\\/#website\"},\"primaryImageOfPage\":{\"@id\":\"https:\\\/\\\/batijournal.com\\\/index.php\\\/le-ministere-de-la-culture-reamenage-limmeuble-des-bons-enfants\\\/101331\\\/#primaryimage\"},\"image\":{\"@id\":\"https:\\\/\\\/batijournal.com\\\/index.php\\\/le-ministere-de-la-culture-reamenage-limmeuble-des-bons-enfants\\\/101331\\\/#primaryimage\"},\"thumbnailUrl\":\"https:\\\/\\\/batijournal.com\\\/wp-content\\\/uploads\\\/2019\\\/02\\\/immeuble-des-bons-enfants-ministere-de-la-culture.png\",\"datePublished\":\"2019-02-06T07:07:12+00:00\",\"dateModified\":\"2019-07-15T09:14:42+00:00\",\"author\":{\"@id\":\"https:\\\/\\\/batijournal.com\\\/#\\\/schema\\\/person\\\/1dc96ec6957aa1ccb25ebe78bb19f100\"},\"description\":\"Le minist\u00e8re de la culture s\u2019engage une campagne de r\u00e9am\u00e9nagement partiel de l'immeuble dit \u00ab des Bons-Enfants \u00bb, son implantation principale\",\"breadcrumb\":{\"@id\":\"https:\\\/\\\/batijournal.com\\\/index.php\\\/le-ministere-de-la-culture-reamenage-limmeuble-des-bons-enfants\\\/101331\\\/#breadcrumb\"},\"inLanguage\":\"fr-FR\",\"potentialAction\":[{\"@type\":\"ReadAction\",\"target\":[\"https:\\\/\\\/batijournal.com\\\/index.php\\\/le-ministere-de-la-culture-reamenage-limmeuble-des-bons-enfants\\\/101331\\\/\"]}]},{\"@type\":\"ImageObject\",\"inLanguage\":\"fr-FR\",\"@id\":\"https:\\\/\\\/batijournal.com\\\/index.php\\\/le-ministere-de-la-culture-reamenage-limmeuble-des-bons-enfants\\\/101331\\\/#primaryimage\",\"url\":\"https:\\\/\\\/batijournal.com\\\/wp-content\\\/uploads\\\/2019\\\/02\\\/immeuble-des-bons-enfants-ministere-de-la-culture.png\",\"contentUrl\":\"https:\\\/\\\/batijournal.com\\\/wp-content\\\/uploads\\\/2019\\\/02\\\/immeuble-des-bons-enfants-ministere-de-la-culture.png\",\"width\":1068,\"height\":689},{\"@type\":\"BreadcrumbList\",\"@id\":\"https:\\\/\\\/batijournal.com\\\/index.php\\\/le-ministere-de-la-culture-reamenage-limmeuble-des-bons-enfants\\\/101331\\\/#breadcrumb\",\"itemListElement\":[{\"@type\":\"ListItem\",\"position\":1,\"name\":\"Accueil\",\"item\":\"https:\\\/\\\/batijournal.com\\\/\"},{\"@type\":\"ListItem\",\"position\":2,\"name\":\"Actualit\u00e9s\",\"item\":\"https:\\\/\\\/batijournal.com\\\/index.php\\\/category\\\/actualites\\\/\"},{\"@type\":\"ListItem\",\"position\":3,\"name\":\"Le minist\u00e8re de la culture r\u00e9am\u00e9nage l&rsquo;immeuble des Bons-Enfants\"}]},{\"@type\":\"WebSite\",\"@id\":\"https:\\\/\\\/batijournal.com\\\/#website\",\"url\":\"https:\\\/\\\/batijournal.com\\\/\",\"name\":\"Batijournal\",\"description\":\"L&#039;actualit\u00e9 du b\u00e2timent\",\"potentialAction\":[{\"@type\":\"SearchAction\",\"target\":{\"@type\":\"EntryPoint\",\"urlTemplate\":\"https:\\\/\\\/batijournal.com\\\/?s={search_term_string}\"},\"query-input\":{\"@type\":\"PropertyValueSpecification\",\"valueRequired\":true,\"valueName\":\"search_term_string\"}}],\"inLanguage\":\"fr-FR\"},{\"@type\":\"Person\",\"@id\":\"https:\\\/\\\/batijournal.com\\\/#\\\/schema\\\/person\\\/1dc96ec6957aa1ccb25ebe78bb19f100\",\"name\":\"St\u00e9phane Miget\",\"image\":{\"@type\":\"ImageObject\",\"inLanguage\":\"fr-FR\",\"@id\":\"https:\\\/\\\/secure.gravatar.com\\\/avatar\\\/89915563d925342126b8ef0281b93d9d7fc337043e8df017f780908eb9644451?s=96&d=mm&r=g\",\"url\":\"https:\\\/\\\/secure.gravatar.com\\\/avatar\\\/89915563d925342126b8ef0281b93d9d7fc337043e8df017f780908eb9644451?s=96&d=mm&r=g\",\"contentUrl\":\"https:\\\/\\\/secure.gravatar.com\\\/avatar\\\/89915563d925342126b8ef0281b93d9d7fc337043e8df017f780908eb9644451?s=96&d=mm&r=g\",\"caption\":\"St\u00e9phane Miget\"},\"url\":\"https:\\\/\\\/batijournal.com\\\/index.php\\\/author\\\/stephane\\\/\"}]}<\/script>\n<!-- \/ Yoast SEO plugin. -->","yoast_head_json":{"title":"Le minist\u00e8re de la culture r\u00e9am\u00e9nage l'immeuble des Bons-Enfants","description":"Le minist\u00e8re de la culture s\u2019engage une campagne de r\u00e9am\u00e9nagement partiel de l'immeuble dit \u00ab des Bons-Enfants \u00bb, son implantation principale","robots":{"index":"index","follow":"follow","max-snippet":"max-snippet:-1","max-image-preview":"max-image-preview:large","max-video-preview":"max-video-preview:-1"},"canonical":"https:\/\/batijournal.com\/index.php\/le-ministere-de-la-culture-reamenage-limmeuble-des-bons-enfants\/101331\/","og_locale":"fr_FR","og_type":"article","og_title":"Le minist\u00e8re de la culture r\u00e9am\u00e9nage l'immeuble des Bons-Enfants","og_description":"Le minist\u00e8re de la culture s\u2019engage une campagne de r\u00e9am\u00e9nagement partiel de l'immeuble dit \u00ab des Bons-Enfants \u00bb, son implantation principale","og_url":"https:\/\/batijournal.com\/index.php\/le-ministere-de-la-culture-reamenage-limmeuble-des-bons-enfants\/101331\/","og_site_name":"Batijournal","article_published_time":"2019-02-06T07:07:12+00:00","article_modified_time":"2019-07-15T09:14:42+00:00","og_image":[{"width":1068,"height":689,"url":"https:\/\/batijournal.com\/wp-content\/uploads\/2019\/02\/immeuble-des-bons-enfants-ministere-de-la-culture.png","type":"image\/png"}],"author":"St\u00e9phane Miget","twitter_card":"summary_large_image","twitter_creator":"@bati_journal","twitter_site":"@bati_journal","twitter_misc":{"\u00c9crit par":"St\u00e9phane Miget","Dur\u00e9e de lecture estim\u00e9e":"1 minute"},"schema":{"@context":"https:\/\/schema.org","@graph":[{"@type":"Article","@id":"https:\/\/batijournal.com\/index.php\/le-ministere-de-la-culture-reamenage-limmeuble-des-bons-enfants\/101331\/#article","isPartOf":{"@id":"https:\/\/batijournal.com\/index.php\/le-ministere-de-la-culture-reamenage-limmeuble-des-bons-enfants\/101331\/"},"author":{"name":"St\u00e9phane Miget","@id":"https:\/\/batijournal.com\/#\/schema\/person\/1dc96ec6957aa1ccb25ebe78bb19f100"},"headline":"Le minist\u00e8re de la culture r\u00e9am\u00e9nage l&rsquo;immeuble des Bons-Enfants","datePublished":"2019-02-06T07:07:12+00:00","dateModified":"2019-07-15T09:14:42+00:00","mainEntityOfPage":{"@id":"https:\/\/batijournal.com\/index.php\/le-ministere-de-la-culture-reamenage-limmeuble-des-bons-enfants\/101331\/"},"wordCount":314,"image":{"@id":"https:\/\/batijournal.com\/index.php\/le-ministere-de-la-culture-reamenage-limmeuble-des-bons-enfants\/101331\/#primaryimage"},"thumbnailUrl":"https:\/\/batijournal.com\/wp-content\/uploads\/2019\/02\/immeuble-des-bons-enfants-ministere-de-la-culture.png","keywords":["minist\u00e8re de la culture"],"articleSection":["Actualit\u00e9s","Architecture &amp; Conception","zz_Atrium Patrimoine"],"inLanguage":"fr-FR"},{"@type":"WebPage","@id":"https:\/\/batijournal.com\/index.php\/le-ministere-de-la-culture-reamenage-limmeuble-des-bons-enfants\/101331\/","url":"https:\/\/batijournal.com\/index.php\/le-ministere-de-la-culture-reamenage-limmeuble-des-bons-enfants\/101331\/","name":"Le minist\u00e8re de la culture r\u00e9am\u00e9nage l'immeuble des Bons-Enfants","isPartOf":{"@id":"https:\/\/batijournal.com\/#website"},"primaryImageOfPage":{"@id":"https:\/\/batijournal.com\/index.php\/le-ministere-de-la-culture-reamenage-limmeuble-des-bons-enfants\/101331\/#primaryimage"},"image":{"@id":"https:\/\/batijournal.com\/index.php\/le-ministere-de-la-culture-reamenage-limmeuble-des-bons-enfants\/101331\/#primaryimage"},"thumbnailUrl":"https:\/\/batijournal.com\/wp-content\/uploads\/2019\/02\/immeuble-des-bons-enfants-ministere-de-la-culture.png","datePublished":"2019-02-06T07:07:12+00:00","dateModified":"2019-07-15T09:14:42+00:00","author":{"@id":"https:\/\/batijournal.com\/#\/schema\/person\/1dc96ec6957aa1ccb25ebe78bb19f100"},"description":"Le minist\u00e8re de la culture s\u2019engage une campagne de r\u00e9am\u00e9nagement partiel de l'immeuble dit \u00ab des Bons-Enfants \u00bb, son implantation principale","breadcrumb":{"@id":"https:\/\/batijournal.com\/index.php\/le-ministere-de-la-culture-reamenage-limmeuble-des-bons-enfants\/101331\/#breadcrumb"},"inLanguage":"fr-FR","potentialAction":[{"@type":"ReadAction","target":["https:\/\/batijournal.com\/index.php\/le-ministere-de-la-culture-reamenage-limmeuble-des-bons-enfants\/101331\/"]}]},{"@type":"ImageObject","inLanguage":"fr-FR","@id":"https:\/\/batijournal.com\/index.php\/le-ministere-de-la-culture-reamenage-limmeuble-des-bons-enfants\/101331\/#primaryimage","url":"https:\/\/batijournal.com\/wp-content\/uploads\/2019\/02\/immeuble-des-bons-enfants-ministere-de-la-culture.png","contentUrl":"https:\/\/batijournal.com\/wp-content\/uploads\/2019\/02\/immeuble-des-bons-enfants-ministere-de-la-culture.png","width":1068,"height":689},{"@type":"BreadcrumbList","@id":"https:\/\/batijournal.com\/index.php\/le-ministere-de-la-culture-reamenage-limmeuble-des-bons-enfants\/101331\/#breadcrumb","itemListElement":[{"@type":"ListItem","position":1,"name":"Accueil","item":"https:\/\/batijournal.com\/"},{"@type":"ListItem","position":2,"name":"Actualit\u00e9s","item":"https:\/\/batijournal.com\/index.php\/category\/actualites\/"},{"@type":"ListItem","position":3,"name":"Le minist\u00e8re de la culture r\u00e9am\u00e9nage l&rsquo;immeuble des Bons-Enfants"}]},{"@type":"WebSite","@id":"https:\/\/batijournal.com\/#website","url":"https:\/\/batijournal.com\/","name":"Batijournal","description":"L&#039;actualit\u00e9 du b\u00e2timent","potentialAction":[{"@type":"SearchAction","target":{"@type":"EntryPoint","urlTemplate":"https:\/\/batijournal.com\/?s={search_term_string}"},"query-input":{"@type":"PropertyValueSpecification","valueRequired":true,"valueName":"search_term_string"}}],"inLanguage":"fr-FR"},{"@type":"Person","@id":"https:\/\/batijournal.com\/#\/schema\/person\/1dc96ec6957aa1ccb25ebe78bb19f100","name":"St\u00e9phane Miget","image":{"@type":"ImageObject","inLanguage":"fr-FR","@id":"https:\/\/secure.gravatar.com\/avatar\/89915563d925342126b8ef0281b93d9d7fc337043e8df017f780908eb9644451?s=96&d=mm&r=g","url":"https:\/\/secure.gravatar.com\/avatar\/89915563d925342126b8ef0281b93d9d7fc337043e8df017f780908eb9644451?s=96&d=mm&r=g","contentUrl":"https:\/\/secure.gravatar.com\/avatar\/89915563d925342126b8ef0281b93d9d7fc337043e8df017f780908eb9644451?s=96&d=mm&r=g","caption":"St\u00e9phane Miget"},"url":"https:\/\/batijournal.com\/index.php\/author\/stephane\/"}]}},"_links":{"self":[{"href":"https:\/\/batijournal.com\/index.php\/wp-json\/wp\/v2\/posts\/101331","targetHints":{"allow":["GET"]}}],"collection":[{"href":"https:\/\/batijournal.com\/index.php\/wp-json\/wp\/v2\/posts"}],"about":[{"href":"https:\/\/batijournal.com\/index.php\/wp-json\/wp\/v2\/types\/post"}],"author":[{"embeddable":true,"href":"https:\/\/batijournal.com\/index.php\/wp-json\/wp\/v2\/users\/17"}],"replies":[{"embeddable":true,"href":"https:\/\/batijournal.com\/index.php\/wp-json\/wp\/v2\/comments?post=101331"}],"version-history":[{"count":0,"href":"https:\/\/batijournal.com\/index.php\/wp-json\/wp\/v2\/posts\/101331\/revisions"}],"wp:featuredmedia":[{"embeddable":true,"href":"https:\/\/batijournal.com\/index.php\/wp-json\/wp\/v2\/media\/101332"}],"wp:attachment":[{"href":"https:\/\/batijournal.com\/index.php\/wp-json\/wp\/v2\/media?parent=101331"}],"wp:term":[{"taxonomy":"category","embeddable":true,"href":"https:\/\/batijournal.com\/index.php\/wp-json\/wp\/v2\/categories?post=101331"},{"taxonomy":"post_tag","embeddable":true,"href":"https:\/\/batijournal.com\/index.php\/wp-json\/wp\/v2\/tags?post=101331"}],"curies":[{"name":"wp","href":"https:\/\/api.w.org\/{rel}","templated":true}]}}