{"id":101333,"date":"2019-02-06T09:27:27","date_gmt":"2019-02-06T08:27:27","guid":{"rendered":"https:\/\/batijournal.com\/?p=101333"},"modified":"2019-07-15T11:14:42","modified_gmt":"2019-07-15T09:14:42","slug":"le-centre-ville-de-saint-die-des-vosges-site-patrimonial-remarquable","status":"publish","type":"post","link":"https:\/\/batijournal.com\/index.php\/le-centre-ville-de-saint-die-des-vosges-site-patrimonial-remarquable\/101333\/","title":{"rendered":"Le centre ville de Saint-Di\u00e9-des-Vosges : Site patrimonial remarquable"},"content":{"rendered":"<p>La Commission Nationale du Patrimoine et de l\u2019Architecture (CNPA) a accord\u00e9 le classement du centre ville de Saint-Di\u00e9-des-Vosges en \u00ab\u00a0Site patrimonial remarquable\u00a0\u00bb. Ce dispositif, qui, depuis la loi du 8 juillet 2016, remplace les AVAP, ZPPAUP et secteurs sauvegard\u00e9s, permet de clarifier la protection en faveur du patrimoine urbain et paysager. En identifiant les enjeux patrimoniaux d&rsquo;un territoire, retranscrits dans un plan de gestion, il facilite la mise en valeur du patrimoine dans toutes ses composantes.<\/p>\n<p>Depuis 2015, la ville de Saint-Di\u00e9-des-Vosges s&rsquo;est lanc\u00e9e dans une vaste r\u00e9flexion de revitalisation et de valorisation du centre-ville, visant \u00e0 prot\u00e9ger son homog\u00e9n\u00e9it\u00e9 et sa qualit\u00e9. La ville et la communaut\u00e9 d\u2019agglom\u00e9ration m\u00e8nent, en lien avec les diff\u00e9rents services de l&rsquo;\u00c9tat, dont la DRAC Grand Est, des d\u00e9marches visant \u00e0 la reconnaissance du patrimoine b\u00e2ti, \u00e0 sa protection et \u00e0 sa mise en valeur :<br \/>\n&#8211; la labellisation de l\u2019ensemble architectural de la Seconde Reconstruction \u00ab\u00a0Architecture Contemporaine Remarquable\u00a0\u00bb ;<br \/>\n&#8211; l\u2019inscription de la Manufacture Duval, sur la liste du patrimoine mondial de l\u2019UNESCO pour l\u2019\u0153uvre architecturale de Le Corbusier accompagn\u00e9 de son plan de gestion et de sa zone tampon ;<br \/>\n&#8211; le projet \u00ab\u00a0Action C\u0153ur de Ville\u00a0\u00bb dans le cadre du plan national visant \u00e0 am\u00e9liorer les conditions de vie des habitants des villes moyennes tout en confortant leur r\u00f4le de moteur de d\u00e9veloppement du territoire ;<br \/>\n&#8211; l&rsquo;\u00e9laboration d\u2019un PLUIH (document fusionnant le Plan Local d\u2019Urbanisme Intercommunal et le Programme Local de l\u2019Habitat) ;<br \/>\n&#8211; un \u201catelier des territoires &#8211; villes patrimoniales\u201d permettant une r\u00e9flexion de fond et l\u2019\u00e9tablissement d\u2019une feuille de route pour le d\u00e9veloppement harmonieux de la ville et de son patrimoine.<\/p>\n<p>Photo : Christian Amet &#8211; Wikim\u00e9dia<\/p>\n","protected":false},"excerpt":{"rendered":"<p>La Commission Nationale du Patrimoine et de l\u2019Architecture (CNPA) a accord\u00e9 le classement du centre ville de Saint-Di\u00e9-des-Vosges en \u00ab\u00a0Site patrimonial remarquable\u00a0\u00bb. Ce dispositif, qui, depuis la loi du 8 juillet 2016, remplace les AVAP, ZPPAUP et secteurs sauvegard\u00e9s, permet de clarifier la protection en faveur du patrimoine urbain et paysager. En identifiant les enjeux [&hellip;]<\/p>\n","protected":false},"author":17,"featured_media":101334,"comment_status":"closed","ping_status":"closed","sticky":false,"template":"","format":"standard","meta":{"_et_pb_use_builder":"","_et_pb_old_content":"","_et_gb_content_width":"","footnotes":""},"categories":[10530,6340,10785],"tags":[12335,12702],"class_list":["post-101333","post","type-post","status-publish","format-standard","has-post-thumbnail","hentry","category-actualites","category-architecture-conception","category-atrium","tag-centre-ville","tag-site-patrimonial-remarquable"],"yoast_head":"<!-- This site is optimized with the Yoast SEO plugin v27.4 - https:\/\/yoast.com\/product\/yoast-seo-wordpress\/ -->\n<title>Le centre ville de Saint-Di\u00e9-des-Vosges : Site patrimonial remarquable<\/title>\n<meta name=\"description\" content=\"La Commission Nationale du Patrimoine et de l\u2019Architecture a class\u00e9 le centre ville de Saint-Di\u00e9-des-Vosges en &quot;Site patrimonial remarquable&quot;\" \/>\n<meta name=\"robots\" content=\"index, follow, max-snippet:-1, max-image-preview:large, max-video-preview:-1\" \/>\n<link rel=\"canonical\" href=\"https:\/\/batijournal.com\/index.php\/le-centre-ville-de-saint-die-des-vosges-site-patrimonial-remarquable\/101333\/\" \/>\n<meta property=\"og:locale\" content=\"fr_FR\" \/>\n<meta property=\"og:type\" content=\"article\" \/>\n<meta property=\"og:title\" content=\"Le centre ville de Saint-Di\u00e9-des-Vosges : Site patrimonial remarquable\" \/>\n<meta property=\"og:description\" content=\"La Commission Nationale du Patrimoine et de l\u2019Architecture a class\u00e9 le centre ville de Saint-Di\u00e9-des-Vosges en &quot;Site patrimonial remarquable&quot;\" \/>\n<meta property=\"og:url\" content=\"https:\/\/batijournal.com\/index.php\/le-centre-ville-de-saint-die-des-vosges-site-patrimonial-remarquable\/101333\/\" \/>\n<meta property=\"og:site_name\" content=\"Batijournal\" \/>\n<meta property=\"article:published_time\" content=\"2019-02-06T08:27:27+00:00\" \/>\n<meta property=\"article:modified_time\" content=\"2019-07-15T09:14:42+00:00\" \/>\n<meta property=\"og:image\" content=\"https:\/\/batijournal.com\/wp-content\/uploads\/2019\/02\/Saintdie.jpg\" \/>\n\t<meta property=\"og:image:width\" content=\"1024\" \/>\n\t<meta property=\"og:image:height\" content=\"768\" \/>\n\t<meta property=\"og:image:type\" content=\"image\/jpeg\" \/>\n<meta name=\"author\" content=\"St\u00e9phane Miget\" \/>\n<meta name=\"twitter:card\" content=\"summary_large_image\" \/>\n<meta name=\"twitter:creator\" content=\"@bati_journal\" \/>\n<meta name=\"twitter:site\" content=\"@bati_journal\" \/>\n<meta name=\"twitter:label1\" content=\"\u00c9crit par\" \/>\n\t<meta name=\"twitter:data1\" content=\"St\u00e9phane Miget\" \/>\n\t<meta name=\"twitter:label2\" content=\"Dur\u00e9e de lecture estim\u00e9e\" \/>\n\t<meta name=\"twitter:data2\" content=\"1 minute\" \/>\n<script type=\"application\/ld+json\" class=\"yoast-schema-graph\">{\"@context\":\"https:\\\/\\\/schema.org\",\"@graph\":[{\"@type\":\"Article\",\"@id\":\"https:\\\/\\\/batijournal.com\\\/index.php\\\/le-centre-ville-de-saint-die-des-vosges-site-patrimonial-remarquable\\\/101333\\\/#article\",\"isPartOf\":{\"@id\":\"https:\\\/\\\/batijournal.com\\\/index.php\\\/le-centre-ville-de-saint-die-des-vosges-site-patrimonial-remarquable\\\/101333\\\/\"},\"author\":{\"name\":\"St\u00e9phane Miget\",\"@id\":\"https:\\\/\\\/batijournal.com\\\/#\\\/schema\\\/person\\\/1dc96ec6957aa1ccb25ebe78bb19f100\"},\"headline\":\"Le centre ville de Saint-Di\u00e9-des-Vosges : Site patrimonial remarquable\",\"datePublished\":\"2019-02-06T08:27:27+00:00\",\"dateModified\":\"2019-07-15T09:14:42+00:00\",\"mainEntityOfPage\":{\"@id\":\"https:\\\/\\\/batijournal.com\\\/index.php\\\/le-centre-ville-de-saint-die-des-vosges-site-patrimonial-remarquable\\\/101333\\\/\"},\"wordCount\":309,\"image\":{\"@id\":\"https:\\\/\\\/batijournal.com\\\/index.php\\\/le-centre-ville-de-saint-die-des-vosges-site-patrimonial-remarquable\\\/101333\\\/#primaryimage\"},\"thumbnailUrl\":\"https:\\\/\\\/batijournal.com\\\/wp-content\\\/uploads\\\/2019\\\/02\\\/Saintdie.jpg\",\"keywords\":[\"centre ville\",\"Site patrimonial remarquable\"],\"articleSection\":[\"Actualit\u00e9s\",\"Architecture &amp; Conception\",\"zz_Atrium Patrimoine\"],\"inLanguage\":\"fr-FR\"},{\"@type\":\"WebPage\",\"@id\":\"https:\\\/\\\/batijournal.com\\\/index.php\\\/le-centre-ville-de-saint-die-des-vosges-site-patrimonial-remarquable\\\/101333\\\/\",\"url\":\"https:\\\/\\\/batijournal.com\\\/index.php\\\/le-centre-ville-de-saint-die-des-vosges-site-patrimonial-remarquable\\\/101333\\\/\",\"name\":\"Le centre ville de Saint-Di\u00e9-des-Vosges : Site patrimonial remarquable\",\"isPartOf\":{\"@id\":\"https:\\\/\\\/batijournal.com\\\/#website\"},\"primaryImageOfPage\":{\"@id\":\"https:\\\/\\\/batijournal.com\\\/index.php\\\/le-centre-ville-de-saint-die-des-vosges-site-patrimonial-remarquable\\\/101333\\\/#primaryimage\"},\"image\":{\"@id\":\"https:\\\/\\\/batijournal.com\\\/index.php\\\/le-centre-ville-de-saint-die-des-vosges-site-patrimonial-remarquable\\\/101333\\\/#primaryimage\"},\"thumbnailUrl\":\"https:\\\/\\\/batijournal.com\\\/wp-content\\\/uploads\\\/2019\\\/02\\\/Saintdie.jpg\",\"datePublished\":\"2019-02-06T08:27:27+00:00\",\"dateModified\":\"2019-07-15T09:14:42+00:00\",\"author\":{\"@id\":\"https:\\\/\\\/batijournal.com\\\/#\\\/schema\\\/person\\\/1dc96ec6957aa1ccb25ebe78bb19f100\"},\"description\":\"La Commission Nationale du Patrimoine et de l\u2019Architecture a class\u00e9 le centre ville de Saint-Di\u00e9-des-Vosges en \\\"Site patrimonial remarquable\\\"\",\"breadcrumb\":{\"@id\":\"https:\\\/\\\/batijournal.com\\\/index.php\\\/le-centre-ville-de-saint-die-des-vosges-site-patrimonial-remarquable\\\/101333\\\/#breadcrumb\"},\"inLanguage\":\"fr-FR\",\"potentialAction\":[{\"@type\":\"ReadAction\",\"target\":[\"https:\\\/\\\/batijournal.com\\\/index.php\\\/le-centre-ville-de-saint-die-des-vosges-site-patrimonial-remarquable\\\/101333\\\/\"]}]},{\"@type\":\"ImageObject\",\"inLanguage\":\"fr-FR\",\"@id\":\"https:\\\/\\\/batijournal.com\\\/index.php\\\/le-centre-ville-de-saint-die-des-vosges-site-patrimonial-remarquable\\\/101333\\\/#primaryimage\",\"url\":\"https:\\\/\\\/batijournal.com\\\/wp-content\\\/uploads\\\/2019\\\/02\\\/Saintdie.jpg\",\"contentUrl\":\"https:\\\/\\\/batijournal.com\\\/wp-content\\\/uploads\\\/2019\\\/02\\\/Saintdie.jpg\",\"width\":1024,\"height\":768},{\"@type\":\"BreadcrumbList\",\"@id\":\"https:\\\/\\\/batijournal.com\\\/index.php\\\/le-centre-ville-de-saint-die-des-vosges-site-patrimonial-remarquable\\\/101333\\\/#breadcrumb\",\"itemListElement\":[{\"@type\":\"ListItem\",\"position\":1,\"name\":\"Accueil\",\"item\":\"https:\\\/\\\/batijournal.com\\\/\"},{\"@type\":\"ListItem\",\"position\":2,\"name\":\"Actualit\u00e9s\",\"item\":\"https:\\\/\\\/batijournal.com\\\/index.php\\\/category\\\/actualites\\\/\"},{\"@type\":\"ListItem\",\"position\":3,\"name\":\"Le centre ville de Saint-Di\u00e9-des-Vosges : Site patrimonial remarquable\"}]},{\"@type\":\"WebSite\",\"@id\":\"https:\\\/\\\/batijournal.com\\\/#website\",\"url\":\"https:\\\/\\\/batijournal.com\\\/\",\"name\":\"Batijournal\",\"description\":\"L&#039;actualit\u00e9 du b\u00e2timent\",\"potentialAction\":[{\"@type\":\"SearchAction\",\"target\":{\"@type\":\"EntryPoint\",\"urlTemplate\":\"https:\\\/\\\/batijournal.com\\\/?s={search_term_string}\"},\"query-input\":{\"@type\":\"PropertyValueSpecification\",\"valueRequired\":true,\"valueName\":\"search_term_string\"}}],\"inLanguage\":\"fr-FR\"},{\"@type\":\"Person\",\"@id\":\"https:\\\/\\\/batijournal.com\\\/#\\\/schema\\\/person\\\/1dc96ec6957aa1ccb25ebe78bb19f100\",\"name\":\"St\u00e9phane Miget\",\"image\":{\"@type\":\"ImageObject\",\"inLanguage\":\"fr-FR\",\"@id\":\"https:\\\/\\\/secure.gravatar.com\\\/avatar\\\/89915563d925342126b8ef0281b93d9d7fc337043e8df017f780908eb9644451?s=96&d=mm&r=g\",\"url\":\"https:\\\/\\\/secure.gravatar.com\\\/avatar\\\/89915563d925342126b8ef0281b93d9d7fc337043e8df017f780908eb9644451?s=96&d=mm&r=g\",\"contentUrl\":\"https:\\\/\\\/secure.gravatar.com\\\/avatar\\\/89915563d925342126b8ef0281b93d9d7fc337043e8df017f780908eb9644451?s=96&d=mm&r=g\",\"caption\":\"St\u00e9phane Miget\"},\"url\":\"https:\\\/\\\/batijournal.com\\\/index.php\\\/author\\\/stephane\\\/\"}]}<\/script>\n<!-- \/ Yoast SEO plugin. -->","yoast_head_json":{"title":"Le centre ville de Saint-Di\u00e9-des-Vosges : Site patrimonial remarquable","description":"La Commission Nationale du Patrimoine et de l\u2019Architecture a class\u00e9 le centre ville de Saint-Di\u00e9-des-Vosges en \"Site patrimonial remarquable\"","robots":{"index":"index","follow":"follow","max-snippet":"max-snippet:-1","max-image-preview":"max-image-preview:large","max-video-preview":"max-video-preview:-1"},"canonical":"https:\/\/batijournal.com\/index.php\/le-centre-ville-de-saint-die-des-vosges-site-patrimonial-remarquable\/101333\/","og_locale":"fr_FR","og_type":"article","og_title":"Le centre ville de Saint-Di\u00e9-des-Vosges : Site patrimonial remarquable","og_description":"La Commission Nationale du Patrimoine et de l\u2019Architecture a class\u00e9 le centre ville de Saint-Di\u00e9-des-Vosges en \"Site patrimonial remarquable\"","og_url":"https:\/\/batijournal.com\/index.php\/le-centre-ville-de-saint-die-des-vosges-site-patrimonial-remarquable\/101333\/","og_site_name":"Batijournal","article_published_time":"2019-02-06T08:27:27+00:00","article_modified_time":"2019-07-15T09:14:42+00:00","og_image":[{"width":1024,"height":768,"url":"https:\/\/batijournal.com\/wp-content\/uploads\/2019\/02\/Saintdie.jpg","type":"image\/jpeg"}],"author":"St\u00e9phane Miget","twitter_card":"summary_large_image","twitter_creator":"@bati_journal","twitter_site":"@bati_journal","twitter_misc":{"\u00c9crit par":"St\u00e9phane Miget","Dur\u00e9e de lecture estim\u00e9e":"1 minute"},"schema":{"@context":"https:\/\/schema.org","@graph":[{"@type":"Article","@id":"https:\/\/batijournal.com\/index.php\/le-centre-ville-de-saint-die-des-vosges-site-patrimonial-remarquable\/101333\/#article","isPartOf":{"@id":"https:\/\/batijournal.com\/index.php\/le-centre-ville-de-saint-die-des-vosges-site-patrimonial-remarquable\/101333\/"},"author":{"name":"St\u00e9phane Miget","@id":"https:\/\/batijournal.com\/#\/schema\/person\/1dc96ec6957aa1ccb25ebe78bb19f100"},"headline":"Le centre ville de Saint-Di\u00e9-des-Vosges : Site patrimonial remarquable","datePublished":"2019-02-06T08:27:27+00:00","dateModified":"2019-07-15T09:14:42+00:00","mainEntityOfPage":{"@id":"https:\/\/batijournal.com\/index.php\/le-centre-ville-de-saint-die-des-vosges-site-patrimonial-remarquable\/101333\/"},"wordCount":309,"image":{"@id":"https:\/\/batijournal.com\/index.php\/le-centre-ville-de-saint-die-des-vosges-site-patrimonial-remarquable\/101333\/#primaryimage"},"thumbnailUrl":"https:\/\/batijournal.com\/wp-content\/uploads\/2019\/02\/Saintdie.jpg","keywords":["centre ville","Site patrimonial remarquable"],"articleSection":["Actualit\u00e9s","Architecture &amp; Conception","zz_Atrium Patrimoine"],"inLanguage":"fr-FR"},{"@type":"WebPage","@id":"https:\/\/batijournal.com\/index.php\/le-centre-ville-de-saint-die-des-vosges-site-patrimonial-remarquable\/101333\/","url":"https:\/\/batijournal.com\/index.php\/le-centre-ville-de-saint-die-des-vosges-site-patrimonial-remarquable\/101333\/","name":"Le centre ville de Saint-Di\u00e9-des-Vosges : Site patrimonial remarquable","isPartOf":{"@id":"https:\/\/batijournal.com\/#website"},"primaryImageOfPage":{"@id":"https:\/\/batijournal.com\/index.php\/le-centre-ville-de-saint-die-des-vosges-site-patrimonial-remarquable\/101333\/#primaryimage"},"image":{"@id":"https:\/\/batijournal.com\/index.php\/le-centre-ville-de-saint-die-des-vosges-site-patrimonial-remarquable\/101333\/#primaryimage"},"thumbnailUrl":"https:\/\/batijournal.com\/wp-content\/uploads\/2019\/02\/Saintdie.jpg","datePublished":"2019-02-06T08:27:27+00:00","dateModified":"2019-07-15T09:14:42+00:00","author":{"@id":"https:\/\/batijournal.com\/#\/schema\/person\/1dc96ec6957aa1ccb25ebe78bb19f100"},"description":"La Commission Nationale du Patrimoine et de l\u2019Architecture a class\u00e9 le centre ville de Saint-Di\u00e9-des-Vosges en \"Site patrimonial remarquable\"","breadcrumb":{"@id":"https:\/\/batijournal.com\/index.php\/le-centre-ville-de-saint-die-des-vosges-site-patrimonial-remarquable\/101333\/#breadcrumb"},"inLanguage":"fr-FR","potentialAction":[{"@type":"ReadAction","target":["https:\/\/batijournal.com\/index.php\/le-centre-ville-de-saint-die-des-vosges-site-patrimonial-remarquable\/101333\/"]}]},{"@type":"ImageObject","inLanguage":"fr-FR","@id":"https:\/\/batijournal.com\/index.php\/le-centre-ville-de-saint-die-des-vosges-site-patrimonial-remarquable\/101333\/#primaryimage","url":"https:\/\/batijournal.com\/wp-content\/uploads\/2019\/02\/Saintdie.jpg","contentUrl":"https:\/\/batijournal.com\/wp-content\/uploads\/2019\/02\/Saintdie.jpg","width":1024,"height":768},{"@type":"BreadcrumbList","@id":"https:\/\/batijournal.com\/index.php\/le-centre-ville-de-saint-die-des-vosges-site-patrimonial-remarquable\/101333\/#breadcrumb","itemListElement":[{"@type":"ListItem","position":1,"name":"Accueil","item":"https:\/\/batijournal.com\/"},{"@type":"ListItem","position":2,"name":"Actualit\u00e9s","item":"https:\/\/batijournal.com\/index.php\/category\/actualites\/"},{"@type":"ListItem","position":3,"name":"Le centre ville de Saint-Di\u00e9-des-Vosges : Site patrimonial remarquable"}]},{"@type":"WebSite","@id":"https:\/\/batijournal.com\/#website","url":"https:\/\/batijournal.com\/","name":"Batijournal","description":"L&#039;actualit\u00e9 du b\u00e2timent","potentialAction":[{"@type":"SearchAction","target":{"@type":"EntryPoint","urlTemplate":"https:\/\/batijournal.com\/?s={search_term_string}"},"query-input":{"@type":"PropertyValueSpecification","valueRequired":true,"valueName":"search_term_string"}}],"inLanguage":"fr-FR"},{"@type":"Person","@id":"https:\/\/batijournal.com\/#\/schema\/person\/1dc96ec6957aa1ccb25ebe78bb19f100","name":"St\u00e9phane Miget","image":{"@type":"ImageObject","inLanguage":"fr-FR","@id":"https:\/\/secure.gravatar.com\/avatar\/89915563d925342126b8ef0281b93d9d7fc337043e8df017f780908eb9644451?s=96&d=mm&r=g","url":"https:\/\/secure.gravatar.com\/avatar\/89915563d925342126b8ef0281b93d9d7fc337043e8df017f780908eb9644451?s=96&d=mm&r=g","contentUrl":"https:\/\/secure.gravatar.com\/avatar\/89915563d925342126b8ef0281b93d9d7fc337043e8df017f780908eb9644451?s=96&d=mm&r=g","caption":"St\u00e9phane Miget"},"url":"https:\/\/batijournal.com\/index.php\/author\/stephane\/"}]}},"_links":{"self":[{"href":"https:\/\/batijournal.com\/index.php\/wp-json\/wp\/v2\/posts\/101333","targetHints":{"allow":["GET"]}}],"collection":[{"href":"https:\/\/batijournal.com\/index.php\/wp-json\/wp\/v2\/posts"}],"about":[{"href":"https:\/\/batijournal.com\/index.php\/wp-json\/wp\/v2\/types\/post"}],"author":[{"embeddable":true,"href":"https:\/\/batijournal.com\/index.php\/wp-json\/wp\/v2\/users\/17"}],"replies":[{"embeddable":true,"href":"https:\/\/batijournal.com\/index.php\/wp-json\/wp\/v2\/comments?post=101333"}],"version-history":[{"count":0,"href":"https:\/\/batijournal.com\/index.php\/wp-json\/wp\/v2\/posts\/101333\/revisions"}],"wp:featuredmedia":[{"embeddable":true,"href":"https:\/\/batijournal.com\/index.php\/wp-json\/wp\/v2\/media\/101334"}],"wp:attachment":[{"href":"https:\/\/batijournal.com\/index.php\/wp-json\/wp\/v2\/media?parent=101333"}],"wp:term":[{"taxonomy":"category","embeddable":true,"href":"https:\/\/batijournal.com\/index.php\/wp-json\/wp\/v2\/categories?post=101333"},{"taxonomy":"post_tag","embeddable":true,"href":"https:\/\/batijournal.com\/index.php\/wp-json\/wp\/v2\/tags?post=101333"}],"curies":[{"name":"wp","href":"https:\/\/api.w.org\/{rel}","templated":true}]}}