{"id":101343,"date":"2019-02-07T08:50:47","date_gmt":"2019-02-07T07:50:47","guid":{"rendered":"https:\/\/batijournal.com\/?p=101343"},"modified":"2019-07-15T11:26:46","modified_gmt":"2019-07-15T09:26:46","slug":"debut-du-chantier-du-nouveau-campus-dagroparistech-inra-a-paris-saclay","status":"publish","type":"post","link":"https:\/\/batijournal.com\/index.php\/debut-du-chantier-du-nouveau-campus-dagroparistech-inra-a-paris-saclay\/101343\/","title":{"rendered":"D\u00e9but du chantier du nouveau Campus d\u2019AgroParisTech-Inra \u00e0 Paris-Saclay"},"content":{"rendered":"<p>Un nouveau campus d\u2019environ 65 000 m\u00b2 rassemblera \u00e0 la rentr\u00e9e 2021, pr\u00e8s de 3500 \u00e9tudiants, enseignants-chercheurs et salari\u00e9s d\u2019AgroParisTech et de l\u2019Inra (Institut national de la recherche agronomique) \u00e0 Paris-Saclay. Le chantier vient de d\u00e9buter sur le quartier de l\u2019\u00c9cole polytechnique, \u00e0 Palaiseau. Con\u00e7u par les architectes Marc Mimram et Jean Baptiste Lacoudre, il est compos\u00e9 de huit b\u00e2timents distincts. Le b\u00e2timent d\u2019entr\u00e9e, le Forum, v\u00e9ritable vitrine du projet, est compos\u00e9 d\u2019une grande verri\u00e8re bioclimatique qui rappelle la conception des serres exp\u00e9rimentales. Par sa conception tout en verre et transparences, il affirme l\u2019ouverture du site sur le quartier et sur le futur grand parvis public que l\u2019EPA Paris-Saclay am\u00e9nagera \u00e0 son abord. Outre le Forum, cinq b\u00e2timents d\u00e9di\u00e9s \u00e0 l\u2019enseignement, et aux fonctions administratives ainsi que deux grands b\u00e2timents de recherche, prendront place autour du grand jardin ouvert.<\/p>\n<p>Campus-Agro SAS, soci\u00e9t\u00e9 de projet d\u2019AgroParisTech, de l\u2019Inra et de la Caisse des D\u00e9p\u00f4ts et Consignations, est charg\u00e9e de la r\u00e9alisation et de l\u2019exploitation du futur site AgroParisTech\/INRA en lien avec l\u2019EPA Paris-Saclay, am\u00e9nageur du territoire. Le groupement d\u2019entreprises conduit par GTM B\u00e2timent, filiale de VINCI Construction France, a \u00e9t\u00e9 d\u00e9sign\u00e9 en 2017, par Campus-Agro SAS, comme titulaire du contrat global de construction, r\u00e9alisation, exploitation et maintenance du site, suite \u00e0 une proc\u00e9dure de dialogue comp\u00e9titif.<\/p>\n<p>Perspectives du projet de Marc Mimram et Jean Baptiste Lacoudre \u2013 Cr\u00e9dits : Marc Mimram Architecture et associ\u00e9s \/ Lacoudre Architectures \/ Agence TER \/IDA+<\/p>\n<p>&nbsp;<\/p>\n","protected":false},"excerpt":{"rendered":"<p>Un nouveau campus d\u2019environ 65 000 m\u00b2 rassemblera \u00e0 la rentr\u00e9e 2021, pr\u00e8s de 3500 \u00e9tudiants, enseignants-chercheurs et salari\u00e9s d\u2019AgroParisTech et de l\u2019Inra (Institut national de la recherche agronomique) \u00e0 Paris-Saclay. Le chantier vient de d\u00e9buter sur le quartier de l\u2019\u00c9cole polytechnique, \u00e0 Palaiseau. Con\u00e7u par les architectes Marc Mimram et Jean Baptiste Lacoudre, il [&hellip;]<\/p>\n","protected":false},"author":17,"featured_media":101344,"comment_status":"closed","ping_status":"closed","sticky":false,"template":"","format":"standard","meta":{"_et_pb_use_builder":"","_et_pb_old_content":"","_et_gb_content_width":"","footnotes":""},"categories":[10530,6340,10771,10775],"tags":[1150],"class_list":["post-101343","post","type-post","status-publish","format-standard","has-post-thumbnail","hentry","category-actualites","category-architecture-conception","category-5facades","category-actualites-5facades","tag-chantier"],"yoast_head":"<!-- This site is optimized with the Yoast SEO plugin v27.4 - https:\/\/yoast.com\/product\/yoast-seo-wordpress\/ -->\n<title>D\u00e9but du chantier du nouveau Campus d\u2019AgroParisTech-Inra \u00e0 Paris-Saclay<\/title>\n<meta name=\"description\" content=\"Un nouveau campus d\u2019environ 65 000 m\u00b2 rassemblera \u00e0 la rentr\u00e9e 2021, pr\u00e8s de 3500 \u00e9tudiants, enseignants-chercheurs et salari\u00e9s d\u2019AgroParisTech et de l\u2019Inra\" \/>\n<meta name=\"robots\" content=\"index, follow, max-snippet:-1, max-image-preview:large, max-video-preview:-1\" \/>\n<link rel=\"canonical\" href=\"https:\/\/batijournal.com\/index.php\/debut-du-chantier-du-nouveau-campus-dagroparistech-inra-a-paris-saclay\/101343\/\" \/>\n<meta property=\"og:locale\" content=\"fr_FR\" \/>\n<meta property=\"og:type\" content=\"article\" \/>\n<meta property=\"og:title\" content=\"D\u00e9but du chantier du nouveau Campus d\u2019AgroParisTech-Inra \u00e0 Paris-Saclay\" \/>\n<meta property=\"og:description\" content=\"Un nouveau campus d\u2019environ 65 000 m\u00b2 rassemblera \u00e0 la rentr\u00e9e 2021, pr\u00e8s de 3500 \u00e9tudiants, enseignants-chercheurs et salari\u00e9s d\u2019AgroParisTech et de l\u2019Inra\" \/>\n<meta property=\"og:url\" content=\"https:\/\/batijournal.com\/index.php\/debut-du-chantier-du-nouveau-campus-dagroparistech-inra-a-paris-saclay\/101343\/\" \/>\n<meta property=\"og:site_name\" content=\"Batijournal\" \/>\n<meta property=\"article:published_time\" content=\"2019-02-07T07:50:47+00:00\" \/>\n<meta property=\"article:modified_time\" content=\"2019-07-15T09:26:46+00:00\" \/>\n<meta property=\"og:image\" content=\"https:\/\/batijournal.com\/wp-content\/uploads\/2019\/02\/AgroParisTech-campus.png\" \/>\n\t<meta property=\"og:image:width\" content=\"799\" \/>\n\t<meta property=\"og:image:height\" content=\"300\" \/>\n\t<meta property=\"og:image:type\" content=\"image\/png\" \/>\n<meta name=\"author\" content=\"St\u00e9phane Miget\" \/>\n<meta name=\"twitter:card\" content=\"summary_large_image\" \/>\n<meta name=\"twitter:creator\" content=\"@bati_journal\" \/>\n<meta name=\"twitter:site\" content=\"@bati_journal\" \/>\n<meta name=\"twitter:label1\" content=\"\u00c9crit par\" \/>\n\t<meta name=\"twitter:data1\" content=\"St\u00e9phane Miget\" \/>\n\t<meta name=\"twitter:label2\" content=\"Dur\u00e9e de lecture estim\u00e9e\" \/>\n\t<meta name=\"twitter:data2\" content=\"1 minute\" \/>\n<script type=\"application\/ld+json\" class=\"yoast-schema-graph\">{\"@context\":\"https:\\\/\\\/schema.org\",\"@graph\":[{\"@type\":\"Article\",\"@id\":\"https:\\\/\\\/batijournal.com\\\/index.php\\\/debut-du-chantier-du-nouveau-campus-dagroparistech-inra-a-paris-saclay\\\/101343\\\/#article\",\"isPartOf\":{\"@id\":\"https:\\\/\\\/batijournal.com\\\/index.php\\\/debut-du-chantier-du-nouveau-campus-dagroparistech-inra-a-paris-saclay\\\/101343\\\/\"},\"author\":{\"name\":\"St\u00e9phane Miget\",\"@id\":\"https:\\\/\\\/batijournal.com\\\/#\\\/schema\\\/person\\\/1dc96ec6957aa1ccb25ebe78bb19f100\"},\"headline\":\"D\u00e9but du chantier du nouveau Campus d\u2019AgroParisTech-Inra \u00e0 Paris-Saclay\",\"datePublished\":\"2019-02-07T07:50:47+00:00\",\"dateModified\":\"2019-07-15T09:26:46+00:00\",\"mainEntityOfPage\":{\"@id\":\"https:\\\/\\\/batijournal.com\\\/index.php\\\/debut-du-chantier-du-nouveau-campus-dagroparistech-inra-a-paris-saclay\\\/101343\\\/\"},\"wordCount\":280,\"image\":{\"@id\":\"https:\\\/\\\/batijournal.com\\\/index.php\\\/debut-du-chantier-du-nouveau-campus-dagroparistech-inra-a-paris-saclay\\\/101343\\\/#primaryimage\"},\"thumbnailUrl\":\"https:\\\/\\\/batijournal.com\\\/wp-content\\\/uploads\\\/2019\\\/02\\\/AgroParisTech-campus.png\",\"keywords\":[\"chantier\"],\"articleSection\":[\"Actualit\u00e9s\",\"Architecture &amp; Conception\",\"zz_5fa\u00e7ades\",\"zz_Actualit\u00e9s - 5fa\u00e7ades\"],\"inLanguage\":\"fr-FR\"},{\"@type\":\"WebPage\",\"@id\":\"https:\\\/\\\/batijournal.com\\\/index.php\\\/debut-du-chantier-du-nouveau-campus-dagroparistech-inra-a-paris-saclay\\\/101343\\\/\",\"url\":\"https:\\\/\\\/batijournal.com\\\/index.php\\\/debut-du-chantier-du-nouveau-campus-dagroparistech-inra-a-paris-saclay\\\/101343\\\/\",\"name\":\"D\u00e9but du chantier du nouveau Campus d\u2019AgroParisTech-Inra \u00e0 Paris-Saclay\",\"isPartOf\":{\"@id\":\"https:\\\/\\\/batijournal.com\\\/#website\"},\"primaryImageOfPage\":{\"@id\":\"https:\\\/\\\/batijournal.com\\\/index.php\\\/debut-du-chantier-du-nouveau-campus-dagroparistech-inra-a-paris-saclay\\\/101343\\\/#primaryimage\"},\"image\":{\"@id\":\"https:\\\/\\\/batijournal.com\\\/index.php\\\/debut-du-chantier-du-nouveau-campus-dagroparistech-inra-a-paris-saclay\\\/101343\\\/#primaryimage\"},\"thumbnailUrl\":\"https:\\\/\\\/batijournal.com\\\/wp-content\\\/uploads\\\/2019\\\/02\\\/AgroParisTech-campus.png\",\"datePublished\":\"2019-02-07T07:50:47+00:00\",\"dateModified\":\"2019-07-15T09:26:46+00:00\",\"author\":{\"@id\":\"https:\\\/\\\/batijournal.com\\\/#\\\/schema\\\/person\\\/1dc96ec6957aa1ccb25ebe78bb19f100\"},\"description\":\"Un nouveau campus d\u2019environ 65 000 m\u00b2 rassemblera \u00e0 la rentr\u00e9e 2021, pr\u00e8s de 3500 \u00e9tudiants, enseignants-chercheurs et salari\u00e9s d\u2019AgroParisTech et de l\u2019Inra\",\"breadcrumb\":{\"@id\":\"https:\\\/\\\/batijournal.com\\\/index.php\\\/debut-du-chantier-du-nouveau-campus-dagroparistech-inra-a-paris-saclay\\\/101343\\\/#breadcrumb\"},\"inLanguage\":\"fr-FR\",\"potentialAction\":[{\"@type\":\"ReadAction\",\"target\":[\"https:\\\/\\\/batijournal.com\\\/index.php\\\/debut-du-chantier-du-nouveau-campus-dagroparistech-inra-a-paris-saclay\\\/101343\\\/\"]}]},{\"@type\":\"ImageObject\",\"inLanguage\":\"fr-FR\",\"@id\":\"https:\\\/\\\/batijournal.com\\\/index.php\\\/debut-du-chantier-du-nouveau-campus-dagroparistech-inra-a-paris-saclay\\\/101343\\\/#primaryimage\",\"url\":\"https:\\\/\\\/batijournal.com\\\/wp-content\\\/uploads\\\/2019\\\/02\\\/AgroParisTech-campus.png\",\"contentUrl\":\"https:\\\/\\\/batijournal.com\\\/wp-content\\\/uploads\\\/2019\\\/02\\\/AgroParisTech-campus.png\",\"width\":799,\"height\":300},{\"@type\":\"BreadcrumbList\",\"@id\":\"https:\\\/\\\/batijournal.com\\\/index.php\\\/debut-du-chantier-du-nouveau-campus-dagroparistech-inra-a-paris-saclay\\\/101343\\\/#breadcrumb\",\"itemListElement\":[{\"@type\":\"ListItem\",\"position\":1,\"name\":\"Accueil\",\"item\":\"https:\\\/\\\/batijournal.com\\\/\"},{\"@type\":\"ListItem\",\"position\":2,\"name\":\"Actualit\u00e9s\",\"item\":\"https:\\\/\\\/batijournal.com\\\/index.php\\\/category\\\/actualites\\\/\"},{\"@type\":\"ListItem\",\"position\":3,\"name\":\"D\u00e9but du chantier du nouveau Campus d\u2019AgroParisTech-Inra \u00e0 Paris-Saclay\"}]},{\"@type\":\"WebSite\",\"@id\":\"https:\\\/\\\/batijournal.com\\\/#website\",\"url\":\"https:\\\/\\\/batijournal.com\\\/\",\"name\":\"Batijournal\",\"description\":\"L&#039;actualit\u00e9 du b\u00e2timent\",\"potentialAction\":[{\"@type\":\"SearchAction\",\"target\":{\"@type\":\"EntryPoint\",\"urlTemplate\":\"https:\\\/\\\/batijournal.com\\\/?s={search_term_string}\"},\"query-input\":{\"@type\":\"PropertyValueSpecification\",\"valueRequired\":true,\"valueName\":\"search_term_string\"}}],\"inLanguage\":\"fr-FR\"},{\"@type\":\"Person\",\"@id\":\"https:\\\/\\\/batijournal.com\\\/#\\\/schema\\\/person\\\/1dc96ec6957aa1ccb25ebe78bb19f100\",\"name\":\"St\u00e9phane Miget\",\"image\":{\"@type\":\"ImageObject\",\"inLanguage\":\"fr-FR\",\"@id\":\"https:\\\/\\\/secure.gravatar.com\\\/avatar\\\/89915563d925342126b8ef0281b93d9d7fc337043e8df017f780908eb9644451?s=96&d=mm&r=g\",\"url\":\"https:\\\/\\\/secure.gravatar.com\\\/avatar\\\/89915563d925342126b8ef0281b93d9d7fc337043e8df017f780908eb9644451?s=96&d=mm&r=g\",\"contentUrl\":\"https:\\\/\\\/secure.gravatar.com\\\/avatar\\\/89915563d925342126b8ef0281b93d9d7fc337043e8df017f780908eb9644451?s=96&d=mm&r=g\",\"caption\":\"St\u00e9phane Miget\"},\"url\":\"https:\\\/\\\/batijournal.com\\\/index.php\\\/author\\\/stephane\\\/\"}]}<\/script>\n<!-- \/ Yoast SEO plugin. -->","yoast_head_json":{"title":"D\u00e9but du chantier du nouveau Campus d\u2019AgroParisTech-Inra \u00e0 Paris-Saclay","description":"Un nouveau campus d\u2019environ 65 000 m\u00b2 rassemblera \u00e0 la rentr\u00e9e 2021, pr\u00e8s de 3500 \u00e9tudiants, enseignants-chercheurs et salari\u00e9s d\u2019AgroParisTech et de l\u2019Inra","robots":{"index":"index","follow":"follow","max-snippet":"max-snippet:-1","max-image-preview":"max-image-preview:large","max-video-preview":"max-video-preview:-1"},"canonical":"https:\/\/batijournal.com\/index.php\/debut-du-chantier-du-nouveau-campus-dagroparistech-inra-a-paris-saclay\/101343\/","og_locale":"fr_FR","og_type":"article","og_title":"D\u00e9but du chantier du nouveau Campus d\u2019AgroParisTech-Inra \u00e0 Paris-Saclay","og_description":"Un nouveau campus d\u2019environ 65 000 m\u00b2 rassemblera \u00e0 la rentr\u00e9e 2021, pr\u00e8s de 3500 \u00e9tudiants, enseignants-chercheurs et salari\u00e9s d\u2019AgroParisTech et de l\u2019Inra","og_url":"https:\/\/batijournal.com\/index.php\/debut-du-chantier-du-nouveau-campus-dagroparistech-inra-a-paris-saclay\/101343\/","og_site_name":"Batijournal","article_published_time":"2019-02-07T07:50:47+00:00","article_modified_time":"2019-07-15T09:26:46+00:00","og_image":[{"width":799,"height":300,"url":"https:\/\/batijournal.com\/wp-content\/uploads\/2019\/02\/AgroParisTech-campus.png","type":"image\/png"}],"author":"St\u00e9phane Miget","twitter_card":"summary_large_image","twitter_creator":"@bati_journal","twitter_site":"@bati_journal","twitter_misc":{"\u00c9crit par":"St\u00e9phane Miget","Dur\u00e9e de lecture estim\u00e9e":"1 minute"},"schema":{"@context":"https:\/\/schema.org","@graph":[{"@type":"Article","@id":"https:\/\/batijournal.com\/index.php\/debut-du-chantier-du-nouveau-campus-dagroparistech-inra-a-paris-saclay\/101343\/#article","isPartOf":{"@id":"https:\/\/batijournal.com\/index.php\/debut-du-chantier-du-nouveau-campus-dagroparistech-inra-a-paris-saclay\/101343\/"},"author":{"name":"St\u00e9phane Miget","@id":"https:\/\/batijournal.com\/#\/schema\/person\/1dc96ec6957aa1ccb25ebe78bb19f100"},"headline":"D\u00e9but du chantier du nouveau Campus d\u2019AgroParisTech-Inra \u00e0 Paris-Saclay","datePublished":"2019-02-07T07:50:47+00:00","dateModified":"2019-07-15T09:26:46+00:00","mainEntityOfPage":{"@id":"https:\/\/batijournal.com\/index.php\/debut-du-chantier-du-nouveau-campus-dagroparistech-inra-a-paris-saclay\/101343\/"},"wordCount":280,"image":{"@id":"https:\/\/batijournal.com\/index.php\/debut-du-chantier-du-nouveau-campus-dagroparistech-inra-a-paris-saclay\/101343\/#primaryimage"},"thumbnailUrl":"https:\/\/batijournal.com\/wp-content\/uploads\/2019\/02\/AgroParisTech-campus.png","keywords":["chantier"],"articleSection":["Actualit\u00e9s","Architecture &amp; Conception","zz_5fa\u00e7ades","zz_Actualit\u00e9s - 5fa\u00e7ades"],"inLanguage":"fr-FR"},{"@type":"WebPage","@id":"https:\/\/batijournal.com\/index.php\/debut-du-chantier-du-nouveau-campus-dagroparistech-inra-a-paris-saclay\/101343\/","url":"https:\/\/batijournal.com\/index.php\/debut-du-chantier-du-nouveau-campus-dagroparistech-inra-a-paris-saclay\/101343\/","name":"D\u00e9but du chantier du nouveau Campus d\u2019AgroParisTech-Inra \u00e0 Paris-Saclay","isPartOf":{"@id":"https:\/\/batijournal.com\/#website"},"primaryImageOfPage":{"@id":"https:\/\/batijournal.com\/index.php\/debut-du-chantier-du-nouveau-campus-dagroparistech-inra-a-paris-saclay\/101343\/#primaryimage"},"image":{"@id":"https:\/\/batijournal.com\/index.php\/debut-du-chantier-du-nouveau-campus-dagroparistech-inra-a-paris-saclay\/101343\/#primaryimage"},"thumbnailUrl":"https:\/\/batijournal.com\/wp-content\/uploads\/2019\/02\/AgroParisTech-campus.png","datePublished":"2019-02-07T07:50:47+00:00","dateModified":"2019-07-15T09:26:46+00:00","author":{"@id":"https:\/\/batijournal.com\/#\/schema\/person\/1dc96ec6957aa1ccb25ebe78bb19f100"},"description":"Un nouveau campus d\u2019environ 65 000 m\u00b2 rassemblera \u00e0 la rentr\u00e9e 2021, pr\u00e8s de 3500 \u00e9tudiants, enseignants-chercheurs et salari\u00e9s d\u2019AgroParisTech et de l\u2019Inra","breadcrumb":{"@id":"https:\/\/batijournal.com\/index.php\/debut-du-chantier-du-nouveau-campus-dagroparistech-inra-a-paris-saclay\/101343\/#breadcrumb"},"inLanguage":"fr-FR","potentialAction":[{"@type":"ReadAction","target":["https:\/\/batijournal.com\/index.php\/debut-du-chantier-du-nouveau-campus-dagroparistech-inra-a-paris-saclay\/101343\/"]}]},{"@type":"ImageObject","inLanguage":"fr-FR","@id":"https:\/\/batijournal.com\/index.php\/debut-du-chantier-du-nouveau-campus-dagroparistech-inra-a-paris-saclay\/101343\/#primaryimage","url":"https:\/\/batijournal.com\/wp-content\/uploads\/2019\/02\/AgroParisTech-campus.png","contentUrl":"https:\/\/batijournal.com\/wp-content\/uploads\/2019\/02\/AgroParisTech-campus.png","width":799,"height":300},{"@type":"BreadcrumbList","@id":"https:\/\/batijournal.com\/index.php\/debut-du-chantier-du-nouveau-campus-dagroparistech-inra-a-paris-saclay\/101343\/#breadcrumb","itemListElement":[{"@type":"ListItem","position":1,"name":"Accueil","item":"https:\/\/batijournal.com\/"},{"@type":"ListItem","position":2,"name":"Actualit\u00e9s","item":"https:\/\/batijournal.com\/index.php\/category\/actualites\/"},{"@type":"ListItem","position":3,"name":"D\u00e9but du chantier du nouveau Campus d\u2019AgroParisTech-Inra \u00e0 Paris-Saclay"}]},{"@type":"WebSite","@id":"https:\/\/batijournal.com\/#website","url":"https:\/\/batijournal.com\/","name":"Batijournal","description":"L&#039;actualit\u00e9 du b\u00e2timent","potentialAction":[{"@type":"SearchAction","target":{"@type":"EntryPoint","urlTemplate":"https:\/\/batijournal.com\/?s={search_term_string}"},"query-input":{"@type":"PropertyValueSpecification","valueRequired":true,"valueName":"search_term_string"}}],"inLanguage":"fr-FR"},{"@type":"Person","@id":"https:\/\/batijournal.com\/#\/schema\/person\/1dc96ec6957aa1ccb25ebe78bb19f100","name":"St\u00e9phane Miget","image":{"@type":"ImageObject","inLanguage":"fr-FR","@id":"https:\/\/secure.gravatar.com\/avatar\/89915563d925342126b8ef0281b93d9d7fc337043e8df017f780908eb9644451?s=96&d=mm&r=g","url":"https:\/\/secure.gravatar.com\/avatar\/89915563d925342126b8ef0281b93d9d7fc337043e8df017f780908eb9644451?s=96&d=mm&r=g","contentUrl":"https:\/\/secure.gravatar.com\/avatar\/89915563d925342126b8ef0281b93d9d7fc337043e8df017f780908eb9644451?s=96&d=mm&r=g","caption":"St\u00e9phane Miget"},"url":"https:\/\/batijournal.com\/index.php\/author\/stephane\/"}]}},"_links":{"self":[{"href":"https:\/\/batijournal.com\/index.php\/wp-json\/wp\/v2\/posts\/101343","targetHints":{"allow":["GET"]}}],"collection":[{"href":"https:\/\/batijournal.com\/index.php\/wp-json\/wp\/v2\/posts"}],"about":[{"href":"https:\/\/batijournal.com\/index.php\/wp-json\/wp\/v2\/types\/post"}],"author":[{"embeddable":true,"href":"https:\/\/batijournal.com\/index.php\/wp-json\/wp\/v2\/users\/17"}],"replies":[{"embeddable":true,"href":"https:\/\/batijournal.com\/index.php\/wp-json\/wp\/v2\/comments?post=101343"}],"version-history":[{"count":0,"href":"https:\/\/batijournal.com\/index.php\/wp-json\/wp\/v2\/posts\/101343\/revisions"}],"wp:featuredmedia":[{"embeddable":true,"href":"https:\/\/batijournal.com\/index.php\/wp-json\/wp\/v2\/media\/101344"}],"wp:attachment":[{"href":"https:\/\/batijournal.com\/index.php\/wp-json\/wp\/v2\/media?parent=101343"}],"wp:term":[{"taxonomy":"category","embeddable":true,"href":"https:\/\/batijournal.com\/index.php\/wp-json\/wp\/v2\/categories?post=101343"},{"taxonomy":"post_tag","embeddable":true,"href":"https:\/\/batijournal.com\/index.php\/wp-json\/wp\/v2\/tags?post=101343"}],"curies":[{"name":"wp","href":"https:\/\/api.w.org\/{rel}","templated":true}]}}