{"id":101349,"date":"2019-02-08T08:30:32","date_gmt":"2019-02-08T07:30:32","guid":{"rendered":"https:\/\/batijournal.com\/?p=101349"},"modified":"2019-07-15T12:49:28","modified_gmt":"2019-07-15T10:49:28","slug":"edilians-complete-sa-gamme-de-tuiles-terre-cuite-solaires","status":"publish","type":"post","link":"https:\/\/batijournal.com\/index.php\/edilians-complete-sa-gamme-de-tuiles-terre-cuite-solaires\/101349\/","title":{"rendered":"EDILIANS compl\u00e8te sa gamme de tuiles terre cuite solaires"},"content":{"rendered":"<p>Apr\u00e8s le lancement de l\u2019Alpha Solaire, la premi\u00e8re tuile terre cuite int\u00e9grant des cellules photovolta\u00efques, EDILIANS, compl\u00e8te sa gamme de tuiles terre cuite solaires avec deux nouveaux mod\u00e8les qui seront commercialis\u00e9s d\u00e9but du second semestre 2019. D\u00e9voil\u00e9s en avant premi\u00e8re sur Be Positive, ces produits s\u2019inspirent directement de deux tuiles terre cuite aux marques historiques. La tuile HP 10 Solaire reprend la forme de la tuile \u00e0 pureau plat HP 10 Huguenot et dont le design moderne au nez tr\u00e8s fin et ses coloris gris quartz, argentique ou ardois\u00e9, lui permettent de s\u2019associer \u00e0 merveille avec une cellule photovolta\u00efque, la tuile Rh\u00f4na 10 Solaire dont l\u2019aspect contemporain et le coloris Ardois\u00e9 offrent une esth\u00e9tique en toute discr\u00e9tion y compris dans le cadre d\u2019une toiture \u00e0 faible pente. L\u2019Alpha Solaire, fid\u00e8le \u00e0 l\u2019aspect de la tuile ALPHA 10 Ste Foy, avec laquelle elle s\u2019int\u00e8gre parfaitement pour conf\u00e9rer une ligne \u00e9pur\u00e9e aux toitures. Avec une puissance photovolta\u00efque de 30 Wc par tuile, les tuiles terre cuite solaires b\u00e9n\u00e9ficient des caract\u00e9ristiques propres aux tuiles standards dont elles s\u2019inspirent (\u00e9tanch\u00e9it\u00e9 optimale, r\u00e9sistance m\u00e9canique, ing\u00e9livit\u00e9) et disposent \u00e9galement des m\u00eames avantages en termes de mise en \u0153uvre, d\u2019embo\u00eetement lat\u00e9ral et de recouvrement.<\/p>\n","protected":false},"excerpt":{"rendered":"<p>Apr\u00e8s le lancement de l\u2019Alpha Solaire, la premi\u00e8re tuile terre cuite int\u00e9grant des cellules photovolta\u00efques, EDILIANS, compl\u00e8te sa gamme de tuiles terre cuite solaires avec deux nouveaux mod\u00e8les qui seront commercialis\u00e9s d\u00e9but du second semestre 2019. D\u00e9voil\u00e9s en avant premi\u00e8re sur Be Positive, ces produits s\u2019inspirent directement de deux tuiles terre cuite aux marques historiques. [&hellip;]<\/p>\n","protected":false},"author":17,"featured_media":101350,"comment_status":"closed","ping_status":"closed","sticky":false,"template":"","format":"standard","meta":{"_et_pb_use_builder":"","_et_pb_old_content":"","_et_gb_content_width":"","footnotes":""},"categories":[6356,10778,10780,10767,10764],"tags":[10370],"class_list":["post-101349","post","type-post","status-publish","format-standard","has-post-thumbnail","hentry","category-produits-solutions-techniques","category-planete","category-produits-planete","category-produits-woodsurfer","category-woodsurfer","tag-tuile-solaire"],"yoast_head":"<!-- This site is optimized with the Yoast SEO plugin v27.4 - https:\/\/yoast.com\/product\/yoast-seo-wordpress\/ -->\n<title>EDILIANS compl\u00e8te sa gamme de tuiles terre cuite solaires<\/title>\n<meta name=\"description\" content=\"Apr\u00e8s le lancement de l\u2019Alpha Solaire, EDILIANS, compl\u00e8te sa gamme de tuiles terre cuite solaires avec deux nouveaux mod\u00e8les\" \/>\n<meta name=\"robots\" content=\"index, follow, max-snippet:-1, max-image-preview:large, max-video-preview:-1\" \/>\n<link rel=\"canonical\" href=\"https:\/\/batijournal.com\/index.php\/edilians-complete-sa-gamme-de-tuiles-terre-cuite-solaires\/101349\/\" \/>\n<meta property=\"og:locale\" content=\"fr_FR\" \/>\n<meta property=\"og:type\" content=\"article\" \/>\n<meta property=\"og:title\" content=\"EDILIANS compl\u00e8te sa gamme de tuiles terre cuite solaires\" \/>\n<meta property=\"og:description\" content=\"Apr\u00e8s le lancement de l\u2019Alpha Solaire, EDILIANS, compl\u00e8te sa gamme de tuiles terre cuite solaires avec deux nouveaux mod\u00e8les\" \/>\n<meta property=\"og:url\" content=\"https:\/\/batijournal.com\/index.php\/edilians-complete-sa-gamme-de-tuiles-terre-cuite-solaires\/101349\/\" \/>\n<meta property=\"og:site_name\" content=\"Batijournal\" \/>\n<meta property=\"article:published_time\" content=\"2019-02-08T07:30:32+00:00\" \/>\n<meta property=\"article:modified_time\" content=\"2019-07-15T10:49:28+00:00\" \/>\n<meta property=\"og:image\" content=\"https:\/\/batijournal.com\/wp-content\/uploads\/2019\/02\/Edilians-ALPHA-10-STE-FOY-Ardoise-ALPHA-SOLAIRE.jpg\" \/>\n\t<meta property=\"og:image:width\" content=\"572\" \/>\n\t<meta property=\"og:image:height\" content=\"321\" \/>\n\t<meta property=\"og:image:type\" content=\"image\/jpeg\" \/>\n<meta name=\"author\" content=\"St\u00e9phane Miget\" \/>\n<meta name=\"twitter:card\" content=\"summary_large_image\" \/>\n<meta name=\"twitter:creator\" content=\"@bati_journal\" \/>\n<meta name=\"twitter:site\" content=\"@bati_journal\" \/>\n<meta name=\"twitter:label1\" content=\"\u00c9crit par\" \/>\n\t<meta name=\"twitter:data1\" content=\"St\u00e9phane Miget\" \/>\n\t<meta name=\"twitter:label2\" content=\"Dur\u00e9e de lecture estim\u00e9e\" \/>\n\t<meta name=\"twitter:data2\" content=\"1 minute\" \/>\n<script type=\"application\/ld+json\" class=\"yoast-schema-graph\">{\"@context\":\"https:\\\/\\\/schema.org\",\"@graph\":[{\"@type\":\"Article\",\"@id\":\"https:\\\/\\\/batijournal.com\\\/index.php\\\/edilians-complete-sa-gamme-de-tuiles-terre-cuite-solaires\\\/101349\\\/#article\",\"isPartOf\":{\"@id\":\"https:\\\/\\\/batijournal.com\\\/index.php\\\/edilians-complete-sa-gamme-de-tuiles-terre-cuite-solaires\\\/101349\\\/\"},\"author\":{\"name\":\"St\u00e9phane Miget\",\"@id\":\"https:\\\/\\\/batijournal.com\\\/#\\\/schema\\\/person\\\/1dc96ec6957aa1ccb25ebe78bb19f100\"},\"headline\":\"EDILIANS compl\u00e8te sa gamme de tuiles terre cuite solaires\",\"datePublished\":\"2019-02-08T07:30:32+00:00\",\"dateModified\":\"2019-07-15T10:49:28+00:00\",\"mainEntityOfPage\":{\"@id\":\"https:\\\/\\\/batijournal.com\\\/index.php\\\/edilians-complete-sa-gamme-de-tuiles-terre-cuite-solaires\\\/101349\\\/\"},\"wordCount\":238,\"image\":{\"@id\":\"https:\\\/\\\/batijournal.com\\\/index.php\\\/edilians-complete-sa-gamme-de-tuiles-terre-cuite-solaires\\\/101349\\\/#primaryimage\"},\"thumbnailUrl\":\"https:\\\/\\\/batijournal.com\\\/wp-content\\\/uploads\\\/2019\\\/02\\\/Edilians-ALPHA-10-STE-FOY-Ardoise-ALPHA-SOLAIRE.jpg\",\"keywords\":[\"tuile solaire\"],\"articleSection\":[\"Produits &amp; Solutions techniques\",\"zz_Plan\u00e8te B\u00e2timent\",\"zz_Produits - Plan\u00e8te\",\"zz_Produits - Woodsurfer\",\"zz_Woodsurfer\"],\"inLanguage\":\"fr-FR\"},{\"@type\":\"WebPage\",\"@id\":\"https:\\\/\\\/batijournal.com\\\/index.php\\\/edilians-complete-sa-gamme-de-tuiles-terre-cuite-solaires\\\/101349\\\/\",\"url\":\"https:\\\/\\\/batijournal.com\\\/index.php\\\/edilians-complete-sa-gamme-de-tuiles-terre-cuite-solaires\\\/101349\\\/\",\"name\":\"EDILIANS compl\u00e8te sa gamme de tuiles terre cuite solaires\",\"isPartOf\":{\"@id\":\"https:\\\/\\\/batijournal.com\\\/#website\"},\"primaryImageOfPage\":{\"@id\":\"https:\\\/\\\/batijournal.com\\\/index.php\\\/edilians-complete-sa-gamme-de-tuiles-terre-cuite-solaires\\\/101349\\\/#primaryimage\"},\"image\":{\"@id\":\"https:\\\/\\\/batijournal.com\\\/index.php\\\/edilians-complete-sa-gamme-de-tuiles-terre-cuite-solaires\\\/101349\\\/#primaryimage\"},\"thumbnailUrl\":\"https:\\\/\\\/batijournal.com\\\/wp-content\\\/uploads\\\/2019\\\/02\\\/Edilians-ALPHA-10-STE-FOY-Ardoise-ALPHA-SOLAIRE.jpg\",\"datePublished\":\"2019-02-08T07:30:32+00:00\",\"dateModified\":\"2019-07-15T10:49:28+00:00\",\"author\":{\"@id\":\"https:\\\/\\\/batijournal.com\\\/#\\\/schema\\\/person\\\/1dc96ec6957aa1ccb25ebe78bb19f100\"},\"description\":\"Apr\u00e8s le lancement de l\u2019Alpha Solaire, EDILIANS, compl\u00e8te sa gamme de tuiles terre cuite solaires avec deux nouveaux mod\u00e8les\",\"breadcrumb\":{\"@id\":\"https:\\\/\\\/batijournal.com\\\/index.php\\\/edilians-complete-sa-gamme-de-tuiles-terre-cuite-solaires\\\/101349\\\/#breadcrumb\"},\"inLanguage\":\"fr-FR\",\"potentialAction\":[{\"@type\":\"ReadAction\",\"target\":[\"https:\\\/\\\/batijournal.com\\\/index.php\\\/edilians-complete-sa-gamme-de-tuiles-terre-cuite-solaires\\\/101349\\\/\"]}]},{\"@type\":\"ImageObject\",\"inLanguage\":\"fr-FR\",\"@id\":\"https:\\\/\\\/batijournal.com\\\/index.php\\\/edilians-complete-sa-gamme-de-tuiles-terre-cuite-solaires\\\/101349\\\/#primaryimage\",\"url\":\"https:\\\/\\\/batijournal.com\\\/wp-content\\\/uploads\\\/2019\\\/02\\\/Edilians-ALPHA-10-STE-FOY-Ardoise-ALPHA-SOLAIRE.jpg\",\"contentUrl\":\"https:\\\/\\\/batijournal.com\\\/wp-content\\\/uploads\\\/2019\\\/02\\\/Edilians-ALPHA-10-STE-FOY-Ardoise-ALPHA-SOLAIRE.jpg\",\"width\":572,\"height\":321},{\"@type\":\"BreadcrumbList\",\"@id\":\"https:\\\/\\\/batijournal.com\\\/index.php\\\/edilians-complete-sa-gamme-de-tuiles-terre-cuite-solaires\\\/101349\\\/#breadcrumb\",\"itemListElement\":[{\"@type\":\"ListItem\",\"position\":1,\"name\":\"Accueil\",\"item\":\"https:\\\/\\\/batijournal.com\\\/\"},{\"@type\":\"ListItem\",\"position\":2,\"name\":\"Produits &amp; Solutions techniques\",\"item\":\"https:\\\/\\\/batijournal.com\\\/index.php\\\/category\\\/produits-solutions-techniques\\\/\"},{\"@type\":\"ListItem\",\"position\":3,\"name\":\"EDILIANS compl\u00e8te sa gamme de tuiles terre cuite solaires\"}]},{\"@type\":\"WebSite\",\"@id\":\"https:\\\/\\\/batijournal.com\\\/#website\",\"url\":\"https:\\\/\\\/batijournal.com\\\/\",\"name\":\"Batijournal\",\"description\":\"L&#039;actualit\u00e9 du b\u00e2timent\",\"potentialAction\":[{\"@type\":\"SearchAction\",\"target\":{\"@type\":\"EntryPoint\",\"urlTemplate\":\"https:\\\/\\\/batijournal.com\\\/?s={search_term_string}\"},\"query-input\":{\"@type\":\"PropertyValueSpecification\",\"valueRequired\":true,\"valueName\":\"search_term_string\"}}],\"inLanguage\":\"fr-FR\"},{\"@type\":\"Person\",\"@id\":\"https:\\\/\\\/batijournal.com\\\/#\\\/schema\\\/person\\\/1dc96ec6957aa1ccb25ebe78bb19f100\",\"name\":\"St\u00e9phane Miget\",\"image\":{\"@type\":\"ImageObject\",\"inLanguage\":\"fr-FR\",\"@id\":\"https:\\\/\\\/secure.gravatar.com\\\/avatar\\\/89915563d925342126b8ef0281b93d9d7fc337043e8df017f780908eb9644451?s=96&d=mm&r=g\",\"url\":\"https:\\\/\\\/secure.gravatar.com\\\/avatar\\\/89915563d925342126b8ef0281b93d9d7fc337043e8df017f780908eb9644451?s=96&d=mm&r=g\",\"contentUrl\":\"https:\\\/\\\/secure.gravatar.com\\\/avatar\\\/89915563d925342126b8ef0281b93d9d7fc337043e8df017f780908eb9644451?s=96&d=mm&r=g\",\"caption\":\"St\u00e9phane Miget\"},\"url\":\"https:\\\/\\\/batijournal.com\\\/index.php\\\/author\\\/stephane\\\/\"}]}<\/script>\n<!-- \/ Yoast SEO plugin. -->","yoast_head_json":{"title":"EDILIANS compl\u00e8te sa gamme de tuiles terre cuite solaires","description":"Apr\u00e8s le lancement de l\u2019Alpha Solaire, EDILIANS, compl\u00e8te sa gamme de tuiles terre cuite solaires avec deux nouveaux mod\u00e8les","robots":{"index":"index","follow":"follow","max-snippet":"max-snippet:-1","max-image-preview":"max-image-preview:large","max-video-preview":"max-video-preview:-1"},"canonical":"https:\/\/batijournal.com\/index.php\/edilians-complete-sa-gamme-de-tuiles-terre-cuite-solaires\/101349\/","og_locale":"fr_FR","og_type":"article","og_title":"EDILIANS compl\u00e8te sa gamme de tuiles terre cuite solaires","og_description":"Apr\u00e8s le lancement de l\u2019Alpha Solaire, EDILIANS, compl\u00e8te sa gamme de tuiles terre cuite solaires avec deux nouveaux mod\u00e8les","og_url":"https:\/\/batijournal.com\/index.php\/edilians-complete-sa-gamme-de-tuiles-terre-cuite-solaires\/101349\/","og_site_name":"Batijournal","article_published_time":"2019-02-08T07:30:32+00:00","article_modified_time":"2019-07-15T10:49:28+00:00","og_image":[{"width":572,"height":321,"url":"https:\/\/batijournal.com\/wp-content\/uploads\/2019\/02\/Edilians-ALPHA-10-STE-FOY-Ardoise-ALPHA-SOLAIRE.jpg","type":"image\/jpeg"}],"author":"St\u00e9phane Miget","twitter_card":"summary_large_image","twitter_creator":"@bati_journal","twitter_site":"@bati_journal","twitter_misc":{"\u00c9crit par":"St\u00e9phane Miget","Dur\u00e9e de lecture estim\u00e9e":"1 minute"},"schema":{"@context":"https:\/\/schema.org","@graph":[{"@type":"Article","@id":"https:\/\/batijournal.com\/index.php\/edilians-complete-sa-gamme-de-tuiles-terre-cuite-solaires\/101349\/#article","isPartOf":{"@id":"https:\/\/batijournal.com\/index.php\/edilians-complete-sa-gamme-de-tuiles-terre-cuite-solaires\/101349\/"},"author":{"name":"St\u00e9phane Miget","@id":"https:\/\/batijournal.com\/#\/schema\/person\/1dc96ec6957aa1ccb25ebe78bb19f100"},"headline":"EDILIANS compl\u00e8te sa gamme de tuiles terre cuite solaires","datePublished":"2019-02-08T07:30:32+00:00","dateModified":"2019-07-15T10:49:28+00:00","mainEntityOfPage":{"@id":"https:\/\/batijournal.com\/index.php\/edilians-complete-sa-gamme-de-tuiles-terre-cuite-solaires\/101349\/"},"wordCount":238,"image":{"@id":"https:\/\/batijournal.com\/index.php\/edilians-complete-sa-gamme-de-tuiles-terre-cuite-solaires\/101349\/#primaryimage"},"thumbnailUrl":"https:\/\/batijournal.com\/wp-content\/uploads\/2019\/02\/Edilians-ALPHA-10-STE-FOY-Ardoise-ALPHA-SOLAIRE.jpg","keywords":["tuile solaire"],"articleSection":["Produits &amp; Solutions techniques","zz_Plan\u00e8te B\u00e2timent","zz_Produits - Plan\u00e8te","zz_Produits - Woodsurfer","zz_Woodsurfer"],"inLanguage":"fr-FR"},{"@type":"WebPage","@id":"https:\/\/batijournal.com\/index.php\/edilians-complete-sa-gamme-de-tuiles-terre-cuite-solaires\/101349\/","url":"https:\/\/batijournal.com\/index.php\/edilians-complete-sa-gamme-de-tuiles-terre-cuite-solaires\/101349\/","name":"EDILIANS compl\u00e8te sa gamme de tuiles terre cuite solaires","isPartOf":{"@id":"https:\/\/batijournal.com\/#website"},"primaryImageOfPage":{"@id":"https:\/\/batijournal.com\/index.php\/edilians-complete-sa-gamme-de-tuiles-terre-cuite-solaires\/101349\/#primaryimage"},"image":{"@id":"https:\/\/batijournal.com\/index.php\/edilians-complete-sa-gamme-de-tuiles-terre-cuite-solaires\/101349\/#primaryimage"},"thumbnailUrl":"https:\/\/batijournal.com\/wp-content\/uploads\/2019\/02\/Edilians-ALPHA-10-STE-FOY-Ardoise-ALPHA-SOLAIRE.jpg","datePublished":"2019-02-08T07:30:32+00:00","dateModified":"2019-07-15T10:49:28+00:00","author":{"@id":"https:\/\/batijournal.com\/#\/schema\/person\/1dc96ec6957aa1ccb25ebe78bb19f100"},"description":"Apr\u00e8s le lancement de l\u2019Alpha Solaire, EDILIANS, compl\u00e8te sa gamme de tuiles terre cuite solaires avec deux nouveaux mod\u00e8les","breadcrumb":{"@id":"https:\/\/batijournal.com\/index.php\/edilians-complete-sa-gamme-de-tuiles-terre-cuite-solaires\/101349\/#breadcrumb"},"inLanguage":"fr-FR","potentialAction":[{"@type":"ReadAction","target":["https:\/\/batijournal.com\/index.php\/edilians-complete-sa-gamme-de-tuiles-terre-cuite-solaires\/101349\/"]}]},{"@type":"ImageObject","inLanguage":"fr-FR","@id":"https:\/\/batijournal.com\/index.php\/edilians-complete-sa-gamme-de-tuiles-terre-cuite-solaires\/101349\/#primaryimage","url":"https:\/\/batijournal.com\/wp-content\/uploads\/2019\/02\/Edilians-ALPHA-10-STE-FOY-Ardoise-ALPHA-SOLAIRE.jpg","contentUrl":"https:\/\/batijournal.com\/wp-content\/uploads\/2019\/02\/Edilians-ALPHA-10-STE-FOY-Ardoise-ALPHA-SOLAIRE.jpg","width":572,"height":321},{"@type":"BreadcrumbList","@id":"https:\/\/batijournal.com\/index.php\/edilians-complete-sa-gamme-de-tuiles-terre-cuite-solaires\/101349\/#breadcrumb","itemListElement":[{"@type":"ListItem","position":1,"name":"Accueil","item":"https:\/\/batijournal.com\/"},{"@type":"ListItem","position":2,"name":"Produits &amp; Solutions techniques","item":"https:\/\/batijournal.com\/index.php\/category\/produits-solutions-techniques\/"},{"@type":"ListItem","position":3,"name":"EDILIANS compl\u00e8te sa gamme de tuiles terre cuite solaires"}]},{"@type":"WebSite","@id":"https:\/\/batijournal.com\/#website","url":"https:\/\/batijournal.com\/","name":"Batijournal","description":"L&#039;actualit\u00e9 du b\u00e2timent","potentialAction":[{"@type":"SearchAction","target":{"@type":"EntryPoint","urlTemplate":"https:\/\/batijournal.com\/?s={search_term_string}"},"query-input":{"@type":"PropertyValueSpecification","valueRequired":true,"valueName":"search_term_string"}}],"inLanguage":"fr-FR"},{"@type":"Person","@id":"https:\/\/batijournal.com\/#\/schema\/person\/1dc96ec6957aa1ccb25ebe78bb19f100","name":"St\u00e9phane Miget","image":{"@type":"ImageObject","inLanguage":"fr-FR","@id":"https:\/\/secure.gravatar.com\/avatar\/89915563d925342126b8ef0281b93d9d7fc337043e8df017f780908eb9644451?s=96&d=mm&r=g","url":"https:\/\/secure.gravatar.com\/avatar\/89915563d925342126b8ef0281b93d9d7fc337043e8df017f780908eb9644451?s=96&d=mm&r=g","contentUrl":"https:\/\/secure.gravatar.com\/avatar\/89915563d925342126b8ef0281b93d9d7fc337043e8df017f780908eb9644451?s=96&d=mm&r=g","caption":"St\u00e9phane Miget"},"url":"https:\/\/batijournal.com\/index.php\/author\/stephane\/"}]}},"_links":{"self":[{"href":"https:\/\/batijournal.com\/index.php\/wp-json\/wp\/v2\/posts\/101349","targetHints":{"allow":["GET"]}}],"collection":[{"href":"https:\/\/batijournal.com\/index.php\/wp-json\/wp\/v2\/posts"}],"about":[{"href":"https:\/\/batijournal.com\/index.php\/wp-json\/wp\/v2\/types\/post"}],"author":[{"embeddable":true,"href":"https:\/\/batijournal.com\/index.php\/wp-json\/wp\/v2\/users\/17"}],"replies":[{"embeddable":true,"href":"https:\/\/batijournal.com\/index.php\/wp-json\/wp\/v2\/comments?post=101349"}],"version-history":[{"count":0,"href":"https:\/\/batijournal.com\/index.php\/wp-json\/wp\/v2\/posts\/101349\/revisions"}],"wp:featuredmedia":[{"embeddable":true,"href":"https:\/\/batijournal.com\/index.php\/wp-json\/wp\/v2\/media\/101350"}],"wp:attachment":[{"href":"https:\/\/batijournal.com\/index.php\/wp-json\/wp\/v2\/media?parent=101349"}],"wp:term":[{"taxonomy":"category","embeddable":true,"href":"https:\/\/batijournal.com\/index.php\/wp-json\/wp\/v2\/categories?post=101349"},{"taxonomy":"post_tag","embeddable":true,"href":"https:\/\/batijournal.com\/index.php\/wp-json\/wp\/v2\/tags?post=101349"}],"curies":[{"name":"wp","href":"https:\/\/api.w.org\/{rel}","templated":true}]}}