{"id":101430,"date":"2019-02-14T12:29:15","date_gmt":"2019-02-14T11:29:15","guid":{"rendered":"https:\/\/batijournal.com\/?p=101430"},"modified":"2019-07-15T16:55:35","modified_gmt":"2019-07-15T14:55:35","slug":"enr-quel-mix-en-2025-2030","status":"publish","type":"post","link":"https:\/\/batijournal.com\/index.php\/enr-quel-mix-en-2025-2030\/101430\/","title":{"rendered":"ENR : quel mix en 2025\/2030 ? &#8211; BePositive 2019"},"content":{"rendered":"<p><strong>Plateau TV \u00ab\u00a0ENR &amp; Territoires\u00a0\u00bb, pr\u00e9sent\u00e9 par Thomas Blosseville\u00a0<\/strong><\/p>\n<p><u>Sujet :<\/u> ENR : quel mix en 2025\/2030 ?<\/p>\n<p><iframe loading=\"lazy\" src=\"https:\/\/www.youtube.com\/embed\/21gAkASA9o4\" width=\"560\" height=\"315\" frameborder=\"0\" allowfullscreen=\"allowfullscreen\"><\/iframe><\/p>\n<p>Intervenants :\u00a0Alexandre Roesch, d\u00e9l\u00e9gu\u00e9 g\u00e9n\u00e9ral du Syndicat des \u00e9nergies renouvelables (SER)<br \/>\nDavid Marchal, directeur adjoint Productions et \u00c9nergies Durables de l&rsquo;Ademe<\/p>\n<p>Thomas Blosseville \u2013 On parle de PPE (programmation pluriannuelle de l&rsquo;\u00e9nergie), laquelle fixe les horizons d&rsquo;\u00e9volution du mix \u00e9nerg\u00e9tique fran\u00e7ais 2023\/2028. C&rsquo;est un sujet dont on parle depuis de longs mois, comment accueillez-vous cette programmation pluriannuelle de l&rsquo;\u00e9nergie ?<\/p>\n<p>Alexandre Roesch \u2013 On juge cette programmation r\u00e9aliste, il y a des points positifs dans cette base de travail. On peut commencer par la place de la chaleur renouvelable qui est vraiment reconnue cette fois, ce qui n&rsquo;\u00e9tait pas le cas. Il y a ensuite des fili\u00e8res qui sont comp\u00e9titives et qui ont \u00e9t\u00e9 reconnues comme telles. Puis il y a des fili\u00e8res pour lesquelles le compte n&rsquo;y est pas, comme la m\u00e9thanisation, et, pour finir, une cat\u00e9gorie de fili\u00e8re pour lesquelles il n&rsquo;y a pas encore de perspectives.<\/p>\n<p>David Marchal \u2013 Nous pouvons d\u00e9j\u00e0 signaler qu&rsquo;elle a \u00e9t\u00e9 rendue publique dans sa version en consultation avec, en m\u00eame temps, des travaux sur la SNBC (Strat\u00e9gie nationale bas carbone) qui parle de l&rsquo;\u00e9volution de la consommation. Globalement, on peut saluer le travail effectu\u00e9 par le minist\u00e8re. On a donc des informations sur les leviers de baisse de la consommation et sur les moyens de production, et je pense que cela est tr\u00e8s positif.<\/p>\n","protected":false},"excerpt":{"rendered":"<p>Plateau TV \u00ab\u00a0ENR &amp; Territoires\u00a0\u00bb, pr\u00e9sent\u00e9 par Thomas Blosseville\u00a0 Sujet : ENR : quel mix en 2025\/2030 ? Intervenants :\u00a0Alexandre Roesch, d\u00e9l\u00e9gu\u00e9 g\u00e9n\u00e9ral du Syndicat des \u00e9nergies renouvelables (SER) David Marchal, directeur adjoint Productions et \u00c9nergies Durables de l&rsquo;Ademe Thomas Blosseville \u2013 On parle de PPE (programmation pluriannuelle de l&rsquo;\u00e9nergie), laquelle fixe les horizons d&rsquo;\u00e9volution [&hellip;]<\/p>\n","protected":false},"author":1,"featured_media":101432,"comment_status":"closed","ping_status":"closed","sticky":false,"template":"","format":"standard","meta":{"_et_pb_use_builder":"","_et_pb_old_content":"","_et_gb_content_width":"","footnotes":""},"categories":[10530,11200,10771,10775,10781,10769,10778,10764],"tags":[12689],"class_list":["post-101430","post","type-post","status-publish","format-standard","has-post-thumbnail","hentry","category-actualites","category-batijournal-tv","category-5facades","category-actualites-5facades","category-publications-planete","category-publications","category-planete","category-woodsurfer","tag-bepositive-2019"],"yoast_head":"<!-- This site is optimized with the Yoast SEO plugin v27.4 - https:\/\/yoast.com\/product\/yoast-seo-wordpress\/ -->\n<title>ENR : quel mix en 2025\/2030 ? - BePositive 2019<\/title>\n<meta name=\"robots\" content=\"index, follow, max-snippet:-1, max-image-preview:large, max-video-preview:-1\" \/>\n<link rel=\"canonical\" href=\"https:\/\/batijournal.com\/index.php\/enr-quel-mix-en-2025-2030\/101430\/\" \/>\n<meta property=\"og:locale\" content=\"fr_FR\" \/>\n<meta property=\"og:type\" content=\"article\" \/>\n<meta property=\"og:title\" content=\"ENR : quel mix en 2025\/2030 ? - BePositive 2019\" \/>\n<meta property=\"og:description\" content=\"Plateau TV \u00ab\u00a0ENR &amp; Territoires\u00a0\u00bb, pr\u00e9sent\u00e9 par Thomas Blosseville\u00a0 Sujet : ENR : quel mix en 2025\/2030 ? Intervenants :\u00a0Alexandre Roesch, d\u00e9l\u00e9gu\u00e9 g\u00e9n\u00e9ral du Syndicat des \u00e9nergies renouvelables (SER) David Marchal, directeur adjoint Productions et \u00c9nergies Durables de l&rsquo;Ademe Thomas Blosseville \u2013 On parle de PPE (programmation pluriannuelle de l&rsquo;\u00e9nergie), laquelle fixe les horizons d&rsquo;\u00e9volution [&hellip;]\" \/>\n<meta property=\"og:url\" content=\"https:\/\/batijournal.com\/index.php\/enr-quel-mix-en-2025-2030\/101430\/\" \/>\n<meta property=\"og:site_name\" content=\"Batijournal\" \/>\n<meta property=\"article:published_time\" content=\"2019-02-14T11:29:15+00:00\" \/>\n<meta property=\"article:modified_time\" content=\"2019-07-15T14:55:35+00:00\" \/>\n<meta property=\"og:image\" content=\"https:\/\/batijournal.com\/wp-content\/uploads\/2019\/02\/Alexandre-Roesch-Syndicat-des-energies-Renouvelables-et-David-Marchal-ADEME.jpg\" \/>\n\t<meta property=\"og:image:width\" content=\"1280\" \/>\n\t<meta property=\"og:image:height\" content=\"720\" \/>\n\t<meta property=\"og:image:type\" content=\"image\/jpeg\" \/>\n<meta name=\"author\" content=\"Bati-journal\" \/>\n<meta name=\"twitter:card\" content=\"summary_large_image\" \/>\n<meta name=\"twitter:creator\" content=\"@bati_journal\" \/>\n<meta name=\"twitter:site\" content=\"@bati_journal\" \/>\n<meta name=\"twitter:label1\" content=\"\u00c9crit par\" \/>\n\t<meta name=\"twitter:data1\" content=\"Bati-journal\" \/>\n\t<meta name=\"twitter:label2\" content=\"Dur\u00e9e de lecture estim\u00e9e\" \/>\n\t<meta name=\"twitter:data2\" content=\"1 minute\" \/>\n<script type=\"application\/ld+json\" class=\"yoast-schema-graph\">{\"@context\":\"https:\\\/\\\/schema.org\",\"@graph\":[{\"@type\":\"Article\",\"@id\":\"https:\\\/\\\/batijournal.com\\\/index.php\\\/enr-quel-mix-en-2025-2030\\\/101430\\\/#article\",\"isPartOf\":{\"@id\":\"https:\\\/\\\/batijournal.com\\\/index.php\\\/enr-quel-mix-en-2025-2030\\\/101430\\\/\"},\"author\":{\"name\":\"Bati-journal\",\"@id\":\"https:\\\/\\\/batijournal.com\\\/#\\\/schema\\\/person\\\/6a657e8967569e1b299972574848aa76\"},\"headline\":\"ENR : quel mix en 2025\\\/2030 ? &#8211; BePositive 2019\",\"datePublished\":\"2019-02-14T11:29:15+00:00\",\"dateModified\":\"2019-07-15T14:55:35+00:00\",\"mainEntityOfPage\":{\"@id\":\"https:\\\/\\\/batijournal.com\\\/index.php\\\/enr-quel-mix-en-2025-2030\\\/101430\\\/\"},\"wordCount\":267,\"image\":{\"@id\":\"https:\\\/\\\/batijournal.com\\\/index.php\\\/enr-quel-mix-en-2025-2030\\\/101430\\\/#primaryimage\"},\"thumbnailUrl\":\"https:\\\/\\\/batijournal.com\\\/wp-content\\\/uploads\\\/2019\\\/02\\\/Alexandre-Roesch-Syndicat-des-energies-Renouvelables-et-David-Marchal-ADEME.jpg\",\"keywords\":[\"BePOSITIVE 2019\"],\"articleSection\":[\"Actualit\u00e9s\",\"batijournal TV\",\"zz_5fa\u00e7ades\",\"zz_Actualit\u00e9s - 5fa\u00e7ades\",\"zz_Actualit\u00e9s - Plan\u00e8te\",\"zz_Actualit\u00e9s - Woodsurfer\",\"zz_Plan\u00e8te B\u00e2timent\",\"zz_Woodsurfer\"],\"inLanguage\":\"fr-FR\"},{\"@type\":\"WebPage\",\"@id\":\"https:\\\/\\\/batijournal.com\\\/index.php\\\/enr-quel-mix-en-2025-2030\\\/101430\\\/\",\"url\":\"https:\\\/\\\/batijournal.com\\\/index.php\\\/enr-quel-mix-en-2025-2030\\\/101430\\\/\",\"name\":\"ENR : quel mix en 2025\\\/2030 ? - BePositive 2019\",\"isPartOf\":{\"@id\":\"https:\\\/\\\/batijournal.com\\\/#website\"},\"primaryImageOfPage\":{\"@id\":\"https:\\\/\\\/batijournal.com\\\/index.php\\\/enr-quel-mix-en-2025-2030\\\/101430\\\/#primaryimage\"},\"image\":{\"@id\":\"https:\\\/\\\/batijournal.com\\\/index.php\\\/enr-quel-mix-en-2025-2030\\\/101430\\\/#primaryimage\"},\"thumbnailUrl\":\"https:\\\/\\\/batijournal.com\\\/wp-content\\\/uploads\\\/2019\\\/02\\\/Alexandre-Roesch-Syndicat-des-energies-Renouvelables-et-David-Marchal-ADEME.jpg\",\"datePublished\":\"2019-02-14T11:29:15+00:00\",\"dateModified\":\"2019-07-15T14:55:35+00:00\",\"author\":{\"@id\":\"https:\\\/\\\/batijournal.com\\\/#\\\/schema\\\/person\\\/6a657e8967569e1b299972574848aa76\"},\"breadcrumb\":{\"@id\":\"https:\\\/\\\/batijournal.com\\\/index.php\\\/enr-quel-mix-en-2025-2030\\\/101430\\\/#breadcrumb\"},\"inLanguage\":\"fr-FR\",\"potentialAction\":[{\"@type\":\"ReadAction\",\"target\":[\"https:\\\/\\\/batijournal.com\\\/index.php\\\/enr-quel-mix-en-2025-2030\\\/101430\\\/\"]}]},{\"@type\":\"ImageObject\",\"inLanguage\":\"fr-FR\",\"@id\":\"https:\\\/\\\/batijournal.com\\\/index.php\\\/enr-quel-mix-en-2025-2030\\\/101430\\\/#primaryimage\",\"url\":\"https:\\\/\\\/batijournal.com\\\/wp-content\\\/uploads\\\/2019\\\/02\\\/Alexandre-Roesch-Syndicat-des-energies-Renouvelables-et-David-Marchal-ADEME.jpg\",\"contentUrl\":\"https:\\\/\\\/batijournal.com\\\/wp-content\\\/uploads\\\/2019\\\/02\\\/Alexandre-Roesch-Syndicat-des-energies-Renouvelables-et-David-Marchal-ADEME.jpg\",\"width\":1280,\"height\":720},{\"@type\":\"BreadcrumbList\",\"@id\":\"https:\\\/\\\/batijournal.com\\\/index.php\\\/enr-quel-mix-en-2025-2030\\\/101430\\\/#breadcrumb\",\"itemListElement\":[{\"@type\":\"ListItem\",\"position\":1,\"name\":\"Accueil\",\"item\":\"https:\\\/\\\/batijournal.com\\\/\"},{\"@type\":\"ListItem\",\"position\":2,\"name\":\"Actualit\u00e9s\",\"item\":\"https:\\\/\\\/batijournal.com\\\/index.php\\\/category\\\/actualites\\\/\"},{\"@type\":\"ListItem\",\"position\":3,\"name\":\"ENR : quel mix en 2025\\\/2030 ? &#8211; BePositive 2019\"}]},{\"@type\":\"WebSite\",\"@id\":\"https:\\\/\\\/batijournal.com\\\/#website\",\"url\":\"https:\\\/\\\/batijournal.com\\\/\",\"name\":\"Batijournal\",\"description\":\"L&#039;actualit\u00e9 du b\u00e2timent\",\"potentialAction\":[{\"@type\":\"SearchAction\",\"target\":{\"@type\":\"EntryPoint\",\"urlTemplate\":\"https:\\\/\\\/batijournal.com\\\/?s={search_term_string}\"},\"query-input\":{\"@type\":\"PropertyValueSpecification\",\"valueRequired\":true,\"valueName\":\"search_term_string\"}}],\"inLanguage\":\"fr-FR\"},{\"@type\":\"Person\",\"@id\":\"https:\\\/\\\/batijournal.com\\\/#\\\/schema\\\/person\\\/6a657e8967569e1b299972574848aa76\",\"name\":\"Bati-journal\",\"image\":{\"@type\":\"ImageObject\",\"inLanguage\":\"fr-FR\",\"@id\":\"https:\\\/\\\/secure.gravatar.com\\\/avatar\\\/a64364ea26392f9b4dd47e017ddaec74ff03aefc073b49e492e847201258f777?s=96&d=mm&r=g\",\"url\":\"https:\\\/\\\/secure.gravatar.com\\\/avatar\\\/a64364ea26392f9b4dd47e017ddaec74ff03aefc073b49e492e847201258f777?s=96&d=mm&r=g\",\"contentUrl\":\"https:\\\/\\\/secure.gravatar.com\\\/avatar\\\/a64364ea26392f9b4dd47e017ddaec74ff03aefc073b49e492e847201258f777?s=96&d=mm&r=g\",\"caption\":\"Bati-journal\"},\"url\":\"https:\\\/\\\/batijournal.com\\\/index.php\\\/author\\\/elodie\\\/\"}]}<\/script>\n<!-- \/ Yoast SEO plugin. -->","yoast_head_json":{"title":"ENR : quel mix en 2025\/2030 ? - BePositive 2019","robots":{"index":"index","follow":"follow","max-snippet":"max-snippet:-1","max-image-preview":"max-image-preview:large","max-video-preview":"max-video-preview:-1"},"canonical":"https:\/\/batijournal.com\/index.php\/enr-quel-mix-en-2025-2030\/101430\/","og_locale":"fr_FR","og_type":"article","og_title":"ENR : quel mix en 2025\/2030 ? - BePositive 2019","og_description":"Plateau TV \u00ab\u00a0ENR &amp; Territoires\u00a0\u00bb, pr\u00e9sent\u00e9 par Thomas Blosseville\u00a0 Sujet : ENR : quel mix en 2025\/2030 ? Intervenants :\u00a0Alexandre Roesch, d\u00e9l\u00e9gu\u00e9 g\u00e9n\u00e9ral du Syndicat des \u00e9nergies renouvelables (SER) David Marchal, directeur adjoint Productions et \u00c9nergies Durables de l&rsquo;Ademe Thomas Blosseville \u2013 On parle de PPE (programmation pluriannuelle de l&rsquo;\u00e9nergie), laquelle fixe les horizons d&rsquo;\u00e9volution [&hellip;]","og_url":"https:\/\/batijournal.com\/index.php\/enr-quel-mix-en-2025-2030\/101430\/","og_site_name":"Batijournal","article_published_time":"2019-02-14T11:29:15+00:00","article_modified_time":"2019-07-15T14:55:35+00:00","og_image":[{"width":1280,"height":720,"url":"https:\/\/batijournal.com\/wp-content\/uploads\/2019\/02\/Alexandre-Roesch-Syndicat-des-energies-Renouvelables-et-David-Marchal-ADEME.jpg","type":"image\/jpeg"}],"author":"Bati-journal","twitter_card":"summary_large_image","twitter_creator":"@bati_journal","twitter_site":"@bati_journal","twitter_misc":{"\u00c9crit par":"Bati-journal","Dur\u00e9e de lecture estim\u00e9e":"1 minute"},"schema":{"@context":"https:\/\/schema.org","@graph":[{"@type":"Article","@id":"https:\/\/batijournal.com\/index.php\/enr-quel-mix-en-2025-2030\/101430\/#article","isPartOf":{"@id":"https:\/\/batijournal.com\/index.php\/enr-quel-mix-en-2025-2030\/101430\/"},"author":{"name":"Bati-journal","@id":"https:\/\/batijournal.com\/#\/schema\/person\/6a657e8967569e1b299972574848aa76"},"headline":"ENR : quel mix en 2025\/2030 ? &#8211; BePositive 2019","datePublished":"2019-02-14T11:29:15+00:00","dateModified":"2019-07-15T14:55:35+00:00","mainEntityOfPage":{"@id":"https:\/\/batijournal.com\/index.php\/enr-quel-mix-en-2025-2030\/101430\/"},"wordCount":267,"image":{"@id":"https:\/\/batijournal.com\/index.php\/enr-quel-mix-en-2025-2030\/101430\/#primaryimage"},"thumbnailUrl":"https:\/\/batijournal.com\/wp-content\/uploads\/2019\/02\/Alexandre-Roesch-Syndicat-des-energies-Renouvelables-et-David-Marchal-ADEME.jpg","keywords":["BePOSITIVE 2019"],"articleSection":["Actualit\u00e9s","batijournal TV","zz_5fa\u00e7ades","zz_Actualit\u00e9s - 5fa\u00e7ades","zz_Actualit\u00e9s - Plan\u00e8te","zz_Actualit\u00e9s - Woodsurfer","zz_Plan\u00e8te B\u00e2timent","zz_Woodsurfer"],"inLanguage":"fr-FR"},{"@type":"WebPage","@id":"https:\/\/batijournal.com\/index.php\/enr-quel-mix-en-2025-2030\/101430\/","url":"https:\/\/batijournal.com\/index.php\/enr-quel-mix-en-2025-2030\/101430\/","name":"ENR : quel mix en 2025\/2030 ? - BePositive 2019","isPartOf":{"@id":"https:\/\/batijournal.com\/#website"},"primaryImageOfPage":{"@id":"https:\/\/batijournal.com\/index.php\/enr-quel-mix-en-2025-2030\/101430\/#primaryimage"},"image":{"@id":"https:\/\/batijournal.com\/index.php\/enr-quel-mix-en-2025-2030\/101430\/#primaryimage"},"thumbnailUrl":"https:\/\/batijournal.com\/wp-content\/uploads\/2019\/02\/Alexandre-Roesch-Syndicat-des-energies-Renouvelables-et-David-Marchal-ADEME.jpg","datePublished":"2019-02-14T11:29:15+00:00","dateModified":"2019-07-15T14:55:35+00:00","author":{"@id":"https:\/\/batijournal.com\/#\/schema\/person\/6a657e8967569e1b299972574848aa76"},"breadcrumb":{"@id":"https:\/\/batijournal.com\/index.php\/enr-quel-mix-en-2025-2030\/101430\/#breadcrumb"},"inLanguage":"fr-FR","potentialAction":[{"@type":"ReadAction","target":["https:\/\/batijournal.com\/index.php\/enr-quel-mix-en-2025-2030\/101430\/"]}]},{"@type":"ImageObject","inLanguage":"fr-FR","@id":"https:\/\/batijournal.com\/index.php\/enr-quel-mix-en-2025-2030\/101430\/#primaryimage","url":"https:\/\/batijournal.com\/wp-content\/uploads\/2019\/02\/Alexandre-Roesch-Syndicat-des-energies-Renouvelables-et-David-Marchal-ADEME.jpg","contentUrl":"https:\/\/batijournal.com\/wp-content\/uploads\/2019\/02\/Alexandre-Roesch-Syndicat-des-energies-Renouvelables-et-David-Marchal-ADEME.jpg","width":1280,"height":720},{"@type":"BreadcrumbList","@id":"https:\/\/batijournal.com\/index.php\/enr-quel-mix-en-2025-2030\/101430\/#breadcrumb","itemListElement":[{"@type":"ListItem","position":1,"name":"Accueil","item":"https:\/\/batijournal.com\/"},{"@type":"ListItem","position":2,"name":"Actualit\u00e9s","item":"https:\/\/batijournal.com\/index.php\/category\/actualites\/"},{"@type":"ListItem","position":3,"name":"ENR : quel mix en 2025\/2030 ? &#8211; BePositive 2019"}]},{"@type":"WebSite","@id":"https:\/\/batijournal.com\/#website","url":"https:\/\/batijournal.com\/","name":"Batijournal","description":"L&#039;actualit\u00e9 du b\u00e2timent","potentialAction":[{"@type":"SearchAction","target":{"@type":"EntryPoint","urlTemplate":"https:\/\/batijournal.com\/?s={search_term_string}"},"query-input":{"@type":"PropertyValueSpecification","valueRequired":true,"valueName":"search_term_string"}}],"inLanguage":"fr-FR"},{"@type":"Person","@id":"https:\/\/batijournal.com\/#\/schema\/person\/6a657e8967569e1b299972574848aa76","name":"Bati-journal","image":{"@type":"ImageObject","inLanguage":"fr-FR","@id":"https:\/\/secure.gravatar.com\/avatar\/a64364ea26392f9b4dd47e017ddaec74ff03aefc073b49e492e847201258f777?s=96&d=mm&r=g","url":"https:\/\/secure.gravatar.com\/avatar\/a64364ea26392f9b4dd47e017ddaec74ff03aefc073b49e492e847201258f777?s=96&d=mm&r=g","contentUrl":"https:\/\/secure.gravatar.com\/avatar\/a64364ea26392f9b4dd47e017ddaec74ff03aefc073b49e492e847201258f777?s=96&d=mm&r=g","caption":"Bati-journal"},"url":"https:\/\/batijournal.com\/index.php\/author\/elodie\/"}]}},"_links":{"self":[{"href":"https:\/\/batijournal.com\/index.php\/wp-json\/wp\/v2\/posts\/101430","targetHints":{"allow":["GET"]}}],"collection":[{"href":"https:\/\/batijournal.com\/index.php\/wp-json\/wp\/v2\/posts"}],"about":[{"href":"https:\/\/batijournal.com\/index.php\/wp-json\/wp\/v2\/types\/post"}],"author":[{"embeddable":true,"href":"https:\/\/batijournal.com\/index.php\/wp-json\/wp\/v2\/users\/1"}],"replies":[{"embeddable":true,"href":"https:\/\/batijournal.com\/index.php\/wp-json\/wp\/v2\/comments?post=101430"}],"version-history":[{"count":0,"href":"https:\/\/batijournal.com\/index.php\/wp-json\/wp\/v2\/posts\/101430\/revisions"}],"wp:featuredmedia":[{"embeddable":true,"href":"https:\/\/batijournal.com\/index.php\/wp-json\/wp\/v2\/media\/101432"}],"wp:attachment":[{"href":"https:\/\/batijournal.com\/index.php\/wp-json\/wp\/v2\/media?parent=101430"}],"wp:term":[{"taxonomy":"category","embeddable":true,"href":"https:\/\/batijournal.com\/index.php\/wp-json\/wp\/v2\/categories?post=101430"},{"taxonomy":"post_tag","embeddable":true,"href":"https:\/\/batijournal.com\/index.php\/wp-json\/wp\/v2\/tags?post=101430"}],"curies":[{"name":"wp","href":"https:\/\/api.w.org\/{rel}","templated":true}]}}