{"id":101501,"date":"2019-02-18T08:20:11","date_gmt":"2019-02-18T07:20:11","guid":{"rendered":"https:\/\/batijournal.com\/?p=101501"},"modified":"2019-07-15T12:03:40","modified_gmt":"2019-07-15T10:03:40","slug":"signature-du-contrat-du-comite-strategique-de-filiere-industries-pour-la-construction","status":"publish","type":"post","link":"https:\/\/batijournal.com\/index.php\/signature-du-contrat-du-comite-strategique-de-filiere-industries-pour-la-construction\/101501\/","title":{"rendered":"Signature du contrat du Comit\u00e9 Strat\u00e9gique de Fili\u00e8re \u00ab Industries pour la construction \u00bb"},"content":{"rendered":"<p>Le contrat du Comit\u00e9 Strat\u00e9gique de Fili\u00e8re \u00ab Industries pour la construction \u00bb 2018-2022 a \u00e9t\u00e9 sign\u00e9, le 13 f\u00e9vrier 2019, par Fran\u00e7ois de Rugy, ministre d\u2019Etat, ministre de la Transition \u00e9cologique et solidaire, Julien Denormandie ministre aupr\u00e8s de la ministre de la Coh\u00e9sion des territoires et des Relations avec les collectivit\u00e9s territoriales, charg\u00e9 de la Ville et du Logement, Agn\u00e8s Pannier-Runacher, secr\u00e9taire d\u2019Etat aupr\u00e8s du ministre de l\u2019Economie et des Finances, et Andr\u00e9 Flajolet, vice- pr\u00e9sident de l\u2019Association des maires de France et pr\u00e9sidents d&rsquo;Intercommunalit\u00e9 ont sign\u00e9 aux c\u00f4t\u00e9s des repr\u00e9sentants des industries de construction.<\/p>\n<p>Il s\u2019articule autour de six projets structurants :<br \/>\n1. Cr\u00e9er une plateforme num\u00e9rique pour renforcer la comp\u00e9titivit\u00e9 des acteurs de la fili\u00e8re : elle permettra notamment de faciliter la description num\u00e9rique des projets de construction entre l\u2019ensemble des acteurs de la fili\u00e8re.<br \/>\n2. D\u00e9velopper de nouveaux concepts de b\u00e2timents et routes : b\u00e2timents r\u00e9versibles et modulables, \u00ab z\u00e9ro d\u00e9chet \u00bb et routes adapt\u00e9es aux nouveaux usages (v\u00e9hicule autonome, production d\u2019\u00e9nergie, etc.).<br \/>\n3. D\u00e9ployer une offre de r\u00e9novation \u00e9nerg\u00e9tique pour lutter contre les \u00ab passoires thermiques \u00bb, \u00e0 destination des particuliers et des campus universitaires.<br \/>\n4. Promouvoir les technologies fran\u00e7aises \u00e0 l\u2019export pour la ville durable et cr\u00e9er une offre fran\u00e7aise de logement abordable pour d\u00e9ploiement \u00e0 l\u2019international.<br \/>\n5. Acc\u00e9l\u00e9rer la croissance des entreprises pour augmenter le nombre d\u2019ETI dans la fili\u00e8re \u00e0 travers le dispositif \u00ab Acc\u00e9l\u00e9rateur PME \u00bb de Bpifrance. Une premi\u00e8re promotion d\u2019une trentaine d\u2019entreprises sera lanc\u00e9e en novembre 2019.<br \/>\n6. D\u00e9velopper les emplois et les comp\u00e9tences de la fili\u00e8re aval des industries pour la construction. Le projet vise \u00e0 mettre en place un engagement de d\u00e9veloppement de l\u2019emploi et des comp\u00e9tences dans la fili\u00e8re et \u00e0 mobiliser l\u2019ensemble des parties prenantes pour augmenter le nombre d\u2019apprentis.<\/p>\n","protected":false},"excerpt":{"rendered":"<p>Le contrat du Comit\u00e9 Strat\u00e9gique de Fili\u00e8re \u00ab Industries pour la construction \u00bb 2018-2022 a \u00e9t\u00e9 sign\u00e9, le 13 f\u00e9vrier 2019, par Fran\u00e7ois de Rugy, ministre d\u2019Etat, ministre de la Transition \u00e9cologique et solidaire, Julien Denormandie ministre aupr\u00e8s de la ministre de la Coh\u00e9sion des territoires et des Relations avec les collectivit\u00e9s territoriales, charg\u00e9 de [&hellip;]<\/p>\n","protected":false},"author":17,"featured_media":101502,"comment_status":"closed","ping_status":"closed","sticky":false,"template":"","format":"standard","meta":{"_et_pb_use_builder":"","_et_pb_old_content":"","_et_gb_content_width":"","footnotes":""},"categories":[10530,6345],"tags":[12723],"class_list":["post-101501","post","type-post","status-publish","format-standard","has-post-thumbnail","hentry","category-actualites","category-economie-marches","tag-industries-pour-la-construction"],"yoast_head":"<!-- This site is optimized with the Yoast SEO plugin v27.4 - https:\/\/yoast.com\/product\/yoast-seo-wordpress\/ -->\n<title>Signature du contrat du Comit\u00e9 Strat\u00e9gique de Fili\u00e8re \u00ab Industries pour la construction \u00bb<\/title>\n<meta name=\"description\" content=\"Le contrat du Comit\u00e9 Strat\u00e9gique de Fili\u00e8re \u00ab Industries pour la construction \u00bb 2018-2022 a \u00e9t\u00e9 sign\u00e9, le 13 f\u00e9vrier 2019\" \/>\n<meta name=\"robots\" content=\"index, follow, max-snippet:-1, max-image-preview:large, max-video-preview:-1\" \/>\n<link rel=\"canonical\" href=\"https:\/\/batijournal.com\/index.php\/signature-du-contrat-du-comite-strategique-de-filiere-industries-pour-la-construction\/101501\/\" \/>\n<meta property=\"og:locale\" content=\"fr_FR\" \/>\n<meta property=\"og:type\" content=\"article\" \/>\n<meta property=\"og:title\" content=\"Signature du contrat du Comit\u00e9 Strat\u00e9gique de Fili\u00e8re \u00ab Industries pour la construction \u00bb\" \/>\n<meta property=\"og:description\" content=\"Le contrat du Comit\u00e9 Strat\u00e9gique de Fili\u00e8re \u00ab Industries pour la construction \u00bb 2018-2022 a \u00e9t\u00e9 sign\u00e9, le 13 f\u00e9vrier 2019\" \/>\n<meta property=\"og:url\" content=\"https:\/\/batijournal.com\/index.php\/signature-du-contrat-du-comite-strategique-de-filiere-industries-pour-la-construction\/101501\/\" \/>\n<meta property=\"og:site_name\" content=\"Batijournal\" \/>\n<meta property=\"article:published_time\" content=\"2019-02-18T07:20:11+00:00\" \/>\n<meta property=\"article:modified_time\" content=\"2019-07-15T10:03:40+00:00\" \/>\n<meta property=\"og:image\" content=\"https:\/\/batijournal.com\/wp-content\/uploads\/2019\/02\/projet-maison-bois-constructeur-bois-4.jpg\" \/>\n\t<meta property=\"og:image:width\" content=\"1280\" \/>\n\t<meta property=\"og:image:height\" content=\"853\" \/>\n\t<meta property=\"og:image:type\" content=\"image\/jpeg\" \/>\n<meta name=\"author\" content=\"St\u00e9phane Miget\" \/>\n<meta name=\"twitter:card\" content=\"summary_large_image\" \/>\n<meta name=\"twitter:creator\" content=\"@bati_journal\" \/>\n<meta name=\"twitter:site\" content=\"@bati_journal\" \/>\n<meta name=\"twitter:label1\" content=\"\u00c9crit par\" \/>\n\t<meta name=\"twitter:data1\" content=\"St\u00e9phane Miget\" \/>\n\t<meta name=\"twitter:label2\" content=\"Dur\u00e9e de lecture estim\u00e9e\" \/>\n\t<meta name=\"twitter:data2\" content=\"2 minutes\" \/>\n<script type=\"application\/ld+json\" class=\"yoast-schema-graph\">{\"@context\":\"https:\\\/\\\/schema.org\",\"@graph\":[{\"@type\":\"Article\",\"@id\":\"https:\\\/\\\/batijournal.com\\\/index.php\\\/signature-du-contrat-du-comite-strategique-de-filiere-industries-pour-la-construction\\\/101501\\\/#article\",\"isPartOf\":{\"@id\":\"https:\\\/\\\/batijournal.com\\\/index.php\\\/signature-du-contrat-du-comite-strategique-de-filiere-industries-pour-la-construction\\\/101501\\\/\"},\"author\":{\"name\":\"St\u00e9phane Miget\",\"@id\":\"https:\\\/\\\/batijournal.com\\\/#\\\/schema\\\/person\\\/1dc96ec6957aa1ccb25ebe78bb19f100\"},\"headline\":\"Signature du contrat du Comit\u00e9 Strat\u00e9gique de Fili\u00e8re \u00ab Industries pour la construction \u00bb\",\"datePublished\":\"2019-02-18T07:20:11+00:00\",\"dateModified\":\"2019-07-15T10:03:40+00:00\",\"mainEntityOfPage\":{\"@id\":\"https:\\\/\\\/batijournal.com\\\/index.php\\\/signature-du-contrat-du-comite-strategique-de-filiere-industries-pour-la-construction\\\/101501\\\/\"},\"wordCount\":348,\"image\":{\"@id\":\"https:\\\/\\\/batijournal.com\\\/index.php\\\/signature-du-contrat-du-comite-strategique-de-filiere-industries-pour-la-construction\\\/101501\\\/#primaryimage\"},\"thumbnailUrl\":\"https:\\\/\\\/batijournal.com\\\/wp-content\\\/uploads\\\/2019\\\/02\\\/projet-maison-bois-constructeur-bois-4.jpg\",\"keywords\":[\"Industries pour la construction\"],\"articleSection\":[\"Actualit\u00e9s\",\"\u00c9conomie &amp; March\u00e9s\"],\"inLanguage\":\"fr-FR\"},{\"@type\":\"WebPage\",\"@id\":\"https:\\\/\\\/batijournal.com\\\/index.php\\\/signature-du-contrat-du-comite-strategique-de-filiere-industries-pour-la-construction\\\/101501\\\/\",\"url\":\"https:\\\/\\\/batijournal.com\\\/index.php\\\/signature-du-contrat-du-comite-strategique-de-filiere-industries-pour-la-construction\\\/101501\\\/\",\"name\":\"Signature du contrat du Comit\u00e9 Strat\u00e9gique de Fili\u00e8re \u00ab Industries pour la construction \u00bb\",\"isPartOf\":{\"@id\":\"https:\\\/\\\/batijournal.com\\\/#website\"},\"primaryImageOfPage\":{\"@id\":\"https:\\\/\\\/batijournal.com\\\/index.php\\\/signature-du-contrat-du-comite-strategique-de-filiere-industries-pour-la-construction\\\/101501\\\/#primaryimage\"},\"image\":{\"@id\":\"https:\\\/\\\/batijournal.com\\\/index.php\\\/signature-du-contrat-du-comite-strategique-de-filiere-industries-pour-la-construction\\\/101501\\\/#primaryimage\"},\"thumbnailUrl\":\"https:\\\/\\\/batijournal.com\\\/wp-content\\\/uploads\\\/2019\\\/02\\\/projet-maison-bois-constructeur-bois-4.jpg\",\"datePublished\":\"2019-02-18T07:20:11+00:00\",\"dateModified\":\"2019-07-15T10:03:40+00:00\",\"author\":{\"@id\":\"https:\\\/\\\/batijournal.com\\\/#\\\/schema\\\/person\\\/1dc96ec6957aa1ccb25ebe78bb19f100\"},\"description\":\"Le contrat du Comit\u00e9 Strat\u00e9gique de Fili\u00e8re \u00ab Industries pour la construction \u00bb 2018-2022 a \u00e9t\u00e9 sign\u00e9, le 13 f\u00e9vrier 2019\",\"breadcrumb\":{\"@id\":\"https:\\\/\\\/batijournal.com\\\/index.php\\\/signature-du-contrat-du-comite-strategique-de-filiere-industries-pour-la-construction\\\/101501\\\/#breadcrumb\"},\"inLanguage\":\"fr-FR\",\"potentialAction\":[{\"@type\":\"ReadAction\",\"target\":[\"https:\\\/\\\/batijournal.com\\\/index.php\\\/signature-du-contrat-du-comite-strategique-de-filiere-industries-pour-la-construction\\\/101501\\\/\"]}]},{\"@type\":\"ImageObject\",\"inLanguage\":\"fr-FR\",\"@id\":\"https:\\\/\\\/batijournal.com\\\/index.php\\\/signature-du-contrat-du-comite-strategique-de-filiere-industries-pour-la-construction\\\/101501\\\/#primaryimage\",\"url\":\"https:\\\/\\\/batijournal.com\\\/wp-content\\\/uploads\\\/2019\\\/02\\\/projet-maison-bois-constructeur-bois-4.jpg\",\"contentUrl\":\"https:\\\/\\\/batijournal.com\\\/wp-content\\\/uploads\\\/2019\\\/02\\\/projet-maison-bois-constructeur-bois-4.jpg\",\"width\":1280,\"height\":853},{\"@type\":\"BreadcrumbList\",\"@id\":\"https:\\\/\\\/batijournal.com\\\/index.php\\\/signature-du-contrat-du-comite-strategique-de-filiere-industries-pour-la-construction\\\/101501\\\/#breadcrumb\",\"itemListElement\":[{\"@type\":\"ListItem\",\"position\":1,\"name\":\"Accueil\",\"item\":\"https:\\\/\\\/batijournal.com\\\/\"},{\"@type\":\"ListItem\",\"position\":2,\"name\":\"Actualit\u00e9s\",\"item\":\"https:\\\/\\\/batijournal.com\\\/index.php\\\/category\\\/actualites\\\/\"},{\"@type\":\"ListItem\",\"position\":3,\"name\":\"Signature du contrat du Comit\u00e9 Strat\u00e9gique de Fili\u00e8re \u00ab Industries pour la construction \u00bb\"}]},{\"@type\":\"WebSite\",\"@id\":\"https:\\\/\\\/batijournal.com\\\/#website\",\"url\":\"https:\\\/\\\/batijournal.com\\\/\",\"name\":\"Batijournal\",\"description\":\"L&#039;actualit\u00e9 du b\u00e2timent\",\"potentialAction\":[{\"@type\":\"SearchAction\",\"target\":{\"@type\":\"EntryPoint\",\"urlTemplate\":\"https:\\\/\\\/batijournal.com\\\/?s={search_term_string}\"},\"query-input\":{\"@type\":\"PropertyValueSpecification\",\"valueRequired\":true,\"valueName\":\"search_term_string\"}}],\"inLanguage\":\"fr-FR\"},{\"@type\":\"Person\",\"@id\":\"https:\\\/\\\/batijournal.com\\\/#\\\/schema\\\/person\\\/1dc96ec6957aa1ccb25ebe78bb19f100\",\"name\":\"St\u00e9phane Miget\",\"image\":{\"@type\":\"ImageObject\",\"inLanguage\":\"fr-FR\",\"@id\":\"https:\\\/\\\/secure.gravatar.com\\\/avatar\\\/89915563d925342126b8ef0281b93d9d7fc337043e8df017f780908eb9644451?s=96&d=mm&r=g\",\"url\":\"https:\\\/\\\/secure.gravatar.com\\\/avatar\\\/89915563d925342126b8ef0281b93d9d7fc337043e8df017f780908eb9644451?s=96&d=mm&r=g\",\"contentUrl\":\"https:\\\/\\\/secure.gravatar.com\\\/avatar\\\/89915563d925342126b8ef0281b93d9d7fc337043e8df017f780908eb9644451?s=96&d=mm&r=g\",\"caption\":\"St\u00e9phane Miget\"},\"url\":\"https:\\\/\\\/batijournal.com\\\/index.php\\\/author\\\/stephane\\\/\"}]}<\/script>\n<!-- \/ Yoast SEO plugin. -->","yoast_head_json":{"title":"Signature du contrat du Comit\u00e9 Strat\u00e9gique de Fili\u00e8re \u00ab Industries pour la construction \u00bb","description":"Le contrat du Comit\u00e9 Strat\u00e9gique de Fili\u00e8re \u00ab Industries pour la construction \u00bb 2018-2022 a \u00e9t\u00e9 sign\u00e9, le 13 f\u00e9vrier 2019","robots":{"index":"index","follow":"follow","max-snippet":"max-snippet:-1","max-image-preview":"max-image-preview:large","max-video-preview":"max-video-preview:-1"},"canonical":"https:\/\/batijournal.com\/index.php\/signature-du-contrat-du-comite-strategique-de-filiere-industries-pour-la-construction\/101501\/","og_locale":"fr_FR","og_type":"article","og_title":"Signature du contrat du Comit\u00e9 Strat\u00e9gique de Fili\u00e8re \u00ab Industries pour la construction \u00bb","og_description":"Le contrat du Comit\u00e9 Strat\u00e9gique de Fili\u00e8re \u00ab Industries pour la construction \u00bb 2018-2022 a \u00e9t\u00e9 sign\u00e9, le 13 f\u00e9vrier 2019","og_url":"https:\/\/batijournal.com\/index.php\/signature-du-contrat-du-comite-strategique-de-filiere-industries-pour-la-construction\/101501\/","og_site_name":"Batijournal","article_published_time":"2019-02-18T07:20:11+00:00","article_modified_time":"2019-07-15T10:03:40+00:00","og_image":[{"width":1280,"height":853,"url":"https:\/\/batijournal.com\/wp-content\/uploads\/2019\/02\/projet-maison-bois-constructeur-bois-4.jpg","type":"image\/jpeg"}],"author":"St\u00e9phane Miget","twitter_card":"summary_large_image","twitter_creator":"@bati_journal","twitter_site":"@bati_journal","twitter_misc":{"\u00c9crit par":"St\u00e9phane Miget","Dur\u00e9e de lecture estim\u00e9e":"2 minutes"},"schema":{"@context":"https:\/\/schema.org","@graph":[{"@type":"Article","@id":"https:\/\/batijournal.com\/index.php\/signature-du-contrat-du-comite-strategique-de-filiere-industries-pour-la-construction\/101501\/#article","isPartOf":{"@id":"https:\/\/batijournal.com\/index.php\/signature-du-contrat-du-comite-strategique-de-filiere-industries-pour-la-construction\/101501\/"},"author":{"name":"St\u00e9phane Miget","@id":"https:\/\/batijournal.com\/#\/schema\/person\/1dc96ec6957aa1ccb25ebe78bb19f100"},"headline":"Signature du contrat du Comit\u00e9 Strat\u00e9gique de Fili\u00e8re \u00ab Industries pour la construction \u00bb","datePublished":"2019-02-18T07:20:11+00:00","dateModified":"2019-07-15T10:03:40+00:00","mainEntityOfPage":{"@id":"https:\/\/batijournal.com\/index.php\/signature-du-contrat-du-comite-strategique-de-filiere-industries-pour-la-construction\/101501\/"},"wordCount":348,"image":{"@id":"https:\/\/batijournal.com\/index.php\/signature-du-contrat-du-comite-strategique-de-filiere-industries-pour-la-construction\/101501\/#primaryimage"},"thumbnailUrl":"https:\/\/batijournal.com\/wp-content\/uploads\/2019\/02\/projet-maison-bois-constructeur-bois-4.jpg","keywords":["Industries pour la construction"],"articleSection":["Actualit\u00e9s","\u00c9conomie &amp; March\u00e9s"],"inLanguage":"fr-FR"},{"@type":"WebPage","@id":"https:\/\/batijournal.com\/index.php\/signature-du-contrat-du-comite-strategique-de-filiere-industries-pour-la-construction\/101501\/","url":"https:\/\/batijournal.com\/index.php\/signature-du-contrat-du-comite-strategique-de-filiere-industries-pour-la-construction\/101501\/","name":"Signature du contrat du Comit\u00e9 Strat\u00e9gique de Fili\u00e8re \u00ab Industries pour la construction \u00bb","isPartOf":{"@id":"https:\/\/batijournal.com\/#website"},"primaryImageOfPage":{"@id":"https:\/\/batijournal.com\/index.php\/signature-du-contrat-du-comite-strategique-de-filiere-industries-pour-la-construction\/101501\/#primaryimage"},"image":{"@id":"https:\/\/batijournal.com\/index.php\/signature-du-contrat-du-comite-strategique-de-filiere-industries-pour-la-construction\/101501\/#primaryimage"},"thumbnailUrl":"https:\/\/batijournal.com\/wp-content\/uploads\/2019\/02\/projet-maison-bois-constructeur-bois-4.jpg","datePublished":"2019-02-18T07:20:11+00:00","dateModified":"2019-07-15T10:03:40+00:00","author":{"@id":"https:\/\/batijournal.com\/#\/schema\/person\/1dc96ec6957aa1ccb25ebe78bb19f100"},"description":"Le contrat du Comit\u00e9 Strat\u00e9gique de Fili\u00e8re \u00ab Industries pour la construction \u00bb 2018-2022 a \u00e9t\u00e9 sign\u00e9, le 13 f\u00e9vrier 2019","breadcrumb":{"@id":"https:\/\/batijournal.com\/index.php\/signature-du-contrat-du-comite-strategique-de-filiere-industries-pour-la-construction\/101501\/#breadcrumb"},"inLanguage":"fr-FR","potentialAction":[{"@type":"ReadAction","target":["https:\/\/batijournal.com\/index.php\/signature-du-contrat-du-comite-strategique-de-filiere-industries-pour-la-construction\/101501\/"]}]},{"@type":"ImageObject","inLanguage":"fr-FR","@id":"https:\/\/batijournal.com\/index.php\/signature-du-contrat-du-comite-strategique-de-filiere-industries-pour-la-construction\/101501\/#primaryimage","url":"https:\/\/batijournal.com\/wp-content\/uploads\/2019\/02\/projet-maison-bois-constructeur-bois-4.jpg","contentUrl":"https:\/\/batijournal.com\/wp-content\/uploads\/2019\/02\/projet-maison-bois-constructeur-bois-4.jpg","width":1280,"height":853},{"@type":"BreadcrumbList","@id":"https:\/\/batijournal.com\/index.php\/signature-du-contrat-du-comite-strategique-de-filiere-industries-pour-la-construction\/101501\/#breadcrumb","itemListElement":[{"@type":"ListItem","position":1,"name":"Accueil","item":"https:\/\/batijournal.com\/"},{"@type":"ListItem","position":2,"name":"Actualit\u00e9s","item":"https:\/\/batijournal.com\/index.php\/category\/actualites\/"},{"@type":"ListItem","position":3,"name":"Signature du contrat du Comit\u00e9 Strat\u00e9gique de Fili\u00e8re \u00ab Industries pour la construction \u00bb"}]},{"@type":"WebSite","@id":"https:\/\/batijournal.com\/#website","url":"https:\/\/batijournal.com\/","name":"Batijournal","description":"L&#039;actualit\u00e9 du b\u00e2timent","potentialAction":[{"@type":"SearchAction","target":{"@type":"EntryPoint","urlTemplate":"https:\/\/batijournal.com\/?s={search_term_string}"},"query-input":{"@type":"PropertyValueSpecification","valueRequired":true,"valueName":"search_term_string"}}],"inLanguage":"fr-FR"},{"@type":"Person","@id":"https:\/\/batijournal.com\/#\/schema\/person\/1dc96ec6957aa1ccb25ebe78bb19f100","name":"St\u00e9phane Miget","image":{"@type":"ImageObject","inLanguage":"fr-FR","@id":"https:\/\/secure.gravatar.com\/avatar\/89915563d925342126b8ef0281b93d9d7fc337043e8df017f780908eb9644451?s=96&d=mm&r=g","url":"https:\/\/secure.gravatar.com\/avatar\/89915563d925342126b8ef0281b93d9d7fc337043e8df017f780908eb9644451?s=96&d=mm&r=g","contentUrl":"https:\/\/secure.gravatar.com\/avatar\/89915563d925342126b8ef0281b93d9d7fc337043e8df017f780908eb9644451?s=96&d=mm&r=g","caption":"St\u00e9phane Miget"},"url":"https:\/\/batijournal.com\/index.php\/author\/stephane\/"}]}},"_links":{"self":[{"href":"https:\/\/batijournal.com\/index.php\/wp-json\/wp\/v2\/posts\/101501","targetHints":{"allow":["GET"]}}],"collection":[{"href":"https:\/\/batijournal.com\/index.php\/wp-json\/wp\/v2\/posts"}],"about":[{"href":"https:\/\/batijournal.com\/index.php\/wp-json\/wp\/v2\/types\/post"}],"author":[{"embeddable":true,"href":"https:\/\/batijournal.com\/index.php\/wp-json\/wp\/v2\/users\/17"}],"replies":[{"embeddable":true,"href":"https:\/\/batijournal.com\/index.php\/wp-json\/wp\/v2\/comments?post=101501"}],"version-history":[{"count":0,"href":"https:\/\/batijournal.com\/index.php\/wp-json\/wp\/v2\/posts\/101501\/revisions"}],"wp:featuredmedia":[{"embeddable":true,"href":"https:\/\/batijournal.com\/index.php\/wp-json\/wp\/v2\/media\/101502"}],"wp:attachment":[{"href":"https:\/\/batijournal.com\/index.php\/wp-json\/wp\/v2\/media?parent=101501"}],"wp:term":[{"taxonomy":"category","embeddable":true,"href":"https:\/\/batijournal.com\/index.php\/wp-json\/wp\/v2\/categories?post=101501"},{"taxonomy":"post_tag","embeddable":true,"href":"https:\/\/batijournal.com\/index.php\/wp-json\/wp\/v2\/tags?post=101501"}],"curies":[{"name":"wp","href":"https:\/\/api.w.org\/{rel}","templated":true}]}}