{"id":101526,"date":"2019-02-20T08:00:08","date_gmt":"2019-02-20T07:00:08","guid":{"rendered":"https:\/\/batijournal.com\/?p=101526"},"modified":"2019-07-15T11:14:42","modified_gmt":"2019-07-15T09:14:42","slug":"importante-campagne-de-restauration-au-chateau-de-carrouges","status":"publish","type":"post","link":"https:\/\/batijournal.com\/index.php\/importante-campagne-de-restauration-au-chateau-de-carrouges\/101526\/","title":{"rendered":"Importante campagne de restauration au ch\u00e2teau de Carrouges"},"content":{"rendered":"<p>Depuis 2015 le Centre des monuments nationaux a men\u00e9 plusieurs chantiers au ch\u00e2teau de Carrouges dans l&rsquo;Orne, notamment la restauration des toitures des communs pour un montant de 750 000 \u20ac et la requalification du petit parterre et le renforcement des all\u00e9es qui le bordent pour un montant de 110 000 \u20ac, mais aussi la restauration du pont dormant et la reprise des sols en terre cuite de la salle des gardes.<br \/>\nLe CMN a entrepris \u00e0 l\u2019\u00e9t\u00e9 2018 un important chantier de restauration des menuiseries et des toitures du ch\u00e2teau de plus de 5 millions d\u2019euros sous la ma\u00eetrise d\u2019\u0153uvre de l\u2019architecte en chef des monuments historiques Christophe Amiot. Ces travaux devraient s\u2019achever \u00e0 la fin de l\u2019ann\u00e9e 2023. Quatre fen\u00eatres de la salle des f\u00eates, deux autres dans l\u2019escalier d\u2019honneur et une septi\u00e8me dans les r\u00e9serves en continuit\u00e9 dans l\u2019aile sud-ouest, seront remplac\u00e9es \u00e0 l\u2019identique au d\u00e9but du mois de mars. A terme, l\u2019ensemble des menuiseries du 1er \u00e9tage de cette aile seront remplac\u00e9es ou restaur\u00e9es.\u00a0Dans le cadre des travaux sur les charpentes et les couvertures du logis des Blosset au nord, les charpentes du comble ont \u00e9t\u00e9 d\u00e9gag\u00e9es, r\u00e9v\u00e9lant de graves d\u00e9sordres au niveau de plusieurs poutres. A la suite de ces constatations, un \u00e9taiement d\u2019urgence a donc \u00e9t\u00e9 r\u00e9alis\u00e9 dans le salon nord et le couloir attenant, pr\u00e9alablement \u00e0 d\u2019importants travaux de reprise des structures, imposant la fermeture au public du salon jusqu\u2019\u00e0 la fin du mois de mars.<br \/>\nLes prochaines \u00e9tapes de cet important chantier concerneront celles de l&rsquo;aile sud-est et des deux ailes sud-ouest et nord-ouest jusqu\u2019en 2023. Ces travaux s\u2019accompagneront de la r\u00e9fection des joints et de l\u2019\u00e9tanch\u00e9it\u00e9 des ma\u00e7onneries des souches de chemin\u00e9es et des lucarnes, dont les menuiseries seront \u00e9galement restaur\u00e9es.<\/p>\n<p>Photo : Caroline Rose \u2013 Centre des monuments nationaux<\/p>\n<p>&nbsp;<\/p>\n","protected":false},"excerpt":{"rendered":"<p>Depuis 2015 le Centre des monuments nationaux a men\u00e9 plusieurs chantiers au ch\u00e2teau de Carrouges dans l&rsquo;Orne, notamment la restauration des toitures des communs pour un montant de 750 000 \u20ac et la requalification du petit parterre et le renforcement des all\u00e9es qui le bordent pour un montant de 110 000 \u20ac, mais aussi la [&hellip;]<\/p>\n","protected":false},"author":17,"featured_media":101527,"comment_status":"closed","ping_status":"closed","sticky":false,"template":"","format":"standard","meta":{"_et_pb_use_builder":"","_et_pb_old_content":"","_et_gb_content_width":"","footnotes":""},"categories":[10530,6340,10785],"tags":[8113],"class_list":["post-101526","post","type-post","status-publish","format-standard","has-post-thumbnail","hentry","category-actualites","category-architecture-conception","category-atrium","tag-centre-des-monuments-nationaux"],"yoast_head":"<!-- This site is optimized with the Yoast SEO plugin v27.4 - https:\/\/yoast.com\/product\/yoast-seo-wordpress\/ -->\n<title>Importante campagne de restauration au ch\u00e2teau de Carrouges<\/title>\n<meta name=\"description\" content=\"Depuis 2015 le Centre des monuments nationaux a men\u00e9 plusieurs chantiers au ch\u00e2teau de Carrouges dans l&#039;Orne, notamment la restauration des toitures\" \/>\n<meta name=\"robots\" content=\"index, follow, max-snippet:-1, max-image-preview:large, max-video-preview:-1\" \/>\n<link rel=\"canonical\" href=\"https:\/\/batijournal.com\/index.php\/importante-campagne-de-restauration-au-chateau-de-carrouges\/101526\/\" \/>\n<meta property=\"og:locale\" content=\"fr_FR\" \/>\n<meta property=\"og:type\" content=\"article\" \/>\n<meta property=\"og:title\" content=\"Importante campagne de restauration au ch\u00e2teau de Carrouges\" \/>\n<meta property=\"og:description\" content=\"Depuis 2015 le Centre des monuments nationaux a men\u00e9 plusieurs chantiers au ch\u00e2teau de Carrouges dans l&#039;Orne, notamment la restauration des toitures\" \/>\n<meta property=\"og:url\" content=\"https:\/\/batijournal.com\/index.php\/importante-campagne-de-restauration-au-chateau-de-carrouges\/101526\/\" \/>\n<meta property=\"og:site_name\" content=\"Batijournal\" \/>\n<meta property=\"article:published_time\" content=\"2019-02-20T07:00:08+00:00\" \/>\n<meta property=\"article:modified_time\" content=\"2019-07-15T09:14:42+00:00\" \/>\n<meta property=\"og:image\" content=\"https:\/\/batijournal.com\/wp-content\/uploads\/2019\/02\/chateau-de-Carrouges.jpg\" \/>\n\t<meta property=\"og:image:width\" content=\"700\" \/>\n\t<meta property=\"og:image:height\" content=\"361\" \/>\n\t<meta property=\"og:image:type\" content=\"image\/jpeg\" \/>\n<meta name=\"author\" content=\"St\u00e9phane Miget\" \/>\n<meta name=\"twitter:card\" content=\"summary_large_image\" \/>\n<meta name=\"twitter:creator\" content=\"@bati_journal\" \/>\n<meta name=\"twitter:site\" content=\"@bati_journal\" \/>\n<meta name=\"twitter:label1\" content=\"\u00c9crit par\" \/>\n\t<meta name=\"twitter:data1\" content=\"St\u00e9phane Miget\" \/>\n\t<meta name=\"twitter:label2\" content=\"Dur\u00e9e de lecture estim\u00e9e\" \/>\n\t<meta name=\"twitter:data2\" content=\"2 minutes\" \/>\n<script type=\"application\/ld+json\" class=\"yoast-schema-graph\">{\"@context\":\"https:\\\/\\\/schema.org\",\"@graph\":[{\"@type\":\"Article\",\"@id\":\"https:\\\/\\\/batijournal.com\\\/index.php\\\/importante-campagne-de-restauration-au-chateau-de-carrouges\\\/101526\\\/#article\",\"isPartOf\":{\"@id\":\"https:\\\/\\\/batijournal.com\\\/index.php\\\/importante-campagne-de-restauration-au-chateau-de-carrouges\\\/101526\\\/\"},\"author\":{\"name\":\"St\u00e9phane Miget\",\"@id\":\"https:\\\/\\\/batijournal.com\\\/#\\\/schema\\\/person\\\/1dc96ec6957aa1ccb25ebe78bb19f100\"},\"headline\":\"Importante campagne de restauration au ch\u00e2teau de Carrouges\",\"datePublished\":\"2019-02-20T07:00:08+00:00\",\"dateModified\":\"2019-07-15T09:14:42+00:00\",\"mainEntityOfPage\":{\"@id\":\"https:\\\/\\\/batijournal.com\\\/index.php\\\/importante-campagne-de-restauration-au-chateau-de-carrouges\\\/101526\\\/\"},\"wordCount\":336,\"image\":{\"@id\":\"https:\\\/\\\/batijournal.com\\\/index.php\\\/importante-campagne-de-restauration-au-chateau-de-carrouges\\\/101526\\\/#primaryimage\"},\"thumbnailUrl\":\"https:\\\/\\\/batijournal.com\\\/wp-content\\\/uploads\\\/2019\\\/02\\\/chateau-de-Carrouges.jpg\",\"keywords\":[\"centre des monuments nationaux\"],\"articleSection\":[\"Actualit\u00e9s\",\"Architecture &amp; Conception\",\"zz_Atrium Patrimoine\"],\"inLanguage\":\"fr-FR\"},{\"@type\":\"WebPage\",\"@id\":\"https:\\\/\\\/batijournal.com\\\/index.php\\\/importante-campagne-de-restauration-au-chateau-de-carrouges\\\/101526\\\/\",\"url\":\"https:\\\/\\\/batijournal.com\\\/index.php\\\/importante-campagne-de-restauration-au-chateau-de-carrouges\\\/101526\\\/\",\"name\":\"Importante campagne de restauration au ch\u00e2teau de Carrouges\",\"isPartOf\":{\"@id\":\"https:\\\/\\\/batijournal.com\\\/#website\"},\"primaryImageOfPage\":{\"@id\":\"https:\\\/\\\/batijournal.com\\\/index.php\\\/importante-campagne-de-restauration-au-chateau-de-carrouges\\\/101526\\\/#primaryimage\"},\"image\":{\"@id\":\"https:\\\/\\\/batijournal.com\\\/index.php\\\/importante-campagne-de-restauration-au-chateau-de-carrouges\\\/101526\\\/#primaryimage\"},\"thumbnailUrl\":\"https:\\\/\\\/batijournal.com\\\/wp-content\\\/uploads\\\/2019\\\/02\\\/chateau-de-Carrouges.jpg\",\"datePublished\":\"2019-02-20T07:00:08+00:00\",\"dateModified\":\"2019-07-15T09:14:42+00:00\",\"author\":{\"@id\":\"https:\\\/\\\/batijournal.com\\\/#\\\/schema\\\/person\\\/1dc96ec6957aa1ccb25ebe78bb19f100\"},\"description\":\"Depuis 2015 le Centre des monuments nationaux a men\u00e9 plusieurs chantiers au ch\u00e2teau de Carrouges dans l'Orne, notamment la restauration des toitures\",\"breadcrumb\":{\"@id\":\"https:\\\/\\\/batijournal.com\\\/index.php\\\/importante-campagne-de-restauration-au-chateau-de-carrouges\\\/101526\\\/#breadcrumb\"},\"inLanguage\":\"fr-FR\",\"potentialAction\":[{\"@type\":\"ReadAction\",\"target\":[\"https:\\\/\\\/batijournal.com\\\/index.php\\\/importante-campagne-de-restauration-au-chateau-de-carrouges\\\/101526\\\/\"]}]},{\"@type\":\"ImageObject\",\"inLanguage\":\"fr-FR\",\"@id\":\"https:\\\/\\\/batijournal.com\\\/index.php\\\/importante-campagne-de-restauration-au-chateau-de-carrouges\\\/101526\\\/#primaryimage\",\"url\":\"https:\\\/\\\/batijournal.com\\\/wp-content\\\/uploads\\\/2019\\\/02\\\/chateau-de-Carrouges.jpg\",\"contentUrl\":\"https:\\\/\\\/batijournal.com\\\/wp-content\\\/uploads\\\/2019\\\/02\\\/chateau-de-Carrouges.jpg\",\"width\":700,\"height\":361},{\"@type\":\"BreadcrumbList\",\"@id\":\"https:\\\/\\\/batijournal.com\\\/index.php\\\/importante-campagne-de-restauration-au-chateau-de-carrouges\\\/101526\\\/#breadcrumb\",\"itemListElement\":[{\"@type\":\"ListItem\",\"position\":1,\"name\":\"Accueil\",\"item\":\"https:\\\/\\\/batijournal.com\\\/\"},{\"@type\":\"ListItem\",\"position\":2,\"name\":\"Actualit\u00e9s\",\"item\":\"https:\\\/\\\/batijournal.com\\\/index.php\\\/category\\\/actualites\\\/\"},{\"@type\":\"ListItem\",\"position\":3,\"name\":\"Importante campagne de restauration au ch\u00e2teau de Carrouges\"}]},{\"@type\":\"WebSite\",\"@id\":\"https:\\\/\\\/batijournal.com\\\/#website\",\"url\":\"https:\\\/\\\/batijournal.com\\\/\",\"name\":\"Batijournal\",\"description\":\"L&#039;actualit\u00e9 du b\u00e2timent\",\"potentialAction\":[{\"@type\":\"SearchAction\",\"target\":{\"@type\":\"EntryPoint\",\"urlTemplate\":\"https:\\\/\\\/batijournal.com\\\/?s={search_term_string}\"},\"query-input\":{\"@type\":\"PropertyValueSpecification\",\"valueRequired\":true,\"valueName\":\"search_term_string\"}}],\"inLanguage\":\"fr-FR\"},{\"@type\":\"Person\",\"@id\":\"https:\\\/\\\/batijournal.com\\\/#\\\/schema\\\/person\\\/1dc96ec6957aa1ccb25ebe78bb19f100\",\"name\":\"St\u00e9phane Miget\",\"image\":{\"@type\":\"ImageObject\",\"inLanguage\":\"fr-FR\",\"@id\":\"https:\\\/\\\/secure.gravatar.com\\\/avatar\\\/89915563d925342126b8ef0281b93d9d7fc337043e8df017f780908eb9644451?s=96&d=mm&r=g\",\"url\":\"https:\\\/\\\/secure.gravatar.com\\\/avatar\\\/89915563d925342126b8ef0281b93d9d7fc337043e8df017f780908eb9644451?s=96&d=mm&r=g\",\"contentUrl\":\"https:\\\/\\\/secure.gravatar.com\\\/avatar\\\/89915563d925342126b8ef0281b93d9d7fc337043e8df017f780908eb9644451?s=96&d=mm&r=g\",\"caption\":\"St\u00e9phane Miget\"},\"url\":\"https:\\\/\\\/batijournal.com\\\/index.php\\\/author\\\/stephane\\\/\"}]}<\/script>\n<!-- \/ Yoast SEO plugin. -->","yoast_head_json":{"title":"Importante campagne de restauration au ch\u00e2teau de Carrouges","description":"Depuis 2015 le Centre des monuments nationaux a men\u00e9 plusieurs chantiers au ch\u00e2teau de Carrouges dans l'Orne, notamment la restauration des toitures","robots":{"index":"index","follow":"follow","max-snippet":"max-snippet:-1","max-image-preview":"max-image-preview:large","max-video-preview":"max-video-preview:-1"},"canonical":"https:\/\/batijournal.com\/index.php\/importante-campagne-de-restauration-au-chateau-de-carrouges\/101526\/","og_locale":"fr_FR","og_type":"article","og_title":"Importante campagne de restauration au ch\u00e2teau de Carrouges","og_description":"Depuis 2015 le Centre des monuments nationaux a men\u00e9 plusieurs chantiers au ch\u00e2teau de Carrouges dans l'Orne, notamment la restauration des toitures","og_url":"https:\/\/batijournal.com\/index.php\/importante-campagne-de-restauration-au-chateau-de-carrouges\/101526\/","og_site_name":"Batijournal","article_published_time":"2019-02-20T07:00:08+00:00","article_modified_time":"2019-07-15T09:14:42+00:00","og_image":[{"width":700,"height":361,"url":"https:\/\/batijournal.com\/wp-content\/uploads\/2019\/02\/chateau-de-Carrouges.jpg","type":"image\/jpeg"}],"author":"St\u00e9phane Miget","twitter_card":"summary_large_image","twitter_creator":"@bati_journal","twitter_site":"@bati_journal","twitter_misc":{"\u00c9crit par":"St\u00e9phane Miget","Dur\u00e9e de lecture estim\u00e9e":"2 minutes"},"schema":{"@context":"https:\/\/schema.org","@graph":[{"@type":"Article","@id":"https:\/\/batijournal.com\/index.php\/importante-campagne-de-restauration-au-chateau-de-carrouges\/101526\/#article","isPartOf":{"@id":"https:\/\/batijournal.com\/index.php\/importante-campagne-de-restauration-au-chateau-de-carrouges\/101526\/"},"author":{"name":"St\u00e9phane Miget","@id":"https:\/\/batijournal.com\/#\/schema\/person\/1dc96ec6957aa1ccb25ebe78bb19f100"},"headline":"Importante campagne de restauration au ch\u00e2teau de Carrouges","datePublished":"2019-02-20T07:00:08+00:00","dateModified":"2019-07-15T09:14:42+00:00","mainEntityOfPage":{"@id":"https:\/\/batijournal.com\/index.php\/importante-campagne-de-restauration-au-chateau-de-carrouges\/101526\/"},"wordCount":336,"image":{"@id":"https:\/\/batijournal.com\/index.php\/importante-campagne-de-restauration-au-chateau-de-carrouges\/101526\/#primaryimage"},"thumbnailUrl":"https:\/\/batijournal.com\/wp-content\/uploads\/2019\/02\/chateau-de-Carrouges.jpg","keywords":["centre des monuments nationaux"],"articleSection":["Actualit\u00e9s","Architecture &amp; Conception","zz_Atrium Patrimoine"],"inLanguage":"fr-FR"},{"@type":"WebPage","@id":"https:\/\/batijournal.com\/index.php\/importante-campagne-de-restauration-au-chateau-de-carrouges\/101526\/","url":"https:\/\/batijournal.com\/index.php\/importante-campagne-de-restauration-au-chateau-de-carrouges\/101526\/","name":"Importante campagne de restauration au ch\u00e2teau de Carrouges","isPartOf":{"@id":"https:\/\/batijournal.com\/#website"},"primaryImageOfPage":{"@id":"https:\/\/batijournal.com\/index.php\/importante-campagne-de-restauration-au-chateau-de-carrouges\/101526\/#primaryimage"},"image":{"@id":"https:\/\/batijournal.com\/index.php\/importante-campagne-de-restauration-au-chateau-de-carrouges\/101526\/#primaryimage"},"thumbnailUrl":"https:\/\/batijournal.com\/wp-content\/uploads\/2019\/02\/chateau-de-Carrouges.jpg","datePublished":"2019-02-20T07:00:08+00:00","dateModified":"2019-07-15T09:14:42+00:00","author":{"@id":"https:\/\/batijournal.com\/#\/schema\/person\/1dc96ec6957aa1ccb25ebe78bb19f100"},"description":"Depuis 2015 le Centre des monuments nationaux a men\u00e9 plusieurs chantiers au ch\u00e2teau de Carrouges dans l'Orne, notamment la restauration des toitures","breadcrumb":{"@id":"https:\/\/batijournal.com\/index.php\/importante-campagne-de-restauration-au-chateau-de-carrouges\/101526\/#breadcrumb"},"inLanguage":"fr-FR","potentialAction":[{"@type":"ReadAction","target":["https:\/\/batijournal.com\/index.php\/importante-campagne-de-restauration-au-chateau-de-carrouges\/101526\/"]}]},{"@type":"ImageObject","inLanguage":"fr-FR","@id":"https:\/\/batijournal.com\/index.php\/importante-campagne-de-restauration-au-chateau-de-carrouges\/101526\/#primaryimage","url":"https:\/\/batijournal.com\/wp-content\/uploads\/2019\/02\/chateau-de-Carrouges.jpg","contentUrl":"https:\/\/batijournal.com\/wp-content\/uploads\/2019\/02\/chateau-de-Carrouges.jpg","width":700,"height":361},{"@type":"BreadcrumbList","@id":"https:\/\/batijournal.com\/index.php\/importante-campagne-de-restauration-au-chateau-de-carrouges\/101526\/#breadcrumb","itemListElement":[{"@type":"ListItem","position":1,"name":"Accueil","item":"https:\/\/batijournal.com\/"},{"@type":"ListItem","position":2,"name":"Actualit\u00e9s","item":"https:\/\/batijournal.com\/index.php\/category\/actualites\/"},{"@type":"ListItem","position":3,"name":"Importante campagne de restauration au ch\u00e2teau de Carrouges"}]},{"@type":"WebSite","@id":"https:\/\/batijournal.com\/#website","url":"https:\/\/batijournal.com\/","name":"Batijournal","description":"L&#039;actualit\u00e9 du b\u00e2timent","potentialAction":[{"@type":"SearchAction","target":{"@type":"EntryPoint","urlTemplate":"https:\/\/batijournal.com\/?s={search_term_string}"},"query-input":{"@type":"PropertyValueSpecification","valueRequired":true,"valueName":"search_term_string"}}],"inLanguage":"fr-FR"},{"@type":"Person","@id":"https:\/\/batijournal.com\/#\/schema\/person\/1dc96ec6957aa1ccb25ebe78bb19f100","name":"St\u00e9phane Miget","image":{"@type":"ImageObject","inLanguage":"fr-FR","@id":"https:\/\/secure.gravatar.com\/avatar\/89915563d925342126b8ef0281b93d9d7fc337043e8df017f780908eb9644451?s=96&d=mm&r=g","url":"https:\/\/secure.gravatar.com\/avatar\/89915563d925342126b8ef0281b93d9d7fc337043e8df017f780908eb9644451?s=96&d=mm&r=g","contentUrl":"https:\/\/secure.gravatar.com\/avatar\/89915563d925342126b8ef0281b93d9d7fc337043e8df017f780908eb9644451?s=96&d=mm&r=g","caption":"St\u00e9phane Miget"},"url":"https:\/\/batijournal.com\/index.php\/author\/stephane\/"}]}},"_links":{"self":[{"href":"https:\/\/batijournal.com\/index.php\/wp-json\/wp\/v2\/posts\/101526","targetHints":{"allow":["GET"]}}],"collection":[{"href":"https:\/\/batijournal.com\/index.php\/wp-json\/wp\/v2\/posts"}],"about":[{"href":"https:\/\/batijournal.com\/index.php\/wp-json\/wp\/v2\/types\/post"}],"author":[{"embeddable":true,"href":"https:\/\/batijournal.com\/index.php\/wp-json\/wp\/v2\/users\/17"}],"replies":[{"embeddable":true,"href":"https:\/\/batijournal.com\/index.php\/wp-json\/wp\/v2\/comments?post=101526"}],"version-history":[{"count":0,"href":"https:\/\/batijournal.com\/index.php\/wp-json\/wp\/v2\/posts\/101526\/revisions"}],"wp:featuredmedia":[{"embeddable":true,"href":"https:\/\/batijournal.com\/index.php\/wp-json\/wp\/v2\/media\/101527"}],"wp:attachment":[{"href":"https:\/\/batijournal.com\/index.php\/wp-json\/wp\/v2\/media?parent=101526"}],"wp:term":[{"taxonomy":"category","embeddable":true,"href":"https:\/\/batijournal.com\/index.php\/wp-json\/wp\/v2\/categories?post=101526"},{"taxonomy":"post_tag","embeddable":true,"href":"https:\/\/batijournal.com\/index.php\/wp-json\/wp\/v2\/tags?post=101526"}],"curies":[{"name":"wp","href":"https:\/\/api.w.org\/{rel}","templated":true}]}}