{"id":101546,"date":"2019-02-21T07:43:48","date_gmt":"2019-02-21T06:43:48","guid":{"rendered":"https:\/\/batijournal.com\/?p=101546"},"modified":"2019-07-15T11:26:46","modified_gmt":"2019-07-15T09:26:46","slug":"renaissance-du-refuge-de-solaise","status":"publish","type":"post","link":"https:\/\/batijournal.com\/index.php\/renaissance-du-refuge-de-solaise\/101546\/","title":{"rendered":"Renaissance du refuge de Solaise"},"content":{"rendered":"<p>Perch\u00e9 \u00e0 2 551 m d\u2019altitude, le refuge de Solaise, ancienne gare de t\u00e9l\u00e9ph\u00e9rique de 1948 va renaitre gr\u00e2ce \u00e0 la volont\u00e9 et \u00e0 l\u2019imagination de deux hommes passionn\u00e9s, Jean Charles Covarel et Jean Claude Borrel. Des travaux pharaoniques ont d\u00e9but\u00e9 durant l&rsquo;\u00e9t\u00e9 2018 et devraient se terminer fin 2019. Une impressionnante fa\u00e7ade vitr\u00e9e toute d\u2019aluminium et de verre, initialement la grande ouverture de gare d\u2019arriv\u00e9e des cabines, accueille les visiteurs et permet de profiter d\u2019une luminosit\u00e9 exceptionnelle et d\u2019une vue \u00e0 couper le souffle. Le Refuge est pens\u00e9 autour de mat\u00e9riaux de construction nobles tels que la pierre, le bois\u2026 et l\u2019aluminium. C.P.B., entreprise lyonnaise retenue pour la construction de cet ensemble architectural, a opt\u00e9 pour les syst\u00e8mes Installux Aluminium pour les solutions de menuiseries et fa\u00e7ade. Les gammes Fen\u00eatre ESPACE 70TH et Fa\u00e7ade UNIVERS 54 associent l\u2019esth\u00e9tique et la technique de pointe, tout en r\u00e9pondant aux performances vis\u00e9es par le BBC et les labels HPE et THPE de la RT2012. La fa\u00e7ade rideau a su parfaitement s\u2019adapter \u00e0 ce projet hors norme, r\u00e9pondant aux contraintes techniques, notamment sur le dimensionnement des trames de la fa\u00e7ade, et d\u2019isolation au vue de son environnement et de sa situation g\u00e9ographique.<\/p>\n<p>Illustration 3D : Valentinstudio<\/p>\n<p>&nbsp;<\/p>\n","protected":false},"excerpt":{"rendered":"<p>Perch\u00e9 \u00e0 2 551 m d\u2019altitude, le refuge de Solaise, ancienne gare de t\u00e9l\u00e9ph\u00e9rique de 1948 va renaitre gr\u00e2ce \u00e0 la volont\u00e9 et \u00e0 l\u2019imagination de deux hommes passionn\u00e9s, Jean Charles Covarel et Jean Claude Borrel. Des travaux pharaoniques ont d\u00e9but\u00e9 durant l&rsquo;\u00e9t\u00e9 2018 et devraient se terminer fin 2019. Une impressionnante fa\u00e7ade vitr\u00e9e toute [&hellip;]<\/p>\n","protected":false},"author":17,"featured_media":101547,"comment_status":"closed","ping_status":"closed","sticky":false,"template":"","format":"standard","meta":{"_et_pb_use_builder":"","_et_pb_old_content":"","_et_gb_content_width":"","footnotes":""},"categories":[10530,6340,10771,10775],"tags":[12662],"class_list":["post-101546","post","type-post","status-publish","format-standard","has-post-thumbnail","hentry","category-actualites","category-architecture-conception","category-5facades","category-actualites-5facades","tag-facades-rideaux"],"yoast_head":"<!-- This site is optimized with the Yoast SEO plugin v27.4 - https:\/\/yoast.com\/product\/yoast-seo-wordpress\/ -->\n<title>Renaissance du refuge de Solaise<\/title>\n<meta name=\"description\" content=\"Perch\u00e9 \u00e0 2 551 m d\u2019altitude, le refuge de Solaise, ancienne gare de t\u00e9l\u00e9ph\u00e9rique de 1948 va renaitre gr\u00e2ce \u00e0 l\u2019imagination de deux hommes passionn\u00e9s\" \/>\n<meta name=\"robots\" content=\"index, follow, max-snippet:-1, max-image-preview:large, max-video-preview:-1\" \/>\n<link rel=\"canonical\" href=\"https:\/\/batijournal.com\/index.php\/renaissance-du-refuge-de-solaise\/101546\/\" \/>\n<meta property=\"og:locale\" content=\"fr_FR\" \/>\n<meta property=\"og:type\" content=\"article\" \/>\n<meta property=\"og:title\" content=\"Renaissance du refuge de Solaise\" \/>\n<meta property=\"og:description\" content=\"Perch\u00e9 \u00e0 2 551 m d\u2019altitude, le refuge de Solaise, ancienne gare de t\u00e9l\u00e9ph\u00e9rique de 1948 va renaitre gr\u00e2ce \u00e0 l\u2019imagination de deux hommes passionn\u00e9s\" \/>\n<meta property=\"og:url\" content=\"https:\/\/batijournal.com\/index.php\/renaissance-du-refuge-de-solaise\/101546\/\" \/>\n<meta property=\"og:site_name\" content=\"Batijournal\" \/>\n<meta property=\"article:published_time\" content=\"2019-02-21T06:43:48+00:00\" \/>\n<meta property=\"article:modified_time\" content=\"2019-07-15T09:26:46+00:00\" \/>\n<meta property=\"og:image\" content=\"https:\/\/batijournal.com\/wp-content\/uploads\/2019\/02\/refuge-de-Solaise.png\" \/>\n\t<meta property=\"og:image:width\" content=\"810\" \/>\n\t<meta property=\"og:image:height\" content=\"478\" \/>\n\t<meta property=\"og:image:type\" content=\"image\/png\" \/>\n<meta name=\"author\" content=\"St\u00e9phane Miget\" \/>\n<meta name=\"twitter:card\" content=\"summary_large_image\" \/>\n<meta name=\"twitter:creator\" content=\"@bati_journal\" \/>\n<meta name=\"twitter:site\" content=\"@bati_journal\" \/>\n<meta name=\"twitter:label1\" content=\"\u00c9crit par\" \/>\n\t<meta name=\"twitter:data1\" content=\"St\u00e9phane Miget\" \/>\n\t<meta name=\"twitter:label2\" content=\"Dur\u00e9e de lecture estim\u00e9e\" \/>\n\t<meta name=\"twitter:data2\" content=\"1 minute\" \/>\n<script type=\"application\/ld+json\" class=\"yoast-schema-graph\">{\"@context\":\"https:\\\/\\\/schema.org\",\"@graph\":[{\"@type\":\"Article\",\"@id\":\"https:\\\/\\\/batijournal.com\\\/index.php\\\/renaissance-du-refuge-de-solaise\\\/101546\\\/#article\",\"isPartOf\":{\"@id\":\"https:\\\/\\\/batijournal.com\\\/index.php\\\/renaissance-du-refuge-de-solaise\\\/101546\\\/\"},\"author\":{\"name\":\"St\u00e9phane Miget\",\"@id\":\"https:\\\/\\\/batijournal.com\\\/#\\\/schema\\\/person\\\/1dc96ec6957aa1ccb25ebe78bb19f100\"},\"headline\":\"Renaissance du refuge de Solaise\",\"datePublished\":\"2019-02-21T06:43:48+00:00\",\"dateModified\":\"2019-07-15T09:26:46+00:00\",\"mainEntityOfPage\":{\"@id\":\"https:\\\/\\\/batijournal.com\\\/index.php\\\/renaissance-du-refuge-de-solaise\\\/101546\\\/\"},\"wordCount\":231,\"image\":{\"@id\":\"https:\\\/\\\/batijournal.com\\\/index.php\\\/renaissance-du-refuge-de-solaise\\\/101546\\\/#primaryimage\"},\"thumbnailUrl\":\"https:\\\/\\\/batijournal.com\\\/wp-content\\\/uploads\\\/2019\\\/02\\\/refuge-de-Solaise.png\",\"keywords\":[\"fa\u00e7ades rideaux\"],\"articleSection\":[\"Actualit\u00e9s\",\"Architecture &amp; Conception\",\"zz_5fa\u00e7ades\",\"zz_Actualit\u00e9s - 5fa\u00e7ades\"],\"inLanguage\":\"fr-FR\"},{\"@type\":\"WebPage\",\"@id\":\"https:\\\/\\\/batijournal.com\\\/index.php\\\/renaissance-du-refuge-de-solaise\\\/101546\\\/\",\"url\":\"https:\\\/\\\/batijournal.com\\\/index.php\\\/renaissance-du-refuge-de-solaise\\\/101546\\\/\",\"name\":\"Renaissance du refuge de Solaise\",\"isPartOf\":{\"@id\":\"https:\\\/\\\/batijournal.com\\\/#website\"},\"primaryImageOfPage\":{\"@id\":\"https:\\\/\\\/batijournal.com\\\/index.php\\\/renaissance-du-refuge-de-solaise\\\/101546\\\/#primaryimage\"},\"image\":{\"@id\":\"https:\\\/\\\/batijournal.com\\\/index.php\\\/renaissance-du-refuge-de-solaise\\\/101546\\\/#primaryimage\"},\"thumbnailUrl\":\"https:\\\/\\\/batijournal.com\\\/wp-content\\\/uploads\\\/2019\\\/02\\\/refuge-de-Solaise.png\",\"datePublished\":\"2019-02-21T06:43:48+00:00\",\"dateModified\":\"2019-07-15T09:26:46+00:00\",\"author\":{\"@id\":\"https:\\\/\\\/batijournal.com\\\/#\\\/schema\\\/person\\\/1dc96ec6957aa1ccb25ebe78bb19f100\"},\"description\":\"Perch\u00e9 \u00e0 2 551 m d\u2019altitude, le refuge de Solaise, ancienne gare de t\u00e9l\u00e9ph\u00e9rique de 1948 va renaitre gr\u00e2ce \u00e0 l\u2019imagination de deux hommes passionn\u00e9s\",\"breadcrumb\":{\"@id\":\"https:\\\/\\\/batijournal.com\\\/index.php\\\/renaissance-du-refuge-de-solaise\\\/101546\\\/#breadcrumb\"},\"inLanguage\":\"fr-FR\",\"potentialAction\":[{\"@type\":\"ReadAction\",\"target\":[\"https:\\\/\\\/batijournal.com\\\/index.php\\\/renaissance-du-refuge-de-solaise\\\/101546\\\/\"]}]},{\"@type\":\"ImageObject\",\"inLanguage\":\"fr-FR\",\"@id\":\"https:\\\/\\\/batijournal.com\\\/index.php\\\/renaissance-du-refuge-de-solaise\\\/101546\\\/#primaryimage\",\"url\":\"https:\\\/\\\/batijournal.com\\\/wp-content\\\/uploads\\\/2019\\\/02\\\/refuge-de-Solaise.png\",\"contentUrl\":\"https:\\\/\\\/batijournal.com\\\/wp-content\\\/uploads\\\/2019\\\/02\\\/refuge-de-Solaise.png\",\"width\":810,\"height\":478},{\"@type\":\"BreadcrumbList\",\"@id\":\"https:\\\/\\\/batijournal.com\\\/index.php\\\/renaissance-du-refuge-de-solaise\\\/101546\\\/#breadcrumb\",\"itemListElement\":[{\"@type\":\"ListItem\",\"position\":1,\"name\":\"Accueil\",\"item\":\"https:\\\/\\\/batijournal.com\\\/\"},{\"@type\":\"ListItem\",\"position\":2,\"name\":\"Actualit\u00e9s\",\"item\":\"https:\\\/\\\/batijournal.com\\\/index.php\\\/category\\\/actualites\\\/\"},{\"@type\":\"ListItem\",\"position\":3,\"name\":\"Renaissance du refuge de Solaise\"}]},{\"@type\":\"WebSite\",\"@id\":\"https:\\\/\\\/batijournal.com\\\/#website\",\"url\":\"https:\\\/\\\/batijournal.com\\\/\",\"name\":\"Batijournal\",\"description\":\"L&#039;actualit\u00e9 du b\u00e2timent\",\"potentialAction\":[{\"@type\":\"SearchAction\",\"target\":{\"@type\":\"EntryPoint\",\"urlTemplate\":\"https:\\\/\\\/batijournal.com\\\/?s={search_term_string}\"},\"query-input\":{\"@type\":\"PropertyValueSpecification\",\"valueRequired\":true,\"valueName\":\"search_term_string\"}}],\"inLanguage\":\"fr-FR\"},{\"@type\":\"Person\",\"@id\":\"https:\\\/\\\/batijournal.com\\\/#\\\/schema\\\/person\\\/1dc96ec6957aa1ccb25ebe78bb19f100\",\"name\":\"St\u00e9phane Miget\",\"image\":{\"@type\":\"ImageObject\",\"inLanguage\":\"fr-FR\",\"@id\":\"https:\\\/\\\/secure.gravatar.com\\\/avatar\\\/89915563d925342126b8ef0281b93d9d7fc337043e8df017f780908eb9644451?s=96&d=mm&r=g\",\"url\":\"https:\\\/\\\/secure.gravatar.com\\\/avatar\\\/89915563d925342126b8ef0281b93d9d7fc337043e8df017f780908eb9644451?s=96&d=mm&r=g\",\"contentUrl\":\"https:\\\/\\\/secure.gravatar.com\\\/avatar\\\/89915563d925342126b8ef0281b93d9d7fc337043e8df017f780908eb9644451?s=96&d=mm&r=g\",\"caption\":\"St\u00e9phane Miget\"},\"url\":\"https:\\\/\\\/batijournal.com\\\/index.php\\\/author\\\/stephane\\\/\"}]}<\/script>\n<!-- \/ Yoast SEO plugin. -->","yoast_head_json":{"title":"Renaissance du refuge de Solaise","description":"Perch\u00e9 \u00e0 2 551 m d\u2019altitude, le refuge de Solaise, ancienne gare de t\u00e9l\u00e9ph\u00e9rique de 1948 va renaitre gr\u00e2ce \u00e0 l\u2019imagination de deux hommes passionn\u00e9s","robots":{"index":"index","follow":"follow","max-snippet":"max-snippet:-1","max-image-preview":"max-image-preview:large","max-video-preview":"max-video-preview:-1"},"canonical":"https:\/\/batijournal.com\/index.php\/renaissance-du-refuge-de-solaise\/101546\/","og_locale":"fr_FR","og_type":"article","og_title":"Renaissance du refuge de Solaise","og_description":"Perch\u00e9 \u00e0 2 551 m d\u2019altitude, le refuge de Solaise, ancienne gare de t\u00e9l\u00e9ph\u00e9rique de 1948 va renaitre gr\u00e2ce \u00e0 l\u2019imagination de deux hommes passionn\u00e9s","og_url":"https:\/\/batijournal.com\/index.php\/renaissance-du-refuge-de-solaise\/101546\/","og_site_name":"Batijournal","article_published_time":"2019-02-21T06:43:48+00:00","article_modified_time":"2019-07-15T09:26:46+00:00","og_image":[{"width":810,"height":478,"url":"https:\/\/batijournal.com\/wp-content\/uploads\/2019\/02\/refuge-de-Solaise.png","type":"image\/png"}],"author":"St\u00e9phane Miget","twitter_card":"summary_large_image","twitter_creator":"@bati_journal","twitter_site":"@bati_journal","twitter_misc":{"\u00c9crit par":"St\u00e9phane Miget","Dur\u00e9e de lecture estim\u00e9e":"1 minute"},"schema":{"@context":"https:\/\/schema.org","@graph":[{"@type":"Article","@id":"https:\/\/batijournal.com\/index.php\/renaissance-du-refuge-de-solaise\/101546\/#article","isPartOf":{"@id":"https:\/\/batijournal.com\/index.php\/renaissance-du-refuge-de-solaise\/101546\/"},"author":{"name":"St\u00e9phane Miget","@id":"https:\/\/batijournal.com\/#\/schema\/person\/1dc96ec6957aa1ccb25ebe78bb19f100"},"headline":"Renaissance du refuge de Solaise","datePublished":"2019-02-21T06:43:48+00:00","dateModified":"2019-07-15T09:26:46+00:00","mainEntityOfPage":{"@id":"https:\/\/batijournal.com\/index.php\/renaissance-du-refuge-de-solaise\/101546\/"},"wordCount":231,"image":{"@id":"https:\/\/batijournal.com\/index.php\/renaissance-du-refuge-de-solaise\/101546\/#primaryimage"},"thumbnailUrl":"https:\/\/batijournal.com\/wp-content\/uploads\/2019\/02\/refuge-de-Solaise.png","keywords":["fa\u00e7ades rideaux"],"articleSection":["Actualit\u00e9s","Architecture &amp; Conception","zz_5fa\u00e7ades","zz_Actualit\u00e9s - 5fa\u00e7ades"],"inLanguage":"fr-FR"},{"@type":"WebPage","@id":"https:\/\/batijournal.com\/index.php\/renaissance-du-refuge-de-solaise\/101546\/","url":"https:\/\/batijournal.com\/index.php\/renaissance-du-refuge-de-solaise\/101546\/","name":"Renaissance du refuge de Solaise","isPartOf":{"@id":"https:\/\/batijournal.com\/#website"},"primaryImageOfPage":{"@id":"https:\/\/batijournal.com\/index.php\/renaissance-du-refuge-de-solaise\/101546\/#primaryimage"},"image":{"@id":"https:\/\/batijournal.com\/index.php\/renaissance-du-refuge-de-solaise\/101546\/#primaryimage"},"thumbnailUrl":"https:\/\/batijournal.com\/wp-content\/uploads\/2019\/02\/refuge-de-Solaise.png","datePublished":"2019-02-21T06:43:48+00:00","dateModified":"2019-07-15T09:26:46+00:00","author":{"@id":"https:\/\/batijournal.com\/#\/schema\/person\/1dc96ec6957aa1ccb25ebe78bb19f100"},"description":"Perch\u00e9 \u00e0 2 551 m d\u2019altitude, le refuge de Solaise, ancienne gare de t\u00e9l\u00e9ph\u00e9rique de 1948 va renaitre gr\u00e2ce \u00e0 l\u2019imagination de deux hommes passionn\u00e9s","breadcrumb":{"@id":"https:\/\/batijournal.com\/index.php\/renaissance-du-refuge-de-solaise\/101546\/#breadcrumb"},"inLanguage":"fr-FR","potentialAction":[{"@type":"ReadAction","target":["https:\/\/batijournal.com\/index.php\/renaissance-du-refuge-de-solaise\/101546\/"]}]},{"@type":"ImageObject","inLanguage":"fr-FR","@id":"https:\/\/batijournal.com\/index.php\/renaissance-du-refuge-de-solaise\/101546\/#primaryimage","url":"https:\/\/batijournal.com\/wp-content\/uploads\/2019\/02\/refuge-de-Solaise.png","contentUrl":"https:\/\/batijournal.com\/wp-content\/uploads\/2019\/02\/refuge-de-Solaise.png","width":810,"height":478},{"@type":"BreadcrumbList","@id":"https:\/\/batijournal.com\/index.php\/renaissance-du-refuge-de-solaise\/101546\/#breadcrumb","itemListElement":[{"@type":"ListItem","position":1,"name":"Accueil","item":"https:\/\/batijournal.com\/"},{"@type":"ListItem","position":2,"name":"Actualit\u00e9s","item":"https:\/\/batijournal.com\/index.php\/category\/actualites\/"},{"@type":"ListItem","position":3,"name":"Renaissance du refuge de Solaise"}]},{"@type":"WebSite","@id":"https:\/\/batijournal.com\/#website","url":"https:\/\/batijournal.com\/","name":"Batijournal","description":"L&#039;actualit\u00e9 du b\u00e2timent","potentialAction":[{"@type":"SearchAction","target":{"@type":"EntryPoint","urlTemplate":"https:\/\/batijournal.com\/?s={search_term_string}"},"query-input":{"@type":"PropertyValueSpecification","valueRequired":true,"valueName":"search_term_string"}}],"inLanguage":"fr-FR"},{"@type":"Person","@id":"https:\/\/batijournal.com\/#\/schema\/person\/1dc96ec6957aa1ccb25ebe78bb19f100","name":"St\u00e9phane Miget","image":{"@type":"ImageObject","inLanguage":"fr-FR","@id":"https:\/\/secure.gravatar.com\/avatar\/89915563d925342126b8ef0281b93d9d7fc337043e8df017f780908eb9644451?s=96&d=mm&r=g","url":"https:\/\/secure.gravatar.com\/avatar\/89915563d925342126b8ef0281b93d9d7fc337043e8df017f780908eb9644451?s=96&d=mm&r=g","contentUrl":"https:\/\/secure.gravatar.com\/avatar\/89915563d925342126b8ef0281b93d9d7fc337043e8df017f780908eb9644451?s=96&d=mm&r=g","caption":"St\u00e9phane Miget"},"url":"https:\/\/batijournal.com\/index.php\/author\/stephane\/"}]}},"_links":{"self":[{"href":"https:\/\/batijournal.com\/index.php\/wp-json\/wp\/v2\/posts\/101546","targetHints":{"allow":["GET"]}}],"collection":[{"href":"https:\/\/batijournal.com\/index.php\/wp-json\/wp\/v2\/posts"}],"about":[{"href":"https:\/\/batijournal.com\/index.php\/wp-json\/wp\/v2\/types\/post"}],"author":[{"embeddable":true,"href":"https:\/\/batijournal.com\/index.php\/wp-json\/wp\/v2\/users\/17"}],"replies":[{"embeddable":true,"href":"https:\/\/batijournal.com\/index.php\/wp-json\/wp\/v2\/comments?post=101546"}],"version-history":[{"count":0,"href":"https:\/\/batijournal.com\/index.php\/wp-json\/wp\/v2\/posts\/101546\/revisions"}],"wp:featuredmedia":[{"embeddable":true,"href":"https:\/\/batijournal.com\/index.php\/wp-json\/wp\/v2\/media\/101547"}],"wp:attachment":[{"href":"https:\/\/batijournal.com\/index.php\/wp-json\/wp\/v2\/media?parent=101546"}],"wp:term":[{"taxonomy":"category","embeddable":true,"href":"https:\/\/batijournal.com\/index.php\/wp-json\/wp\/v2\/categories?post=101546"},{"taxonomy":"post_tag","embeddable":true,"href":"https:\/\/batijournal.com\/index.php\/wp-json\/wp\/v2\/tags?post=101546"}],"curies":[{"name":"wp","href":"https:\/\/api.w.org\/{rel}","templated":true}]}}