{"id":101565,"date":"2019-02-25T08:46:00","date_gmt":"2019-02-25T07:46:00","guid":{"rendered":"https:\/\/batijournal.com\/?p=101565"},"modified":"2019-07-15T12:01:54","modified_gmt":"2019-07-15T10:01:54","slug":"les-francais-et-la-question-du-logement-dans-le-cadre-du-grand-debat","status":"publish","type":"post","link":"https:\/\/batijournal.com\/index.php\/les-francais-et-la-question-du-logement-dans-le-cadre-du-grand-debat\/101565\/","title":{"rendered":"Les Fran\u00e7ais et la question du logement dans le cadre du Grand D\u00e9bat"},"content":{"rendered":"<p>L\u2019Union sociale pour l\u2019habitat a rendu public un sondage r\u00e9alis\u00e9 par Kantar Public portant sur la place du logement dans le Grand d\u00e9bat. Un tiers des Fran\u00e7ais (33%) cite le logement parmi les sujets qui les pr\u00e9occupent le plus lorsqu\u2019ils pensent \u00e0 leur situation personnelle. C\u2019est particuli\u00e8rement le cas des plus jeunes (43% aupr\u00e8s des moins de 35 ans) et des locataires (44%). Il est de plus un sujet de conversation important pour eux : 55% parlent parfois ou souvent de la situation du logement en France avec leurs proches. 3 Fran\u00e7ais sur 10 (29%) d\u00e9clarent par ailleurs \u00e9prouver des difficult\u00e9s \u00e0 faire face \u00e0 leurs loyers ou \u00e0 leurs remboursements d\u2019emprunt immobilier, un niveau qui s\u2019\u00e9l\u00e8ve \u00e0 45% chez les locataires. Plus sp\u00e9cifiquement, 44% des locataires du priv\u00e9 pensent qu\u2019ils pourraient avoir un jour besoin d\u2019un logement social.<\/p>\n<p><img loading=\"lazy\" decoding=\"async\" class=\"aligncenter size-large wp-image-101567\" src=\"https:\/\/batijournal.com\/wp-content\/uploads\/2019\/02\/difficultes-financieres-des-francais-logement-1024x512.png\" alt=\"\" width=\"960\" height=\"480\" srcset=\"https:\/\/batijournal.com\/wp-content\/uploads\/2019\/02\/difficultes-financieres-des-francais-logement-1024x512.png 1024w, https:\/\/batijournal.com\/wp-content\/uploads\/2019\/02\/difficultes-financieres-des-francais-logement-150x75.png 150w, https:\/\/batijournal.com\/wp-content\/uploads\/2019\/02\/difficultes-financieres-des-francais-logement-300x150.png 300w, https:\/\/batijournal.com\/wp-content\/uploads\/2019\/02\/difficultes-financieres-des-francais-logement-768x384.png 768w, https:\/\/batijournal.com\/wp-content\/uploads\/2019\/02\/difficultes-financieres-des-francais-logement-600x300.png 600w, https:\/\/batijournal.com\/wp-content\/uploads\/2019\/02\/difficultes-financieres-des-francais-logement-1080x540.png 1080w, https:\/\/batijournal.com\/wp-content\/uploads\/2019\/02\/difficultes-financieres-des-francais-logement.png 1201w\" sizes=\"(max-width: 960px) 100vw, 960px\" \/><\/p>\n<p><strong>Des Fran\u00e7ais plut\u00f4t insatisfaits de l\u2019action des pouvoirs publics en mati\u00e8re de logement<\/strong><br \/>\nLa majorit\u00e9 des Fran\u00e7ais (61%) juge l\u2019action des pouvoirs publics insatisfaisante dans le domaine du logement. Ils expriment des avis partag\u00e9s sur la situation du logement en France dans les ann\u00e9es \u00e0 venir : 33% consid\u00e8rent que la situation va se d\u00e9grader, 28% qu\u2019elle va s\u2019am\u00e9liorer et 33% pensent que la situation va rester sans changement. Plus de la moiti\u00e9 des Fran\u00e7ais (54%) estiment par ailleurs que l\u2019Etat et les collectivit\u00e9s territoriales devraient investir plus dans le logement.<\/p>\n<p><strong>Grand d\u00e9bat et logement, un th\u00e8me absent ou mal trait\u00e9 par le Gouvernement<\/strong><br \/>\nPour deux tiers des Fran\u00e7ais (65%), la th\u00e9matique du logement a \u00e9t\u00e9 insuffisamment abord\u00e9e dans le cadre du Grand d\u00e9bat national. Parall\u00e8lement, 52% des Fran\u00e7ais consid\u00e8rent qu\u2019aborder ce th\u00e8me sous l\u2019angle des \u00e9conomies que devraient r\u00e9aliser l\u2019Etat et les collectivit\u00e9s locales n\u2019est pas la bonne mani\u00e8re de le faire. A rebours de l\u2019angle adopt\u00e9 dans le questionnaire gouvernemental, qui cible explicitement \u00ab la politique du logement \u00bb comme source d\u2019\u00e9conomies, 54% des Fran\u00e7ais consid\u00e8rent qu\u2019il faudrait investir plus dans le logement, et 35% \u00ab autant \u00bb.<\/p>\n<p>Source graphiques : USH &#8211; Kantar Public<\/p>\n<p>&nbsp;<\/p>\n","protected":false},"excerpt":{"rendered":"<p>L\u2019Union sociale pour l\u2019habitat a rendu public un sondage r\u00e9alis\u00e9 par Kantar Public portant sur la place du logement dans le Grand d\u00e9bat. Un tiers des Fran\u00e7ais (33%) cite le logement parmi les sujets qui les pr\u00e9occupent le plus lorsqu\u2019ils pensent \u00e0 leur situation personnelle. C\u2019est particuli\u00e8rement le cas des plus jeunes (43% aupr\u00e8s des [&hellip;]<\/p>\n","protected":false},"author":17,"featured_media":101566,"comment_status":"closed","ping_status":"closed","sticky":false,"template":"","format":"standard","meta":{"_et_pb_use_builder":"","_et_pb_old_content":"","_et_gb_content_width":"","footnotes":""},"categories":[10736,10530,6345],"tags":[12701],"class_list":["post-101565","post","type-post","status-publish","format-standard","has-post-thumbnail","hentry","category-a-la-une","category-actualites","category-economie-marches","tag-grand-debat"],"yoast_head":"<!-- This site is optimized with the Yoast SEO plugin v27.4 - https:\/\/yoast.com\/product\/yoast-seo-wordpress\/ -->\n<title>Les Fran\u00e7ais et la question du logement dans le cadre du Grand D\u00e9bat<\/title>\n<meta name=\"description\" content=\"L\u2019Union sociale pour l\u2019habitat a rendu public un sondage r\u00e9alis\u00e9 par Kantar Public portant sur la place du logement dans le Grand d\u00e9bat\" \/>\n<meta name=\"robots\" content=\"index, follow, max-snippet:-1, max-image-preview:large, max-video-preview:-1\" \/>\n<link rel=\"canonical\" href=\"https:\/\/batijournal.com\/index.php\/les-francais-et-la-question-du-logement-dans-le-cadre-du-grand-debat\/101565\/\" \/>\n<meta property=\"og:locale\" content=\"fr_FR\" \/>\n<meta property=\"og:type\" content=\"article\" \/>\n<meta property=\"og:title\" content=\"Les Fran\u00e7ais et la question du logement dans le cadre du Grand D\u00e9bat\" \/>\n<meta property=\"og:description\" content=\"L\u2019Union sociale pour l\u2019habitat a rendu public un sondage r\u00e9alis\u00e9 par Kantar Public portant sur la place du logement dans le Grand d\u00e9bat\" \/>\n<meta property=\"og:url\" content=\"https:\/\/batijournal.com\/index.php\/les-francais-et-la-question-du-logement-dans-le-cadre-du-grand-debat\/101565\/\" \/>\n<meta property=\"og:site_name\" content=\"Batijournal\" \/>\n<meta property=\"article:published_time\" content=\"2019-02-25T07:46:00+00:00\" \/>\n<meta property=\"article:modified_time\" content=\"2019-07-15T10:01:54+00:00\" \/>\n<meta property=\"og:image\" content=\"https:\/\/batijournal.com\/wp-content\/uploads\/2019\/02\/action-des-pouvoirs-publics-logement.png\" \/>\n\t<meta property=\"og:image:width\" content=\"1201\" \/>\n\t<meta property=\"og:image:height\" content=\"605\" \/>\n\t<meta property=\"og:image:type\" content=\"image\/png\" \/>\n<meta name=\"author\" content=\"St\u00e9phane Miget\" \/>\n<meta name=\"twitter:card\" content=\"summary_large_image\" \/>\n<meta name=\"twitter:creator\" content=\"@bati_journal\" \/>\n<meta name=\"twitter:site\" content=\"@bati_journal\" \/>\n<meta name=\"twitter:label1\" content=\"\u00c9crit par\" \/>\n\t<meta name=\"twitter:data1\" content=\"St\u00e9phane Miget\" \/>\n\t<meta name=\"twitter:label2\" content=\"Dur\u00e9e de lecture estim\u00e9e\" \/>\n\t<meta name=\"twitter:data2\" content=\"2 minutes\" \/>\n<script type=\"application\/ld+json\" class=\"yoast-schema-graph\">{\"@context\":\"https:\\\/\\\/schema.org\",\"@graph\":[{\"@type\":\"Article\",\"@id\":\"https:\\\/\\\/batijournal.com\\\/index.php\\\/les-francais-et-la-question-du-logement-dans-le-cadre-du-grand-debat\\\/101565\\\/#article\",\"isPartOf\":{\"@id\":\"https:\\\/\\\/batijournal.com\\\/index.php\\\/les-francais-et-la-question-du-logement-dans-le-cadre-du-grand-debat\\\/101565\\\/\"},\"author\":{\"name\":\"St\u00e9phane Miget\",\"@id\":\"https:\\\/\\\/batijournal.com\\\/#\\\/schema\\\/person\\\/1dc96ec6957aa1ccb25ebe78bb19f100\"},\"headline\":\"Les Fran\u00e7ais et la question du logement dans le cadre du Grand D\u00e9bat\",\"datePublished\":\"2019-02-25T07:46:00+00:00\",\"dateModified\":\"2019-07-15T10:01:54+00:00\",\"mainEntityOfPage\":{\"@id\":\"https:\\\/\\\/batijournal.com\\\/index.php\\\/les-francais-et-la-question-du-logement-dans-le-cadre-du-grand-debat\\\/101565\\\/\"},\"wordCount\":377,\"image\":{\"@id\":\"https:\\\/\\\/batijournal.com\\\/index.php\\\/les-francais-et-la-question-du-logement-dans-le-cadre-du-grand-debat\\\/101565\\\/#primaryimage\"},\"thumbnailUrl\":\"https:\\\/\\\/batijournal.com\\\/wp-content\\\/uploads\\\/2019\\\/02\\\/action-des-pouvoirs-publics-logement.png\",\"keywords\":[\"grand d\u00e9bat\"],\"articleSection\":[\"A la Une\",\"Actualit\u00e9s\",\"\u00c9conomie &amp; March\u00e9s\"],\"inLanguage\":\"fr-FR\"},{\"@type\":\"WebPage\",\"@id\":\"https:\\\/\\\/batijournal.com\\\/index.php\\\/les-francais-et-la-question-du-logement-dans-le-cadre-du-grand-debat\\\/101565\\\/\",\"url\":\"https:\\\/\\\/batijournal.com\\\/index.php\\\/les-francais-et-la-question-du-logement-dans-le-cadre-du-grand-debat\\\/101565\\\/\",\"name\":\"Les Fran\u00e7ais et la question du logement dans le cadre du Grand D\u00e9bat\",\"isPartOf\":{\"@id\":\"https:\\\/\\\/batijournal.com\\\/#website\"},\"primaryImageOfPage\":{\"@id\":\"https:\\\/\\\/batijournal.com\\\/index.php\\\/les-francais-et-la-question-du-logement-dans-le-cadre-du-grand-debat\\\/101565\\\/#primaryimage\"},\"image\":{\"@id\":\"https:\\\/\\\/batijournal.com\\\/index.php\\\/les-francais-et-la-question-du-logement-dans-le-cadre-du-grand-debat\\\/101565\\\/#primaryimage\"},\"thumbnailUrl\":\"https:\\\/\\\/batijournal.com\\\/wp-content\\\/uploads\\\/2019\\\/02\\\/action-des-pouvoirs-publics-logement.png\",\"datePublished\":\"2019-02-25T07:46:00+00:00\",\"dateModified\":\"2019-07-15T10:01:54+00:00\",\"author\":{\"@id\":\"https:\\\/\\\/batijournal.com\\\/#\\\/schema\\\/person\\\/1dc96ec6957aa1ccb25ebe78bb19f100\"},\"description\":\"L\u2019Union sociale pour l\u2019habitat a rendu public un sondage r\u00e9alis\u00e9 par Kantar Public portant sur la place du logement dans le Grand d\u00e9bat\",\"breadcrumb\":{\"@id\":\"https:\\\/\\\/batijournal.com\\\/index.php\\\/les-francais-et-la-question-du-logement-dans-le-cadre-du-grand-debat\\\/101565\\\/#breadcrumb\"},\"inLanguage\":\"fr-FR\",\"potentialAction\":[{\"@type\":\"ReadAction\",\"target\":[\"https:\\\/\\\/batijournal.com\\\/index.php\\\/les-francais-et-la-question-du-logement-dans-le-cadre-du-grand-debat\\\/101565\\\/\"]}]},{\"@type\":\"ImageObject\",\"inLanguage\":\"fr-FR\",\"@id\":\"https:\\\/\\\/batijournal.com\\\/index.php\\\/les-francais-et-la-question-du-logement-dans-le-cadre-du-grand-debat\\\/101565\\\/#primaryimage\",\"url\":\"https:\\\/\\\/batijournal.com\\\/wp-content\\\/uploads\\\/2019\\\/02\\\/action-des-pouvoirs-publics-logement.png\",\"contentUrl\":\"https:\\\/\\\/batijournal.com\\\/wp-content\\\/uploads\\\/2019\\\/02\\\/action-des-pouvoirs-publics-logement.png\",\"width\":1201,\"height\":605},{\"@type\":\"BreadcrumbList\",\"@id\":\"https:\\\/\\\/batijournal.com\\\/index.php\\\/les-francais-et-la-question-du-logement-dans-le-cadre-du-grand-debat\\\/101565\\\/#breadcrumb\",\"itemListElement\":[{\"@type\":\"ListItem\",\"position\":1,\"name\":\"Accueil\",\"item\":\"https:\\\/\\\/batijournal.com\\\/\"},{\"@type\":\"ListItem\",\"position\":2,\"name\":\"A la Une\",\"item\":\"https:\\\/\\\/batijournal.com\\\/index.php\\\/category\\\/a-la-une\\\/\"},{\"@type\":\"ListItem\",\"position\":3,\"name\":\"Les Fran\u00e7ais et la question du logement dans le cadre du Grand D\u00e9bat\"}]},{\"@type\":\"WebSite\",\"@id\":\"https:\\\/\\\/batijournal.com\\\/#website\",\"url\":\"https:\\\/\\\/batijournal.com\\\/\",\"name\":\"Batijournal\",\"description\":\"L&#039;actualit\u00e9 du b\u00e2timent\",\"potentialAction\":[{\"@type\":\"SearchAction\",\"target\":{\"@type\":\"EntryPoint\",\"urlTemplate\":\"https:\\\/\\\/batijournal.com\\\/?s={search_term_string}\"},\"query-input\":{\"@type\":\"PropertyValueSpecification\",\"valueRequired\":true,\"valueName\":\"search_term_string\"}}],\"inLanguage\":\"fr-FR\"},{\"@type\":\"Person\",\"@id\":\"https:\\\/\\\/batijournal.com\\\/#\\\/schema\\\/person\\\/1dc96ec6957aa1ccb25ebe78bb19f100\",\"name\":\"St\u00e9phane Miget\",\"image\":{\"@type\":\"ImageObject\",\"inLanguage\":\"fr-FR\",\"@id\":\"https:\\\/\\\/secure.gravatar.com\\\/avatar\\\/89915563d925342126b8ef0281b93d9d7fc337043e8df017f780908eb9644451?s=96&d=mm&r=g\",\"url\":\"https:\\\/\\\/secure.gravatar.com\\\/avatar\\\/89915563d925342126b8ef0281b93d9d7fc337043e8df017f780908eb9644451?s=96&d=mm&r=g\",\"contentUrl\":\"https:\\\/\\\/secure.gravatar.com\\\/avatar\\\/89915563d925342126b8ef0281b93d9d7fc337043e8df017f780908eb9644451?s=96&d=mm&r=g\",\"caption\":\"St\u00e9phane Miget\"},\"url\":\"https:\\\/\\\/batijournal.com\\\/index.php\\\/author\\\/stephane\\\/\"}]}<\/script>\n<!-- \/ Yoast SEO plugin. -->","yoast_head_json":{"title":"Les Fran\u00e7ais et la question du logement dans le cadre du Grand D\u00e9bat","description":"L\u2019Union sociale pour l\u2019habitat a rendu public un sondage r\u00e9alis\u00e9 par Kantar Public portant sur la place du logement dans le Grand d\u00e9bat","robots":{"index":"index","follow":"follow","max-snippet":"max-snippet:-1","max-image-preview":"max-image-preview:large","max-video-preview":"max-video-preview:-1"},"canonical":"https:\/\/batijournal.com\/index.php\/les-francais-et-la-question-du-logement-dans-le-cadre-du-grand-debat\/101565\/","og_locale":"fr_FR","og_type":"article","og_title":"Les Fran\u00e7ais et la question du logement dans le cadre du Grand D\u00e9bat","og_description":"L\u2019Union sociale pour l\u2019habitat a rendu public un sondage r\u00e9alis\u00e9 par Kantar Public portant sur la place du logement dans le Grand d\u00e9bat","og_url":"https:\/\/batijournal.com\/index.php\/les-francais-et-la-question-du-logement-dans-le-cadre-du-grand-debat\/101565\/","og_site_name":"Batijournal","article_published_time":"2019-02-25T07:46:00+00:00","article_modified_time":"2019-07-15T10:01:54+00:00","og_image":[{"width":1201,"height":605,"url":"https:\/\/batijournal.com\/wp-content\/uploads\/2019\/02\/action-des-pouvoirs-publics-logement.png","type":"image\/png"}],"author":"St\u00e9phane Miget","twitter_card":"summary_large_image","twitter_creator":"@bati_journal","twitter_site":"@bati_journal","twitter_misc":{"\u00c9crit par":"St\u00e9phane Miget","Dur\u00e9e de lecture estim\u00e9e":"2 minutes"},"schema":{"@context":"https:\/\/schema.org","@graph":[{"@type":"Article","@id":"https:\/\/batijournal.com\/index.php\/les-francais-et-la-question-du-logement-dans-le-cadre-du-grand-debat\/101565\/#article","isPartOf":{"@id":"https:\/\/batijournal.com\/index.php\/les-francais-et-la-question-du-logement-dans-le-cadre-du-grand-debat\/101565\/"},"author":{"name":"St\u00e9phane Miget","@id":"https:\/\/batijournal.com\/#\/schema\/person\/1dc96ec6957aa1ccb25ebe78bb19f100"},"headline":"Les Fran\u00e7ais et la question du logement dans le cadre du Grand D\u00e9bat","datePublished":"2019-02-25T07:46:00+00:00","dateModified":"2019-07-15T10:01:54+00:00","mainEntityOfPage":{"@id":"https:\/\/batijournal.com\/index.php\/les-francais-et-la-question-du-logement-dans-le-cadre-du-grand-debat\/101565\/"},"wordCount":377,"image":{"@id":"https:\/\/batijournal.com\/index.php\/les-francais-et-la-question-du-logement-dans-le-cadre-du-grand-debat\/101565\/#primaryimage"},"thumbnailUrl":"https:\/\/batijournal.com\/wp-content\/uploads\/2019\/02\/action-des-pouvoirs-publics-logement.png","keywords":["grand d\u00e9bat"],"articleSection":["A la Une","Actualit\u00e9s","\u00c9conomie &amp; March\u00e9s"],"inLanguage":"fr-FR"},{"@type":"WebPage","@id":"https:\/\/batijournal.com\/index.php\/les-francais-et-la-question-du-logement-dans-le-cadre-du-grand-debat\/101565\/","url":"https:\/\/batijournal.com\/index.php\/les-francais-et-la-question-du-logement-dans-le-cadre-du-grand-debat\/101565\/","name":"Les Fran\u00e7ais et la question du logement dans le cadre du Grand D\u00e9bat","isPartOf":{"@id":"https:\/\/batijournal.com\/#website"},"primaryImageOfPage":{"@id":"https:\/\/batijournal.com\/index.php\/les-francais-et-la-question-du-logement-dans-le-cadre-du-grand-debat\/101565\/#primaryimage"},"image":{"@id":"https:\/\/batijournal.com\/index.php\/les-francais-et-la-question-du-logement-dans-le-cadre-du-grand-debat\/101565\/#primaryimage"},"thumbnailUrl":"https:\/\/batijournal.com\/wp-content\/uploads\/2019\/02\/action-des-pouvoirs-publics-logement.png","datePublished":"2019-02-25T07:46:00+00:00","dateModified":"2019-07-15T10:01:54+00:00","author":{"@id":"https:\/\/batijournal.com\/#\/schema\/person\/1dc96ec6957aa1ccb25ebe78bb19f100"},"description":"L\u2019Union sociale pour l\u2019habitat a rendu public un sondage r\u00e9alis\u00e9 par Kantar Public portant sur la place du logement dans le Grand d\u00e9bat","breadcrumb":{"@id":"https:\/\/batijournal.com\/index.php\/les-francais-et-la-question-du-logement-dans-le-cadre-du-grand-debat\/101565\/#breadcrumb"},"inLanguage":"fr-FR","potentialAction":[{"@type":"ReadAction","target":["https:\/\/batijournal.com\/index.php\/les-francais-et-la-question-du-logement-dans-le-cadre-du-grand-debat\/101565\/"]}]},{"@type":"ImageObject","inLanguage":"fr-FR","@id":"https:\/\/batijournal.com\/index.php\/les-francais-et-la-question-du-logement-dans-le-cadre-du-grand-debat\/101565\/#primaryimage","url":"https:\/\/batijournal.com\/wp-content\/uploads\/2019\/02\/action-des-pouvoirs-publics-logement.png","contentUrl":"https:\/\/batijournal.com\/wp-content\/uploads\/2019\/02\/action-des-pouvoirs-publics-logement.png","width":1201,"height":605},{"@type":"BreadcrumbList","@id":"https:\/\/batijournal.com\/index.php\/les-francais-et-la-question-du-logement-dans-le-cadre-du-grand-debat\/101565\/#breadcrumb","itemListElement":[{"@type":"ListItem","position":1,"name":"Accueil","item":"https:\/\/batijournal.com\/"},{"@type":"ListItem","position":2,"name":"A la Une","item":"https:\/\/batijournal.com\/index.php\/category\/a-la-une\/"},{"@type":"ListItem","position":3,"name":"Les Fran\u00e7ais et la question du logement dans le cadre du Grand D\u00e9bat"}]},{"@type":"WebSite","@id":"https:\/\/batijournal.com\/#website","url":"https:\/\/batijournal.com\/","name":"Batijournal","description":"L&#039;actualit\u00e9 du b\u00e2timent","potentialAction":[{"@type":"SearchAction","target":{"@type":"EntryPoint","urlTemplate":"https:\/\/batijournal.com\/?s={search_term_string}"},"query-input":{"@type":"PropertyValueSpecification","valueRequired":true,"valueName":"search_term_string"}}],"inLanguage":"fr-FR"},{"@type":"Person","@id":"https:\/\/batijournal.com\/#\/schema\/person\/1dc96ec6957aa1ccb25ebe78bb19f100","name":"St\u00e9phane Miget","image":{"@type":"ImageObject","inLanguage":"fr-FR","@id":"https:\/\/secure.gravatar.com\/avatar\/89915563d925342126b8ef0281b93d9d7fc337043e8df017f780908eb9644451?s=96&d=mm&r=g","url":"https:\/\/secure.gravatar.com\/avatar\/89915563d925342126b8ef0281b93d9d7fc337043e8df017f780908eb9644451?s=96&d=mm&r=g","contentUrl":"https:\/\/secure.gravatar.com\/avatar\/89915563d925342126b8ef0281b93d9d7fc337043e8df017f780908eb9644451?s=96&d=mm&r=g","caption":"St\u00e9phane Miget"},"url":"https:\/\/batijournal.com\/index.php\/author\/stephane\/"}]}},"_links":{"self":[{"href":"https:\/\/batijournal.com\/index.php\/wp-json\/wp\/v2\/posts\/101565","targetHints":{"allow":["GET"]}}],"collection":[{"href":"https:\/\/batijournal.com\/index.php\/wp-json\/wp\/v2\/posts"}],"about":[{"href":"https:\/\/batijournal.com\/index.php\/wp-json\/wp\/v2\/types\/post"}],"author":[{"embeddable":true,"href":"https:\/\/batijournal.com\/index.php\/wp-json\/wp\/v2\/users\/17"}],"replies":[{"embeddable":true,"href":"https:\/\/batijournal.com\/index.php\/wp-json\/wp\/v2\/comments?post=101565"}],"version-history":[{"count":0,"href":"https:\/\/batijournal.com\/index.php\/wp-json\/wp\/v2\/posts\/101565\/revisions"}],"wp:featuredmedia":[{"embeddable":true,"href":"https:\/\/batijournal.com\/index.php\/wp-json\/wp\/v2\/media\/101566"}],"wp:attachment":[{"href":"https:\/\/batijournal.com\/index.php\/wp-json\/wp\/v2\/media?parent=101565"}],"wp:term":[{"taxonomy":"category","embeddable":true,"href":"https:\/\/batijournal.com\/index.php\/wp-json\/wp\/v2\/categories?post=101565"},{"taxonomy":"post_tag","embeddable":true,"href":"https:\/\/batijournal.com\/index.php\/wp-json\/wp\/v2\/tags?post=101565"}],"curies":[{"name":"wp","href":"https:\/\/api.w.org\/{rel}","templated":true}]}}