{"id":101592,"date":"2019-02-28T08:28:32","date_gmt":"2019-02-28T07:28:32","guid":{"rendered":"https:\/\/batijournal.com\/?p=101592"},"modified":"2019-07-15T12:12:56","modified_gmt":"2019-07-15T10:12:56","slug":"nouvelle-directrice-commerciale-france-de-vm-building-solutions","status":"publish","type":"post","link":"https:\/\/batijournal.com\/index.php\/nouvelle-directrice-commerciale-france-de-vm-building-solutions\/101592\/","title":{"rendered":"Nouvelle directrice commerciale france de VM Building Solutions"},"content":{"rendered":"<p>Suite au d\u00e9part \u00e0 la retraite de Philippe Dumas, Olivia Largeteau a \u00e9t\u00e9 nomm\u00e9e Directrice Commerciale pour la France de VM BUILDING SOLUTIONS, entit\u00e9 qui commercialise les solutions zinc VMZINC et les membranes d\u2019\u00e9tanch\u00e9it\u00e9 EPDM. Riche d\u2019une exp\u00e9rience professionnelle de plus de 24 ans au sein de VMZINC, elle poss\u00e8de une solide connaissance du march\u00e9. Sa polyvalence, acquise \u00e0 travers ses diff\u00e9rents postes exerc\u00e9s dans le commerce international, le marketing ou encore le support, constitue un v\u00e9ritable atout. Avec une \u00e9quipe de pr\u00e8s de quarante commerciaux et techniciens, elle a pour ambition de promouvoir la compl\u00e9mentarit\u00e9 des deux offres zinc et EPDM de l\u2019entreprise, et de d\u00e9velopper leur usage. Elle souhaite \u00e9galement positionner VM BUILDING SOLUTIONS\u00aecomme un r\u00e9f\u00e9rent et un partenaire incontournable sur le march\u00e9 de l\u2019enveloppe du b\u00e2timent.<\/p>\n","protected":false},"excerpt":{"rendered":"<p>Suite au d\u00e9part \u00e0 la retraite de Philippe Dumas, Olivia Largeteau a \u00e9t\u00e9 nomm\u00e9e Directrice Commerciale pour la France de VM BUILDING SOLUTIONS, entit\u00e9 qui commercialise les solutions zinc VMZINC et les membranes d\u2019\u00e9tanch\u00e9it\u00e9 EPDM. Riche d\u2019une exp\u00e9rience professionnelle de plus de 24 ans au sein de VMZINC, elle poss\u00e8de une solide connaissance du march\u00e9. [&hellip;]<\/p>\n","protected":false},"author":17,"featured_media":101594,"comment_status":"closed","ping_status":"closed","sticky":false,"template":"","format":"standard","meta":{"_et_pb_use_builder":"","_et_pb_old_content":"","_et_gb_content_width":"","footnotes":""},"categories":[6345,10771],"tags":[126],"class_list":["post-101592","post","type-post","status-publish","format-standard","has-post-thumbnail","hentry","category-economie-marches","category-5facades","tag-facade"],"yoast_head":"<!-- This site is optimized with the Yoast SEO plugin v27.4 - https:\/\/yoast.com\/product\/yoast-seo-wordpress\/ -->\n<title>VM Building Solutions : Olivia Largeteau, nouvelle directrice commerciale<\/title>\n<meta name=\"description\" content=\"Suite au d\u00e9part \u00e0 la retraite de Philippe Dumas, Olivia Largeteau a \u00e9t\u00e9 nomm\u00e9e Directrice Commerciale pour la France de VM BUILDING SOLUTIONS\" \/>\n<meta name=\"robots\" content=\"index, follow, max-snippet:-1, max-image-preview:large, max-video-preview:-1\" \/>\n<link rel=\"canonical\" href=\"https:\/\/batijournal.com\/index.php\/nouvelle-directrice-commerciale-france-de-vm-building-solutions\/101592\/\" \/>\n<meta property=\"og:locale\" content=\"fr_FR\" \/>\n<meta property=\"og:type\" content=\"article\" \/>\n<meta property=\"og:title\" content=\"VM Building Solutions : Olivia Largeteau, nouvelle directrice commerciale\" \/>\n<meta property=\"og:description\" content=\"Suite au d\u00e9part \u00e0 la retraite de Philippe Dumas, Olivia Largeteau a \u00e9t\u00e9 nomm\u00e9e Directrice Commerciale pour la France de VM BUILDING SOLUTIONS\" \/>\n<meta property=\"og:url\" content=\"https:\/\/batijournal.com\/index.php\/nouvelle-directrice-commerciale-france-de-vm-building-solutions\/101592\/\" \/>\n<meta property=\"og:site_name\" content=\"Batijournal\" \/>\n<meta property=\"article:published_time\" content=\"2019-02-28T07:28:32+00:00\" \/>\n<meta property=\"article:modified_time\" content=\"2019-07-15T10:12:56+00:00\" \/>\n<meta property=\"og:image\" content=\"https:\/\/batijournal.com\/wp-content\/uploads\/2019\/02\/Olivia-Largeteau.png\" \/>\n\t<meta property=\"og:image:width\" content=\"318\" \/>\n\t<meta property=\"og:image:height\" content=\"372\" \/>\n\t<meta property=\"og:image:type\" content=\"image\/png\" \/>\n<meta name=\"author\" content=\"St\u00e9phane Miget\" \/>\n<meta name=\"twitter:card\" content=\"summary_large_image\" \/>\n<meta name=\"twitter:creator\" content=\"@bati_journal\" \/>\n<meta name=\"twitter:site\" content=\"@bati_journal\" \/>\n<meta name=\"twitter:label1\" content=\"\u00c9crit par\" \/>\n\t<meta name=\"twitter:data1\" content=\"St\u00e9phane Miget\" \/>\n\t<meta name=\"twitter:label2\" content=\"Dur\u00e9e de lecture estim\u00e9e\" \/>\n\t<meta name=\"twitter:data2\" content=\"1 minute\" \/>\n<script type=\"application\/ld+json\" class=\"yoast-schema-graph\">{\"@context\":\"https:\\\/\\\/schema.org\",\"@graph\":[{\"@type\":\"Article\",\"@id\":\"https:\\\/\\\/batijournal.com\\\/index.php\\\/nouvelle-directrice-commerciale-france-de-vm-building-solutions\\\/101592\\\/#article\",\"isPartOf\":{\"@id\":\"https:\\\/\\\/batijournal.com\\\/index.php\\\/nouvelle-directrice-commerciale-france-de-vm-building-solutions\\\/101592\\\/\"},\"author\":{\"name\":\"St\u00e9phane Miget\",\"@id\":\"https:\\\/\\\/batijournal.com\\\/#\\\/schema\\\/person\\\/1dc96ec6957aa1ccb25ebe78bb19f100\"},\"headline\":\"Nouvelle directrice commerciale france de VM Building Solutions\",\"datePublished\":\"2019-02-28T07:28:32+00:00\",\"dateModified\":\"2019-07-15T10:12:56+00:00\",\"mainEntityOfPage\":{\"@id\":\"https:\\\/\\\/batijournal.com\\\/index.php\\\/nouvelle-directrice-commerciale-france-de-vm-building-solutions\\\/101592\\\/\"},\"wordCount\":153,\"image\":{\"@id\":\"https:\\\/\\\/batijournal.com\\\/index.php\\\/nouvelle-directrice-commerciale-france-de-vm-building-solutions\\\/101592\\\/#primaryimage\"},\"thumbnailUrl\":\"https:\\\/\\\/batijournal.com\\\/wp-content\\\/uploads\\\/2019\\\/02\\\/Olivia-Largeteau.png\",\"keywords\":[\"fa\u00e7ade\"],\"articleSection\":[\"\u00c9conomie &amp; March\u00e9s\",\"zz_5fa\u00e7ades\"],\"inLanguage\":\"fr-FR\"},{\"@type\":\"WebPage\",\"@id\":\"https:\\\/\\\/batijournal.com\\\/index.php\\\/nouvelle-directrice-commerciale-france-de-vm-building-solutions\\\/101592\\\/\",\"url\":\"https:\\\/\\\/batijournal.com\\\/index.php\\\/nouvelle-directrice-commerciale-france-de-vm-building-solutions\\\/101592\\\/\",\"name\":\"VM Building Solutions : Olivia Largeteau, nouvelle directrice commerciale\",\"isPartOf\":{\"@id\":\"https:\\\/\\\/batijournal.com\\\/#website\"},\"primaryImageOfPage\":{\"@id\":\"https:\\\/\\\/batijournal.com\\\/index.php\\\/nouvelle-directrice-commerciale-france-de-vm-building-solutions\\\/101592\\\/#primaryimage\"},\"image\":{\"@id\":\"https:\\\/\\\/batijournal.com\\\/index.php\\\/nouvelle-directrice-commerciale-france-de-vm-building-solutions\\\/101592\\\/#primaryimage\"},\"thumbnailUrl\":\"https:\\\/\\\/batijournal.com\\\/wp-content\\\/uploads\\\/2019\\\/02\\\/Olivia-Largeteau.png\",\"datePublished\":\"2019-02-28T07:28:32+00:00\",\"dateModified\":\"2019-07-15T10:12:56+00:00\",\"author\":{\"@id\":\"https:\\\/\\\/batijournal.com\\\/#\\\/schema\\\/person\\\/1dc96ec6957aa1ccb25ebe78bb19f100\"},\"description\":\"Suite au d\u00e9part \u00e0 la retraite de Philippe Dumas, Olivia Largeteau a \u00e9t\u00e9 nomm\u00e9e Directrice Commerciale pour la France de VM BUILDING SOLUTIONS\",\"breadcrumb\":{\"@id\":\"https:\\\/\\\/batijournal.com\\\/index.php\\\/nouvelle-directrice-commerciale-france-de-vm-building-solutions\\\/101592\\\/#breadcrumb\"},\"inLanguage\":\"fr-FR\",\"potentialAction\":[{\"@type\":\"ReadAction\",\"target\":[\"https:\\\/\\\/batijournal.com\\\/index.php\\\/nouvelle-directrice-commerciale-france-de-vm-building-solutions\\\/101592\\\/\"]}]},{\"@type\":\"ImageObject\",\"inLanguage\":\"fr-FR\",\"@id\":\"https:\\\/\\\/batijournal.com\\\/index.php\\\/nouvelle-directrice-commerciale-france-de-vm-building-solutions\\\/101592\\\/#primaryimage\",\"url\":\"https:\\\/\\\/batijournal.com\\\/wp-content\\\/uploads\\\/2019\\\/02\\\/Olivia-Largeteau.png\",\"contentUrl\":\"https:\\\/\\\/batijournal.com\\\/wp-content\\\/uploads\\\/2019\\\/02\\\/Olivia-Largeteau.png\",\"width\":318,\"height\":372,\"caption\":\"VM Building Solutions Olivia Largeteau directrice commerciale\"},{\"@type\":\"BreadcrumbList\",\"@id\":\"https:\\\/\\\/batijournal.com\\\/index.php\\\/nouvelle-directrice-commerciale-france-de-vm-building-solutions\\\/101592\\\/#breadcrumb\",\"itemListElement\":[{\"@type\":\"ListItem\",\"position\":1,\"name\":\"Accueil\",\"item\":\"https:\\\/\\\/batijournal.com\\\/\"},{\"@type\":\"ListItem\",\"position\":2,\"name\":\"Actualit\u00e9s\",\"item\":\"https:\\\/\\\/batijournal.com\\\/index.php\\\/category\\\/actualites\\\/\"},{\"@type\":\"ListItem\",\"position\":3,\"name\":\"\u00c9conomie &amp; March\u00e9s\",\"item\":\"https:\\\/\\\/batijournal.com\\\/index.php\\\/category\\\/actualites\\\/economie-marches\\\/\"},{\"@type\":\"ListItem\",\"position\":4,\"name\":\"Nouvelle directrice commerciale france de VM Building Solutions\"}]},{\"@type\":\"WebSite\",\"@id\":\"https:\\\/\\\/batijournal.com\\\/#website\",\"url\":\"https:\\\/\\\/batijournal.com\\\/\",\"name\":\"Batijournal\",\"description\":\"L&#039;actualit\u00e9 du b\u00e2timent\",\"potentialAction\":[{\"@type\":\"SearchAction\",\"target\":{\"@type\":\"EntryPoint\",\"urlTemplate\":\"https:\\\/\\\/batijournal.com\\\/?s={search_term_string}\"},\"query-input\":{\"@type\":\"PropertyValueSpecification\",\"valueRequired\":true,\"valueName\":\"search_term_string\"}}],\"inLanguage\":\"fr-FR\"},{\"@type\":\"Person\",\"@id\":\"https:\\\/\\\/batijournal.com\\\/#\\\/schema\\\/person\\\/1dc96ec6957aa1ccb25ebe78bb19f100\",\"name\":\"St\u00e9phane Miget\",\"image\":{\"@type\":\"ImageObject\",\"inLanguage\":\"fr-FR\",\"@id\":\"https:\\\/\\\/secure.gravatar.com\\\/avatar\\\/89915563d925342126b8ef0281b93d9d7fc337043e8df017f780908eb9644451?s=96&d=mm&r=g\",\"url\":\"https:\\\/\\\/secure.gravatar.com\\\/avatar\\\/89915563d925342126b8ef0281b93d9d7fc337043e8df017f780908eb9644451?s=96&d=mm&r=g\",\"contentUrl\":\"https:\\\/\\\/secure.gravatar.com\\\/avatar\\\/89915563d925342126b8ef0281b93d9d7fc337043e8df017f780908eb9644451?s=96&d=mm&r=g\",\"caption\":\"St\u00e9phane Miget\"},\"url\":\"https:\\\/\\\/batijournal.com\\\/index.php\\\/author\\\/stephane\\\/\"}]}<\/script>\n<!-- \/ Yoast SEO plugin. -->","yoast_head_json":{"title":"VM Building Solutions : Olivia Largeteau, nouvelle directrice commerciale","description":"Suite au d\u00e9part \u00e0 la retraite de Philippe Dumas, Olivia Largeteau a \u00e9t\u00e9 nomm\u00e9e Directrice Commerciale pour la France de VM BUILDING SOLUTIONS","robots":{"index":"index","follow":"follow","max-snippet":"max-snippet:-1","max-image-preview":"max-image-preview:large","max-video-preview":"max-video-preview:-1"},"canonical":"https:\/\/batijournal.com\/index.php\/nouvelle-directrice-commerciale-france-de-vm-building-solutions\/101592\/","og_locale":"fr_FR","og_type":"article","og_title":"VM Building Solutions : Olivia Largeteau, nouvelle directrice commerciale","og_description":"Suite au d\u00e9part \u00e0 la retraite de Philippe Dumas, Olivia Largeteau a \u00e9t\u00e9 nomm\u00e9e Directrice Commerciale pour la France de VM BUILDING SOLUTIONS","og_url":"https:\/\/batijournal.com\/index.php\/nouvelle-directrice-commerciale-france-de-vm-building-solutions\/101592\/","og_site_name":"Batijournal","article_published_time":"2019-02-28T07:28:32+00:00","article_modified_time":"2019-07-15T10:12:56+00:00","og_image":[{"width":318,"height":372,"url":"https:\/\/batijournal.com\/wp-content\/uploads\/2019\/02\/Olivia-Largeteau.png","type":"image\/png"}],"author":"St\u00e9phane Miget","twitter_card":"summary_large_image","twitter_creator":"@bati_journal","twitter_site":"@bati_journal","twitter_misc":{"\u00c9crit par":"St\u00e9phane Miget","Dur\u00e9e de lecture estim\u00e9e":"1 minute"},"schema":{"@context":"https:\/\/schema.org","@graph":[{"@type":"Article","@id":"https:\/\/batijournal.com\/index.php\/nouvelle-directrice-commerciale-france-de-vm-building-solutions\/101592\/#article","isPartOf":{"@id":"https:\/\/batijournal.com\/index.php\/nouvelle-directrice-commerciale-france-de-vm-building-solutions\/101592\/"},"author":{"name":"St\u00e9phane Miget","@id":"https:\/\/batijournal.com\/#\/schema\/person\/1dc96ec6957aa1ccb25ebe78bb19f100"},"headline":"Nouvelle directrice commerciale france de VM Building Solutions","datePublished":"2019-02-28T07:28:32+00:00","dateModified":"2019-07-15T10:12:56+00:00","mainEntityOfPage":{"@id":"https:\/\/batijournal.com\/index.php\/nouvelle-directrice-commerciale-france-de-vm-building-solutions\/101592\/"},"wordCount":153,"image":{"@id":"https:\/\/batijournal.com\/index.php\/nouvelle-directrice-commerciale-france-de-vm-building-solutions\/101592\/#primaryimage"},"thumbnailUrl":"https:\/\/batijournal.com\/wp-content\/uploads\/2019\/02\/Olivia-Largeteau.png","keywords":["fa\u00e7ade"],"articleSection":["\u00c9conomie &amp; March\u00e9s","zz_5fa\u00e7ades"],"inLanguage":"fr-FR"},{"@type":"WebPage","@id":"https:\/\/batijournal.com\/index.php\/nouvelle-directrice-commerciale-france-de-vm-building-solutions\/101592\/","url":"https:\/\/batijournal.com\/index.php\/nouvelle-directrice-commerciale-france-de-vm-building-solutions\/101592\/","name":"VM Building Solutions : Olivia Largeteau, nouvelle directrice commerciale","isPartOf":{"@id":"https:\/\/batijournal.com\/#website"},"primaryImageOfPage":{"@id":"https:\/\/batijournal.com\/index.php\/nouvelle-directrice-commerciale-france-de-vm-building-solutions\/101592\/#primaryimage"},"image":{"@id":"https:\/\/batijournal.com\/index.php\/nouvelle-directrice-commerciale-france-de-vm-building-solutions\/101592\/#primaryimage"},"thumbnailUrl":"https:\/\/batijournal.com\/wp-content\/uploads\/2019\/02\/Olivia-Largeteau.png","datePublished":"2019-02-28T07:28:32+00:00","dateModified":"2019-07-15T10:12:56+00:00","author":{"@id":"https:\/\/batijournal.com\/#\/schema\/person\/1dc96ec6957aa1ccb25ebe78bb19f100"},"description":"Suite au d\u00e9part \u00e0 la retraite de Philippe Dumas, Olivia Largeteau a \u00e9t\u00e9 nomm\u00e9e Directrice Commerciale pour la France de VM BUILDING SOLUTIONS","breadcrumb":{"@id":"https:\/\/batijournal.com\/index.php\/nouvelle-directrice-commerciale-france-de-vm-building-solutions\/101592\/#breadcrumb"},"inLanguage":"fr-FR","potentialAction":[{"@type":"ReadAction","target":["https:\/\/batijournal.com\/index.php\/nouvelle-directrice-commerciale-france-de-vm-building-solutions\/101592\/"]}]},{"@type":"ImageObject","inLanguage":"fr-FR","@id":"https:\/\/batijournal.com\/index.php\/nouvelle-directrice-commerciale-france-de-vm-building-solutions\/101592\/#primaryimage","url":"https:\/\/batijournal.com\/wp-content\/uploads\/2019\/02\/Olivia-Largeteau.png","contentUrl":"https:\/\/batijournal.com\/wp-content\/uploads\/2019\/02\/Olivia-Largeteau.png","width":318,"height":372,"caption":"VM Building Solutions Olivia Largeteau directrice commerciale"},{"@type":"BreadcrumbList","@id":"https:\/\/batijournal.com\/index.php\/nouvelle-directrice-commerciale-france-de-vm-building-solutions\/101592\/#breadcrumb","itemListElement":[{"@type":"ListItem","position":1,"name":"Accueil","item":"https:\/\/batijournal.com\/"},{"@type":"ListItem","position":2,"name":"Actualit\u00e9s","item":"https:\/\/batijournal.com\/index.php\/category\/actualites\/"},{"@type":"ListItem","position":3,"name":"\u00c9conomie &amp; March\u00e9s","item":"https:\/\/batijournal.com\/index.php\/category\/actualites\/economie-marches\/"},{"@type":"ListItem","position":4,"name":"Nouvelle directrice commerciale france de VM Building Solutions"}]},{"@type":"WebSite","@id":"https:\/\/batijournal.com\/#website","url":"https:\/\/batijournal.com\/","name":"Batijournal","description":"L&#039;actualit\u00e9 du b\u00e2timent","potentialAction":[{"@type":"SearchAction","target":{"@type":"EntryPoint","urlTemplate":"https:\/\/batijournal.com\/?s={search_term_string}"},"query-input":{"@type":"PropertyValueSpecification","valueRequired":true,"valueName":"search_term_string"}}],"inLanguage":"fr-FR"},{"@type":"Person","@id":"https:\/\/batijournal.com\/#\/schema\/person\/1dc96ec6957aa1ccb25ebe78bb19f100","name":"St\u00e9phane Miget","image":{"@type":"ImageObject","inLanguage":"fr-FR","@id":"https:\/\/secure.gravatar.com\/avatar\/89915563d925342126b8ef0281b93d9d7fc337043e8df017f780908eb9644451?s=96&d=mm&r=g","url":"https:\/\/secure.gravatar.com\/avatar\/89915563d925342126b8ef0281b93d9d7fc337043e8df017f780908eb9644451?s=96&d=mm&r=g","contentUrl":"https:\/\/secure.gravatar.com\/avatar\/89915563d925342126b8ef0281b93d9d7fc337043e8df017f780908eb9644451?s=96&d=mm&r=g","caption":"St\u00e9phane Miget"},"url":"https:\/\/batijournal.com\/index.php\/author\/stephane\/"}]}},"_links":{"self":[{"href":"https:\/\/batijournal.com\/index.php\/wp-json\/wp\/v2\/posts\/101592","targetHints":{"allow":["GET"]}}],"collection":[{"href":"https:\/\/batijournal.com\/index.php\/wp-json\/wp\/v2\/posts"}],"about":[{"href":"https:\/\/batijournal.com\/index.php\/wp-json\/wp\/v2\/types\/post"}],"author":[{"embeddable":true,"href":"https:\/\/batijournal.com\/index.php\/wp-json\/wp\/v2\/users\/17"}],"replies":[{"embeddable":true,"href":"https:\/\/batijournal.com\/index.php\/wp-json\/wp\/v2\/comments?post=101592"}],"version-history":[{"count":0,"href":"https:\/\/batijournal.com\/index.php\/wp-json\/wp\/v2\/posts\/101592\/revisions"}],"wp:featuredmedia":[{"embeddable":true,"href":"https:\/\/batijournal.com\/index.php\/wp-json\/wp\/v2\/media\/101594"}],"wp:attachment":[{"href":"https:\/\/batijournal.com\/index.php\/wp-json\/wp\/v2\/media?parent=101592"}],"wp:term":[{"taxonomy":"category","embeddable":true,"href":"https:\/\/batijournal.com\/index.php\/wp-json\/wp\/v2\/categories?post=101592"},{"taxonomy":"post_tag","embeddable":true,"href":"https:\/\/batijournal.com\/index.php\/wp-json\/wp\/v2\/tags?post=101592"}],"curies":[{"name":"wp","href":"https:\/\/api.w.org\/{rel}","templated":true}]}}