{"id":101595,"date":"2019-02-28T08:32:04","date_gmt":"2019-02-28T07:32:04","guid":{"rendered":"https:\/\/batijournal.com\/?p=101595"},"modified":"2019-07-15T12:12:56","modified_gmt":"2019-07-15T10:12:56","slug":"patrick-destang-est-nomme-directeur-general-du-groupe-onduline","status":"publish","type":"post","link":"https:\/\/batijournal.com\/index.php\/patrick-destang-est-nomme-directeur-general-du-groupe-onduline\/101595\/","title":{"rendered":"Patrick Destang est nomm\u00e9 Directeur G\u00e9n\u00e9ral du Groupe Onduline"},"content":{"rendered":"<p>Patrick Destang affiche plus de 28 ans d\u2019exp\u00e9rience au sein d\u2019entreprises de mat\u00e9riaux de construction, tant dans la fabrication que dans la distribution professionnelle. Il a pass\u00e9 10 ans chez Saint-Gobain (Isover, Ecophon) et 14 ans chez Terreal (l\u2019un des leaders fran\u00e7ais des tuiles en terre cuite). Depuis 2015, il \u00e9tait PDG de Frans Bonhomme, distributeur de mat\u00e9riaux de construction (CA annuel : 650 millions d\u2019euros). Il a \u00e9galement travaill\u00e9 pour le Boston Consulting Group (BCG) et une start-up Internet dans le secteur de la construction.<\/p>\n","protected":false},"excerpt":{"rendered":"<p>Patrick Destang affiche plus de 28 ans d\u2019exp\u00e9rience au sein d\u2019entreprises de mat\u00e9riaux de construction, tant dans la fabrication que dans la distribution professionnelle. Il a pass\u00e9 10 ans chez Saint-Gobain (Isover, Ecophon) et 14 ans chez Terreal (l\u2019un des leaders fran\u00e7ais des tuiles en terre cuite). Depuis 2015, il \u00e9tait PDG de Frans Bonhomme, [&hellip;]<\/p>\n","protected":false},"author":17,"featured_media":101596,"comment_status":"closed","ping_status":"closed","sticky":false,"template":"","format":"standard","meta":{"_et_pb_use_builder":"","_et_pb_old_content":"","_et_gb_content_width":"","footnotes":""},"categories":[6345,10771],"tags":[126],"class_list":["post-101595","post","type-post","status-publish","format-standard","has-post-thumbnail","hentry","category-economie-marches","category-5facades","tag-facade"],"yoast_head":"<!-- This site is optimized with the Yoast SEO plugin v27.4 - https:\/\/yoast.com\/product\/yoast-seo-wordpress\/ -->\n<title>Patrick Destang est nomm\u00e9 Directeur G\u00e9n\u00e9ral du Groupe Onduline<\/title>\n<meta name=\"description\" content=\"Patrick Destang est nomm\u00e9 Directeur G\u00e9n\u00e9ral du Groupe Onduline, plus de 28 ans d\u2019exp\u00e9rience au sein d\u2019entreprises de mat\u00e9riaux de construction\" \/>\n<meta name=\"robots\" content=\"index, follow, max-snippet:-1, max-image-preview:large, max-video-preview:-1\" \/>\n<link rel=\"canonical\" href=\"https:\/\/batijournal.com\/index.php\/patrick-destang-est-nomme-directeur-general-du-groupe-onduline\/101595\/\" \/>\n<meta property=\"og:locale\" content=\"fr_FR\" \/>\n<meta property=\"og:type\" content=\"article\" \/>\n<meta property=\"og:title\" content=\"Patrick Destang est nomm\u00e9 Directeur G\u00e9n\u00e9ral du Groupe Onduline\" \/>\n<meta property=\"og:description\" content=\"Patrick Destang est nomm\u00e9 Directeur G\u00e9n\u00e9ral du Groupe Onduline, plus de 28 ans d\u2019exp\u00e9rience au sein d\u2019entreprises de mat\u00e9riaux de construction\" \/>\n<meta property=\"og:url\" content=\"https:\/\/batijournal.com\/index.php\/patrick-destang-est-nomme-directeur-general-du-groupe-onduline\/101595\/\" \/>\n<meta property=\"og:site_name\" content=\"Batijournal\" \/>\n<meta property=\"article:published_time\" content=\"2019-02-28T07:32:04+00:00\" \/>\n<meta property=\"article:modified_time\" content=\"2019-07-15T10:12:56+00:00\" \/>\n<meta property=\"og:image\" content=\"https:\/\/batijournal.com\/wp-content\/uploads\/2019\/02\/ONDULINE_Destang-Patrick-directeur-general.jpg\" \/>\n\t<meta property=\"og:image:width\" content=\"381\" \/>\n\t<meta property=\"og:image:height\" content=\"567\" \/>\n\t<meta property=\"og:image:type\" content=\"image\/jpeg\" \/>\n<meta name=\"author\" content=\"St\u00e9phane Miget\" \/>\n<meta name=\"twitter:card\" content=\"summary_large_image\" \/>\n<meta name=\"twitter:creator\" content=\"@bati_journal\" \/>\n<meta name=\"twitter:site\" content=\"@bati_journal\" \/>\n<meta name=\"twitter:label1\" content=\"\u00c9crit par\" \/>\n\t<meta name=\"twitter:data1\" content=\"St\u00e9phane Miget\" \/>\n<script type=\"application\/ld+json\" class=\"yoast-schema-graph\">{\"@context\":\"https:\\\/\\\/schema.org\",\"@graph\":[{\"@type\":\"Article\",\"@id\":\"https:\\\/\\\/batijournal.com\\\/index.php\\\/patrick-destang-est-nomme-directeur-general-du-groupe-onduline\\\/101595\\\/#article\",\"isPartOf\":{\"@id\":\"https:\\\/\\\/batijournal.com\\\/index.php\\\/patrick-destang-est-nomme-directeur-general-du-groupe-onduline\\\/101595\\\/\"},\"author\":{\"name\":\"St\u00e9phane Miget\",\"@id\":\"https:\\\/\\\/batijournal.com\\\/#\\\/schema\\\/person\\\/1dc96ec6957aa1ccb25ebe78bb19f100\"},\"headline\":\"Patrick Destang est nomm\u00e9 Directeur G\u00e9n\u00e9ral du Groupe Onduline\",\"datePublished\":\"2019-02-28T07:32:04+00:00\",\"dateModified\":\"2019-07-15T10:12:56+00:00\",\"mainEntityOfPage\":{\"@id\":\"https:\\\/\\\/batijournal.com\\\/index.php\\\/patrick-destang-est-nomme-directeur-general-du-groupe-onduline\\\/101595\\\/\"},\"wordCount\":99,\"image\":{\"@id\":\"https:\\\/\\\/batijournal.com\\\/index.php\\\/patrick-destang-est-nomme-directeur-general-du-groupe-onduline\\\/101595\\\/#primaryimage\"},\"thumbnailUrl\":\"https:\\\/\\\/batijournal.com\\\/wp-content\\\/uploads\\\/2019\\\/02\\\/ONDULINE_Destang-Patrick-directeur-general.jpg\",\"keywords\":[\"fa\u00e7ade\"],\"articleSection\":[\"\u00c9conomie &amp; March\u00e9s\",\"zz_5fa\u00e7ades\"],\"inLanguage\":\"fr-FR\"},{\"@type\":\"WebPage\",\"@id\":\"https:\\\/\\\/batijournal.com\\\/index.php\\\/patrick-destang-est-nomme-directeur-general-du-groupe-onduline\\\/101595\\\/\",\"url\":\"https:\\\/\\\/batijournal.com\\\/index.php\\\/patrick-destang-est-nomme-directeur-general-du-groupe-onduline\\\/101595\\\/\",\"name\":\"Patrick Destang est nomm\u00e9 Directeur G\u00e9n\u00e9ral du Groupe Onduline\",\"isPartOf\":{\"@id\":\"https:\\\/\\\/batijournal.com\\\/#website\"},\"primaryImageOfPage\":{\"@id\":\"https:\\\/\\\/batijournal.com\\\/index.php\\\/patrick-destang-est-nomme-directeur-general-du-groupe-onduline\\\/101595\\\/#primaryimage\"},\"image\":{\"@id\":\"https:\\\/\\\/batijournal.com\\\/index.php\\\/patrick-destang-est-nomme-directeur-general-du-groupe-onduline\\\/101595\\\/#primaryimage\"},\"thumbnailUrl\":\"https:\\\/\\\/batijournal.com\\\/wp-content\\\/uploads\\\/2019\\\/02\\\/ONDULINE_Destang-Patrick-directeur-general.jpg\",\"datePublished\":\"2019-02-28T07:32:04+00:00\",\"dateModified\":\"2019-07-15T10:12:56+00:00\",\"author\":{\"@id\":\"https:\\\/\\\/batijournal.com\\\/#\\\/schema\\\/person\\\/1dc96ec6957aa1ccb25ebe78bb19f100\"},\"description\":\"Patrick Destang est nomm\u00e9 Directeur G\u00e9n\u00e9ral du Groupe Onduline, plus de 28 ans d\u2019exp\u00e9rience au sein d\u2019entreprises de mat\u00e9riaux de construction\",\"breadcrumb\":{\"@id\":\"https:\\\/\\\/batijournal.com\\\/index.php\\\/patrick-destang-est-nomme-directeur-general-du-groupe-onduline\\\/101595\\\/#breadcrumb\"},\"inLanguage\":\"fr-FR\",\"potentialAction\":[{\"@type\":\"ReadAction\",\"target\":[\"https:\\\/\\\/batijournal.com\\\/index.php\\\/patrick-destang-est-nomme-directeur-general-du-groupe-onduline\\\/101595\\\/\"]}]},{\"@type\":\"ImageObject\",\"inLanguage\":\"fr-FR\",\"@id\":\"https:\\\/\\\/batijournal.com\\\/index.php\\\/patrick-destang-est-nomme-directeur-general-du-groupe-onduline\\\/101595\\\/#primaryimage\",\"url\":\"https:\\\/\\\/batijournal.com\\\/wp-content\\\/uploads\\\/2019\\\/02\\\/ONDULINE_Destang-Patrick-directeur-general.jpg\",\"contentUrl\":\"https:\\\/\\\/batijournal.com\\\/wp-content\\\/uploads\\\/2019\\\/02\\\/ONDULINE_Destang-Patrick-directeur-general.jpg\",\"width\":381,\"height\":567},{\"@type\":\"BreadcrumbList\",\"@id\":\"https:\\\/\\\/batijournal.com\\\/index.php\\\/patrick-destang-est-nomme-directeur-general-du-groupe-onduline\\\/101595\\\/#breadcrumb\",\"itemListElement\":[{\"@type\":\"ListItem\",\"position\":1,\"name\":\"Accueil\",\"item\":\"https:\\\/\\\/batijournal.com\\\/\"},{\"@type\":\"ListItem\",\"position\":2,\"name\":\"Actualit\u00e9s\",\"item\":\"https:\\\/\\\/batijournal.com\\\/index.php\\\/category\\\/actualites\\\/\"},{\"@type\":\"ListItem\",\"position\":3,\"name\":\"\u00c9conomie &amp; March\u00e9s\",\"item\":\"https:\\\/\\\/batijournal.com\\\/index.php\\\/category\\\/actualites\\\/economie-marches\\\/\"},{\"@type\":\"ListItem\",\"position\":4,\"name\":\"Patrick Destang est nomm\u00e9 Directeur G\u00e9n\u00e9ral du Groupe Onduline\"}]},{\"@type\":\"WebSite\",\"@id\":\"https:\\\/\\\/batijournal.com\\\/#website\",\"url\":\"https:\\\/\\\/batijournal.com\\\/\",\"name\":\"Batijournal\",\"description\":\"L&#039;actualit\u00e9 du b\u00e2timent\",\"potentialAction\":[{\"@type\":\"SearchAction\",\"target\":{\"@type\":\"EntryPoint\",\"urlTemplate\":\"https:\\\/\\\/batijournal.com\\\/?s={search_term_string}\"},\"query-input\":{\"@type\":\"PropertyValueSpecification\",\"valueRequired\":true,\"valueName\":\"search_term_string\"}}],\"inLanguage\":\"fr-FR\"},{\"@type\":\"Person\",\"@id\":\"https:\\\/\\\/batijournal.com\\\/#\\\/schema\\\/person\\\/1dc96ec6957aa1ccb25ebe78bb19f100\",\"name\":\"St\u00e9phane Miget\",\"image\":{\"@type\":\"ImageObject\",\"inLanguage\":\"fr-FR\",\"@id\":\"https:\\\/\\\/secure.gravatar.com\\\/avatar\\\/89915563d925342126b8ef0281b93d9d7fc337043e8df017f780908eb9644451?s=96&d=mm&r=g\",\"url\":\"https:\\\/\\\/secure.gravatar.com\\\/avatar\\\/89915563d925342126b8ef0281b93d9d7fc337043e8df017f780908eb9644451?s=96&d=mm&r=g\",\"contentUrl\":\"https:\\\/\\\/secure.gravatar.com\\\/avatar\\\/89915563d925342126b8ef0281b93d9d7fc337043e8df017f780908eb9644451?s=96&d=mm&r=g\",\"caption\":\"St\u00e9phane Miget\"},\"url\":\"https:\\\/\\\/batijournal.com\\\/index.php\\\/author\\\/stephane\\\/\"}]}<\/script>\n<!-- \/ Yoast SEO plugin. -->","yoast_head_json":{"title":"Patrick Destang est nomm\u00e9 Directeur G\u00e9n\u00e9ral du Groupe Onduline","description":"Patrick Destang est nomm\u00e9 Directeur G\u00e9n\u00e9ral du Groupe Onduline, plus de 28 ans d\u2019exp\u00e9rience au sein d\u2019entreprises de mat\u00e9riaux de construction","robots":{"index":"index","follow":"follow","max-snippet":"max-snippet:-1","max-image-preview":"max-image-preview:large","max-video-preview":"max-video-preview:-1"},"canonical":"https:\/\/batijournal.com\/index.php\/patrick-destang-est-nomme-directeur-general-du-groupe-onduline\/101595\/","og_locale":"fr_FR","og_type":"article","og_title":"Patrick Destang est nomm\u00e9 Directeur G\u00e9n\u00e9ral du Groupe Onduline","og_description":"Patrick Destang est nomm\u00e9 Directeur G\u00e9n\u00e9ral du Groupe Onduline, plus de 28 ans d\u2019exp\u00e9rience au sein d\u2019entreprises de mat\u00e9riaux de construction","og_url":"https:\/\/batijournal.com\/index.php\/patrick-destang-est-nomme-directeur-general-du-groupe-onduline\/101595\/","og_site_name":"Batijournal","article_published_time":"2019-02-28T07:32:04+00:00","article_modified_time":"2019-07-15T10:12:56+00:00","og_image":[{"width":381,"height":567,"url":"https:\/\/batijournal.com\/wp-content\/uploads\/2019\/02\/ONDULINE_Destang-Patrick-directeur-general.jpg","type":"image\/jpeg"}],"author":"St\u00e9phane Miget","twitter_card":"summary_large_image","twitter_creator":"@bati_journal","twitter_site":"@bati_journal","twitter_misc":{"\u00c9crit par":"St\u00e9phane Miget"},"schema":{"@context":"https:\/\/schema.org","@graph":[{"@type":"Article","@id":"https:\/\/batijournal.com\/index.php\/patrick-destang-est-nomme-directeur-general-du-groupe-onduline\/101595\/#article","isPartOf":{"@id":"https:\/\/batijournal.com\/index.php\/patrick-destang-est-nomme-directeur-general-du-groupe-onduline\/101595\/"},"author":{"name":"St\u00e9phane Miget","@id":"https:\/\/batijournal.com\/#\/schema\/person\/1dc96ec6957aa1ccb25ebe78bb19f100"},"headline":"Patrick Destang est nomm\u00e9 Directeur G\u00e9n\u00e9ral du Groupe Onduline","datePublished":"2019-02-28T07:32:04+00:00","dateModified":"2019-07-15T10:12:56+00:00","mainEntityOfPage":{"@id":"https:\/\/batijournal.com\/index.php\/patrick-destang-est-nomme-directeur-general-du-groupe-onduline\/101595\/"},"wordCount":99,"image":{"@id":"https:\/\/batijournal.com\/index.php\/patrick-destang-est-nomme-directeur-general-du-groupe-onduline\/101595\/#primaryimage"},"thumbnailUrl":"https:\/\/batijournal.com\/wp-content\/uploads\/2019\/02\/ONDULINE_Destang-Patrick-directeur-general.jpg","keywords":["fa\u00e7ade"],"articleSection":["\u00c9conomie &amp; March\u00e9s","zz_5fa\u00e7ades"],"inLanguage":"fr-FR"},{"@type":"WebPage","@id":"https:\/\/batijournal.com\/index.php\/patrick-destang-est-nomme-directeur-general-du-groupe-onduline\/101595\/","url":"https:\/\/batijournal.com\/index.php\/patrick-destang-est-nomme-directeur-general-du-groupe-onduline\/101595\/","name":"Patrick Destang est nomm\u00e9 Directeur G\u00e9n\u00e9ral du Groupe Onduline","isPartOf":{"@id":"https:\/\/batijournal.com\/#website"},"primaryImageOfPage":{"@id":"https:\/\/batijournal.com\/index.php\/patrick-destang-est-nomme-directeur-general-du-groupe-onduline\/101595\/#primaryimage"},"image":{"@id":"https:\/\/batijournal.com\/index.php\/patrick-destang-est-nomme-directeur-general-du-groupe-onduline\/101595\/#primaryimage"},"thumbnailUrl":"https:\/\/batijournal.com\/wp-content\/uploads\/2019\/02\/ONDULINE_Destang-Patrick-directeur-general.jpg","datePublished":"2019-02-28T07:32:04+00:00","dateModified":"2019-07-15T10:12:56+00:00","author":{"@id":"https:\/\/batijournal.com\/#\/schema\/person\/1dc96ec6957aa1ccb25ebe78bb19f100"},"description":"Patrick Destang est nomm\u00e9 Directeur G\u00e9n\u00e9ral du Groupe Onduline, plus de 28 ans d\u2019exp\u00e9rience au sein d\u2019entreprises de mat\u00e9riaux de construction","breadcrumb":{"@id":"https:\/\/batijournal.com\/index.php\/patrick-destang-est-nomme-directeur-general-du-groupe-onduline\/101595\/#breadcrumb"},"inLanguage":"fr-FR","potentialAction":[{"@type":"ReadAction","target":["https:\/\/batijournal.com\/index.php\/patrick-destang-est-nomme-directeur-general-du-groupe-onduline\/101595\/"]}]},{"@type":"ImageObject","inLanguage":"fr-FR","@id":"https:\/\/batijournal.com\/index.php\/patrick-destang-est-nomme-directeur-general-du-groupe-onduline\/101595\/#primaryimage","url":"https:\/\/batijournal.com\/wp-content\/uploads\/2019\/02\/ONDULINE_Destang-Patrick-directeur-general.jpg","contentUrl":"https:\/\/batijournal.com\/wp-content\/uploads\/2019\/02\/ONDULINE_Destang-Patrick-directeur-general.jpg","width":381,"height":567},{"@type":"BreadcrumbList","@id":"https:\/\/batijournal.com\/index.php\/patrick-destang-est-nomme-directeur-general-du-groupe-onduline\/101595\/#breadcrumb","itemListElement":[{"@type":"ListItem","position":1,"name":"Accueil","item":"https:\/\/batijournal.com\/"},{"@type":"ListItem","position":2,"name":"Actualit\u00e9s","item":"https:\/\/batijournal.com\/index.php\/category\/actualites\/"},{"@type":"ListItem","position":3,"name":"\u00c9conomie &amp; March\u00e9s","item":"https:\/\/batijournal.com\/index.php\/category\/actualites\/economie-marches\/"},{"@type":"ListItem","position":4,"name":"Patrick Destang est nomm\u00e9 Directeur G\u00e9n\u00e9ral du Groupe Onduline"}]},{"@type":"WebSite","@id":"https:\/\/batijournal.com\/#website","url":"https:\/\/batijournal.com\/","name":"Batijournal","description":"L&#039;actualit\u00e9 du b\u00e2timent","potentialAction":[{"@type":"SearchAction","target":{"@type":"EntryPoint","urlTemplate":"https:\/\/batijournal.com\/?s={search_term_string}"},"query-input":{"@type":"PropertyValueSpecification","valueRequired":true,"valueName":"search_term_string"}}],"inLanguage":"fr-FR"},{"@type":"Person","@id":"https:\/\/batijournal.com\/#\/schema\/person\/1dc96ec6957aa1ccb25ebe78bb19f100","name":"St\u00e9phane Miget","image":{"@type":"ImageObject","inLanguage":"fr-FR","@id":"https:\/\/secure.gravatar.com\/avatar\/89915563d925342126b8ef0281b93d9d7fc337043e8df017f780908eb9644451?s=96&d=mm&r=g","url":"https:\/\/secure.gravatar.com\/avatar\/89915563d925342126b8ef0281b93d9d7fc337043e8df017f780908eb9644451?s=96&d=mm&r=g","contentUrl":"https:\/\/secure.gravatar.com\/avatar\/89915563d925342126b8ef0281b93d9d7fc337043e8df017f780908eb9644451?s=96&d=mm&r=g","caption":"St\u00e9phane Miget"},"url":"https:\/\/batijournal.com\/index.php\/author\/stephane\/"}]}},"_links":{"self":[{"href":"https:\/\/batijournal.com\/index.php\/wp-json\/wp\/v2\/posts\/101595","targetHints":{"allow":["GET"]}}],"collection":[{"href":"https:\/\/batijournal.com\/index.php\/wp-json\/wp\/v2\/posts"}],"about":[{"href":"https:\/\/batijournal.com\/index.php\/wp-json\/wp\/v2\/types\/post"}],"author":[{"embeddable":true,"href":"https:\/\/batijournal.com\/index.php\/wp-json\/wp\/v2\/users\/17"}],"replies":[{"embeddable":true,"href":"https:\/\/batijournal.com\/index.php\/wp-json\/wp\/v2\/comments?post=101595"}],"version-history":[{"count":0,"href":"https:\/\/batijournal.com\/index.php\/wp-json\/wp\/v2\/posts\/101595\/revisions"}],"wp:featuredmedia":[{"embeddable":true,"href":"https:\/\/batijournal.com\/index.php\/wp-json\/wp\/v2\/media\/101596"}],"wp:attachment":[{"href":"https:\/\/batijournal.com\/index.php\/wp-json\/wp\/v2\/media?parent=101595"}],"wp:term":[{"taxonomy":"category","embeddable":true,"href":"https:\/\/batijournal.com\/index.php\/wp-json\/wp\/v2\/categories?post=101595"},{"taxonomy":"post_tag","embeddable":true,"href":"https:\/\/batijournal.com\/index.php\/wp-json\/wp\/v2\/tags?post=101595"}],"curies":[{"name":"wp","href":"https:\/\/api.w.org\/{rel}","templated":true}]}}