{"id":101597,"date":"2019-02-28T08:40:10","date_gmt":"2019-02-28T07:40:10","guid":{"rendered":"https:\/\/batijournal.com\/?p=101597"},"modified":"2020-07-17T12:25:10","modified_gmt":"2020-07-17T10:25:10","slug":"pierrick-frouin-nomme-a-la-tete-du-nouveau-service-developpement-de-sto","status":"publish","type":"post","link":"https:\/\/batijournal.com\/index.php\/pierrick-frouin-nomme-a-la-tete-du-nouveau-service-developpement-de-sto\/101597\/","title":{"rendered":"Pierrick Frouin nomm\u00e9 \u00e0 la t\u00eate du nouveau service D\u00e9veloppement de Sto"},"content":{"rendered":"<p>Avec la cr\u00e9ation d&rsquo;un service D\u00e9veloppement, Sto propose une nouvelle d\u00e9marche : aborder le march\u00e9 de la fa\u00e7ade par fili\u00e8re et typologie de clients ma\u00eetres d\u2019ouvrage plut\u00f4t que par produit. G\u00e9n\u00e9ralement r\u00e9pandue dans d\u2019autres m\u00e9tiers du second \u0153uvre, cette approche se veut proactive aupr\u00e8s de la ma\u00eetrise d\u2019ouvrage. Il s\u2019agit ainsi de leur proposer des offres esth\u00e9tiques et techniques plus proches de leurs besoins, au lieu de traiter les d\u00e9sordres du b\u00e2ti et ne r\u00e9pondre qu\u2019aux probl\u00e8mes pos\u00e9s par les clients. Pierrick Frouin \u00e9volue dans le milieu de la fa\u00e7ade depuis plus de 25 ans. Dipl\u00f4m\u00e9 de l\u2019\u00e9cole du b\u00e2timent et des travaux publics de Vincennes, il a occup\u00e9 des postes au sein des services technique, marketing et prescription. En parall\u00e8le, Pierrick Frouin s\u2019est impliqu\u00e9 \u00e0 plusieurs reprises dans le groupement du Mur Manteau (compos\u00e9 d\u2019industriels fabricants de syst\u00e8mes ITE enduits sur isolants, de fabricants d\u2019isolants et de fabricants de fixations et accessoires pour la promotion du concept de l\u2019isolation thermique par l\u2019ext\u00e9rieur des parois opaques) o\u00f9 il a assur\u00e9 les fonctions de Pr\u00e9sident de la commission communication puis de Responsable communication r\u00e9glementaire de la SIPEV (Syndicat des Industries des Peintures, Enduits et Vernis) en tant que Vice-pr\u00e9sident de la Commission ITE, ou encore du SFJF (Syndicat Fran\u00e7ais des Joints et Fa\u00e7ades) en tant que Tr\u00e9sorier.<\/p>\n","protected":false},"excerpt":{"rendered":"<p>Avec la cr\u00e9ation d&rsquo;un service D\u00e9veloppement, Sto propose une nouvelle d\u00e9marche : aborder le march\u00e9 de la fa\u00e7ade par fili\u00e8re et typologie de clients ma\u00eetres d\u2019ouvrage plut\u00f4t que par produit. G\u00e9n\u00e9ralement r\u00e9pandue dans d\u2019autres m\u00e9tiers du second \u0153uvre, cette approche se veut proactive aupr\u00e8s de la ma\u00eetrise d\u2019ouvrage. Il s\u2019agit ainsi de leur proposer des [&hellip;]<\/p>\n","protected":false},"author":17,"featured_media":101598,"comment_status":"closed","ping_status":"closed","sticky":false,"template":"","format":"standard","meta":{"_et_pb_use_builder":"","_et_pb_old_content":"","_et_gb_content_width":"","footnotes":""},"categories":[6345,10771],"tags":[12910],"class_list":["post-101597","post","type-post","status-publish","format-standard","has-post-thumbnail","hentry","category-economie-marches","category-5facades","tag-sto-france"],"yoast_head":"<!-- This site is optimized with the Yoast SEO plugin v27.4 - https:\/\/yoast.com\/product\/yoast-seo-wordpress\/ -->\n<title>Pierrick Frouin nomm\u00e9 \u00e0 la t\u00eate du nouveau service D\u00e9veloppement de Sto<\/title>\n<meta name=\"description\" content=\"Avec la cr\u00e9ation d&#039;un service D\u00e9veloppement, Sto propose une nouvelle d\u00e9marche : aborder le march\u00e9 de la fa\u00e7ade par fili\u00e8re et typologie de clients\" \/>\n<meta name=\"robots\" content=\"index, follow, max-snippet:-1, max-image-preview:large, max-video-preview:-1\" \/>\n<link rel=\"canonical\" href=\"https:\/\/batijournal.com\/index.php\/pierrick-frouin-nomme-a-la-tete-du-nouveau-service-developpement-de-sto\/101597\/\" \/>\n<meta property=\"og:locale\" content=\"fr_FR\" \/>\n<meta property=\"og:type\" content=\"article\" \/>\n<meta property=\"og:title\" content=\"Pierrick Frouin nomm\u00e9 \u00e0 la t\u00eate du nouveau service D\u00e9veloppement de Sto\" \/>\n<meta property=\"og:description\" content=\"Avec la cr\u00e9ation d&#039;un service D\u00e9veloppement, Sto propose une nouvelle d\u00e9marche : aborder le march\u00e9 de la fa\u00e7ade par fili\u00e8re et typologie de clients\" \/>\n<meta property=\"og:url\" content=\"https:\/\/batijournal.com\/index.php\/pierrick-frouin-nomme-a-la-tete-du-nouveau-service-developpement-de-sto\/101597\/\" \/>\n<meta property=\"og:site_name\" content=\"Batijournal\" \/>\n<meta property=\"article:published_time\" content=\"2019-02-28T07:40:10+00:00\" \/>\n<meta property=\"article:modified_time\" content=\"2020-07-17T10:25:10+00:00\" \/>\n<meta property=\"og:image\" content=\"https:\/\/batijournal.com\/wp-content\/uploads\/2019\/02\/Pierrick-Frouin-200x300.jpg\" \/>\n\t<meta property=\"og:image:width\" content=\"200\" \/>\n\t<meta property=\"og:image:height\" content=\"300\" \/>\n\t<meta property=\"og:image:type\" content=\"image\/jpeg\" \/>\n<meta name=\"author\" content=\"St\u00e9phane Miget\" \/>\n<meta name=\"twitter:card\" content=\"summary_large_image\" \/>\n<meta name=\"twitter:creator\" content=\"@bati_journal\" \/>\n<meta name=\"twitter:site\" content=\"@bati_journal\" \/>\n<meta name=\"twitter:label1\" content=\"\u00c9crit par\" \/>\n\t<meta name=\"twitter:data1\" content=\"St\u00e9phane Miget\" \/>\n\t<meta name=\"twitter:label2\" content=\"Dur\u00e9e de lecture estim\u00e9e\" \/>\n\t<meta name=\"twitter:data2\" content=\"1 minute\" \/>\n<script type=\"application\/ld+json\" class=\"yoast-schema-graph\">{\"@context\":\"https:\\\/\\\/schema.org\",\"@graph\":[{\"@type\":\"Article\",\"@id\":\"https:\\\/\\\/batijournal.com\\\/index.php\\\/pierrick-frouin-nomme-a-la-tete-du-nouveau-service-developpement-de-sto\\\/101597\\\/#article\",\"isPartOf\":{\"@id\":\"https:\\\/\\\/batijournal.com\\\/index.php\\\/pierrick-frouin-nomme-a-la-tete-du-nouveau-service-developpement-de-sto\\\/101597\\\/\"},\"author\":{\"name\":\"St\u00e9phane Miget\",\"@id\":\"https:\\\/\\\/batijournal.com\\\/#\\\/schema\\\/person\\\/1dc96ec6957aa1ccb25ebe78bb19f100\"},\"headline\":\"Pierrick Frouin nomm\u00e9 \u00e0 la t\u00eate du nouveau service D\u00e9veloppement de Sto\",\"datePublished\":\"2019-02-28T07:40:10+00:00\",\"dateModified\":\"2020-07-17T10:25:10+00:00\",\"mainEntityOfPage\":{\"@id\":\"https:\\\/\\\/batijournal.com\\\/index.php\\\/pierrick-frouin-nomme-a-la-tete-du-nouveau-service-developpement-de-sto\\\/101597\\\/\"},\"wordCount\":269,\"image\":{\"@id\":\"https:\\\/\\\/batijournal.com\\\/index.php\\\/pierrick-frouin-nomme-a-la-tete-du-nouveau-service-developpement-de-sto\\\/101597\\\/#primaryimage\"},\"thumbnailUrl\":\"https:\\\/\\\/batijournal.com\\\/wp-content\\\/uploads\\\/2019\\\/02\\\/Pierrick-Frouin-200x300.jpg\",\"keywords\":[\"Sto France\"],\"articleSection\":[\"\u00c9conomie &amp; March\u00e9s\",\"zz_5fa\u00e7ades\"],\"inLanguage\":\"fr-FR\"},{\"@type\":\"WebPage\",\"@id\":\"https:\\\/\\\/batijournal.com\\\/index.php\\\/pierrick-frouin-nomme-a-la-tete-du-nouveau-service-developpement-de-sto\\\/101597\\\/\",\"url\":\"https:\\\/\\\/batijournal.com\\\/index.php\\\/pierrick-frouin-nomme-a-la-tete-du-nouveau-service-developpement-de-sto\\\/101597\\\/\",\"name\":\"Pierrick Frouin nomm\u00e9 \u00e0 la t\u00eate du nouveau service D\u00e9veloppement de Sto\",\"isPartOf\":{\"@id\":\"https:\\\/\\\/batijournal.com\\\/#website\"},\"primaryImageOfPage\":{\"@id\":\"https:\\\/\\\/batijournal.com\\\/index.php\\\/pierrick-frouin-nomme-a-la-tete-du-nouveau-service-developpement-de-sto\\\/101597\\\/#primaryimage\"},\"image\":{\"@id\":\"https:\\\/\\\/batijournal.com\\\/index.php\\\/pierrick-frouin-nomme-a-la-tete-du-nouveau-service-developpement-de-sto\\\/101597\\\/#primaryimage\"},\"thumbnailUrl\":\"https:\\\/\\\/batijournal.com\\\/wp-content\\\/uploads\\\/2019\\\/02\\\/Pierrick-Frouin-200x300.jpg\",\"datePublished\":\"2019-02-28T07:40:10+00:00\",\"dateModified\":\"2020-07-17T10:25:10+00:00\",\"author\":{\"@id\":\"https:\\\/\\\/batijournal.com\\\/#\\\/schema\\\/person\\\/1dc96ec6957aa1ccb25ebe78bb19f100\"},\"description\":\"Avec la cr\u00e9ation d'un service D\u00e9veloppement, Sto propose une nouvelle d\u00e9marche : aborder le march\u00e9 de la fa\u00e7ade par fili\u00e8re et typologie de clients\",\"breadcrumb\":{\"@id\":\"https:\\\/\\\/batijournal.com\\\/index.php\\\/pierrick-frouin-nomme-a-la-tete-du-nouveau-service-developpement-de-sto\\\/101597\\\/#breadcrumb\"},\"inLanguage\":\"fr-FR\",\"potentialAction\":[{\"@type\":\"ReadAction\",\"target\":[\"https:\\\/\\\/batijournal.com\\\/index.php\\\/pierrick-frouin-nomme-a-la-tete-du-nouveau-service-developpement-de-sto\\\/101597\\\/\"]}]},{\"@type\":\"ImageObject\",\"inLanguage\":\"fr-FR\",\"@id\":\"https:\\\/\\\/batijournal.com\\\/index.php\\\/pierrick-frouin-nomme-a-la-tete-du-nouveau-service-developpement-de-sto\\\/101597\\\/#primaryimage\",\"url\":\"https:\\\/\\\/batijournal.com\\\/wp-content\\\/uploads\\\/2019\\\/02\\\/Pierrick-Frouin-200x300.jpg\",\"contentUrl\":\"https:\\\/\\\/batijournal.com\\\/wp-content\\\/uploads\\\/2019\\\/02\\\/Pierrick-Frouin-200x300.jpg\",\"width\":200,\"height\":300},{\"@type\":\"BreadcrumbList\",\"@id\":\"https:\\\/\\\/batijournal.com\\\/index.php\\\/pierrick-frouin-nomme-a-la-tete-du-nouveau-service-developpement-de-sto\\\/101597\\\/#breadcrumb\",\"itemListElement\":[{\"@type\":\"ListItem\",\"position\":1,\"name\":\"Accueil\",\"item\":\"https:\\\/\\\/batijournal.com\\\/\"},{\"@type\":\"ListItem\",\"position\":2,\"name\":\"Actualit\u00e9s\",\"item\":\"https:\\\/\\\/batijournal.com\\\/index.php\\\/category\\\/actualites\\\/\"},{\"@type\":\"ListItem\",\"position\":3,\"name\":\"\u00c9conomie &amp; March\u00e9s\",\"item\":\"https:\\\/\\\/batijournal.com\\\/index.php\\\/category\\\/actualites\\\/economie-marches\\\/\"},{\"@type\":\"ListItem\",\"position\":4,\"name\":\"Pierrick Frouin nomm\u00e9 \u00e0 la t\u00eate du nouveau service D\u00e9veloppement de Sto\"}]},{\"@type\":\"WebSite\",\"@id\":\"https:\\\/\\\/batijournal.com\\\/#website\",\"url\":\"https:\\\/\\\/batijournal.com\\\/\",\"name\":\"Batijournal\",\"description\":\"L&#039;actualit\u00e9 du b\u00e2timent\",\"potentialAction\":[{\"@type\":\"SearchAction\",\"target\":{\"@type\":\"EntryPoint\",\"urlTemplate\":\"https:\\\/\\\/batijournal.com\\\/?s={search_term_string}\"},\"query-input\":{\"@type\":\"PropertyValueSpecification\",\"valueRequired\":true,\"valueName\":\"search_term_string\"}}],\"inLanguage\":\"fr-FR\"},{\"@type\":\"Person\",\"@id\":\"https:\\\/\\\/batijournal.com\\\/#\\\/schema\\\/person\\\/1dc96ec6957aa1ccb25ebe78bb19f100\",\"name\":\"St\u00e9phane Miget\",\"image\":{\"@type\":\"ImageObject\",\"inLanguage\":\"fr-FR\",\"@id\":\"https:\\\/\\\/secure.gravatar.com\\\/avatar\\\/89915563d925342126b8ef0281b93d9d7fc337043e8df017f780908eb9644451?s=96&d=mm&r=g\",\"url\":\"https:\\\/\\\/secure.gravatar.com\\\/avatar\\\/89915563d925342126b8ef0281b93d9d7fc337043e8df017f780908eb9644451?s=96&d=mm&r=g\",\"contentUrl\":\"https:\\\/\\\/secure.gravatar.com\\\/avatar\\\/89915563d925342126b8ef0281b93d9d7fc337043e8df017f780908eb9644451?s=96&d=mm&r=g\",\"caption\":\"St\u00e9phane Miget\"},\"url\":\"https:\\\/\\\/batijournal.com\\\/index.php\\\/author\\\/stephane\\\/\"}]}<\/script>\n<!-- \/ Yoast SEO plugin. -->","yoast_head_json":{"title":"Pierrick Frouin nomm\u00e9 \u00e0 la t\u00eate du nouveau service D\u00e9veloppement de Sto","description":"Avec la cr\u00e9ation d'un service D\u00e9veloppement, Sto propose une nouvelle d\u00e9marche : aborder le march\u00e9 de la fa\u00e7ade par fili\u00e8re et typologie de clients","robots":{"index":"index","follow":"follow","max-snippet":"max-snippet:-1","max-image-preview":"max-image-preview:large","max-video-preview":"max-video-preview:-1"},"canonical":"https:\/\/batijournal.com\/index.php\/pierrick-frouin-nomme-a-la-tete-du-nouveau-service-developpement-de-sto\/101597\/","og_locale":"fr_FR","og_type":"article","og_title":"Pierrick Frouin nomm\u00e9 \u00e0 la t\u00eate du nouveau service D\u00e9veloppement de Sto","og_description":"Avec la cr\u00e9ation d'un service D\u00e9veloppement, Sto propose une nouvelle d\u00e9marche : aborder le march\u00e9 de la fa\u00e7ade par fili\u00e8re et typologie de clients","og_url":"https:\/\/batijournal.com\/index.php\/pierrick-frouin-nomme-a-la-tete-du-nouveau-service-developpement-de-sto\/101597\/","og_site_name":"Batijournal","article_published_time":"2019-02-28T07:40:10+00:00","article_modified_time":"2020-07-17T10:25:10+00:00","og_image":[{"width":200,"height":300,"url":"https:\/\/batijournal.com\/wp-content\/uploads\/2019\/02\/Pierrick-Frouin-200x300.jpg","type":"image\/jpeg"}],"author":"St\u00e9phane Miget","twitter_card":"summary_large_image","twitter_creator":"@bati_journal","twitter_site":"@bati_journal","twitter_misc":{"\u00c9crit par":"St\u00e9phane Miget","Dur\u00e9e de lecture estim\u00e9e":"1 minute"},"schema":{"@context":"https:\/\/schema.org","@graph":[{"@type":"Article","@id":"https:\/\/batijournal.com\/index.php\/pierrick-frouin-nomme-a-la-tete-du-nouveau-service-developpement-de-sto\/101597\/#article","isPartOf":{"@id":"https:\/\/batijournal.com\/index.php\/pierrick-frouin-nomme-a-la-tete-du-nouveau-service-developpement-de-sto\/101597\/"},"author":{"name":"St\u00e9phane Miget","@id":"https:\/\/batijournal.com\/#\/schema\/person\/1dc96ec6957aa1ccb25ebe78bb19f100"},"headline":"Pierrick Frouin nomm\u00e9 \u00e0 la t\u00eate du nouveau service D\u00e9veloppement de Sto","datePublished":"2019-02-28T07:40:10+00:00","dateModified":"2020-07-17T10:25:10+00:00","mainEntityOfPage":{"@id":"https:\/\/batijournal.com\/index.php\/pierrick-frouin-nomme-a-la-tete-du-nouveau-service-developpement-de-sto\/101597\/"},"wordCount":269,"image":{"@id":"https:\/\/batijournal.com\/index.php\/pierrick-frouin-nomme-a-la-tete-du-nouveau-service-developpement-de-sto\/101597\/#primaryimage"},"thumbnailUrl":"https:\/\/batijournal.com\/wp-content\/uploads\/2019\/02\/Pierrick-Frouin-200x300.jpg","keywords":["Sto France"],"articleSection":["\u00c9conomie &amp; March\u00e9s","zz_5fa\u00e7ades"],"inLanguage":"fr-FR"},{"@type":"WebPage","@id":"https:\/\/batijournal.com\/index.php\/pierrick-frouin-nomme-a-la-tete-du-nouveau-service-developpement-de-sto\/101597\/","url":"https:\/\/batijournal.com\/index.php\/pierrick-frouin-nomme-a-la-tete-du-nouveau-service-developpement-de-sto\/101597\/","name":"Pierrick Frouin nomm\u00e9 \u00e0 la t\u00eate du nouveau service D\u00e9veloppement de Sto","isPartOf":{"@id":"https:\/\/batijournal.com\/#website"},"primaryImageOfPage":{"@id":"https:\/\/batijournal.com\/index.php\/pierrick-frouin-nomme-a-la-tete-du-nouveau-service-developpement-de-sto\/101597\/#primaryimage"},"image":{"@id":"https:\/\/batijournal.com\/index.php\/pierrick-frouin-nomme-a-la-tete-du-nouveau-service-developpement-de-sto\/101597\/#primaryimage"},"thumbnailUrl":"https:\/\/batijournal.com\/wp-content\/uploads\/2019\/02\/Pierrick-Frouin-200x300.jpg","datePublished":"2019-02-28T07:40:10+00:00","dateModified":"2020-07-17T10:25:10+00:00","author":{"@id":"https:\/\/batijournal.com\/#\/schema\/person\/1dc96ec6957aa1ccb25ebe78bb19f100"},"description":"Avec la cr\u00e9ation d'un service D\u00e9veloppement, Sto propose une nouvelle d\u00e9marche : aborder le march\u00e9 de la fa\u00e7ade par fili\u00e8re et typologie de clients","breadcrumb":{"@id":"https:\/\/batijournal.com\/index.php\/pierrick-frouin-nomme-a-la-tete-du-nouveau-service-developpement-de-sto\/101597\/#breadcrumb"},"inLanguage":"fr-FR","potentialAction":[{"@type":"ReadAction","target":["https:\/\/batijournal.com\/index.php\/pierrick-frouin-nomme-a-la-tete-du-nouveau-service-developpement-de-sto\/101597\/"]}]},{"@type":"ImageObject","inLanguage":"fr-FR","@id":"https:\/\/batijournal.com\/index.php\/pierrick-frouin-nomme-a-la-tete-du-nouveau-service-developpement-de-sto\/101597\/#primaryimage","url":"https:\/\/batijournal.com\/wp-content\/uploads\/2019\/02\/Pierrick-Frouin-200x300.jpg","contentUrl":"https:\/\/batijournal.com\/wp-content\/uploads\/2019\/02\/Pierrick-Frouin-200x300.jpg","width":200,"height":300},{"@type":"BreadcrumbList","@id":"https:\/\/batijournal.com\/index.php\/pierrick-frouin-nomme-a-la-tete-du-nouveau-service-developpement-de-sto\/101597\/#breadcrumb","itemListElement":[{"@type":"ListItem","position":1,"name":"Accueil","item":"https:\/\/batijournal.com\/"},{"@type":"ListItem","position":2,"name":"Actualit\u00e9s","item":"https:\/\/batijournal.com\/index.php\/category\/actualites\/"},{"@type":"ListItem","position":3,"name":"\u00c9conomie &amp; March\u00e9s","item":"https:\/\/batijournal.com\/index.php\/category\/actualites\/economie-marches\/"},{"@type":"ListItem","position":4,"name":"Pierrick Frouin nomm\u00e9 \u00e0 la t\u00eate du nouveau service D\u00e9veloppement de Sto"}]},{"@type":"WebSite","@id":"https:\/\/batijournal.com\/#website","url":"https:\/\/batijournal.com\/","name":"Batijournal","description":"L&#039;actualit\u00e9 du b\u00e2timent","potentialAction":[{"@type":"SearchAction","target":{"@type":"EntryPoint","urlTemplate":"https:\/\/batijournal.com\/?s={search_term_string}"},"query-input":{"@type":"PropertyValueSpecification","valueRequired":true,"valueName":"search_term_string"}}],"inLanguage":"fr-FR"},{"@type":"Person","@id":"https:\/\/batijournal.com\/#\/schema\/person\/1dc96ec6957aa1ccb25ebe78bb19f100","name":"St\u00e9phane Miget","image":{"@type":"ImageObject","inLanguage":"fr-FR","@id":"https:\/\/secure.gravatar.com\/avatar\/89915563d925342126b8ef0281b93d9d7fc337043e8df017f780908eb9644451?s=96&d=mm&r=g","url":"https:\/\/secure.gravatar.com\/avatar\/89915563d925342126b8ef0281b93d9d7fc337043e8df017f780908eb9644451?s=96&d=mm&r=g","contentUrl":"https:\/\/secure.gravatar.com\/avatar\/89915563d925342126b8ef0281b93d9d7fc337043e8df017f780908eb9644451?s=96&d=mm&r=g","caption":"St\u00e9phane Miget"},"url":"https:\/\/batijournal.com\/index.php\/author\/stephane\/"}]}},"_links":{"self":[{"href":"https:\/\/batijournal.com\/index.php\/wp-json\/wp\/v2\/posts\/101597","targetHints":{"allow":["GET"]}}],"collection":[{"href":"https:\/\/batijournal.com\/index.php\/wp-json\/wp\/v2\/posts"}],"about":[{"href":"https:\/\/batijournal.com\/index.php\/wp-json\/wp\/v2\/types\/post"}],"author":[{"embeddable":true,"href":"https:\/\/batijournal.com\/index.php\/wp-json\/wp\/v2\/users\/17"}],"replies":[{"embeddable":true,"href":"https:\/\/batijournal.com\/index.php\/wp-json\/wp\/v2\/comments?post=101597"}],"version-history":[{"count":0,"href":"https:\/\/batijournal.com\/index.php\/wp-json\/wp\/v2\/posts\/101597\/revisions"}],"wp:featuredmedia":[{"embeddable":true,"href":"https:\/\/batijournal.com\/index.php\/wp-json\/wp\/v2\/media\/101598"}],"wp:attachment":[{"href":"https:\/\/batijournal.com\/index.php\/wp-json\/wp\/v2\/media?parent=101597"}],"wp:term":[{"taxonomy":"category","embeddable":true,"href":"https:\/\/batijournal.com\/index.php\/wp-json\/wp\/v2\/categories?post=101597"},{"taxonomy":"post_tag","embeddable":true,"href":"https:\/\/batijournal.com\/index.php\/wp-json\/wp\/v2\/tags?post=101597"}],"curies":[{"name":"wp","href":"https:\/\/api.w.org\/{rel}","templated":true}]}}