{"id":101599,"date":"2019-02-28T08:45:56","date_gmt":"2019-02-28T07:45:56","guid":{"rendered":"https:\/\/batijournal.com\/?p=101599"},"modified":"2019-07-15T11:26:45","modified_gmt":"2019-07-15T09:26:45","slug":"inauguration-de-lhotel-the-originals-paris-maison-montmartre","status":"publish","type":"post","link":"https:\/\/batijournal.com\/index.php\/inauguration-de-lhotel-the-originals-paris-maison-montmartre\/101599\/","title":{"rendered":"Inauguration de l\u2019h\u00f4tel The Originals Paris Maison Montmartre"},"content":{"rendered":"<p>Dans le 18e arrondissement de Paris, le complexe h\u00f4telier The Originals Paris Maison Montmartre de cat\u00e9gorie sup\u00e9rieure se dresse \u00e0 30 m de hauteur au pied de l\u2019avenue de Montmartre, le long du p\u00e9riph\u00e9rique. L\u2019architecture a \u00e9t\u00e9 imagin\u00e9e par l\u2019architecte ECDM et sa construction confi\u00e9e \u00e0 Spie batignolles ile-de-France, filiale du groupe Spie batignolles sp\u00e9cialis\u00e9e dans la construction en r\u00e9gion francilienne. Il est situ\u00e9 \u00e0 la dans un quartier en pleine mutation, qui a b\u00e9n\u00e9fici\u00e9 depuis 2001 du Grand Projet de Renouvellement Urbain de Paris (GPRU). Il se positionne en proue du quartier et vient ainsi signifier, par son architecture particuli\u00e8rement dessin\u00e9e, ce contexte de renouveau.\u00a0Le b\u00e2timent se caract\u00e9rise par sa fa\u00e7ade rev\u00eatue d\u2019ardoises et ses d\u00e9coupes de \u00ab strates \u00bb qui soulignent les diff\u00e9rentes activit\u00e9s. Celles-ci se d\u00e9ploient en hauteur selon les fonctions et l\u2019environnement, dessinant un mouvement qui s\u2019accentue dans l\u2019angle de la rue. Cette animation du b\u00e2timent est aussi cr\u00e9\u00e9e par les ch\u00e2ssis de fa\u00e7ade qui s\u2019\u00e9largissent plus on s\u2019\u00e9l\u00e8ve vers les \u00e9tages et le ciel. L\u2019emploi de l\u2019ardoise sur toute la hauteur de la fa\u00e7ade renforce l\u2019aspect min\u00e9ral de l\u2019ensemble, en plus d\u2019apporter des avantages majeurs en mati\u00e8re de durabilit\u00e9 et de facilit\u00e9 d\u2019entretien. Ce mat\u00e9riau noir, brut vient \u00e9galement renforcer cette pr\u00e9sence et participe \u00e0 donner du sens \u00e0 la fabrication de ce lieu.<\/p>\n<p>&nbsp;<\/p>\n<p>Visuel :\u00a0ECDM<\/p>\n<p>&nbsp;<\/p>\n","protected":false},"excerpt":{"rendered":"<p>Dans le 18e arrondissement de Paris, le complexe h\u00f4telier The Originals Paris Maison Montmartre de cat\u00e9gorie sup\u00e9rieure se dresse \u00e0 30 m de hauteur au pied de l\u2019avenue de Montmartre, le long du p\u00e9riph\u00e9rique. L\u2019architecture a \u00e9t\u00e9 imagin\u00e9e par l\u2019architecte ECDM et sa construction confi\u00e9e \u00e0 Spie batignolles ile-de-France, filiale du groupe Spie batignolles sp\u00e9cialis\u00e9e [&hellip;]<\/p>\n","protected":false},"author":17,"featured_media":101600,"comment_status":"closed","ping_status":"closed","sticky":false,"template":"","format":"standard","meta":{"_et_pb_use_builder":"","_et_pb_old_content":"","_et_gb_content_width":"","footnotes":""},"categories":[10530,6340,10771,10775],"tags":[126],"class_list":["post-101599","post","type-post","status-publish","format-standard","has-post-thumbnail","hentry","category-actualites","category-architecture-conception","category-5facades","category-actualites-5facades","tag-facade"],"yoast_head":"<!-- This site is optimized with the Yoast SEO plugin v27.4 - https:\/\/yoast.com\/product\/yoast-seo-wordpress\/ -->\n<title>Inauguration de l\u2019h\u00f4tel The Originals Paris Maison Montmartre<\/title>\n<meta name=\"description\" content=\"Le complexe h\u00f4telier The Originals Paris Maison Montmartre de cat\u00e9gorie sup\u00e9rieure se dresse \u00e0 30 m de hauteur au pied de l\u2019avenue de Montmartre\" \/>\n<meta name=\"robots\" content=\"index, follow, max-snippet:-1, max-image-preview:large, max-video-preview:-1\" \/>\n<link rel=\"canonical\" href=\"https:\/\/batijournal.com\/index.php\/inauguration-de-lhotel-the-originals-paris-maison-montmartre\/101599\/\" \/>\n<meta property=\"og:locale\" content=\"fr_FR\" \/>\n<meta property=\"og:type\" content=\"article\" \/>\n<meta property=\"og:title\" content=\"Inauguration de l\u2019h\u00f4tel The Originals Paris Maison Montmartre\" \/>\n<meta property=\"og:description\" content=\"Le complexe h\u00f4telier The Originals Paris Maison Montmartre de cat\u00e9gorie sup\u00e9rieure se dresse \u00e0 30 m de hauteur au pied de l\u2019avenue de Montmartre\" \/>\n<meta property=\"og:url\" content=\"https:\/\/batijournal.com\/index.php\/inauguration-de-lhotel-the-originals-paris-maison-montmartre\/101599\/\" \/>\n<meta property=\"og:site_name\" content=\"Batijournal\" \/>\n<meta property=\"article:published_time\" content=\"2019-02-28T07:45:56+00:00\" \/>\n<meta property=\"article:modified_time\" content=\"2019-07-15T09:26:45+00:00\" \/>\n<meta property=\"og:image\" content=\"https:\/\/batijournal.com\/wp-content\/uploads\/2019\/02\/ECDM-Binet_Salem.jpg\" \/>\n\t<meta property=\"og:image:width\" content=\"768\" \/>\n\t<meta property=\"og:image:height\" content=\"512\" \/>\n\t<meta property=\"og:image:type\" content=\"image\/jpeg\" \/>\n<meta name=\"author\" content=\"St\u00e9phane Miget\" \/>\n<meta name=\"twitter:card\" content=\"summary_large_image\" \/>\n<meta name=\"twitter:creator\" content=\"@bati_journal\" \/>\n<meta name=\"twitter:site\" content=\"@bati_journal\" \/>\n<meta name=\"twitter:label1\" content=\"\u00c9crit par\" \/>\n\t<meta name=\"twitter:data1\" content=\"St\u00e9phane Miget\" \/>\n\t<meta name=\"twitter:label2\" content=\"Dur\u00e9e de lecture estim\u00e9e\" \/>\n\t<meta name=\"twitter:data2\" content=\"1 minute\" \/>\n<script type=\"application\/ld+json\" class=\"yoast-schema-graph\">{\"@context\":\"https:\\\/\\\/schema.org\",\"@graph\":[{\"@type\":\"Article\",\"@id\":\"https:\\\/\\\/batijournal.com\\\/index.php\\\/inauguration-de-lhotel-the-originals-paris-maison-montmartre\\\/101599\\\/#article\",\"isPartOf\":{\"@id\":\"https:\\\/\\\/batijournal.com\\\/index.php\\\/inauguration-de-lhotel-the-originals-paris-maison-montmartre\\\/101599\\\/\"},\"author\":{\"name\":\"St\u00e9phane Miget\",\"@id\":\"https:\\\/\\\/batijournal.com\\\/#\\\/schema\\\/person\\\/1dc96ec6957aa1ccb25ebe78bb19f100\"},\"headline\":\"Inauguration de l\u2019h\u00f4tel The Originals Paris Maison Montmartre\",\"datePublished\":\"2019-02-28T07:45:56+00:00\",\"dateModified\":\"2019-07-15T09:26:45+00:00\",\"mainEntityOfPage\":{\"@id\":\"https:\\\/\\\/batijournal.com\\\/index.php\\\/inauguration-de-lhotel-the-originals-paris-maison-montmartre\\\/101599\\\/\"},\"wordCount\":272,\"image\":{\"@id\":\"https:\\\/\\\/batijournal.com\\\/index.php\\\/inauguration-de-lhotel-the-originals-paris-maison-montmartre\\\/101599\\\/#primaryimage\"},\"thumbnailUrl\":\"https:\\\/\\\/batijournal.com\\\/wp-content\\\/uploads\\\/2019\\\/02\\\/ECDM-Binet_Salem.jpg\",\"keywords\":[\"fa\u00e7ade\"],\"articleSection\":[\"Actualit\u00e9s\",\"Architecture &amp; Conception\",\"zz_5fa\u00e7ades\",\"zz_Actualit\u00e9s - 5fa\u00e7ades\"],\"inLanguage\":\"fr-FR\"},{\"@type\":\"WebPage\",\"@id\":\"https:\\\/\\\/batijournal.com\\\/index.php\\\/inauguration-de-lhotel-the-originals-paris-maison-montmartre\\\/101599\\\/\",\"url\":\"https:\\\/\\\/batijournal.com\\\/index.php\\\/inauguration-de-lhotel-the-originals-paris-maison-montmartre\\\/101599\\\/\",\"name\":\"Inauguration de l\u2019h\u00f4tel The Originals Paris Maison Montmartre\",\"isPartOf\":{\"@id\":\"https:\\\/\\\/batijournal.com\\\/#website\"},\"primaryImageOfPage\":{\"@id\":\"https:\\\/\\\/batijournal.com\\\/index.php\\\/inauguration-de-lhotel-the-originals-paris-maison-montmartre\\\/101599\\\/#primaryimage\"},\"image\":{\"@id\":\"https:\\\/\\\/batijournal.com\\\/index.php\\\/inauguration-de-lhotel-the-originals-paris-maison-montmartre\\\/101599\\\/#primaryimage\"},\"thumbnailUrl\":\"https:\\\/\\\/batijournal.com\\\/wp-content\\\/uploads\\\/2019\\\/02\\\/ECDM-Binet_Salem.jpg\",\"datePublished\":\"2019-02-28T07:45:56+00:00\",\"dateModified\":\"2019-07-15T09:26:45+00:00\",\"author\":{\"@id\":\"https:\\\/\\\/batijournal.com\\\/#\\\/schema\\\/person\\\/1dc96ec6957aa1ccb25ebe78bb19f100\"},\"description\":\"Le complexe h\u00f4telier The Originals Paris Maison Montmartre de cat\u00e9gorie sup\u00e9rieure se dresse \u00e0 30 m de hauteur au pied de l\u2019avenue de Montmartre\",\"breadcrumb\":{\"@id\":\"https:\\\/\\\/batijournal.com\\\/index.php\\\/inauguration-de-lhotel-the-originals-paris-maison-montmartre\\\/101599\\\/#breadcrumb\"},\"inLanguage\":\"fr-FR\",\"potentialAction\":[{\"@type\":\"ReadAction\",\"target\":[\"https:\\\/\\\/batijournal.com\\\/index.php\\\/inauguration-de-lhotel-the-originals-paris-maison-montmartre\\\/101599\\\/\"]}]},{\"@type\":\"ImageObject\",\"inLanguage\":\"fr-FR\",\"@id\":\"https:\\\/\\\/batijournal.com\\\/index.php\\\/inauguration-de-lhotel-the-originals-paris-maison-montmartre\\\/101599\\\/#primaryimage\",\"url\":\"https:\\\/\\\/batijournal.com\\\/wp-content\\\/uploads\\\/2019\\\/02\\\/ECDM-Binet_Salem.jpg\",\"contentUrl\":\"https:\\\/\\\/batijournal.com\\\/wp-content\\\/uploads\\\/2019\\\/02\\\/ECDM-Binet_Salem.jpg\",\"width\":768,\"height\":512},{\"@type\":\"BreadcrumbList\",\"@id\":\"https:\\\/\\\/batijournal.com\\\/index.php\\\/inauguration-de-lhotel-the-originals-paris-maison-montmartre\\\/101599\\\/#breadcrumb\",\"itemListElement\":[{\"@type\":\"ListItem\",\"position\":1,\"name\":\"Accueil\",\"item\":\"https:\\\/\\\/batijournal.com\\\/\"},{\"@type\":\"ListItem\",\"position\":2,\"name\":\"Actualit\u00e9s\",\"item\":\"https:\\\/\\\/batijournal.com\\\/index.php\\\/category\\\/actualites\\\/\"},{\"@type\":\"ListItem\",\"position\":3,\"name\":\"Inauguration de l\u2019h\u00f4tel The Originals Paris Maison Montmartre\"}]},{\"@type\":\"WebSite\",\"@id\":\"https:\\\/\\\/batijournal.com\\\/#website\",\"url\":\"https:\\\/\\\/batijournal.com\\\/\",\"name\":\"Batijournal\",\"description\":\"L&#039;actualit\u00e9 du b\u00e2timent\",\"potentialAction\":[{\"@type\":\"SearchAction\",\"target\":{\"@type\":\"EntryPoint\",\"urlTemplate\":\"https:\\\/\\\/batijournal.com\\\/?s={search_term_string}\"},\"query-input\":{\"@type\":\"PropertyValueSpecification\",\"valueRequired\":true,\"valueName\":\"search_term_string\"}}],\"inLanguage\":\"fr-FR\"},{\"@type\":\"Person\",\"@id\":\"https:\\\/\\\/batijournal.com\\\/#\\\/schema\\\/person\\\/1dc96ec6957aa1ccb25ebe78bb19f100\",\"name\":\"St\u00e9phane Miget\",\"image\":{\"@type\":\"ImageObject\",\"inLanguage\":\"fr-FR\",\"@id\":\"https:\\\/\\\/secure.gravatar.com\\\/avatar\\\/89915563d925342126b8ef0281b93d9d7fc337043e8df017f780908eb9644451?s=96&d=mm&r=g\",\"url\":\"https:\\\/\\\/secure.gravatar.com\\\/avatar\\\/89915563d925342126b8ef0281b93d9d7fc337043e8df017f780908eb9644451?s=96&d=mm&r=g\",\"contentUrl\":\"https:\\\/\\\/secure.gravatar.com\\\/avatar\\\/89915563d925342126b8ef0281b93d9d7fc337043e8df017f780908eb9644451?s=96&d=mm&r=g\",\"caption\":\"St\u00e9phane Miget\"},\"url\":\"https:\\\/\\\/batijournal.com\\\/index.php\\\/author\\\/stephane\\\/\"}]}<\/script>\n<!-- \/ Yoast SEO plugin. -->","yoast_head_json":{"title":"Inauguration de l\u2019h\u00f4tel The Originals Paris Maison Montmartre","description":"Le complexe h\u00f4telier The Originals Paris Maison Montmartre de cat\u00e9gorie sup\u00e9rieure se dresse \u00e0 30 m de hauteur au pied de l\u2019avenue de Montmartre","robots":{"index":"index","follow":"follow","max-snippet":"max-snippet:-1","max-image-preview":"max-image-preview:large","max-video-preview":"max-video-preview:-1"},"canonical":"https:\/\/batijournal.com\/index.php\/inauguration-de-lhotel-the-originals-paris-maison-montmartre\/101599\/","og_locale":"fr_FR","og_type":"article","og_title":"Inauguration de l\u2019h\u00f4tel The Originals Paris Maison Montmartre","og_description":"Le complexe h\u00f4telier The Originals Paris Maison Montmartre de cat\u00e9gorie sup\u00e9rieure se dresse \u00e0 30 m de hauteur au pied de l\u2019avenue de Montmartre","og_url":"https:\/\/batijournal.com\/index.php\/inauguration-de-lhotel-the-originals-paris-maison-montmartre\/101599\/","og_site_name":"Batijournal","article_published_time":"2019-02-28T07:45:56+00:00","article_modified_time":"2019-07-15T09:26:45+00:00","og_image":[{"width":768,"height":512,"url":"https:\/\/batijournal.com\/wp-content\/uploads\/2019\/02\/ECDM-Binet_Salem.jpg","type":"image\/jpeg"}],"author":"St\u00e9phane Miget","twitter_card":"summary_large_image","twitter_creator":"@bati_journal","twitter_site":"@bati_journal","twitter_misc":{"\u00c9crit par":"St\u00e9phane Miget","Dur\u00e9e de lecture estim\u00e9e":"1 minute"},"schema":{"@context":"https:\/\/schema.org","@graph":[{"@type":"Article","@id":"https:\/\/batijournal.com\/index.php\/inauguration-de-lhotel-the-originals-paris-maison-montmartre\/101599\/#article","isPartOf":{"@id":"https:\/\/batijournal.com\/index.php\/inauguration-de-lhotel-the-originals-paris-maison-montmartre\/101599\/"},"author":{"name":"St\u00e9phane Miget","@id":"https:\/\/batijournal.com\/#\/schema\/person\/1dc96ec6957aa1ccb25ebe78bb19f100"},"headline":"Inauguration de l\u2019h\u00f4tel The Originals Paris Maison Montmartre","datePublished":"2019-02-28T07:45:56+00:00","dateModified":"2019-07-15T09:26:45+00:00","mainEntityOfPage":{"@id":"https:\/\/batijournal.com\/index.php\/inauguration-de-lhotel-the-originals-paris-maison-montmartre\/101599\/"},"wordCount":272,"image":{"@id":"https:\/\/batijournal.com\/index.php\/inauguration-de-lhotel-the-originals-paris-maison-montmartre\/101599\/#primaryimage"},"thumbnailUrl":"https:\/\/batijournal.com\/wp-content\/uploads\/2019\/02\/ECDM-Binet_Salem.jpg","keywords":["fa\u00e7ade"],"articleSection":["Actualit\u00e9s","Architecture &amp; Conception","zz_5fa\u00e7ades","zz_Actualit\u00e9s - 5fa\u00e7ades"],"inLanguage":"fr-FR"},{"@type":"WebPage","@id":"https:\/\/batijournal.com\/index.php\/inauguration-de-lhotel-the-originals-paris-maison-montmartre\/101599\/","url":"https:\/\/batijournal.com\/index.php\/inauguration-de-lhotel-the-originals-paris-maison-montmartre\/101599\/","name":"Inauguration de l\u2019h\u00f4tel The Originals Paris Maison Montmartre","isPartOf":{"@id":"https:\/\/batijournal.com\/#website"},"primaryImageOfPage":{"@id":"https:\/\/batijournal.com\/index.php\/inauguration-de-lhotel-the-originals-paris-maison-montmartre\/101599\/#primaryimage"},"image":{"@id":"https:\/\/batijournal.com\/index.php\/inauguration-de-lhotel-the-originals-paris-maison-montmartre\/101599\/#primaryimage"},"thumbnailUrl":"https:\/\/batijournal.com\/wp-content\/uploads\/2019\/02\/ECDM-Binet_Salem.jpg","datePublished":"2019-02-28T07:45:56+00:00","dateModified":"2019-07-15T09:26:45+00:00","author":{"@id":"https:\/\/batijournal.com\/#\/schema\/person\/1dc96ec6957aa1ccb25ebe78bb19f100"},"description":"Le complexe h\u00f4telier The Originals Paris Maison Montmartre de cat\u00e9gorie sup\u00e9rieure se dresse \u00e0 30 m de hauteur au pied de l\u2019avenue de Montmartre","breadcrumb":{"@id":"https:\/\/batijournal.com\/index.php\/inauguration-de-lhotel-the-originals-paris-maison-montmartre\/101599\/#breadcrumb"},"inLanguage":"fr-FR","potentialAction":[{"@type":"ReadAction","target":["https:\/\/batijournal.com\/index.php\/inauguration-de-lhotel-the-originals-paris-maison-montmartre\/101599\/"]}]},{"@type":"ImageObject","inLanguage":"fr-FR","@id":"https:\/\/batijournal.com\/index.php\/inauguration-de-lhotel-the-originals-paris-maison-montmartre\/101599\/#primaryimage","url":"https:\/\/batijournal.com\/wp-content\/uploads\/2019\/02\/ECDM-Binet_Salem.jpg","contentUrl":"https:\/\/batijournal.com\/wp-content\/uploads\/2019\/02\/ECDM-Binet_Salem.jpg","width":768,"height":512},{"@type":"BreadcrumbList","@id":"https:\/\/batijournal.com\/index.php\/inauguration-de-lhotel-the-originals-paris-maison-montmartre\/101599\/#breadcrumb","itemListElement":[{"@type":"ListItem","position":1,"name":"Accueil","item":"https:\/\/batijournal.com\/"},{"@type":"ListItem","position":2,"name":"Actualit\u00e9s","item":"https:\/\/batijournal.com\/index.php\/category\/actualites\/"},{"@type":"ListItem","position":3,"name":"Inauguration de l\u2019h\u00f4tel The Originals Paris Maison Montmartre"}]},{"@type":"WebSite","@id":"https:\/\/batijournal.com\/#website","url":"https:\/\/batijournal.com\/","name":"Batijournal","description":"L&#039;actualit\u00e9 du b\u00e2timent","potentialAction":[{"@type":"SearchAction","target":{"@type":"EntryPoint","urlTemplate":"https:\/\/batijournal.com\/?s={search_term_string}"},"query-input":{"@type":"PropertyValueSpecification","valueRequired":true,"valueName":"search_term_string"}}],"inLanguage":"fr-FR"},{"@type":"Person","@id":"https:\/\/batijournal.com\/#\/schema\/person\/1dc96ec6957aa1ccb25ebe78bb19f100","name":"St\u00e9phane Miget","image":{"@type":"ImageObject","inLanguage":"fr-FR","@id":"https:\/\/secure.gravatar.com\/avatar\/89915563d925342126b8ef0281b93d9d7fc337043e8df017f780908eb9644451?s=96&d=mm&r=g","url":"https:\/\/secure.gravatar.com\/avatar\/89915563d925342126b8ef0281b93d9d7fc337043e8df017f780908eb9644451?s=96&d=mm&r=g","contentUrl":"https:\/\/secure.gravatar.com\/avatar\/89915563d925342126b8ef0281b93d9d7fc337043e8df017f780908eb9644451?s=96&d=mm&r=g","caption":"St\u00e9phane Miget"},"url":"https:\/\/batijournal.com\/index.php\/author\/stephane\/"}]}},"_links":{"self":[{"href":"https:\/\/batijournal.com\/index.php\/wp-json\/wp\/v2\/posts\/101599","targetHints":{"allow":["GET"]}}],"collection":[{"href":"https:\/\/batijournal.com\/index.php\/wp-json\/wp\/v2\/posts"}],"about":[{"href":"https:\/\/batijournal.com\/index.php\/wp-json\/wp\/v2\/types\/post"}],"author":[{"embeddable":true,"href":"https:\/\/batijournal.com\/index.php\/wp-json\/wp\/v2\/users\/17"}],"replies":[{"embeddable":true,"href":"https:\/\/batijournal.com\/index.php\/wp-json\/wp\/v2\/comments?post=101599"}],"version-history":[{"count":0,"href":"https:\/\/batijournal.com\/index.php\/wp-json\/wp\/v2\/posts\/101599\/revisions"}],"wp:featuredmedia":[{"embeddable":true,"href":"https:\/\/batijournal.com\/index.php\/wp-json\/wp\/v2\/media\/101600"}],"wp:attachment":[{"href":"https:\/\/batijournal.com\/index.php\/wp-json\/wp\/v2\/media?parent=101599"}],"wp:term":[{"taxonomy":"category","embeddable":true,"href":"https:\/\/batijournal.com\/index.php\/wp-json\/wp\/v2\/categories?post=101599"},{"taxonomy":"post_tag","embeddable":true,"href":"https:\/\/batijournal.com\/index.php\/wp-json\/wp\/v2\/tags?post=101599"}],"curies":[{"name":"wp","href":"https:\/\/api.w.org\/{rel}","templated":true}]}}