{"id":101635,"date":"2019-03-04T08:50:21","date_gmt":"2019-03-04T07:50:21","guid":{"rendered":"https:\/\/batijournal.com\/?p=101635"},"modified":"2019-07-15T12:01:54","modified_gmt":"2019-07-15T10:01:54","slug":"effet-daubaine-pour-les-fenetres-en-2018","status":"publish","type":"post","link":"https:\/\/batijournal.com\/index.php\/effet-daubaine-pour-les-fenetres-en-2018\/101635\/","title":{"rendered":"Effet d&rsquo;aubaine pour les fen\u00eatres en 2018"},"content":{"rendered":"<p>[et_pb_section admin_label=\u00a0\u00bbsection\u00a0\u00bb]<br \/>\n\t\t[et_pb_row admin_label=\u00a0\u00bbrow\u00a0\u00bb]<br \/>\n\t\t\t[et_pb_column type=\u00a0\u00bb4_4&Prime;][et_pb_text admin_label=\u00a0\u00bbText\u00a0\u00bb]<strong>TBC Innovations vient de publier son \u00e9tude de march\u00e9 sur les fen\u00eatres en France. En 2018, le march\u00e9 est en croissance de plus de 3 % en volume par rapport \u00e0 2017. Le nombre de fen\u00eatres install\u00e9es en 2018 d\u00e9passe les 10 millions d\u2019unit\u00e9s. La r\u00e9novation demeure le premier d\u00e9bouch\u00e9 du march\u00e9 des fen\u00eatres en France, ce d\u00e9bouch\u00e9 a connu une ann\u00e9e 2018 marqu\u00e9 par de nombreux rebondissements autour du CITE.Les professionnels s\u2019accordent sur un effet d\u2019aubaine en 2018 sur les d\u00e9bouch\u00e9s de la r\u00e9novation r\u00e9sidentielle, li\u00e9 \u00e0 l\u2019arr\u00eat du CITE en juin 2018. Sur l\u2019ensemble de l\u2019ann\u00e9e, la r\u00e9novation retrouve une croissance \u00e0 plus de 2 %.<\/strong><\/p>\n<p>Lors de l\u2019enqu\u00eate men\u00e9e en janvier 2019, TBC a interrog\u00e9 les 400 professionnels sur les impacts de l\u2019arr\u00eat du CITE et de l\u2019\u00e9volution des aides \u00e0 la r\u00e9novation par rapport \u00e0 leur activit\u00e9 de l\u2019ann\u00e9e 2018. Pour 48 % d\u2019entres eux, l\u2019arr\u00eat du CITE a pouss\u00e9 leurs clients \u00e0 se d\u00e9cider dans le d\u00e9but d\u2019ann\u00e9e 2018, 35 % estiment que cela a eu un impact faible pour leur activit\u00e9, et 31% des professionnels interrog\u00e9s soulignent que cela a r\u00e9duit le nombre de leurs clients et constitue une menace pour leur activit\u00e9.<\/p>\n<p>24 % des professionnels envisagent une ann\u00e9e 2019 en baisse sur le d\u00e9bouch\u00e9 du neuf et 27 % pr\u00e9voient une ann\u00e9e en baisse sur la r\u00e9novation de fen\u00eatres. Si les \u00e9volutions du CITE et aides \u00e0 la r\u00e9novation ont eu un effet d\u2019aubaine pour l\u2019ann\u00e9e 2018, certains professionnels sont inquiets pour leur activit\u00e9 \u00e0 plus long terme. En comparaison aux enqu\u00eates men\u00e9es par TBC Innovations dans les quatre derni\u00e8res ann\u00e9es, les professionnels sont plus pessimistes qu\u2019optimistes sur le d\u00e9bouch\u00e9 de la r\u00e9novation de fen\u00eatres pour l\u2019ann\u00e9e 2019.<\/p>\n<p>La tendance est toujours aux profil\u00e9s color\u00e9s pour les fen\u00eatres. Les consultants de TBC ont encore observ\u00e9 une progression des fen\u00eatres color\u00e9es, que ce soit en aluminium ou en PVC : 40% des fen\u00eatres aluminium et PVC install\u00e9es en 2018 ne sont pas blanches.[\/et_pb_text][\/et_pb_column]<br \/>\n\t\t[\/et_pb_row]<br \/>\n\t[\/et_pb_section]<\/p>\n","protected":false},"excerpt":{"rendered":"<p>TBC Innovations vient de publier son \u00e9tude de march\u00e9 sur les fen\u00eatres en France. En 2018, le march\u00e9 est en croissance de plus de 3 % en volume par rapport \u00e0 2017. Le nombre de fen\u00eatres install\u00e9es en 2018 d\u00e9passe les 10 millions d\u2019unit\u00e9s. La r\u00e9novation demeure le premier d\u00e9bouch\u00e9 du march\u00e9 des fen\u00eatres en [&hellip;]<\/p>\n","protected":false},"author":17,"featured_media":101636,"comment_status":"closed","ping_status":"closed","sticky":false,"template":"","format":"standard","meta":{"_et_pb_use_builder":"on","_et_pb_old_content":"<strong>TBC Innovations vient de publier son \u00e9tude de march\u00e9 sur les fen\u00eatres en France. En 2018, le march\u00e9 est en croissance de plus de 3 % en volume par rapport \u00e0 2017. Le nombre de fen\u00eatres install\u00e9es en 2018 d\u00e9passe les 10 millions d\u2019unit\u00e9s. La r\u00e9novation demeure le premier d\u00e9bouch\u00e9 du march\u00e9 des fen\u00eatres en France, ce d\u00e9bouch\u00e9 a connu une ann\u00e9e 2018 marqu\u00e9 par de nombreux rebondissements autour du CITE.Les professionnels s\u2019accordent sur un effet d\u2019aubaine en 2018 sur les d\u00e9bouch\u00e9s de la r\u00e9novation r\u00e9sidentielle, li\u00e9 \u00e0 l\u2019arr\u00eat du CITE en juin 2018. Sur l\u2019ensemble de l\u2019ann\u00e9e, la r\u00e9novation retrouve une croissance \u00e0 plus de 2 %.<\/strong>\r\n\r\nLors de l\u2019enqu\u00eate men\u00e9e en janvier 2019, TBC a interrog\u00e9 les 400 professionnels sur les impacts de l\u2019arr\u00eat du CITE et de l\u2019\u00e9volution des aides \u00e0 la r\u00e9novation par rapport \u00e0 leur activit\u00e9 de l\u2019ann\u00e9e 2018. Pour 48 % d\u2019entres eux, l\u2019arr\u00eat du CITE a pouss\u00e9 leurs clients \u00e0 se d\u00e9cider dans le d\u00e9but d\u2019ann\u00e9e 2018, 35 % estiment que cela a eu un impact faible pour leur activit\u00e9, et 31% des professionnels interrog\u00e9s soulignent que cela a r\u00e9duit le nombre de leurs clients et constitue une menace pour leur activit\u00e9.\r\n\r\n24 % des professionnels envisagent une ann\u00e9e 2019 en baisse sur le d\u00e9bouch\u00e9 du neuf et 27 % pr\u00e9voient une ann\u00e9e en baisse sur la r\u00e9novation de fen\u00eatres. Si les \u00e9volutions du CITE et aides \u00e0 la r\u00e9novation ont eu un effet d\u2019aubaine pour l\u2019ann\u00e9e 2018, certains professionnels sont inquiets pour leur activit\u00e9 \u00e0 plus long terme. En comparaison aux enqu\u00eates men\u00e9es par TBC Innovations dans les quatre derni\u00e8res ann\u00e9es, les professionnels sont plus pessimistes qu\u2019optimistes sur le d\u00e9bouch\u00e9 de la r\u00e9novation de fen\u00eatres pour l\u2019ann\u00e9e 2019.\r\n\r\nLa tendance est toujours aux profil\u00e9s color\u00e9s pour les fen\u00eatres. Les consultants de TBC ont encore observ\u00e9 une progression des fen\u00eatres color\u00e9es, que ce soit en aluminium ou en PVC : 40% des fen\u00eatres aluminium et PVC install\u00e9es en 2018 ne sont pas blanches.","_et_gb_content_width":"","footnotes":""},"categories":[10530,6345],"tags":[466,1016],"class_list":["post-101635","post","type-post","status-publish","format-standard","has-post-thumbnail","hentry","category-actualites","category-economie-marches","tag-fenetres","tag-menuiseries"],"yoast_head":"<!-- This site is optimized with the Yoast SEO plugin v27.4 - https:\/\/yoast.com\/product\/yoast-seo-wordpress\/ -->\n<title>Effet d&#039;aubaine pour les fen\u00eatres en 2018<\/title>\n<meta name=\"description\" content=\"TBC Innovations vient de publier son \u00e9tude de march\u00e9 sur les fen\u00eatres en France. En 2018, le march\u00e9 est en croissance de plus de 3 %\" \/>\n<meta name=\"robots\" content=\"index, follow, max-snippet:-1, max-image-preview:large, max-video-preview:-1\" \/>\n<link rel=\"canonical\" href=\"https:\/\/batijournal.com\/index.php\/effet-daubaine-pour-les-fenetres-en-2018\/101635\/\" \/>\n<meta property=\"og:locale\" content=\"fr_FR\" \/>\n<meta property=\"og:type\" content=\"article\" \/>\n<meta property=\"og:title\" content=\"Effet d&#039;aubaine pour les fen\u00eatres en 2018\" \/>\n<meta property=\"og:description\" content=\"TBC Innovations vient de publier son \u00e9tude de march\u00e9 sur les fen\u00eatres en France. En 2018, le march\u00e9 est en croissance de plus de 3 %\" \/>\n<meta property=\"og:url\" content=\"https:\/\/batijournal.com\/index.php\/effet-daubaine-pour-les-fenetres-en-2018\/101635\/\" \/>\n<meta property=\"og:site_name\" content=\"Batijournal\" \/>\n<meta property=\"article:published_time\" content=\"2019-03-04T07:50:21+00:00\" \/>\n<meta property=\"article:modified_time\" content=\"2019-07-15T10:01:54+00:00\" \/>\n<meta property=\"og:image\" content=\"https:\/\/batijournal.com\/wp-content\/uploads\/2019\/03\/merche-fenetres-TBC-2018.png\" \/>\n\t<meta property=\"og:image:width\" content=\"892\" \/>\n\t<meta property=\"og:image:height\" content=\"488\" \/>\n\t<meta property=\"og:image:type\" content=\"image\/png\" \/>\n<meta name=\"author\" content=\"St\u00e9phane Miget\" \/>\n<meta name=\"twitter:card\" content=\"summary_large_image\" \/>\n<meta name=\"twitter:creator\" content=\"@bati_journal\" \/>\n<meta name=\"twitter:site\" content=\"@bati_journal\" \/>\n<meta name=\"twitter:label1\" content=\"\u00c9crit par\" \/>\n\t<meta name=\"twitter:data1\" content=\"St\u00e9phane Miget\" \/>\n\t<meta name=\"twitter:label2\" content=\"Dur\u00e9e de lecture estim\u00e9e\" \/>\n\t<meta name=\"twitter:data2\" content=\"2 minutes\" \/>\n<script type=\"application\/ld+json\" class=\"yoast-schema-graph\">{\"@context\":\"https:\\\/\\\/schema.org\",\"@graph\":[{\"@type\":\"Article\",\"@id\":\"https:\\\/\\\/batijournal.com\\\/index.php\\\/effet-daubaine-pour-les-fenetres-en-2018\\\/101635\\\/#article\",\"isPartOf\":{\"@id\":\"https:\\\/\\\/batijournal.com\\\/index.php\\\/effet-daubaine-pour-les-fenetres-en-2018\\\/101635\\\/\"},\"author\":{\"name\":\"St\u00e9phane Miget\",\"@id\":\"https:\\\/\\\/batijournal.com\\\/#\\\/schema\\\/person\\\/1dc96ec6957aa1ccb25ebe78bb19f100\"},\"headline\":\"Effet d&rsquo;aubaine pour les fen\u00eatres en 2018\",\"datePublished\":\"2019-03-04T07:50:21+00:00\",\"dateModified\":\"2019-07-15T10:01:54+00:00\",\"mainEntityOfPage\":{\"@id\":\"https:\\\/\\\/batijournal.com\\\/index.php\\\/effet-daubaine-pour-les-fenetres-en-2018\\\/101635\\\/\"},\"wordCount\":403,\"image\":{\"@id\":\"https:\\\/\\\/batijournal.com\\\/index.php\\\/effet-daubaine-pour-les-fenetres-en-2018\\\/101635\\\/#primaryimage\"},\"thumbnailUrl\":\"https:\\\/\\\/batijournal.com\\\/wp-content\\\/uploads\\\/2019\\\/03\\\/merche-fenetres-TBC-2018.png\",\"keywords\":[\"fen\u00eatres\",\"menuiseries\"],\"articleSection\":[\"Actualit\u00e9s\",\"\u00c9conomie &amp; March\u00e9s\"],\"inLanguage\":\"fr-FR\"},{\"@type\":\"WebPage\",\"@id\":\"https:\\\/\\\/batijournal.com\\\/index.php\\\/effet-daubaine-pour-les-fenetres-en-2018\\\/101635\\\/\",\"url\":\"https:\\\/\\\/batijournal.com\\\/index.php\\\/effet-daubaine-pour-les-fenetres-en-2018\\\/101635\\\/\",\"name\":\"Effet d'aubaine pour les fen\u00eatres en 2018\",\"isPartOf\":{\"@id\":\"https:\\\/\\\/batijournal.com\\\/#website\"},\"primaryImageOfPage\":{\"@id\":\"https:\\\/\\\/batijournal.com\\\/index.php\\\/effet-daubaine-pour-les-fenetres-en-2018\\\/101635\\\/#primaryimage\"},\"image\":{\"@id\":\"https:\\\/\\\/batijournal.com\\\/index.php\\\/effet-daubaine-pour-les-fenetres-en-2018\\\/101635\\\/#primaryimage\"},\"thumbnailUrl\":\"https:\\\/\\\/batijournal.com\\\/wp-content\\\/uploads\\\/2019\\\/03\\\/merche-fenetres-TBC-2018.png\",\"datePublished\":\"2019-03-04T07:50:21+00:00\",\"dateModified\":\"2019-07-15T10:01:54+00:00\",\"author\":{\"@id\":\"https:\\\/\\\/batijournal.com\\\/#\\\/schema\\\/person\\\/1dc96ec6957aa1ccb25ebe78bb19f100\"},\"description\":\"TBC Innovations vient de publier son \u00e9tude de march\u00e9 sur les fen\u00eatres en France. En 2018, le march\u00e9 est en croissance de plus de 3 %\",\"breadcrumb\":{\"@id\":\"https:\\\/\\\/batijournal.com\\\/index.php\\\/effet-daubaine-pour-les-fenetres-en-2018\\\/101635\\\/#breadcrumb\"},\"inLanguage\":\"fr-FR\",\"potentialAction\":[{\"@type\":\"ReadAction\",\"target\":[\"https:\\\/\\\/batijournal.com\\\/index.php\\\/effet-daubaine-pour-les-fenetres-en-2018\\\/101635\\\/\"]}]},{\"@type\":\"ImageObject\",\"inLanguage\":\"fr-FR\",\"@id\":\"https:\\\/\\\/batijournal.com\\\/index.php\\\/effet-daubaine-pour-les-fenetres-en-2018\\\/101635\\\/#primaryimage\",\"url\":\"https:\\\/\\\/batijournal.com\\\/wp-content\\\/uploads\\\/2019\\\/03\\\/merche-fenetres-TBC-2018.png\",\"contentUrl\":\"https:\\\/\\\/batijournal.com\\\/wp-content\\\/uploads\\\/2019\\\/03\\\/merche-fenetres-TBC-2018.png\",\"width\":892,\"height\":488},{\"@type\":\"BreadcrumbList\",\"@id\":\"https:\\\/\\\/batijournal.com\\\/index.php\\\/effet-daubaine-pour-les-fenetres-en-2018\\\/101635\\\/#breadcrumb\",\"itemListElement\":[{\"@type\":\"ListItem\",\"position\":1,\"name\":\"Accueil\",\"item\":\"https:\\\/\\\/batijournal.com\\\/\"},{\"@type\":\"ListItem\",\"position\":2,\"name\":\"Actualit\u00e9s\",\"item\":\"https:\\\/\\\/batijournal.com\\\/index.php\\\/category\\\/actualites\\\/\"},{\"@type\":\"ListItem\",\"position\":3,\"name\":\"Effet d&rsquo;aubaine pour les fen\u00eatres en 2018\"}]},{\"@type\":\"WebSite\",\"@id\":\"https:\\\/\\\/batijournal.com\\\/#website\",\"url\":\"https:\\\/\\\/batijournal.com\\\/\",\"name\":\"Batijournal\",\"description\":\"L&#039;actualit\u00e9 du b\u00e2timent\",\"potentialAction\":[{\"@type\":\"SearchAction\",\"target\":{\"@type\":\"EntryPoint\",\"urlTemplate\":\"https:\\\/\\\/batijournal.com\\\/?s={search_term_string}\"},\"query-input\":{\"@type\":\"PropertyValueSpecification\",\"valueRequired\":true,\"valueName\":\"search_term_string\"}}],\"inLanguage\":\"fr-FR\"},{\"@type\":\"Person\",\"@id\":\"https:\\\/\\\/batijournal.com\\\/#\\\/schema\\\/person\\\/1dc96ec6957aa1ccb25ebe78bb19f100\",\"name\":\"St\u00e9phane Miget\",\"image\":{\"@type\":\"ImageObject\",\"inLanguage\":\"fr-FR\",\"@id\":\"https:\\\/\\\/secure.gravatar.com\\\/avatar\\\/89915563d925342126b8ef0281b93d9d7fc337043e8df017f780908eb9644451?s=96&d=mm&r=g\",\"url\":\"https:\\\/\\\/secure.gravatar.com\\\/avatar\\\/89915563d925342126b8ef0281b93d9d7fc337043e8df017f780908eb9644451?s=96&d=mm&r=g\",\"contentUrl\":\"https:\\\/\\\/secure.gravatar.com\\\/avatar\\\/89915563d925342126b8ef0281b93d9d7fc337043e8df017f780908eb9644451?s=96&d=mm&r=g\",\"caption\":\"St\u00e9phane Miget\"},\"url\":\"https:\\\/\\\/batijournal.com\\\/index.php\\\/author\\\/stephane\\\/\"}]}<\/script>\n<!-- \/ Yoast SEO plugin. -->","yoast_head_json":{"title":"Effet d'aubaine pour les fen\u00eatres en 2018","description":"TBC Innovations vient de publier son \u00e9tude de march\u00e9 sur les fen\u00eatres en France. En 2018, le march\u00e9 est en croissance de plus de 3 %","robots":{"index":"index","follow":"follow","max-snippet":"max-snippet:-1","max-image-preview":"max-image-preview:large","max-video-preview":"max-video-preview:-1"},"canonical":"https:\/\/batijournal.com\/index.php\/effet-daubaine-pour-les-fenetres-en-2018\/101635\/","og_locale":"fr_FR","og_type":"article","og_title":"Effet d'aubaine pour les fen\u00eatres en 2018","og_description":"TBC Innovations vient de publier son \u00e9tude de march\u00e9 sur les fen\u00eatres en France. En 2018, le march\u00e9 est en croissance de plus de 3 %","og_url":"https:\/\/batijournal.com\/index.php\/effet-daubaine-pour-les-fenetres-en-2018\/101635\/","og_site_name":"Batijournal","article_published_time":"2019-03-04T07:50:21+00:00","article_modified_time":"2019-07-15T10:01:54+00:00","og_image":[{"width":892,"height":488,"url":"https:\/\/batijournal.com\/wp-content\/uploads\/2019\/03\/merche-fenetres-TBC-2018.png","type":"image\/png"}],"author":"St\u00e9phane Miget","twitter_card":"summary_large_image","twitter_creator":"@bati_journal","twitter_site":"@bati_journal","twitter_misc":{"\u00c9crit par":"St\u00e9phane Miget","Dur\u00e9e de lecture estim\u00e9e":"2 minutes"},"schema":{"@context":"https:\/\/schema.org","@graph":[{"@type":"Article","@id":"https:\/\/batijournal.com\/index.php\/effet-daubaine-pour-les-fenetres-en-2018\/101635\/#article","isPartOf":{"@id":"https:\/\/batijournal.com\/index.php\/effet-daubaine-pour-les-fenetres-en-2018\/101635\/"},"author":{"name":"St\u00e9phane Miget","@id":"https:\/\/batijournal.com\/#\/schema\/person\/1dc96ec6957aa1ccb25ebe78bb19f100"},"headline":"Effet d&rsquo;aubaine pour les fen\u00eatres en 2018","datePublished":"2019-03-04T07:50:21+00:00","dateModified":"2019-07-15T10:01:54+00:00","mainEntityOfPage":{"@id":"https:\/\/batijournal.com\/index.php\/effet-daubaine-pour-les-fenetres-en-2018\/101635\/"},"wordCount":403,"image":{"@id":"https:\/\/batijournal.com\/index.php\/effet-daubaine-pour-les-fenetres-en-2018\/101635\/#primaryimage"},"thumbnailUrl":"https:\/\/batijournal.com\/wp-content\/uploads\/2019\/03\/merche-fenetres-TBC-2018.png","keywords":["fen\u00eatres","menuiseries"],"articleSection":["Actualit\u00e9s","\u00c9conomie &amp; March\u00e9s"],"inLanguage":"fr-FR"},{"@type":"WebPage","@id":"https:\/\/batijournal.com\/index.php\/effet-daubaine-pour-les-fenetres-en-2018\/101635\/","url":"https:\/\/batijournal.com\/index.php\/effet-daubaine-pour-les-fenetres-en-2018\/101635\/","name":"Effet d'aubaine pour les fen\u00eatres en 2018","isPartOf":{"@id":"https:\/\/batijournal.com\/#website"},"primaryImageOfPage":{"@id":"https:\/\/batijournal.com\/index.php\/effet-daubaine-pour-les-fenetres-en-2018\/101635\/#primaryimage"},"image":{"@id":"https:\/\/batijournal.com\/index.php\/effet-daubaine-pour-les-fenetres-en-2018\/101635\/#primaryimage"},"thumbnailUrl":"https:\/\/batijournal.com\/wp-content\/uploads\/2019\/03\/merche-fenetres-TBC-2018.png","datePublished":"2019-03-04T07:50:21+00:00","dateModified":"2019-07-15T10:01:54+00:00","author":{"@id":"https:\/\/batijournal.com\/#\/schema\/person\/1dc96ec6957aa1ccb25ebe78bb19f100"},"description":"TBC Innovations vient de publier son \u00e9tude de march\u00e9 sur les fen\u00eatres en France. En 2018, le march\u00e9 est en croissance de plus de 3 %","breadcrumb":{"@id":"https:\/\/batijournal.com\/index.php\/effet-daubaine-pour-les-fenetres-en-2018\/101635\/#breadcrumb"},"inLanguage":"fr-FR","potentialAction":[{"@type":"ReadAction","target":["https:\/\/batijournal.com\/index.php\/effet-daubaine-pour-les-fenetres-en-2018\/101635\/"]}]},{"@type":"ImageObject","inLanguage":"fr-FR","@id":"https:\/\/batijournal.com\/index.php\/effet-daubaine-pour-les-fenetres-en-2018\/101635\/#primaryimage","url":"https:\/\/batijournal.com\/wp-content\/uploads\/2019\/03\/merche-fenetres-TBC-2018.png","contentUrl":"https:\/\/batijournal.com\/wp-content\/uploads\/2019\/03\/merche-fenetres-TBC-2018.png","width":892,"height":488},{"@type":"BreadcrumbList","@id":"https:\/\/batijournal.com\/index.php\/effet-daubaine-pour-les-fenetres-en-2018\/101635\/#breadcrumb","itemListElement":[{"@type":"ListItem","position":1,"name":"Accueil","item":"https:\/\/batijournal.com\/"},{"@type":"ListItem","position":2,"name":"Actualit\u00e9s","item":"https:\/\/batijournal.com\/index.php\/category\/actualites\/"},{"@type":"ListItem","position":3,"name":"Effet d&rsquo;aubaine pour les fen\u00eatres en 2018"}]},{"@type":"WebSite","@id":"https:\/\/batijournal.com\/#website","url":"https:\/\/batijournal.com\/","name":"Batijournal","description":"L&#039;actualit\u00e9 du b\u00e2timent","potentialAction":[{"@type":"SearchAction","target":{"@type":"EntryPoint","urlTemplate":"https:\/\/batijournal.com\/?s={search_term_string}"},"query-input":{"@type":"PropertyValueSpecification","valueRequired":true,"valueName":"search_term_string"}}],"inLanguage":"fr-FR"},{"@type":"Person","@id":"https:\/\/batijournal.com\/#\/schema\/person\/1dc96ec6957aa1ccb25ebe78bb19f100","name":"St\u00e9phane Miget","image":{"@type":"ImageObject","inLanguage":"fr-FR","@id":"https:\/\/secure.gravatar.com\/avatar\/89915563d925342126b8ef0281b93d9d7fc337043e8df017f780908eb9644451?s=96&d=mm&r=g","url":"https:\/\/secure.gravatar.com\/avatar\/89915563d925342126b8ef0281b93d9d7fc337043e8df017f780908eb9644451?s=96&d=mm&r=g","contentUrl":"https:\/\/secure.gravatar.com\/avatar\/89915563d925342126b8ef0281b93d9d7fc337043e8df017f780908eb9644451?s=96&d=mm&r=g","caption":"St\u00e9phane Miget"},"url":"https:\/\/batijournal.com\/index.php\/author\/stephane\/"}]}},"_links":{"self":[{"href":"https:\/\/batijournal.com\/index.php\/wp-json\/wp\/v2\/posts\/101635","targetHints":{"allow":["GET"]}}],"collection":[{"href":"https:\/\/batijournal.com\/index.php\/wp-json\/wp\/v2\/posts"}],"about":[{"href":"https:\/\/batijournal.com\/index.php\/wp-json\/wp\/v2\/types\/post"}],"author":[{"embeddable":true,"href":"https:\/\/batijournal.com\/index.php\/wp-json\/wp\/v2\/users\/17"}],"replies":[{"embeddable":true,"href":"https:\/\/batijournal.com\/index.php\/wp-json\/wp\/v2\/comments?post=101635"}],"version-history":[{"count":0,"href":"https:\/\/batijournal.com\/index.php\/wp-json\/wp\/v2\/posts\/101635\/revisions"}],"wp:featuredmedia":[{"embeddable":true,"href":"https:\/\/batijournal.com\/index.php\/wp-json\/wp\/v2\/media\/101636"}],"wp:attachment":[{"href":"https:\/\/batijournal.com\/index.php\/wp-json\/wp\/v2\/media?parent=101635"}],"wp:term":[{"taxonomy":"category","embeddable":true,"href":"https:\/\/batijournal.com\/index.php\/wp-json\/wp\/v2\/categories?post=101635"},{"taxonomy":"post_tag","embeddable":true,"href":"https:\/\/batijournal.com\/index.php\/wp-json\/wp\/v2\/tags?post=101635"}],"curies":[{"name":"wp","href":"https:\/\/api.w.org\/{rel}","templated":true}]}}