{"id":101670,"date":"2019-03-07T09:04:46","date_gmt":"2019-03-07T08:04:46","guid":{"rendered":"https:\/\/batijournal.com\/?p=101670"},"modified":"2019-07-15T11:26:45","modified_gmt":"2019-07-15T09:26:45","slug":"pierre-mendes-france-salle-de-sport","status":"publish","type":"post","link":"https:\/\/batijournal.com\/index.php\/pierre-mendes-france-salle-de-sport\/101670\/","title":{"rendered":"Salle de sport \u00e0 l&rsquo;architecture franche et color\u00e9e"},"content":{"rendered":"<p>Dans le cadre de sa politique de pr\u00e9servation de son patrimoine, de sa mise en conformit\u00e9 et de la ma\u00eetrise de l\u2019\u00e9nergie, la ville de Villeneuve d\u2019Ascq (59) a proc\u00e9d\u00e9 \u00e0 l\u2019enti\u00e8re r\u00e9habilitation de la salle de sport Pierre Mend\u00e8s France situ\u00e9e au c\u0153ur du quartier des Pr\u00e9s. D\u2019une surface de 700 m2, l\u2019\u00e9quipement sportif a \u00e9t\u00e9 initialement construit en 1984 et se composent de deux b\u00e2timents de plain-pied. L\u2019un abrite l\u2019aire de jeu l\u2019autre, les vestiaires et les sanitaires. L\u2019architecture du b\u00e2timent r\u00e9nov\u00e9 est franche et color\u00e9e. Elle se d\u00e9veloppe autour d\u2019une recherche sensible de mise en \u00e9veil des sens pour l\u2019accueil des activit\u00e9s sportives des \u00e9coles. Il fallait recomposer une structure expressive, nourrie de couleurs, de nuances infinies et d\u2019innombrables variations pour donner vie \u00e0 chaque espace dans une note particuli\u00e8re. Le sous-bassement du b\u00e2timent en briques TERCA Marono et ses d\u00e9clinaisons acidul\u00e9es (bleu ciel, Telemagenta, Vert jaune, Orange pur, Jaune melon) r\u00e9hauss\u00e9 de pans de m\u00e9tal color\u00e9s donnent v\u00e9ritablement vie au volume anim\u00e9 de quelques panneaux \u00e0 effet miroir captant la lumi\u00e8re et l\u2019environnement. \u00ab Nous avons cherch\u00e9 \u00e0 ramener la lumi\u00e8re sur le b\u00e2timent, les effets de couleurs quant \u00e0 eux sont l\u00e0 pour rappeler l\u2019\u00e9cole, l\u2019enfance&#8230; le langage architectural choisi apportant ainsi une vraie plus value \u00e0 la mati\u00e8re. La brique TERCA marono, bien qu\u2019elle soit sombre de base capte les \u00e9clats du jour par ses petits impacts m\u00e9talliques et \u00e9vanescents \u00bb indique Ahmed Faouzi, architecte DPLG, responsable du service \u00e9tudes de la Mairie de Villeneuve d\u2019Ascq.<\/p>\n<p>Architecte : Ahmed Faouzi, architecte DPLG, responsable du service \u00e9tudes de la Mairie de Villeneuve d\u2019Ascq<br \/>\nEntreprise de pose : Entreprise Davo construction<br \/>\nPhoto : Fr\u00e9d\u00e9ric Miette \/ Phototandem<\/p>\n<p>&nbsp;<\/p>\n","protected":false},"excerpt":{"rendered":"<p>Dans le cadre de sa politique de pr\u00e9servation de son patrimoine, de sa mise en conformit\u00e9 et de la ma\u00eetrise de l\u2019\u00e9nergie, la ville de Villeneuve d\u2019Ascq (59) a proc\u00e9d\u00e9 \u00e0 l\u2019enti\u00e8re r\u00e9habilitation de la salle de sport Pierre Mend\u00e8s France situ\u00e9e au c\u0153ur du quartier des Pr\u00e9s. D\u2019une surface de 700 m2, l\u2019\u00e9quipement sportif [&hellip;]<\/p>\n","protected":false},"author":17,"featured_media":101671,"comment_status":"closed","ping_status":"closed","sticky":false,"template":"","format":"standard","meta":{"_et_pb_use_builder":"","_et_pb_old_content":"","_et_gb_content_width":"","footnotes":""},"categories":[10530,6340,10771,10775],"tags":[4541],"class_list":["post-101670","post","type-post","status-publish","format-standard","has-post-thumbnail","hentry","category-actualites","category-architecture-conception","category-5facades","category-actualites-5facades","tag-briques"],"yoast_head":"<!-- This site is optimized with the Yoast SEO plugin v27.4 - https:\/\/yoast.com\/product\/yoast-seo-wordpress\/ -->\n<title>Pierre Mendes France : une nouvelle architecture pour la salle de sport<\/title>\n<meta name=\"description\" content=\"La ville de Villeneuve d\u2019Ascq (59) a proc\u00e9d\u00e9 \u00e0 l\u2019enti\u00e8re r\u00e9habilitation de la salle de sport Pierre Mend\u00e8s France situ\u00e9e au c\u0153ur du quartier des Pr\u00e9s.\" \/>\n<meta name=\"robots\" content=\"index, follow, max-snippet:-1, max-image-preview:large, max-video-preview:-1\" \/>\n<link rel=\"canonical\" href=\"https:\/\/batijournal.com\/index.php\/pierre-mendes-france-salle-de-sport\/101670\/\" \/>\n<meta property=\"og:locale\" content=\"fr_FR\" \/>\n<meta property=\"og:type\" content=\"article\" \/>\n<meta property=\"og:title\" content=\"Pierre Mendes France : une nouvelle architecture pour la salle de sport\" \/>\n<meta property=\"og:description\" content=\"La ville de Villeneuve d\u2019Ascq (59) a proc\u00e9d\u00e9 \u00e0 l\u2019enti\u00e8re r\u00e9habilitation de la salle de sport Pierre Mend\u00e8s France situ\u00e9e au c\u0153ur du quartier des Pr\u00e9s.\" \/>\n<meta property=\"og:url\" content=\"https:\/\/batijournal.com\/index.php\/pierre-mendes-france-salle-de-sport\/101670\/\" \/>\n<meta property=\"og:site_name\" content=\"Batijournal\" \/>\n<meta property=\"article:published_time\" content=\"2019-03-07T08:04:46+00:00\" \/>\n<meta property=\"article:modified_time\" content=\"2019-07-15T09:26:45+00:00\" \/>\n<meta property=\"og:image\" content=\"https:\/\/batijournal.com\/wp-content\/uploads\/2019\/03\/sallemendesterca.jpg\" \/>\n\t<meta property=\"og:image:width\" content=\"1200\" \/>\n\t<meta property=\"og:image:height\" content=\"800\" \/>\n\t<meta property=\"og:image:type\" content=\"image\/jpeg\" \/>\n<meta name=\"author\" content=\"St\u00e9phane Miget\" \/>\n<meta name=\"twitter:card\" content=\"summary_large_image\" \/>\n<meta name=\"twitter:creator\" content=\"@bati_journal\" \/>\n<meta name=\"twitter:site\" content=\"@bati_journal\" \/>\n<meta name=\"twitter:label1\" content=\"\u00c9crit par\" \/>\n\t<meta name=\"twitter:data1\" content=\"St\u00e9phane Miget\" \/>\n\t<meta name=\"twitter:label2\" content=\"Dur\u00e9e de lecture estim\u00e9e\" \/>\n\t<meta name=\"twitter:data2\" content=\"2 minutes\" \/>\n<script type=\"application\/ld+json\" class=\"yoast-schema-graph\">{\"@context\":\"https:\\\/\\\/schema.org\",\"@graph\":[{\"@type\":\"Article\",\"@id\":\"https:\\\/\\\/batijournal.com\\\/index.php\\\/pierre-mendes-france-salle-de-sport\\\/101670\\\/#article\",\"isPartOf\":{\"@id\":\"https:\\\/\\\/batijournal.com\\\/index.php\\\/pierre-mendes-france-salle-de-sport\\\/101670\\\/\"},\"author\":{\"name\":\"St\u00e9phane Miget\",\"@id\":\"https:\\\/\\\/batijournal.com\\\/#\\\/schema\\\/person\\\/1dc96ec6957aa1ccb25ebe78bb19f100\"},\"headline\":\"Salle de sport \u00e0 l&rsquo;architecture franche et color\u00e9e\",\"datePublished\":\"2019-03-07T08:04:46+00:00\",\"dateModified\":\"2019-07-15T09:26:45+00:00\",\"mainEntityOfPage\":{\"@id\":\"https:\\\/\\\/batijournal.com\\\/index.php\\\/pierre-mendes-france-salle-de-sport\\\/101670\\\/\"},\"wordCount\":324,\"image\":{\"@id\":\"https:\\\/\\\/batijournal.com\\\/index.php\\\/pierre-mendes-france-salle-de-sport\\\/101670\\\/#primaryimage\"},\"thumbnailUrl\":\"https:\\\/\\\/batijournal.com\\\/wp-content\\\/uploads\\\/2019\\\/03\\\/sallemendesterca.jpg\",\"keywords\":[\"briques\"],\"articleSection\":[\"Actualit\u00e9s\",\"Architecture &amp; Conception\",\"zz_5fa\u00e7ades\",\"zz_Actualit\u00e9s - 5fa\u00e7ades\"],\"inLanguage\":\"fr-FR\"},{\"@type\":\"WebPage\",\"@id\":\"https:\\\/\\\/batijournal.com\\\/index.php\\\/pierre-mendes-france-salle-de-sport\\\/101670\\\/\",\"url\":\"https:\\\/\\\/batijournal.com\\\/index.php\\\/pierre-mendes-france-salle-de-sport\\\/101670\\\/\",\"name\":\"Pierre Mendes France : une nouvelle architecture pour la salle de sport\",\"isPartOf\":{\"@id\":\"https:\\\/\\\/batijournal.com\\\/#website\"},\"primaryImageOfPage\":{\"@id\":\"https:\\\/\\\/batijournal.com\\\/index.php\\\/pierre-mendes-france-salle-de-sport\\\/101670\\\/#primaryimage\"},\"image\":{\"@id\":\"https:\\\/\\\/batijournal.com\\\/index.php\\\/pierre-mendes-france-salle-de-sport\\\/101670\\\/#primaryimage\"},\"thumbnailUrl\":\"https:\\\/\\\/batijournal.com\\\/wp-content\\\/uploads\\\/2019\\\/03\\\/sallemendesterca.jpg\",\"datePublished\":\"2019-03-07T08:04:46+00:00\",\"dateModified\":\"2019-07-15T09:26:45+00:00\",\"author\":{\"@id\":\"https:\\\/\\\/batijournal.com\\\/#\\\/schema\\\/person\\\/1dc96ec6957aa1ccb25ebe78bb19f100\"},\"description\":\"La ville de Villeneuve d\u2019Ascq (59) a proc\u00e9d\u00e9 \u00e0 l\u2019enti\u00e8re r\u00e9habilitation de la salle de sport Pierre Mend\u00e8s France situ\u00e9e au c\u0153ur du quartier des Pr\u00e9s.\",\"breadcrumb\":{\"@id\":\"https:\\\/\\\/batijournal.com\\\/index.php\\\/pierre-mendes-france-salle-de-sport\\\/101670\\\/#breadcrumb\"},\"inLanguage\":\"fr-FR\",\"potentialAction\":[{\"@type\":\"ReadAction\",\"target\":[\"https:\\\/\\\/batijournal.com\\\/index.php\\\/pierre-mendes-france-salle-de-sport\\\/101670\\\/\"]}]},{\"@type\":\"ImageObject\",\"inLanguage\":\"fr-FR\",\"@id\":\"https:\\\/\\\/batijournal.com\\\/index.php\\\/pierre-mendes-france-salle-de-sport\\\/101670\\\/#primaryimage\",\"url\":\"https:\\\/\\\/batijournal.com\\\/wp-content\\\/uploads\\\/2019\\\/03\\\/sallemendesterca.jpg\",\"contentUrl\":\"https:\\\/\\\/batijournal.com\\\/wp-content\\\/uploads\\\/2019\\\/03\\\/sallemendesterca.jpg\",\"width\":1200,\"height\":800,\"caption\":\"Salle de sport Pierre Mendes France\"},{\"@type\":\"BreadcrumbList\",\"@id\":\"https:\\\/\\\/batijournal.com\\\/index.php\\\/pierre-mendes-france-salle-de-sport\\\/101670\\\/#breadcrumb\",\"itemListElement\":[{\"@type\":\"ListItem\",\"position\":1,\"name\":\"Accueil\",\"item\":\"https:\\\/\\\/batijournal.com\\\/\"},{\"@type\":\"ListItem\",\"position\":2,\"name\":\"Actualit\u00e9s\",\"item\":\"https:\\\/\\\/batijournal.com\\\/index.php\\\/category\\\/actualites\\\/\"},{\"@type\":\"ListItem\",\"position\":3,\"name\":\"Salle de sport \u00e0 l&rsquo;architecture franche et color\u00e9e\"}]},{\"@type\":\"WebSite\",\"@id\":\"https:\\\/\\\/batijournal.com\\\/#website\",\"url\":\"https:\\\/\\\/batijournal.com\\\/\",\"name\":\"Batijournal\",\"description\":\"L&#039;actualit\u00e9 du b\u00e2timent\",\"potentialAction\":[{\"@type\":\"SearchAction\",\"target\":{\"@type\":\"EntryPoint\",\"urlTemplate\":\"https:\\\/\\\/batijournal.com\\\/?s={search_term_string}\"},\"query-input\":{\"@type\":\"PropertyValueSpecification\",\"valueRequired\":true,\"valueName\":\"search_term_string\"}}],\"inLanguage\":\"fr-FR\"},{\"@type\":\"Person\",\"@id\":\"https:\\\/\\\/batijournal.com\\\/#\\\/schema\\\/person\\\/1dc96ec6957aa1ccb25ebe78bb19f100\",\"name\":\"St\u00e9phane Miget\",\"image\":{\"@type\":\"ImageObject\",\"inLanguage\":\"fr-FR\",\"@id\":\"https:\\\/\\\/secure.gravatar.com\\\/avatar\\\/89915563d925342126b8ef0281b93d9d7fc337043e8df017f780908eb9644451?s=96&d=mm&r=g\",\"url\":\"https:\\\/\\\/secure.gravatar.com\\\/avatar\\\/89915563d925342126b8ef0281b93d9d7fc337043e8df017f780908eb9644451?s=96&d=mm&r=g\",\"contentUrl\":\"https:\\\/\\\/secure.gravatar.com\\\/avatar\\\/89915563d925342126b8ef0281b93d9d7fc337043e8df017f780908eb9644451?s=96&d=mm&r=g\",\"caption\":\"St\u00e9phane Miget\"},\"url\":\"https:\\\/\\\/batijournal.com\\\/index.php\\\/author\\\/stephane\\\/\"}]}<\/script>\n<!-- \/ Yoast SEO plugin. -->","yoast_head_json":{"title":"Pierre Mendes France : une nouvelle architecture pour la salle de sport","description":"La ville de Villeneuve d\u2019Ascq (59) a proc\u00e9d\u00e9 \u00e0 l\u2019enti\u00e8re r\u00e9habilitation de la salle de sport Pierre Mend\u00e8s France situ\u00e9e au c\u0153ur du quartier des Pr\u00e9s.","robots":{"index":"index","follow":"follow","max-snippet":"max-snippet:-1","max-image-preview":"max-image-preview:large","max-video-preview":"max-video-preview:-1"},"canonical":"https:\/\/batijournal.com\/index.php\/pierre-mendes-france-salle-de-sport\/101670\/","og_locale":"fr_FR","og_type":"article","og_title":"Pierre Mendes France : une nouvelle architecture pour la salle de sport","og_description":"La ville de Villeneuve d\u2019Ascq (59) a proc\u00e9d\u00e9 \u00e0 l\u2019enti\u00e8re r\u00e9habilitation de la salle de sport Pierre Mend\u00e8s France situ\u00e9e au c\u0153ur du quartier des Pr\u00e9s.","og_url":"https:\/\/batijournal.com\/index.php\/pierre-mendes-france-salle-de-sport\/101670\/","og_site_name":"Batijournal","article_published_time":"2019-03-07T08:04:46+00:00","article_modified_time":"2019-07-15T09:26:45+00:00","og_image":[{"width":1200,"height":800,"url":"https:\/\/batijournal.com\/wp-content\/uploads\/2019\/03\/sallemendesterca.jpg","type":"image\/jpeg"}],"author":"St\u00e9phane Miget","twitter_card":"summary_large_image","twitter_creator":"@bati_journal","twitter_site":"@bati_journal","twitter_misc":{"\u00c9crit par":"St\u00e9phane Miget","Dur\u00e9e de lecture estim\u00e9e":"2 minutes"},"schema":{"@context":"https:\/\/schema.org","@graph":[{"@type":"Article","@id":"https:\/\/batijournal.com\/index.php\/pierre-mendes-france-salle-de-sport\/101670\/#article","isPartOf":{"@id":"https:\/\/batijournal.com\/index.php\/pierre-mendes-france-salle-de-sport\/101670\/"},"author":{"name":"St\u00e9phane Miget","@id":"https:\/\/batijournal.com\/#\/schema\/person\/1dc96ec6957aa1ccb25ebe78bb19f100"},"headline":"Salle de sport \u00e0 l&rsquo;architecture franche et color\u00e9e","datePublished":"2019-03-07T08:04:46+00:00","dateModified":"2019-07-15T09:26:45+00:00","mainEntityOfPage":{"@id":"https:\/\/batijournal.com\/index.php\/pierre-mendes-france-salle-de-sport\/101670\/"},"wordCount":324,"image":{"@id":"https:\/\/batijournal.com\/index.php\/pierre-mendes-france-salle-de-sport\/101670\/#primaryimage"},"thumbnailUrl":"https:\/\/batijournal.com\/wp-content\/uploads\/2019\/03\/sallemendesterca.jpg","keywords":["briques"],"articleSection":["Actualit\u00e9s","Architecture &amp; Conception","zz_5fa\u00e7ades","zz_Actualit\u00e9s - 5fa\u00e7ades"],"inLanguage":"fr-FR"},{"@type":"WebPage","@id":"https:\/\/batijournal.com\/index.php\/pierre-mendes-france-salle-de-sport\/101670\/","url":"https:\/\/batijournal.com\/index.php\/pierre-mendes-france-salle-de-sport\/101670\/","name":"Pierre Mendes France : une nouvelle architecture pour la salle de sport","isPartOf":{"@id":"https:\/\/batijournal.com\/#website"},"primaryImageOfPage":{"@id":"https:\/\/batijournal.com\/index.php\/pierre-mendes-france-salle-de-sport\/101670\/#primaryimage"},"image":{"@id":"https:\/\/batijournal.com\/index.php\/pierre-mendes-france-salle-de-sport\/101670\/#primaryimage"},"thumbnailUrl":"https:\/\/batijournal.com\/wp-content\/uploads\/2019\/03\/sallemendesterca.jpg","datePublished":"2019-03-07T08:04:46+00:00","dateModified":"2019-07-15T09:26:45+00:00","author":{"@id":"https:\/\/batijournal.com\/#\/schema\/person\/1dc96ec6957aa1ccb25ebe78bb19f100"},"description":"La ville de Villeneuve d\u2019Ascq (59) a proc\u00e9d\u00e9 \u00e0 l\u2019enti\u00e8re r\u00e9habilitation de la salle de sport Pierre Mend\u00e8s France situ\u00e9e au c\u0153ur du quartier des Pr\u00e9s.","breadcrumb":{"@id":"https:\/\/batijournal.com\/index.php\/pierre-mendes-france-salle-de-sport\/101670\/#breadcrumb"},"inLanguage":"fr-FR","potentialAction":[{"@type":"ReadAction","target":["https:\/\/batijournal.com\/index.php\/pierre-mendes-france-salle-de-sport\/101670\/"]}]},{"@type":"ImageObject","inLanguage":"fr-FR","@id":"https:\/\/batijournal.com\/index.php\/pierre-mendes-france-salle-de-sport\/101670\/#primaryimage","url":"https:\/\/batijournal.com\/wp-content\/uploads\/2019\/03\/sallemendesterca.jpg","contentUrl":"https:\/\/batijournal.com\/wp-content\/uploads\/2019\/03\/sallemendesterca.jpg","width":1200,"height":800,"caption":"Salle de sport Pierre Mendes France"},{"@type":"BreadcrumbList","@id":"https:\/\/batijournal.com\/index.php\/pierre-mendes-france-salle-de-sport\/101670\/#breadcrumb","itemListElement":[{"@type":"ListItem","position":1,"name":"Accueil","item":"https:\/\/batijournal.com\/"},{"@type":"ListItem","position":2,"name":"Actualit\u00e9s","item":"https:\/\/batijournal.com\/index.php\/category\/actualites\/"},{"@type":"ListItem","position":3,"name":"Salle de sport \u00e0 l&rsquo;architecture franche et color\u00e9e"}]},{"@type":"WebSite","@id":"https:\/\/batijournal.com\/#website","url":"https:\/\/batijournal.com\/","name":"Batijournal","description":"L&#039;actualit\u00e9 du b\u00e2timent","potentialAction":[{"@type":"SearchAction","target":{"@type":"EntryPoint","urlTemplate":"https:\/\/batijournal.com\/?s={search_term_string}"},"query-input":{"@type":"PropertyValueSpecification","valueRequired":true,"valueName":"search_term_string"}}],"inLanguage":"fr-FR"},{"@type":"Person","@id":"https:\/\/batijournal.com\/#\/schema\/person\/1dc96ec6957aa1ccb25ebe78bb19f100","name":"St\u00e9phane Miget","image":{"@type":"ImageObject","inLanguage":"fr-FR","@id":"https:\/\/secure.gravatar.com\/avatar\/89915563d925342126b8ef0281b93d9d7fc337043e8df017f780908eb9644451?s=96&d=mm&r=g","url":"https:\/\/secure.gravatar.com\/avatar\/89915563d925342126b8ef0281b93d9d7fc337043e8df017f780908eb9644451?s=96&d=mm&r=g","contentUrl":"https:\/\/secure.gravatar.com\/avatar\/89915563d925342126b8ef0281b93d9d7fc337043e8df017f780908eb9644451?s=96&d=mm&r=g","caption":"St\u00e9phane Miget"},"url":"https:\/\/batijournal.com\/index.php\/author\/stephane\/"}]}},"_links":{"self":[{"href":"https:\/\/batijournal.com\/index.php\/wp-json\/wp\/v2\/posts\/101670","targetHints":{"allow":["GET"]}}],"collection":[{"href":"https:\/\/batijournal.com\/index.php\/wp-json\/wp\/v2\/posts"}],"about":[{"href":"https:\/\/batijournal.com\/index.php\/wp-json\/wp\/v2\/types\/post"}],"author":[{"embeddable":true,"href":"https:\/\/batijournal.com\/index.php\/wp-json\/wp\/v2\/users\/17"}],"replies":[{"embeddable":true,"href":"https:\/\/batijournal.com\/index.php\/wp-json\/wp\/v2\/comments?post=101670"}],"version-history":[{"count":0,"href":"https:\/\/batijournal.com\/index.php\/wp-json\/wp\/v2\/posts\/101670\/revisions"}],"wp:featuredmedia":[{"embeddable":true,"href":"https:\/\/batijournal.com\/index.php\/wp-json\/wp\/v2\/media\/101671"}],"wp:attachment":[{"href":"https:\/\/batijournal.com\/index.php\/wp-json\/wp\/v2\/media?parent=101670"}],"wp:term":[{"taxonomy":"category","embeddable":true,"href":"https:\/\/batijournal.com\/index.php\/wp-json\/wp\/v2\/categories?post=101670"},{"taxonomy":"post_tag","embeddable":true,"href":"https:\/\/batijournal.com\/index.php\/wp-json\/wp\/v2\/tags?post=101670"}],"curies":[{"name":"wp","href":"https:\/\/api.w.org\/{rel}","templated":true}]}}