{"id":101692,"date":"2019-03-11T08:32:52","date_gmt":"2019-03-11T07:32:52","guid":{"rendered":"https:\/\/batijournal.com\/?p=101692"},"modified":"2019-07-15T12:01:54","modified_gmt":"2019-07-15T10:01:54","slug":"le-marche-des-materiaux-continue-a-ralentir","status":"publish","type":"post","link":"https:\/\/batijournal.com\/index.php\/le-marche-des-materiaux-continue-a-ralentir\/101692\/","title":{"rendered":"Le march\u00e9 des mat\u00e9riaux continue \u00e0 ralentir"},"content":{"rendered":"<p>Les derniers r\u00e9sultats de l\u2019enqu\u00eate Unicem du mois de janvier traduisent un repli de l\u2019activit\u00e9 des granulats et du BPE. Par rapport \u00e0 d\u00e9cembre, les livraisons de BPE auraient recul\u00e9 de 1,7 % mais se situent 3,7 % au-dessus des niveaux de janvier 2018. Sur les trois derniers mois connus, la production progresse encore de + 1,5 % par rapport aux trois mois pr\u00e9c\u00e9dents et de + 3,5 % au regard de la m\u00eame p\u00e9riode d\u2019il y a un an. Pour autant, la tendance des douze derniers mois ralentit pour atteindre +2,8% sur un an contre +3,5% \u00e0 fin d\u00e9cembre. Du c\u00f4t\u00e9 des granulats, le freinage est plus marqu\u00e9. L\u2019activit\u00e9 se contracte de 5,8 % en janvier par rapport \u00e0 d\u00e9cembre et de &#8211; 1 % par rapport \u00e0 janvier 2018, ce qui place cette ann\u00e9e parmi les plus faibles de ces vingt derni\u00e8res, avec un niveau 10 % plus bas qu\u2019un mois de janvier moyen. De fait, au cours des trois derniers mois, l\u2019activit\u00e9 est quasi stable par rapport aux trois mois pr\u00e9c\u00e9dents (+ 0,4 %) et \u00e0 peine plus haussi\u00e8re compar\u00e9e \u00e0 il y a un an (+ 0,6 %). Comme pour le BPE, la tendance cumul\u00e9e sur les douze derniers mois ralentit et perd un point de croissance, passant de + 1,8 % en d\u00e9cembre \u00e0 0,8 % en janvier.<\/p>\n<p>Source : Unicem<\/p>\n","protected":false},"excerpt":{"rendered":"<p>Les derniers r\u00e9sultats de l\u2019enqu\u00eate Unicem du mois de janvier traduisent un repli de l\u2019activit\u00e9 des granulats et du BPE. Par rapport \u00e0 d\u00e9cembre, les livraisons de BPE auraient recul\u00e9 de 1,7 % mais se situent 3,7 % au-dessus des niveaux de janvier 2018. Sur les trois derniers mois connus, la production progresse encore de [&hellip;]<\/p>\n","protected":false},"author":17,"featured_media":101690,"comment_status":"closed","ping_status":"closed","sticky":false,"template":"","format":"standard","meta":{"_et_pb_use_builder":"","_et_pb_old_content":"","_et_gb_content_width":"","footnotes":""},"categories":[10530,6345],"tags":[11893,4840,6669],"class_list":["post-101692","post","type-post","status-publish","format-standard","has-post-thumbnail","hentry","category-actualites","category-economie-marches","tag-bpe","tag-granulats","tag-unicem"],"yoast_head":"<!-- This site is optimized with the Yoast SEO plugin v27.4 - https:\/\/yoast.com\/product\/yoast-seo-wordpress\/ -->\n<title>Le march\u00e9 des mat\u00e9riaux continue \u00e0 ralentir<\/title>\n<meta name=\"description\" content=\"Les derniers r\u00e9sultats de l\u2019enqu\u00eate Unicem du mois de janvier traduisent un repli de l\u2019activit\u00e9 des granulats et du BPE.\" \/>\n<meta name=\"robots\" content=\"index, follow, max-snippet:-1, max-image-preview:large, max-video-preview:-1\" \/>\n<link rel=\"canonical\" href=\"https:\/\/batijournal.com\/index.php\/le-marche-des-materiaux-continue-a-ralentir\/101692\/\" \/>\n<meta property=\"og:locale\" content=\"fr_FR\" \/>\n<meta property=\"og:type\" content=\"article\" \/>\n<meta property=\"og:title\" content=\"Le march\u00e9 des mat\u00e9riaux continue \u00e0 ralentir\" \/>\n<meta property=\"og:description\" content=\"Les derniers r\u00e9sultats de l\u2019enqu\u00eate Unicem du mois de janvier traduisent un repli de l\u2019activit\u00e9 des granulats et du BPE.\" \/>\n<meta property=\"og:url\" content=\"https:\/\/batijournal.com\/index.php\/le-marche-des-materiaux-continue-a-ralentir\/101692\/\" \/>\n<meta property=\"og:site_name\" content=\"Batijournal\" \/>\n<meta property=\"article:published_time\" content=\"2019-03-11T07:32:52+00:00\" \/>\n<meta property=\"article:modified_time\" content=\"2019-07-15T10:01:54+00:00\" \/>\n<meta property=\"og:image\" content=\"https:\/\/batijournal.com\/wp-content\/uploads\/2019\/03\/marche-materiaux-unicem-debut-2019.png\" \/>\n\t<meta property=\"og:image:width\" content=\"1013\" \/>\n\t<meta property=\"og:image:height\" content=\"510\" \/>\n\t<meta property=\"og:image:type\" content=\"image\/png\" \/>\n<meta name=\"author\" content=\"St\u00e9phane Miget\" \/>\n<meta name=\"twitter:card\" content=\"summary_large_image\" \/>\n<meta name=\"twitter:creator\" content=\"@bati_journal\" \/>\n<meta name=\"twitter:site\" content=\"@bati_journal\" \/>\n<meta name=\"twitter:label1\" content=\"\u00c9crit par\" \/>\n\t<meta name=\"twitter:data1\" content=\"St\u00e9phane Miget\" \/>\n\t<meta name=\"twitter:label2\" content=\"Dur\u00e9e de lecture estim\u00e9e\" \/>\n\t<meta name=\"twitter:data2\" content=\"1 minute\" \/>\n<script type=\"application\/ld+json\" class=\"yoast-schema-graph\">{\"@context\":\"https:\\\/\\\/schema.org\",\"@graph\":[{\"@type\":\"Article\",\"@id\":\"https:\\\/\\\/batijournal.com\\\/index.php\\\/le-marche-des-materiaux-continue-a-ralentir\\\/101692\\\/#article\",\"isPartOf\":{\"@id\":\"https:\\\/\\\/batijournal.com\\\/index.php\\\/le-marche-des-materiaux-continue-a-ralentir\\\/101692\\\/\"},\"author\":{\"name\":\"St\u00e9phane Miget\",\"@id\":\"https:\\\/\\\/batijournal.com\\\/#\\\/schema\\\/person\\\/1dc96ec6957aa1ccb25ebe78bb19f100\"},\"headline\":\"Le march\u00e9 des mat\u00e9riaux continue \u00e0 ralentir\",\"datePublished\":\"2019-03-11T07:32:52+00:00\",\"dateModified\":\"2019-07-15T10:01:54+00:00\",\"mainEntityOfPage\":{\"@id\":\"https:\\\/\\\/batijournal.com\\\/index.php\\\/le-marche-des-materiaux-continue-a-ralentir\\\/101692\\\/\"},\"wordCount\":218,\"image\":{\"@id\":\"https:\\\/\\\/batijournal.com\\\/index.php\\\/le-marche-des-materiaux-continue-a-ralentir\\\/101692\\\/#primaryimage\"},\"thumbnailUrl\":\"https:\\\/\\\/batijournal.com\\\/wp-content\\\/uploads\\\/2019\\\/03\\\/marche-materiaux-unicem-debut-2019.png\",\"keywords\":[\"BPE\",\"granulats\",\"unicem\"],\"articleSection\":[\"Actualit\u00e9s\",\"\u00c9conomie &amp; March\u00e9s\"],\"inLanguage\":\"fr-FR\"},{\"@type\":\"WebPage\",\"@id\":\"https:\\\/\\\/batijournal.com\\\/index.php\\\/le-marche-des-materiaux-continue-a-ralentir\\\/101692\\\/\",\"url\":\"https:\\\/\\\/batijournal.com\\\/index.php\\\/le-marche-des-materiaux-continue-a-ralentir\\\/101692\\\/\",\"name\":\"Le march\u00e9 des mat\u00e9riaux continue \u00e0 ralentir\",\"isPartOf\":{\"@id\":\"https:\\\/\\\/batijournal.com\\\/#website\"},\"primaryImageOfPage\":{\"@id\":\"https:\\\/\\\/batijournal.com\\\/index.php\\\/le-marche-des-materiaux-continue-a-ralentir\\\/101692\\\/#primaryimage\"},\"image\":{\"@id\":\"https:\\\/\\\/batijournal.com\\\/index.php\\\/le-marche-des-materiaux-continue-a-ralentir\\\/101692\\\/#primaryimage\"},\"thumbnailUrl\":\"https:\\\/\\\/batijournal.com\\\/wp-content\\\/uploads\\\/2019\\\/03\\\/marche-materiaux-unicem-debut-2019.png\",\"datePublished\":\"2019-03-11T07:32:52+00:00\",\"dateModified\":\"2019-07-15T10:01:54+00:00\",\"author\":{\"@id\":\"https:\\\/\\\/batijournal.com\\\/#\\\/schema\\\/person\\\/1dc96ec6957aa1ccb25ebe78bb19f100\"},\"description\":\"Les derniers r\u00e9sultats de l\u2019enqu\u00eate Unicem du mois de janvier traduisent un repli de l\u2019activit\u00e9 des granulats et du BPE.\",\"breadcrumb\":{\"@id\":\"https:\\\/\\\/batijournal.com\\\/index.php\\\/le-marche-des-materiaux-continue-a-ralentir\\\/101692\\\/#breadcrumb\"},\"inLanguage\":\"fr-FR\",\"potentialAction\":[{\"@type\":\"ReadAction\",\"target\":[\"https:\\\/\\\/batijournal.com\\\/index.php\\\/le-marche-des-materiaux-continue-a-ralentir\\\/101692\\\/\"]}]},{\"@type\":\"ImageObject\",\"inLanguage\":\"fr-FR\",\"@id\":\"https:\\\/\\\/batijournal.com\\\/index.php\\\/le-marche-des-materiaux-continue-a-ralentir\\\/101692\\\/#primaryimage\",\"url\":\"https:\\\/\\\/batijournal.com\\\/wp-content\\\/uploads\\\/2019\\\/03\\\/marche-materiaux-unicem-debut-2019.png\",\"contentUrl\":\"https:\\\/\\\/batijournal.com\\\/wp-content\\\/uploads\\\/2019\\\/03\\\/marche-materiaux-unicem-debut-2019.png\",\"width\":1013,\"height\":510},{\"@type\":\"BreadcrumbList\",\"@id\":\"https:\\\/\\\/batijournal.com\\\/index.php\\\/le-marche-des-materiaux-continue-a-ralentir\\\/101692\\\/#breadcrumb\",\"itemListElement\":[{\"@type\":\"ListItem\",\"position\":1,\"name\":\"Accueil\",\"item\":\"https:\\\/\\\/batijournal.com\\\/\"},{\"@type\":\"ListItem\",\"position\":2,\"name\":\"Actualit\u00e9s\",\"item\":\"https:\\\/\\\/batijournal.com\\\/index.php\\\/category\\\/actualites\\\/\"},{\"@type\":\"ListItem\",\"position\":3,\"name\":\"Le march\u00e9 des mat\u00e9riaux continue \u00e0 ralentir\"}]},{\"@type\":\"WebSite\",\"@id\":\"https:\\\/\\\/batijournal.com\\\/#website\",\"url\":\"https:\\\/\\\/batijournal.com\\\/\",\"name\":\"Batijournal\",\"description\":\"L&#039;actualit\u00e9 du b\u00e2timent\",\"potentialAction\":[{\"@type\":\"SearchAction\",\"target\":{\"@type\":\"EntryPoint\",\"urlTemplate\":\"https:\\\/\\\/batijournal.com\\\/?s={search_term_string}\"},\"query-input\":{\"@type\":\"PropertyValueSpecification\",\"valueRequired\":true,\"valueName\":\"search_term_string\"}}],\"inLanguage\":\"fr-FR\"},{\"@type\":\"Person\",\"@id\":\"https:\\\/\\\/batijournal.com\\\/#\\\/schema\\\/person\\\/1dc96ec6957aa1ccb25ebe78bb19f100\",\"name\":\"St\u00e9phane Miget\",\"image\":{\"@type\":\"ImageObject\",\"inLanguage\":\"fr-FR\",\"@id\":\"https:\\\/\\\/secure.gravatar.com\\\/avatar\\\/89915563d925342126b8ef0281b93d9d7fc337043e8df017f780908eb9644451?s=96&d=mm&r=g\",\"url\":\"https:\\\/\\\/secure.gravatar.com\\\/avatar\\\/89915563d925342126b8ef0281b93d9d7fc337043e8df017f780908eb9644451?s=96&d=mm&r=g\",\"contentUrl\":\"https:\\\/\\\/secure.gravatar.com\\\/avatar\\\/89915563d925342126b8ef0281b93d9d7fc337043e8df017f780908eb9644451?s=96&d=mm&r=g\",\"caption\":\"St\u00e9phane Miget\"},\"url\":\"https:\\\/\\\/batijournal.com\\\/index.php\\\/author\\\/stephane\\\/\"}]}<\/script>\n<!-- \/ Yoast SEO plugin. -->","yoast_head_json":{"title":"Le march\u00e9 des mat\u00e9riaux continue \u00e0 ralentir","description":"Les derniers r\u00e9sultats de l\u2019enqu\u00eate Unicem du mois de janvier traduisent un repli de l\u2019activit\u00e9 des granulats et du BPE.","robots":{"index":"index","follow":"follow","max-snippet":"max-snippet:-1","max-image-preview":"max-image-preview:large","max-video-preview":"max-video-preview:-1"},"canonical":"https:\/\/batijournal.com\/index.php\/le-marche-des-materiaux-continue-a-ralentir\/101692\/","og_locale":"fr_FR","og_type":"article","og_title":"Le march\u00e9 des mat\u00e9riaux continue \u00e0 ralentir","og_description":"Les derniers r\u00e9sultats de l\u2019enqu\u00eate Unicem du mois de janvier traduisent un repli de l\u2019activit\u00e9 des granulats et du BPE.","og_url":"https:\/\/batijournal.com\/index.php\/le-marche-des-materiaux-continue-a-ralentir\/101692\/","og_site_name":"Batijournal","article_published_time":"2019-03-11T07:32:52+00:00","article_modified_time":"2019-07-15T10:01:54+00:00","og_image":[{"width":1013,"height":510,"url":"https:\/\/batijournal.com\/wp-content\/uploads\/2019\/03\/marche-materiaux-unicem-debut-2019.png","type":"image\/png"}],"author":"St\u00e9phane Miget","twitter_card":"summary_large_image","twitter_creator":"@bati_journal","twitter_site":"@bati_journal","twitter_misc":{"\u00c9crit par":"St\u00e9phane Miget","Dur\u00e9e de lecture estim\u00e9e":"1 minute"},"schema":{"@context":"https:\/\/schema.org","@graph":[{"@type":"Article","@id":"https:\/\/batijournal.com\/index.php\/le-marche-des-materiaux-continue-a-ralentir\/101692\/#article","isPartOf":{"@id":"https:\/\/batijournal.com\/index.php\/le-marche-des-materiaux-continue-a-ralentir\/101692\/"},"author":{"name":"St\u00e9phane Miget","@id":"https:\/\/batijournal.com\/#\/schema\/person\/1dc96ec6957aa1ccb25ebe78bb19f100"},"headline":"Le march\u00e9 des mat\u00e9riaux continue \u00e0 ralentir","datePublished":"2019-03-11T07:32:52+00:00","dateModified":"2019-07-15T10:01:54+00:00","mainEntityOfPage":{"@id":"https:\/\/batijournal.com\/index.php\/le-marche-des-materiaux-continue-a-ralentir\/101692\/"},"wordCount":218,"image":{"@id":"https:\/\/batijournal.com\/index.php\/le-marche-des-materiaux-continue-a-ralentir\/101692\/#primaryimage"},"thumbnailUrl":"https:\/\/batijournal.com\/wp-content\/uploads\/2019\/03\/marche-materiaux-unicem-debut-2019.png","keywords":["BPE","granulats","unicem"],"articleSection":["Actualit\u00e9s","\u00c9conomie &amp; March\u00e9s"],"inLanguage":"fr-FR"},{"@type":"WebPage","@id":"https:\/\/batijournal.com\/index.php\/le-marche-des-materiaux-continue-a-ralentir\/101692\/","url":"https:\/\/batijournal.com\/index.php\/le-marche-des-materiaux-continue-a-ralentir\/101692\/","name":"Le march\u00e9 des mat\u00e9riaux continue \u00e0 ralentir","isPartOf":{"@id":"https:\/\/batijournal.com\/#website"},"primaryImageOfPage":{"@id":"https:\/\/batijournal.com\/index.php\/le-marche-des-materiaux-continue-a-ralentir\/101692\/#primaryimage"},"image":{"@id":"https:\/\/batijournal.com\/index.php\/le-marche-des-materiaux-continue-a-ralentir\/101692\/#primaryimage"},"thumbnailUrl":"https:\/\/batijournal.com\/wp-content\/uploads\/2019\/03\/marche-materiaux-unicem-debut-2019.png","datePublished":"2019-03-11T07:32:52+00:00","dateModified":"2019-07-15T10:01:54+00:00","author":{"@id":"https:\/\/batijournal.com\/#\/schema\/person\/1dc96ec6957aa1ccb25ebe78bb19f100"},"description":"Les derniers r\u00e9sultats de l\u2019enqu\u00eate Unicem du mois de janvier traduisent un repli de l\u2019activit\u00e9 des granulats et du BPE.","breadcrumb":{"@id":"https:\/\/batijournal.com\/index.php\/le-marche-des-materiaux-continue-a-ralentir\/101692\/#breadcrumb"},"inLanguage":"fr-FR","potentialAction":[{"@type":"ReadAction","target":["https:\/\/batijournal.com\/index.php\/le-marche-des-materiaux-continue-a-ralentir\/101692\/"]}]},{"@type":"ImageObject","inLanguage":"fr-FR","@id":"https:\/\/batijournal.com\/index.php\/le-marche-des-materiaux-continue-a-ralentir\/101692\/#primaryimage","url":"https:\/\/batijournal.com\/wp-content\/uploads\/2019\/03\/marche-materiaux-unicem-debut-2019.png","contentUrl":"https:\/\/batijournal.com\/wp-content\/uploads\/2019\/03\/marche-materiaux-unicem-debut-2019.png","width":1013,"height":510},{"@type":"BreadcrumbList","@id":"https:\/\/batijournal.com\/index.php\/le-marche-des-materiaux-continue-a-ralentir\/101692\/#breadcrumb","itemListElement":[{"@type":"ListItem","position":1,"name":"Accueil","item":"https:\/\/batijournal.com\/"},{"@type":"ListItem","position":2,"name":"Actualit\u00e9s","item":"https:\/\/batijournal.com\/index.php\/category\/actualites\/"},{"@type":"ListItem","position":3,"name":"Le march\u00e9 des mat\u00e9riaux continue \u00e0 ralentir"}]},{"@type":"WebSite","@id":"https:\/\/batijournal.com\/#website","url":"https:\/\/batijournal.com\/","name":"Batijournal","description":"L&#039;actualit\u00e9 du b\u00e2timent","potentialAction":[{"@type":"SearchAction","target":{"@type":"EntryPoint","urlTemplate":"https:\/\/batijournal.com\/?s={search_term_string}"},"query-input":{"@type":"PropertyValueSpecification","valueRequired":true,"valueName":"search_term_string"}}],"inLanguage":"fr-FR"},{"@type":"Person","@id":"https:\/\/batijournal.com\/#\/schema\/person\/1dc96ec6957aa1ccb25ebe78bb19f100","name":"St\u00e9phane Miget","image":{"@type":"ImageObject","inLanguage":"fr-FR","@id":"https:\/\/secure.gravatar.com\/avatar\/89915563d925342126b8ef0281b93d9d7fc337043e8df017f780908eb9644451?s=96&d=mm&r=g","url":"https:\/\/secure.gravatar.com\/avatar\/89915563d925342126b8ef0281b93d9d7fc337043e8df017f780908eb9644451?s=96&d=mm&r=g","contentUrl":"https:\/\/secure.gravatar.com\/avatar\/89915563d925342126b8ef0281b93d9d7fc337043e8df017f780908eb9644451?s=96&d=mm&r=g","caption":"St\u00e9phane Miget"},"url":"https:\/\/batijournal.com\/index.php\/author\/stephane\/"}]}},"_links":{"self":[{"href":"https:\/\/batijournal.com\/index.php\/wp-json\/wp\/v2\/posts\/101692","targetHints":{"allow":["GET"]}}],"collection":[{"href":"https:\/\/batijournal.com\/index.php\/wp-json\/wp\/v2\/posts"}],"about":[{"href":"https:\/\/batijournal.com\/index.php\/wp-json\/wp\/v2\/types\/post"}],"author":[{"embeddable":true,"href":"https:\/\/batijournal.com\/index.php\/wp-json\/wp\/v2\/users\/17"}],"replies":[{"embeddable":true,"href":"https:\/\/batijournal.com\/index.php\/wp-json\/wp\/v2\/comments?post=101692"}],"version-history":[{"count":0,"href":"https:\/\/batijournal.com\/index.php\/wp-json\/wp\/v2\/posts\/101692\/revisions"}],"wp:featuredmedia":[{"embeddable":true,"href":"https:\/\/batijournal.com\/index.php\/wp-json\/wp\/v2\/media\/101690"}],"wp:attachment":[{"href":"https:\/\/batijournal.com\/index.php\/wp-json\/wp\/v2\/media?parent=101692"}],"wp:term":[{"taxonomy":"category","embeddable":true,"href":"https:\/\/batijournal.com\/index.php\/wp-json\/wp\/v2\/categories?post=101692"},{"taxonomy":"post_tag","embeddable":true,"href":"https:\/\/batijournal.com\/index.php\/wp-json\/wp\/v2\/tags?post=101692"}],"curies":[{"name":"wp","href":"https:\/\/api.w.org\/{rel}","templated":true}]}}