{"id":101701,"date":"2019-03-12T17:37:28","date_gmt":"2019-03-12T16:37:28","guid":{"rendered":"https:\/\/batijournal.com\/?p=101701"},"modified":"2019-07-15T11:14:39","modified_gmt":"2019-07-15T09:14:39","slug":"fontaines-champs-elysees-bouroullec","status":"publish","type":"post","link":"https:\/\/batijournal.com\/index.php\/fontaines-champs-elysees-bouroullec\/101701\/","title":{"rendered":"6 fontaines lumineuses sur les Champs-Elys\u00e9es un projet men\u00e9 par les fr\u00e8res Bouroullec"},"content":{"rendered":"<p><strong>D\u00e8s le 21 mars, 6 fontaines lumineuses de 13 m\u00e8tres viendront entourer le rond-point des Champs-Elys\u00e9es.\u00a0<\/strong><\/p>\n<p>Ce sont les designers Ronan et Erwan Bourrollec qui sont charg\u00e9s du projet. Pour cela, les fr\u00e8res Bourrollec ont d\u00e9cid\u00e9 d&rsquo;allier bronze et aluminium (utilis\u00e9 pour construire les h\u00e9lices des sous-marins) ainsi que le cristal sur les branches lumineuses verticales.<\/p>\n<p>Illumin\u00e9es par 43 822 Led, ls six nouvelles fontaines imagin\u00e9es seront toutes identiques. Elles viendront succ\u00e9der aux fontaines en verre r\u00e9alis\u00e9es par Ren\u00e9 Lalique en 1932 mais d\u00e9mont\u00e9es et remplac\u00e9es \u00a0par des copies en plastique en 1958 car jug\u00e9es trop fragiles.<\/p>\n<p>Les fontaines Bouroullec s\u2019\u00e9l\u00e8veront donc au milieu des six bassins r\u00e9nov\u00e9s dessin\u00e9s par Alphand, au XIXe si\u00e8cle, en remplacement d\u2019un jet d\u2019eau central. Chaque fontaine tournera lentement sur elle-m\u00eame gr\u00e2ce \u00e0 930 dents de pignons actionn\u00e9es par une puissance \u00e9lectrique.<\/p>\n<p>Le projet a \u00e9t\u00e9 financ\u00e9 par le m\u00e9c\u00e9nat priv\u00e9 par l&rsquo;interm\u00e9diaire du Fonds pour Paris. La maquette avait \u00e9t\u00e9 approuv\u00e9e en 2016 par la maire de Paris, Anne Hidalgo.<\/p>\n<p><em>\u00a9Les fontaines des Champs Elysees, Iconographie, Ronan &amp; Erwan Bouroullec &#8211; Studio-Bouroullec<\/em><\/p>\n","protected":false},"excerpt":{"rendered":"<p>D\u00e8s le 21 mars, 6 fontaines lumineuses de 13 m\u00e8tres viendront entourer le rond-point des Champs-Elys\u00e9es.\u00a0 Ce sont les designers Ronan et Erwan Bourrollec qui sont charg\u00e9s du projet. Pour cela, les fr\u00e8res Bourrollec ont d\u00e9cid\u00e9 d&rsquo;allier bronze et aluminium (utilis\u00e9 pour construire les h\u00e9lices des sous-marins) ainsi que le cristal sur les branches lumineuses [&hellip;]<\/p>\n","protected":false},"author":1,"featured_media":101702,"comment_status":"closed","ping_status":"closed","sticky":false,"template":"","format":"standard","meta":{"_et_pb_use_builder":"","_et_pb_old_content":"","_et_gb_content_width":"","footnotes":""},"categories":[10530,6340,10785,10787],"tags":[],"class_list":["post-101701","post","type-post","status-publish","format-standard","has-post-thumbnail","hentry","category-actualites","category-architecture-conception","category-atrium","category-entreprises-et-chantiers"],"yoast_head":"<!-- This site is optimized with the Yoast SEO plugin v27.4 - https:\/\/yoast.com\/product\/yoast-seo-wordpress\/ -->\n<title>Les fr\u00e8res Bourrollec : 6 fontaines lumineuses sur les Champs-Elys\u00e9es<\/title>\n<meta name=\"description\" content=\"D\u00e8s le 21 mars, 6 fontaines lumineuses de 13 m viendront entourer le rond-point des Champs-Elys\u00e9es.\u00a0Un projet men\u00e9 par Ronan et Erwan Bourrollec\" \/>\n<meta name=\"robots\" content=\"index, follow, max-snippet:-1, max-image-preview:large, max-video-preview:-1\" \/>\n<link rel=\"canonical\" href=\"https:\/\/batijournal.com\/index.php\/fontaines-champs-elysees-bouroullec\/101701\/\" \/>\n<meta property=\"og:locale\" content=\"fr_FR\" \/>\n<meta property=\"og:type\" content=\"article\" \/>\n<meta property=\"og:title\" content=\"Les fr\u00e8res Bourrollec : 6 fontaines lumineuses sur les Champs-Elys\u00e9es\" \/>\n<meta property=\"og:description\" content=\"D\u00e8s le 21 mars, 6 fontaines lumineuses de 13 m viendront entourer le rond-point des Champs-Elys\u00e9es.\u00a0Un projet men\u00e9 par Ronan et Erwan Bourrollec\" \/>\n<meta property=\"og:url\" content=\"https:\/\/batijournal.com\/index.php\/fontaines-champs-elysees-bouroullec\/101701\/\" \/>\n<meta property=\"og:site_name\" content=\"Batijournal\" \/>\n<meta property=\"article:published_time\" content=\"2019-03-12T16:37:28+00:00\" \/>\n<meta property=\"article:modified_time\" content=\"2019-07-15T09:14:39+00:00\" \/>\n<meta property=\"og:image\" content=\"https:\/\/batijournal.com\/wp-content\/uploads\/2019\/03\/Les-fontaines-des-Champs-Elysees_Iconographie_Ronan-et-Erwan-Bouroullec_Studio-Bouroullec.jpg\" \/>\n\t<meta property=\"og:image:width\" content=\"1200\" \/>\n\t<meta property=\"og:image:height\" content=\"800\" \/>\n\t<meta property=\"og:image:type\" content=\"image\/jpeg\" \/>\n<meta name=\"author\" content=\"Bati-journal\" \/>\n<meta name=\"twitter:card\" content=\"summary_large_image\" \/>\n<meta name=\"twitter:creator\" content=\"@bati_journal\" \/>\n<meta name=\"twitter:site\" content=\"@bati_journal\" \/>\n<meta name=\"twitter:label1\" content=\"\u00c9crit par\" \/>\n\t<meta name=\"twitter:data1\" content=\"Bati-journal\" \/>\n\t<meta name=\"twitter:label2\" content=\"Dur\u00e9e de lecture estim\u00e9e\" \/>\n\t<meta name=\"twitter:data2\" content=\"1 minute\" \/>\n<script type=\"application\/ld+json\" class=\"yoast-schema-graph\">{\"@context\":\"https:\\\/\\\/schema.org\",\"@graph\":[{\"@type\":\"Article\",\"@id\":\"https:\\\/\\\/batijournal.com\\\/index.php\\\/fontaines-champs-elysees-bouroullec\\\/101701\\\/#article\",\"isPartOf\":{\"@id\":\"https:\\\/\\\/batijournal.com\\\/index.php\\\/fontaines-champs-elysees-bouroullec\\\/101701\\\/\"},\"author\":{\"name\":\"Bati-journal\",\"@id\":\"https:\\\/\\\/batijournal.com\\\/#\\\/schema\\\/person\\\/6a657e8967569e1b299972574848aa76\"},\"headline\":\"6 fontaines lumineuses sur les Champs-Elys\u00e9es un projet men\u00e9 par les fr\u00e8res Bouroullec\",\"datePublished\":\"2019-03-12T16:37:28+00:00\",\"dateModified\":\"2019-07-15T09:14:39+00:00\",\"mainEntityOfPage\":{\"@id\":\"https:\\\/\\\/batijournal.com\\\/index.php\\\/fontaines-champs-elysees-bouroullec\\\/101701\\\/\"},\"wordCount\":215,\"image\":{\"@id\":\"https:\\\/\\\/batijournal.com\\\/index.php\\\/fontaines-champs-elysees-bouroullec\\\/101701\\\/#primaryimage\"},\"thumbnailUrl\":\"https:\\\/\\\/batijournal.com\\\/wp-content\\\/uploads\\\/2019\\\/03\\\/Les-fontaines-des-Champs-Elysees_Iconographie_Ronan-et-Erwan-Bouroullec_Studio-Bouroullec.jpg\",\"articleSection\":[\"Actualit\u00e9s\",\"Architecture &amp; Conception\",\"zz_Atrium Patrimoine\",\"zz_Entreprises et chantiers - AC\"],\"inLanguage\":\"fr-FR\"},{\"@type\":\"WebPage\",\"@id\":\"https:\\\/\\\/batijournal.com\\\/index.php\\\/fontaines-champs-elysees-bouroullec\\\/101701\\\/\",\"url\":\"https:\\\/\\\/batijournal.com\\\/index.php\\\/fontaines-champs-elysees-bouroullec\\\/101701\\\/\",\"name\":\"Les fr\u00e8res Bourrollec : 6 fontaines lumineuses sur les Champs-Elys\u00e9es\",\"isPartOf\":{\"@id\":\"https:\\\/\\\/batijournal.com\\\/#website\"},\"primaryImageOfPage\":{\"@id\":\"https:\\\/\\\/batijournal.com\\\/index.php\\\/fontaines-champs-elysees-bouroullec\\\/101701\\\/#primaryimage\"},\"image\":{\"@id\":\"https:\\\/\\\/batijournal.com\\\/index.php\\\/fontaines-champs-elysees-bouroullec\\\/101701\\\/#primaryimage\"},\"thumbnailUrl\":\"https:\\\/\\\/batijournal.com\\\/wp-content\\\/uploads\\\/2019\\\/03\\\/Les-fontaines-des-Champs-Elysees_Iconographie_Ronan-et-Erwan-Bouroullec_Studio-Bouroullec.jpg\",\"datePublished\":\"2019-03-12T16:37:28+00:00\",\"dateModified\":\"2019-07-15T09:14:39+00:00\",\"author\":{\"@id\":\"https:\\\/\\\/batijournal.com\\\/#\\\/schema\\\/person\\\/6a657e8967569e1b299972574848aa76\"},\"description\":\"D\u00e8s le 21 mars, 6 fontaines lumineuses de 13 m viendront entourer le rond-point des Champs-Elys\u00e9es.\u00a0Un projet men\u00e9 par Ronan et Erwan Bourrollec\",\"breadcrumb\":{\"@id\":\"https:\\\/\\\/batijournal.com\\\/index.php\\\/fontaines-champs-elysees-bouroullec\\\/101701\\\/#breadcrumb\"},\"inLanguage\":\"fr-FR\",\"potentialAction\":[{\"@type\":\"ReadAction\",\"target\":[\"https:\\\/\\\/batijournal.com\\\/index.php\\\/fontaines-champs-elysees-bouroullec\\\/101701\\\/\"]}]},{\"@type\":\"ImageObject\",\"inLanguage\":\"fr-FR\",\"@id\":\"https:\\\/\\\/batijournal.com\\\/index.php\\\/fontaines-champs-elysees-bouroullec\\\/101701\\\/#primaryimage\",\"url\":\"https:\\\/\\\/batijournal.com\\\/wp-content\\\/uploads\\\/2019\\\/03\\\/Les-fontaines-des-Champs-Elysees_Iconographie_Ronan-et-Erwan-Bouroullec_Studio-Bouroullec.jpg\",\"contentUrl\":\"https:\\\/\\\/batijournal.com\\\/wp-content\\\/uploads\\\/2019\\\/03\\\/Les-fontaines-des-Champs-Elysees_Iconographie_Ronan-et-Erwan-Bouroullec_Studio-Bouroullec.jpg\",\"width\":1200,\"height\":800,\"caption\":\"Les-fontaines-des-Champs-Elysees_Iconographie_Ronan-et-Erwan-Bouroullec_Studio-Bouroullec\"},{\"@type\":\"BreadcrumbList\",\"@id\":\"https:\\\/\\\/batijournal.com\\\/index.php\\\/fontaines-champs-elysees-bouroullec\\\/101701\\\/#breadcrumb\",\"itemListElement\":[{\"@type\":\"ListItem\",\"position\":1,\"name\":\"Accueil\",\"item\":\"https:\\\/\\\/batijournal.com\\\/\"},{\"@type\":\"ListItem\",\"position\":2,\"name\":\"Actualit\u00e9s\",\"item\":\"https:\\\/\\\/batijournal.com\\\/index.php\\\/category\\\/actualites\\\/\"},{\"@type\":\"ListItem\",\"position\":3,\"name\":\"6 fontaines lumineuses sur les Champs-Elys\u00e9es un projet men\u00e9 par les fr\u00e8res Bouroullec\"}]},{\"@type\":\"WebSite\",\"@id\":\"https:\\\/\\\/batijournal.com\\\/#website\",\"url\":\"https:\\\/\\\/batijournal.com\\\/\",\"name\":\"Batijournal\",\"description\":\"L&#039;actualit\u00e9 du b\u00e2timent\",\"potentialAction\":[{\"@type\":\"SearchAction\",\"target\":{\"@type\":\"EntryPoint\",\"urlTemplate\":\"https:\\\/\\\/batijournal.com\\\/?s={search_term_string}\"},\"query-input\":{\"@type\":\"PropertyValueSpecification\",\"valueRequired\":true,\"valueName\":\"search_term_string\"}}],\"inLanguage\":\"fr-FR\"},{\"@type\":\"Person\",\"@id\":\"https:\\\/\\\/batijournal.com\\\/#\\\/schema\\\/person\\\/6a657e8967569e1b299972574848aa76\",\"name\":\"Bati-journal\",\"image\":{\"@type\":\"ImageObject\",\"inLanguage\":\"fr-FR\",\"@id\":\"https:\\\/\\\/secure.gravatar.com\\\/avatar\\\/a64364ea26392f9b4dd47e017ddaec74ff03aefc073b49e492e847201258f777?s=96&d=mm&r=g\",\"url\":\"https:\\\/\\\/secure.gravatar.com\\\/avatar\\\/a64364ea26392f9b4dd47e017ddaec74ff03aefc073b49e492e847201258f777?s=96&d=mm&r=g\",\"contentUrl\":\"https:\\\/\\\/secure.gravatar.com\\\/avatar\\\/a64364ea26392f9b4dd47e017ddaec74ff03aefc073b49e492e847201258f777?s=96&d=mm&r=g\",\"caption\":\"Bati-journal\"},\"url\":\"https:\\\/\\\/batijournal.com\\\/index.php\\\/author\\\/elodie\\\/\"}]}<\/script>\n<!-- \/ Yoast SEO plugin. -->","yoast_head_json":{"title":"Les fr\u00e8res Bourrollec : 6 fontaines lumineuses sur les Champs-Elys\u00e9es","description":"D\u00e8s le 21 mars, 6 fontaines lumineuses de 13 m viendront entourer le rond-point des Champs-Elys\u00e9es.\u00a0Un projet men\u00e9 par Ronan et Erwan Bourrollec","robots":{"index":"index","follow":"follow","max-snippet":"max-snippet:-1","max-image-preview":"max-image-preview:large","max-video-preview":"max-video-preview:-1"},"canonical":"https:\/\/batijournal.com\/index.php\/fontaines-champs-elysees-bouroullec\/101701\/","og_locale":"fr_FR","og_type":"article","og_title":"Les fr\u00e8res Bourrollec : 6 fontaines lumineuses sur les Champs-Elys\u00e9es","og_description":"D\u00e8s le 21 mars, 6 fontaines lumineuses de 13 m viendront entourer le rond-point des Champs-Elys\u00e9es.\u00a0Un projet men\u00e9 par Ronan et Erwan Bourrollec","og_url":"https:\/\/batijournal.com\/index.php\/fontaines-champs-elysees-bouroullec\/101701\/","og_site_name":"Batijournal","article_published_time":"2019-03-12T16:37:28+00:00","article_modified_time":"2019-07-15T09:14:39+00:00","og_image":[{"width":1200,"height":800,"url":"https:\/\/batijournal.com\/wp-content\/uploads\/2019\/03\/Les-fontaines-des-Champs-Elysees_Iconographie_Ronan-et-Erwan-Bouroullec_Studio-Bouroullec.jpg","type":"image\/jpeg"}],"author":"Bati-journal","twitter_card":"summary_large_image","twitter_creator":"@bati_journal","twitter_site":"@bati_journal","twitter_misc":{"\u00c9crit par":"Bati-journal","Dur\u00e9e de lecture estim\u00e9e":"1 minute"},"schema":{"@context":"https:\/\/schema.org","@graph":[{"@type":"Article","@id":"https:\/\/batijournal.com\/index.php\/fontaines-champs-elysees-bouroullec\/101701\/#article","isPartOf":{"@id":"https:\/\/batijournal.com\/index.php\/fontaines-champs-elysees-bouroullec\/101701\/"},"author":{"name":"Bati-journal","@id":"https:\/\/batijournal.com\/#\/schema\/person\/6a657e8967569e1b299972574848aa76"},"headline":"6 fontaines lumineuses sur les Champs-Elys\u00e9es un projet men\u00e9 par les fr\u00e8res Bouroullec","datePublished":"2019-03-12T16:37:28+00:00","dateModified":"2019-07-15T09:14:39+00:00","mainEntityOfPage":{"@id":"https:\/\/batijournal.com\/index.php\/fontaines-champs-elysees-bouroullec\/101701\/"},"wordCount":215,"image":{"@id":"https:\/\/batijournal.com\/index.php\/fontaines-champs-elysees-bouroullec\/101701\/#primaryimage"},"thumbnailUrl":"https:\/\/batijournal.com\/wp-content\/uploads\/2019\/03\/Les-fontaines-des-Champs-Elysees_Iconographie_Ronan-et-Erwan-Bouroullec_Studio-Bouroullec.jpg","articleSection":["Actualit\u00e9s","Architecture &amp; Conception","zz_Atrium Patrimoine","zz_Entreprises et chantiers - AC"],"inLanguage":"fr-FR"},{"@type":"WebPage","@id":"https:\/\/batijournal.com\/index.php\/fontaines-champs-elysees-bouroullec\/101701\/","url":"https:\/\/batijournal.com\/index.php\/fontaines-champs-elysees-bouroullec\/101701\/","name":"Les fr\u00e8res Bourrollec : 6 fontaines lumineuses sur les Champs-Elys\u00e9es","isPartOf":{"@id":"https:\/\/batijournal.com\/#website"},"primaryImageOfPage":{"@id":"https:\/\/batijournal.com\/index.php\/fontaines-champs-elysees-bouroullec\/101701\/#primaryimage"},"image":{"@id":"https:\/\/batijournal.com\/index.php\/fontaines-champs-elysees-bouroullec\/101701\/#primaryimage"},"thumbnailUrl":"https:\/\/batijournal.com\/wp-content\/uploads\/2019\/03\/Les-fontaines-des-Champs-Elysees_Iconographie_Ronan-et-Erwan-Bouroullec_Studio-Bouroullec.jpg","datePublished":"2019-03-12T16:37:28+00:00","dateModified":"2019-07-15T09:14:39+00:00","author":{"@id":"https:\/\/batijournal.com\/#\/schema\/person\/6a657e8967569e1b299972574848aa76"},"description":"D\u00e8s le 21 mars, 6 fontaines lumineuses de 13 m viendront entourer le rond-point des Champs-Elys\u00e9es.\u00a0Un projet men\u00e9 par Ronan et Erwan Bourrollec","breadcrumb":{"@id":"https:\/\/batijournal.com\/index.php\/fontaines-champs-elysees-bouroullec\/101701\/#breadcrumb"},"inLanguage":"fr-FR","potentialAction":[{"@type":"ReadAction","target":["https:\/\/batijournal.com\/index.php\/fontaines-champs-elysees-bouroullec\/101701\/"]}]},{"@type":"ImageObject","inLanguage":"fr-FR","@id":"https:\/\/batijournal.com\/index.php\/fontaines-champs-elysees-bouroullec\/101701\/#primaryimage","url":"https:\/\/batijournal.com\/wp-content\/uploads\/2019\/03\/Les-fontaines-des-Champs-Elysees_Iconographie_Ronan-et-Erwan-Bouroullec_Studio-Bouroullec.jpg","contentUrl":"https:\/\/batijournal.com\/wp-content\/uploads\/2019\/03\/Les-fontaines-des-Champs-Elysees_Iconographie_Ronan-et-Erwan-Bouroullec_Studio-Bouroullec.jpg","width":1200,"height":800,"caption":"Les-fontaines-des-Champs-Elysees_Iconographie_Ronan-et-Erwan-Bouroullec_Studio-Bouroullec"},{"@type":"BreadcrumbList","@id":"https:\/\/batijournal.com\/index.php\/fontaines-champs-elysees-bouroullec\/101701\/#breadcrumb","itemListElement":[{"@type":"ListItem","position":1,"name":"Accueil","item":"https:\/\/batijournal.com\/"},{"@type":"ListItem","position":2,"name":"Actualit\u00e9s","item":"https:\/\/batijournal.com\/index.php\/category\/actualites\/"},{"@type":"ListItem","position":3,"name":"6 fontaines lumineuses sur les Champs-Elys\u00e9es un projet men\u00e9 par les fr\u00e8res Bouroullec"}]},{"@type":"WebSite","@id":"https:\/\/batijournal.com\/#website","url":"https:\/\/batijournal.com\/","name":"Batijournal","description":"L&#039;actualit\u00e9 du b\u00e2timent","potentialAction":[{"@type":"SearchAction","target":{"@type":"EntryPoint","urlTemplate":"https:\/\/batijournal.com\/?s={search_term_string}"},"query-input":{"@type":"PropertyValueSpecification","valueRequired":true,"valueName":"search_term_string"}}],"inLanguage":"fr-FR"},{"@type":"Person","@id":"https:\/\/batijournal.com\/#\/schema\/person\/6a657e8967569e1b299972574848aa76","name":"Bati-journal","image":{"@type":"ImageObject","inLanguage":"fr-FR","@id":"https:\/\/secure.gravatar.com\/avatar\/a64364ea26392f9b4dd47e017ddaec74ff03aefc073b49e492e847201258f777?s=96&d=mm&r=g","url":"https:\/\/secure.gravatar.com\/avatar\/a64364ea26392f9b4dd47e017ddaec74ff03aefc073b49e492e847201258f777?s=96&d=mm&r=g","contentUrl":"https:\/\/secure.gravatar.com\/avatar\/a64364ea26392f9b4dd47e017ddaec74ff03aefc073b49e492e847201258f777?s=96&d=mm&r=g","caption":"Bati-journal"},"url":"https:\/\/batijournal.com\/index.php\/author\/elodie\/"}]}},"_links":{"self":[{"href":"https:\/\/batijournal.com\/index.php\/wp-json\/wp\/v2\/posts\/101701","targetHints":{"allow":["GET"]}}],"collection":[{"href":"https:\/\/batijournal.com\/index.php\/wp-json\/wp\/v2\/posts"}],"about":[{"href":"https:\/\/batijournal.com\/index.php\/wp-json\/wp\/v2\/types\/post"}],"author":[{"embeddable":true,"href":"https:\/\/batijournal.com\/index.php\/wp-json\/wp\/v2\/users\/1"}],"replies":[{"embeddable":true,"href":"https:\/\/batijournal.com\/index.php\/wp-json\/wp\/v2\/comments?post=101701"}],"version-history":[{"count":0,"href":"https:\/\/batijournal.com\/index.php\/wp-json\/wp\/v2\/posts\/101701\/revisions"}],"wp:featuredmedia":[{"embeddable":true,"href":"https:\/\/batijournal.com\/index.php\/wp-json\/wp\/v2\/media\/101702"}],"wp:attachment":[{"href":"https:\/\/batijournal.com\/index.php\/wp-json\/wp\/v2\/media?parent=101701"}],"wp:term":[{"taxonomy":"category","embeddable":true,"href":"https:\/\/batijournal.com\/index.php\/wp-json\/wp\/v2\/categories?post=101701"},{"taxonomy":"post_tag","embeddable":true,"href":"https:\/\/batijournal.com\/index.php\/wp-json\/wp\/v2\/tags?post=101701"}],"curies":[{"name":"wp","href":"https:\/\/api.w.org\/{rel}","templated":true}]}}