{"id":101724,"date":"2019-03-14T17:38:35","date_gmt":"2019-03-14T16:38:35","guid":{"rendered":"https:\/\/batijournal.com\/?p=101724"},"modified":"2019-03-14T17:38:35","modified_gmt":"2019-03-14T16:38:35","slug":"sca-wood-france-rejoint-le-groupe-isb","status":"publish","type":"post","link":"https:\/\/batijournal.com\/index.php\/sca-wood-france-rejoint-le-groupe-isb\/101724\/","title":{"rendered":"SCA Wood France rejoint le groupe ISB"},"content":{"rendered":"<p align=\"LEFT\"><span style=\"color: #000000\"><span style=\"font-family: Arial, sans-serif\"><span style=\"font-size: medium\">Le 4 mars dernier, le groupe ISB et SCA Wood France ont sign\u00e9 un trait\u00e9 d&rsquo;Apport Partiel d&rsquo;Actif. Conform\u00e9ment \u00e0 cet accord, les activit\u00e9s et le site de Rochefort de SCA Wood France sont repris par le groupe breton et SCA Wood AB devient \u00ab\u00a0actionnaire minoritaire important\u00a0\u00bb de Florencia, holding du groupe ISB, avec 38,5 % des titres (33 millions d&rsquo;euros).<\/span><\/span><\/span><\/p>\n<p align=\"LEFT\"><span style=\"color: #000000\"><span style=\"font-family: Arial, sans-serif\"><span style=\"font-size: medium\"> \u00ab\u00a0Ce n&rsquo;est pas une acquisition, c&rsquo;est le mariage de deux entreprises\u00a0\u00bb, pr\u00e9cise Pierre Gautron, pr\u00e9sident du groupe ISB, en \u00e9voquant \u00ab\u00a0un rapprochement strat\u00e9gique\u00a0\u00bb qui permettra \u00e0 ISB \u00ab\u00a0d\u2019acc\u00e9l\u00e9rer son d\u00e9veloppement sur la conception, la production et la distribution de solutions innovantes pour l\u2019habitat et l\u2019industrie\u00a0\u00bb. <\/span><\/span><\/span><\/p>\n<p align=\"LEFT\"><span style=\"color: #000000\"><span style=\"font-family: Arial, sans-serif\"><span style=\"font-size: medium\">Bas\u00e9 \u00e0 Pac\u00e9 (35), le groupe ISB a r\u00e9alis\u00e9 en 2018 un chiffre d&rsquo;affaires de 230 millions d&rsquo;euros. Leader des produits et solutions bois en France, employant 470 salari\u00e9s, il dispose de 5 usines et 6 plateformes logistiques. De son c\u00f4t\u00e9, SCA Wood France (80 salari\u00e9s, 40 millions d&rsquo;euros de CA en 2018), filiale fran\u00e7aise du groupe su\u00e9dois SCA Wood AB, est troisi\u00e8me fournisseur de produits rabot\u00e9s dans l&rsquo;Hexagone. <\/span><\/span><\/span><\/p>\n<p align=\"LEFT\"><a href=\"http:\/\/www.groupe-isb.fr\">www.groupe-isb.fr<\/a><\/p>\n<p align=\"LEFT\"><span style=\"color: #000000\"><span style=\"font-family: Arial, sans-serif\"><span style=\"font-size: medium\">De gauche \u00e0 droite\u00a0: S\u00e9bastien Levenez (directeur g\u00e9n\u00e9ral du groupe ISB), Pierre Gautron (pr\u00e9sident du groupe ISB), Benjamin Bodet (directeur g\u00e9n\u00e9ral de SCA Wood France). <\/span><\/span><\/span><\/p>\n","protected":false},"excerpt":{"rendered":"<p>Le 4 mars dernier, le groupe ISB et SCA Wood France ont sign\u00e9 un trait\u00e9 d&rsquo;Apport Partiel d&rsquo;Actif. Conform\u00e9ment \u00e0 cet accord, les activit\u00e9s et le site de Rochefort de SCA Wood France sont repris par le groupe breton et SCA Wood AB devient \u00ab\u00a0actionnaire minoritaire important\u00a0\u00bb de Florencia, holding du groupe ISB, avec 38,5 [&hellip;]<\/p>\n","protected":false},"author":17,"featured_media":101726,"comment_status":"closed","ping_status":"closed","sticky":false,"template":"","format":"standard","meta":{"_et_pb_use_builder":"","_et_pb_old_content":"","_et_gb_content_width":"","footnotes":""},"categories":[10530,11953,10764],"tags":[12411,4148,12745,5177],"class_list":["post-101724","post","type-post","status-publish","format-standard","has-post-thumbnail","hentry","category-actualites","category-actualites-generalistes","category-woodsurfer","tag-groupe-isb","tag-reprise","tag-sca-wood-france","tag-transformation-du-bois"],"yoast_head":"<!-- This site is optimized with the Yoast SEO plugin v27.4 - https:\/\/yoast.com\/product\/yoast-seo-wordpress\/ -->\n<title>SCA Wood France rejoint le groupe ISB<\/title>\n<meta name=\"description\" content=\"ISB reprend la filiale fran\u00e7aise du groupe su\u00e9dois SCA Wood AB\" \/>\n<meta name=\"robots\" content=\"index, follow, max-snippet:-1, max-image-preview:large, max-video-preview:-1\" \/>\n<link rel=\"canonical\" href=\"https:\/\/batijournal.com\/index.php\/sca-wood-france-rejoint-le-groupe-isb\/101724\/\" \/>\n<meta property=\"og:locale\" content=\"fr_FR\" \/>\n<meta property=\"og:type\" content=\"article\" \/>\n<meta property=\"og:title\" content=\"SCA Wood France rejoint le groupe ISB\" \/>\n<meta property=\"og:description\" content=\"ISB reprend la filiale fran\u00e7aise du groupe su\u00e9dois SCA Wood AB\" \/>\n<meta property=\"og:url\" content=\"https:\/\/batijournal.com\/index.php\/sca-wood-france-rejoint-le-groupe-isb\/101724\/\" \/>\n<meta property=\"og:site_name\" content=\"Batijournal\" \/>\n<meta property=\"article:published_time\" content=\"2019-03-14T16:38:35+00:00\" \/>\n<meta property=\"og:image\" content=\"https:\/\/batijournal.com\/wp-content\/uploads\/2019\/03\/ISB-SCA-3.jpg\" \/>\n\t<meta property=\"og:image:width\" content=\"1509\" \/>\n\t<meta property=\"og:image:height\" content=\"908\" \/>\n\t<meta property=\"og:image:type\" content=\"image\/jpeg\" \/>\n<meta name=\"author\" content=\"St\u00e9phane Miget\" \/>\n<meta name=\"twitter:card\" content=\"summary_large_image\" \/>\n<meta name=\"twitter:creator\" content=\"@bati_journal\" \/>\n<meta name=\"twitter:site\" content=\"@bati_journal\" \/>\n<meta name=\"twitter:label1\" content=\"\u00c9crit par\" \/>\n\t<meta name=\"twitter:data1\" content=\"St\u00e9phane Miget\" \/>\n\t<meta name=\"twitter:label2\" content=\"Dur\u00e9e de lecture estim\u00e9e\" \/>\n\t<meta name=\"twitter:data2\" content=\"1 minute\" \/>\n<script type=\"application\/ld+json\" class=\"yoast-schema-graph\">{\"@context\":\"https:\\\/\\\/schema.org\",\"@graph\":[{\"@type\":\"Article\",\"@id\":\"https:\\\/\\\/batijournal.com\\\/index.php\\\/sca-wood-france-rejoint-le-groupe-isb\\\/101724\\\/#article\",\"isPartOf\":{\"@id\":\"https:\\\/\\\/batijournal.com\\\/index.php\\\/sca-wood-france-rejoint-le-groupe-isb\\\/101724\\\/\"},\"author\":{\"name\":\"St\u00e9phane Miget\",\"@id\":\"https:\\\/\\\/batijournal.com\\\/#\\\/schema\\\/person\\\/1dc96ec6957aa1ccb25ebe78bb19f100\"},\"headline\":\"SCA Wood France rejoint le groupe ISB\",\"datePublished\":\"2019-03-14T16:38:35+00:00\",\"mainEntityOfPage\":{\"@id\":\"https:\\\/\\\/batijournal.com\\\/index.php\\\/sca-wood-france-rejoint-le-groupe-isb\\\/101724\\\/\"},\"wordCount\":227,\"image\":{\"@id\":\"https:\\\/\\\/batijournal.com\\\/index.php\\\/sca-wood-france-rejoint-le-groupe-isb\\\/101724\\\/#primaryimage\"},\"thumbnailUrl\":\"https:\\\/\\\/batijournal.com\\\/wp-content\\\/uploads\\\/2019\\\/03\\\/ISB-SCA-3.jpg\",\"keywords\":[\"groupe isb\",\"reprise\",\"SCA Wood France\",\"transformation du bois\"],\"articleSection\":[\"Actualit\u00e9s\",\"Actualit\u00e9s g\u00e9n\u00e9ralistes\",\"zz_Woodsurfer\"],\"inLanguage\":\"fr-FR\"},{\"@type\":\"WebPage\",\"@id\":\"https:\\\/\\\/batijournal.com\\\/index.php\\\/sca-wood-france-rejoint-le-groupe-isb\\\/101724\\\/\",\"url\":\"https:\\\/\\\/batijournal.com\\\/index.php\\\/sca-wood-france-rejoint-le-groupe-isb\\\/101724\\\/\",\"name\":\"SCA Wood France rejoint le groupe ISB\",\"isPartOf\":{\"@id\":\"https:\\\/\\\/batijournal.com\\\/#website\"},\"primaryImageOfPage\":{\"@id\":\"https:\\\/\\\/batijournal.com\\\/index.php\\\/sca-wood-france-rejoint-le-groupe-isb\\\/101724\\\/#primaryimage\"},\"image\":{\"@id\":\"https:\\\/\\\/batijournal.com\\\/index.php\\\/sca-wood-france-rejoint-le-groupe-isb\\\/101724\\\/#primaryimage\"},\"thumbnailUrl\":\"https:\\\/\\\/batijournal.com\\\/wp-content\\\/uploads\\\/2019\\\/03\\\/ISB-SCA-3.jpg\",\"datePublished\":\"2019-03-14T16:38:35+00:00\",\"author\":{\"@id\":\"https:\\\/\\\/batijournal.com\\\/#\\\/schema\\\/person\\\/1dc96ec6957aa1ccb25ebe78bb19f100\"},\"description\":\"ISB reprend la filiale fran\u00e7aise du groupe su\u00e9dois SCA Wood AB\",\"breadcrumb\":{\"@id\":\"https:\\\/\\\/batijournal.com\\\/index.php\\\/sca-wood-france-rejoint-le-groupe-isb\\\/101724\\\/#breadcrumb\"},\"inLanguage\":\"fr-FR\",\"potentialAction\":[{\"@type\":\"ReadAction\",\"target\":[\"https:\\\/\\\/batijournal.com\\\/index.php\\\/sca-wood-france-rejoint-le-groupe-isb\\\/101724\\\/\"]}]},{\"@type\":\"ImageObject\",\"inLanguage\":\"fr-FR\",\"@id\":\"https:\\\/\\\/batijournal.com\\\/index.php\\\/sca-wood-france-rejoint-le-groupe-isb\\\/101724\\\/#primaryimage\",\"url\":\"https:\\\/\\\/batijournal.com\\\/wp-content\\\/uploads\\\/2019\\\/03\\\/ISB-SCA-3.jpg\",\"contentUrl\":\"https:\\\/\\\/batijournal.com\\\/wp-content\\\/uploads\\\/2019\\\/03\\\/ISB-SCA-3.jpg\",\"width\":1509,\"height\":908},{\"@type\":\"BreadcrumbList\",\"@id\":\"https:\\\/\\\/batijournal.com\\\/index.php\\\/sca-wood-france-rejoint-le-groupe-isb\\\/101724\\\/#breadcrumb\",\"itemListElement\":[{\"@type\":\"ListItem\",\"position\":1,\"name\":\"Accueil\",\"item\":\"https:\\\/\\\/batijournal.com\\\/\"},{\"@type\":\"ListItem\",\"position\":2,\"name\":\"Actualit\u00e9s\",\"item\":\"https:\\\/\\\/batijournal.com\\\/index.php\\\/category\\\/actualites\\\/\"},{\"@type\":\"ListItem\",\"position\":3,\"name\":\"SCA Wood France rejoint le groupe ISB\"}]},{\"@type\":\"WebSite\",\"@id\":\"https:\\\/\\\/batijournal.com\\\/#website\",\"url\":\"https:\\\/\\\/batijournal.com\\\/\",\"name\":\"Batijournal\",\"description\":\"L&#039;actualit\u00e9 du b\u00e2timent\",\"potentialAction\":[{\"@type\":\"SearchAction\",\"target\":{\"@type\":\"EntryPoint\",\"urlTemplate\":\"https:\\\/\\\/batijournal.com\\\/?s={search_term_string}\"},\"query-input\":{\"@type\":\"PropertyValueSpecification\",\"valueRequired\":true,\"valueName\":\"search_term_string\"}}],\"inLanguage\":\"fr-FR\"},{\"@type\":\"Person\",\"@id\":\"https:\\\/\\\/batijournal.com\\\/#\\\/schema\\\/person\\\/1dc96ec6957aa1ccb25ebe78bb19f100\",\"name\":\"St\u00e9phane Miget\",\"image\":{\"@type\":\"ImageObject\",\"inLanguage\":\"fr-FR\",\"@id\":\"https:\\\/\\\/secure.gravatar.com\\\/avatar\\\/89915563d925342126b8ef0281b93d9d7fc337043e8df017f780908eb9644451?s=96&d=mm&r=g\",\"url\":\"https:\\\/\\\/secure.gravatar.com\\\/avatar\\\/89915563d925342126b8ef0281b93d9d7fc337043e8df017f780908eb9644451?s=96&d=mm&r=g\",\"contentUrl\":\"https:\\\/\\\/secure.gravatar.com\\\/avatar\\\/89915563d925342126b8ef0281b93d9d7fc337043e8df017f780908eb9644451?s=96&d=mm&r=g\",\"caption\":\"St\u00e9phane Miget\"},\"url\":\"https:\\\/\\\/batijournal.com\\\/index.php\\\/author\\\/stephane\\\/\"}]}<\/script>\n<!-- \/ Yoast SEO plugin. -->","yoast_head_json":{"title":"SCA Wood France rejoint le groupe ISB","description":"ISB reprend la filiale fran\u00e7aise du groupe su\u00e9dois SCA Wood AB","robots":{"index":"index","follow":"follow","max-snippet":"max-snippet:-1","max-image-preview":"max-image-preview:large","max-video-preview":"max-video-preview:-1"},"canonical":"https:\/\/batijournal.com\/index.php\/sca-wood-france-rejoint-le-groupe-isb\/101724\/","og_locale":"fr_FR","og_type":"article","og_title":"SCA Wood France rejoint le groupe ISB","og_description":"ISB reprend la filiale fran\u00e7aise du groupe su\u00e9dois SCA Wood AB","og_url":"https:\/\/batijournal.com\/index.php\/sca-wood-france-rejoint-le-groupe-isb\/101724\/","og_site_name":"Batijournal","article_published_time":"2019-03-14T16:38:35+00:00","og_image":[{"width":1509,"height":908,"url":"https:\/\/batijournal.com\/wp-content\/uploads\/2019\/03\/ISB-SCA-3.jpg","type":"image\/jpeg"}],"author":"St\u00e9phane Miget","twitter_card":"summary_large_image","twitter_creator":"@bati_journal","twitter_site":"@bati_journal","twitter_misc":{"\u00c9crit par":"St\u00e9phane Miget","Dur\u00e9e de lecture estim\u00e9e":"1 minute"},"schema":{"@context":"https:\/\/schema.org","@graph":[{"@type":"Article","@id":"https:\/\/batijournal.com\/index.php\/sca-wood-france-rejoint-le-groupe-isb\/101724\/#article","isPartOf":{"@id":"https:\/\/batijournal.com\/index.php\/sca-wood-france-rejoint-le-groupe-isb\/101724\/"},"author":{"name":"St\u00e9phane Miget","@id":"https:\/\/batijournal.com\/#\/schema\/person\/1dc96ec6957aa1ccb25ebe78bb19f100"},"headline":"SCA Wood France rejoint le groupe ISB","datePublished":"2019-03-14T16:38:35+00:00","mainEntityOfPage":{"@id":"https:\/\/batijournal.com\/index.php\/sca-wood-france-rejoint-le-groupe-isb\/101724\/"},"wordCount":227,"image":{"@id":"https:\/\/batijournal.com\/index.php\/sca-wood-france-rejoint-le-groupe-isb\/101724\/#primaryimage"},"thumbnailUrl":"https:\/\/batijournal.com\/wp-content\/uploads\/2019\/03\/ISB-SCA-3.jpg","keywords":["groupe isb","reprise","SCA Wood France","transformation du bois"],"articleSection":["Actualit\u00e9s","Actualit\u00e9s g\u00e9n\u00e9ralistes","zz_Woodsurfer"],"inLanguage":"fr-FR"},{"@type":"WebPage","@id":"https:\/\/batijournal.com\/index.php\/sca-wood-france-rejoint-le-groupe-isb\/101724\/","url":"https:\/\/batijournal.com\/index.php\/sca-wood-france-rejoint-le-groupe-isb\/101724\/","name":"SCA Wood France rejoint le groupe ISB","isPartOf":{"@id":"https:\/\/batijournal.com\/#website"},"primaryImageOfPage":{"@id":"https:\/\/batijournal.com\/index.php\/sca-wood-france-rejoint-le-groupe-isb\/101724\/#primaryimage"},"image":{"@id":"https:\/\/batijournal.com\/index.php\/sca-wood-france-rejoint-le-groupe-isb\/101724\/#primaryimage"},"thumbnailUrl":"https:\/\/batijournal.com\/wp-content\/uploads\/2019\/03\/ISB-SCA-3.jpg","datePublished":"2019-03-14T16:38:35+00:00","author":{"@id":"https:\/\/batijournal.com\/#\/schema\/person\/1dc96ec6957aa1ccb25ebe78bb19f100"},"description":"ISB reprend la filiale fran\u00e7aise du groupe su\u00e9dois SCA Wood AB","breadcrumb":{"@id":"https:\/\/batijournal.com\/index.php\/sca-wood-france-rejoint-le-groupe-isb\/101724\/#breadcrumb"},"inLanguage":"fr-FR","potentialAction":[{"@type":"ReadAction","target":["https:\/\/batijournal.com\/index.php\/sca-wood-france-rejoint-le-groupe-isb\/101724\/"]}]},{"@type":"ImageObject","inLanguage":"fr-FR","@id":"https:\/\/batijournal.com\/index.php\/sca-wood-france-rejoint-le-groupe-isb\/101724\/#primaryimage","url":"https:\/\/batijournal.com\/wp-content\/uploads\/2019\/03\/ISB-SCA-3.jpg","contentUrl":"https:\/\/batijournal.com\/wp-content\/uploads\/2019\/03\/ISB-SCA-3.jpg","width":1509,"height":908},{"@type":"BreadcrumbList","@id":"https:\/\/batijournal.com\/index.php\/sca-wood-france-rejoint-le-groupe-isb\/101724\/#breadcrumb","itemListElement":[{"@type":"ListItem","position":1,"name":"Accueil","item":"https:\/\/batijournal.com\/"},{"@type":"ListItem","position":2,"name":"Actualit\u00e9s","item":"https:\/\/batijournal.com\/index.php\/category\/actualites\/"},{"@type":"ListItem","position":3,"name":"SCA Wood France rejoint le groupe ISB"}]},{"@type":"WebSite","@id":"https:\/\/batijournal.com\/#website","url":"https:\/\/batijournal.com\/","name":"Batijournal","description":"L&#039;actualit\u00e9 du b\u00e2timent","potentialAction":[{"@type":"SearchAction","target":{"@type":"EntryPoint","urlTemplate":"https:\/\/batijournal.com\/?s={search_term_string}"},"query-input":{"@type":"PropertyValueSpecification","valueRequired":true,"valueName":"search_term_string"}}],"inLanguage":"fr-FR"},{"@type":"Person","@id":"https:\/\/batijournal.com\/#\/schema\/person\/1dc96ec6957aa1ccb25ebe78bb19f100","name":"St\u00e9phane Miget","image":{"@type":"ImageObject","inLanguage":"fr-FR","@id":"https:\/\/secure.gravatar.com\/avatar\/89915563d925342126b8ef0281b93d9d7fc337043e8df017f780908eb9644451?s=96&d=mm&r=g","url":"https:\/\/secure.gravatar.com\/avatar\/89915563d925342126b8ef0281b93d9d7fc337043e8df017f780908eb9644451?s=96&d=mm&r=g","contentUrl":"https:\/\/secure.gravatar.com\/avatar\/89915563d925342126b8ef0281b93d9d7fc337043e8df017f780908eb9644451?s=96&d=mm&r=g","caption":"St\u00e9phane Miget"},"url":"https:\/\/batijournal.com\/index.php\/author\/stephane\/"}]}},"_links":{"self":[{"href":"https:\/\/batijournal.com\/index.php\/wp-json\/wp\/v2\/posts\/101724","targetHints":{"allow":["GET"]}}],"collection":[{"href":"https:\/\/batijournal.com\/index.php\/wp-json\/wp\/v2\/posts"}],"about":[{"href":"https:\/\/batijournal.com\/index.php\/wp-json\/wp\/v2\/types\/post"}],"author":[{"embeddable":true,"href":"https:\/\/batijournal.com\/index.php\/wp-json\/wp\/v2\/users\/17"}],"replies":[{"embeddable":true,"href":"https:\/\/batijournal.com\/index.php\/wp-json\/wp\/v2\/comments?post=101724"}],"version-history":[{"count":0,"href":"https:\/\/batijournal.com\/index.php\/wp-json\/wp\/v2\/posts\/101724\/revisions"}],"wp:featuredmedia":[{"embeddable":true,"href":"https:\/\/batijournal.com\/index.php\/wp-json\/wp\/v2\/media\/101726"}],"wp:attachment":[{"href":"https:\/\/batijournal.com\/index.php\/wp-json\/wp\/v2\/media?parent=101724"}],"wp:term":[{"taxonomy":"category","embeddable":true,"href":"https:\/\/batijournal.com\/index.php\/wp-json\/wp\/v2\/categories?post=101724"},{"taxonomy":"post_tag","embeddable":true,"href":"https:\/\/batijournal.com\/index.php\/wp-json\/wp\/v2\/tags?post=101724"}],"curies":[{"name":"wp","href":"https:\/\/api.w.org\/{rel}","templated":true}]}}