{"id":101732,"date":"2019-03-18T07:45:05","date_gmt":"2019-03-18T06:45:05","guid":{"rendered":"https:\/\/batijournal.com\/?p=101732"},"modified":"2019-07-15T12:01:54","modified_gmt":"2019-07-15T10:01:54","slug":"hausses-du-cote-des-loueurs-et-des-distributeurs-de-materiel","status":"publish","type":"post","link":"https:\/\/batijournal.com\/index.php\/hausses-du-cote-des-loueurs-et-des-distributeurs-de-materiel\/101732\/","title":{"rendered":"Hausses du c\u00f4t\u00e9 des loueurs et des distributeurs de mat\u00e9riel"},"content":{"rendered":"<p>Pour la 4\u00e8me ann\u00e9e cons\u00e9cutive, les distributeurs de mat\u00e9riel de BTP ont connu une hausse de leur chiffre d\u2019affaires sur l\u2019ann\u00e9e (+12%), d\u00e9passant m\u00eame pour la premi\u00e8re fois depuis 10 ans les volumes d\u2019activit\u00e9s r\u00e9alis\u00e9s en 2007 et en 2008. Ils ont b\u00e9n\u00e9fici\u00e9 d&rsquo;une acc\u00e9l\u00e9ration de 11 points par rapport \u00e0 l\u2019ann\u00e9e pr\u00e9c\u00e9dente. La conjoncture positive du BTP explique en grande partie cette hausse, ainsi que les grands projets locaux et nationaux en cours (Ariane 6 en Guyane, Grand Paris, France Tr\u00e8s Haut D\u00e9bit, plan Autoroutes). A l\u2019exception de la location (-1%), l\u2019ensemble des activit\u00e9s a cr\u00fb : vente de mat\u00e9riel neuf (+3%), vente de mat\u00e9riel d\u2019occasion (+34%), pi\u00e8ces de rechange (+8%), SAV (+8%). Par ailleurs, alors que les effectifs ont augment\u00e9 de 13%, le chiffre d\u2019affaires n\u2019a pas cr\u00fb autant, impactant la productivit\u00e9 des entreprises (-2%). Malgr\u00e9 tout, la rentabilit\u00e9 continue de progresser, mais \u00e0 un rythme lent (2,7% en 2018 vs. 2,6% en 2017 et 2,5% en 2016).<br \/>\nLe chiffre d\u2019affaires des distributeurs et des loueurs de mat\u00e9riel de manutention a gagn\u00e9 0,5%, apr\u00e8s avoir connu un dernier trimestre 2018 positif \u00e9galement (+6,8% par rapport au T4 2017, +20,4% par rapport au T3 2018). La stabilisation des secteurs clients (agriculture et industrie) expliquent ces r\u00e9sultats. Deux segments ont progress\u00e9 annuellement : +6% pour la location, +4% pour la maintenance. Les ventes de mat\u00e9riel neuf (-5%) et d\u2019occasion (-2%) ont quant \u00e0 elles r\u00e9gress\u00e9.<\/p>\n<p>Source et photo : DLR<\/p>\n","protected":false},"excerpt":{"rendered":"<p>Pour la 4\u00e8me ann\u00e9e cons\u00e9cutive, les distributeurs de mat\u00e9riel de BTP ont connu une hausse de leur chiffre d\u2019affaires sur l\u2019ann\u00e9e (+12%), d\u00e9passant m\u00eame pour la premi\u00e8re fois depuis 10 ans les volumes d\u2019activit\u00e9s r\u00e9alis\u00e9s en 2007 et en 2008. Ils ont b\u00e9n\u00e9fici\u00e9 d&rsquo;une acc\u00e9l\u00e9ration de 11 points par rapport \u00e0 l\u2019ann\u00e9e pr\u00e9c\u00e9dente. La conjoncture [&hellip;]<\/p>\n","protected":false},"author":17,"featured_media":101733,"comment_status":"closed","ping_status":"closed","sticky":false,"template":"","format":"standard","meta":{"_et_pb_use_builder":"","_et_pb_old_content":"","_et_gb_content_width":"","footnotes":""},"categories":[10530,6345],"tags":[3098,4299],"class_list":["post-101732","post","type-post","status-publish","format-standard","has-post-thumbnail","hentry","category-actualites","category-economie-marches","tag-location","tag-materiel"],"yoast_head":"<!-- This site is optimized with the Yoast SEO plugin v27.4 - https:\/\/yoast.com\/product\/yoast-seo-wordpress\/ -->\n<title>Hausses du c\u00f4t\u00e9 des loueurs et des distributeurs de mat\u00e9riel<\/title>\n<meta name=\"description\" content=\"Pour la 4\u00e8me ann\u00e9e cons\u00e9cutive, les distributeurs de mat\u00e9riel de BTP ont connu une hausse de leur chiffre d\u2019affaires sur l\u2019ann\u00e9e\" \/>\n<meta name=\"robots\" content=\"index, follow, max-snippet:-1, max-image-preview:large, max-video-preview:-1\" \/>\n<link rel=\"canonical\" href=\"https:\/\/batijournal.com\/index.php\/hausses-du-cote-des-loueurs-et-des-distributeurs-de-materiel\/101732\/\" \/>\n<meta property=\"og:locale\" content=\"fr_FR\" \/>\n<meta property=\"og:type\" content=\"article\" \/>\n<meta property=\"og:title\" content=\"Hausses du c\u00f4t\u00e9 des loueurs et des distributeurs de mat\u00e9riel\" \/>\n<meta property=\"og:description\" content=\"Pour la 4\u00e8me ann\u00e9e cons\u00e9cutive, les distributeurs de mat\u00e9riel de BTP ont connu une hausse de leur chiffre d\u2019affaires sur l\u2019ann\u00e9e\" \/>\n<meta property=\"og:url\" content=\"https:\/\/batijournal.com\/index.php\/hausses-du-cote-des-loueurs-et-des-distributeurs-de-materiel\/101732\/\" \/>\n<meta property=\"og:site_name\" content=\"Batijournal\" \/>\n<meta property=\"article:published_time\" content=\"2019-03-18T06:45:05+00:00\" \/>\n<meta property=\"article:modified_time\" content=\"2019-07-15T10:01:54+00:00\" \/>\n<meta property=\"og:image\" content=\"https:\/\/batijournal.com\/wp-content\/uploads\/2019\/03\/materiel-maintenance.jpeg\" \/>\n\t<meta property=\"og:image:width\" content=\"1280\" \/>\n\t<meta property=\"og:image:height\" content=\"853\" \/>\n\t<meta property=\"og:image:type\" content=\"image\/jpeg\" \/>\n<meta name=\"author\" content=\"St\u00e9phane Miget\" \/>\n<meta name=\"twitter:card\" content=\"summary_large_image\" \/>\n<meta name=\"twitter:creator\" content=\"@bati_journal\" \/>\n<meta name=\"twitter:site\" content=\"@bati_journal\" \/>\n<meta name=\"twitter:label1\" content=\"\u00c9crit par\" \/>\n\t<meta name=\"twitter:data1\" content=\"St\u00e9phane Miget\" \/>\n\t<meta name=\"twitter:label2\" content=\"Dur\u00e9e de lecture estim\u00e9e\" \/>\n\t<meta name=\"twitter:data2\" content=\"1 minute\" \/>\n<script type=\"application\/ld+json\" class=\"yoast-schema-graph\">{\"@context\":\"https:\\\/\\\/schema.org\",\"@graph\":[{\"@type\":\"Article\",\"@id\":\"https:\\\/\\\/batijournal.com\\\/index.php\\\/hausses-du-cote-des-loueurs-et-des-distributeurs-de-materiel\\\/101732\\\/#article\",\"isPartOf\":{\"@id\":\"https:\\\/\\\/batijournal.com\\\/index.php\\\/hausses-du-cote-des-loueurs-et-des-distributeurs-de-materiel\\\/101732\\\/\"},\"author\":{\"name\":\"St\u00e9phane Miget\",\"@id\":\"https:\\\/\\\/batijournal.com\\\/#\\\/schema\\\/person\\\/1dc96ec6957aa1ccb25ebe78bb19f100\"},\"headline\":\"Hausses du c\u00f4t\u00e9 des loueurs et des distributeurs de mat\u00e9riel\",\"datePublished\":\"2019-03-18T06:45:05+00:00\",\"dateModified\":\"2019-07-15T10:01:54+00:00\",\"mainEntityOfPage\":{\"@id\":\"https:\\\/\\\/batijournal.com\\\/index.php\\\/hausses-du-cote-des-loueurs-et-des-distributeurs-de-materiel\\\/101732\\\/\"},\"wordCount\":261,\"image\":{\"@id\":\"https:\\\/\\\/batijournal.com\\\/index.php\\\/hausses-du-cote-des-loueurs-et-des-distributeurs-de-materiel\\\/101732\\\/#primaryimage\"},\"thumbnailUrl\":\"https:\\\/\\\/batijournal.com\\\/wp-content\\\/uploads\\\/2019\\\/03\\\/materiel-maintenance.jpeg\",\"keywords\":[\"location\",\"mat\u00e9riel\"],\"articleSection\":[\"Actualit\u00e9s\",\"\u00c9conomie &amp; March\u00e9s\"],\"inLanguage\":\"fr-FR\"},{\"@type\":\"WebPage\",\"@id\":\"https:\\\/\\\/batijournal.com\\\/index.php\\\/hausses-du-cote-des-loueurs-et-des-distributeurs-de-materiel\\\/101732\\\/\",\"url\":\"https:\\\/\\\/batijournal.com\\\/index.php\\\/hausses-du-cote-des-loueurs-et-des-distributeurs-de-materiel\\\/101732\\\/\",\"name\":\"Hausses du c\u00f4t\u00e9 des loueurs et des distributeurs de mat\u00e9riel\",\"isPartOf\":{\"@id\":\"https:\\\/\\\/batijournal.com\\\/#website\"},\"primaryImageOfPage\":{\"@id\":\"https:\\\/\\\/batijournal.com\\\/index.php\\\/hausses-du-cote-des-loueurs-et-des-distributeurs-de-materiel\\\/101732\\\/#primaryimage\"},\"image\":{\"@id\":\"https:\\\/\\\/batijournal.com\\\/index.php\\\/hausses-du-cote-des-loueurs-et-des-distributeurs-de-materiel\\\/101732\\\/#primaryimage\"},\"thumbnailUrl\":\"https:\\\/\\\/batijournal.com\\\/wp-content\\\/uploads\\\/2019\\\/03\\\/materiel-maintenance.jpeg\",\"datePublished\":\"2019-03-18T06:45:05+00:00\",\"dateModified\":\"2019-07-15T10:01:54+00:00\",\"author\":{\"@id\":\"https:\\\/\\\/batijournal.com\\\/#\\\/schema\\\/person\\\/1dc96ec6957aa1ccb25ebe78bb19f100\"},\"description\":\"Pour la 4\u00e8me ann\u00e9e cons\u00e9cutive, les distributeurs de mat\u00e9riel de BTP ont connu une hausse de leur chiffre d\u2019affaires sur l\u2019ann\u00e9e\",\"breadcrumb\":{\"@id\":\"https:\\\/\\\/batijournal.com\\\/index.php\\\/hausses-du-cote-des-loueurs-et-des-distributeurs-de-materiel\\\/101732\\\/#breadcrumb\"},\"inLanguage\":\"fr-FR\",\"potentialAction\":[{\"@type\":\"ReadAction\",\"target\":[\"https:\\\/\\\/batijournal.com\\\/index.php\\\/hausses-du-cote-des-loueurs-et-des-distributeurs-de-materiel\\\/101732\\\/\"]}]},{\"@type\":\"ImageObject\",\"inLanguage\":\"fr-FR\",\"@id\":\"https:\\\/\\\/batijournal.com\\\/index.php\\\/hausses-du-cote-des-loueurs-et-des-distributeurs-de-materiel\\\/101732\\\/#primaryimage\",\"url\":\"https:\\\/\\\/batijournal.com\\\/wp-content\\\/uploads\\\/2019\\\/03\\\/materiel-maintenance.jpeg\",\"contentUrl\":\"https:\\\/\\\/batijournal.com\\\/wp-content\\\/uploads\\\/2019\\\/03\\\/materiel-maintenance.jpeg\",\"width\":1280,\"height\":853},{\"@type\":\"BreadcrumbList\",\"@id\":\"https:\\\/\\\/batijournal.com\\\/index.php\\\/hausses-du-cote-des-loueurs-et-des-distributeurs-de-materiel\\\/101732\\\/#breadcrumb\",\"itemListElement\":[{\"@type\":\"ListItem\",\"position\":1,\"name\":\"Accueil\",\"item\":\"https:\\\/\\\/batijournal.com\\\/\"},{\"@type\":\"ListItem\",\"position\":2,\"name\":\"Actualit\u00e9s\",\"item\":\"https:\\\/\\\/batijournal.com\\\/index.php\\\/category\\\/actualites\\\/\"},{\"@type\":\"ListItem\",\"position\":3,\"name\":\"Hausses du c\u00f4t\u00e9 des loueurs et des distributeurs de mat\u00e9riel\"}]},{\"@type\":\"WebSite\",\"@id\":\"https:\\\/\\\/batijournal.com\\\/#website\",\"url\":\"https:\\\/\\\/batijournal.com\\\/\",\"name\":\"Batijournal\",\"description\":\"L&#039;actualit\u00e9 du b\u00e2timent\",\"potentialAction\":[{\"@type\":\"SearchAction\",\"target\":{\"@type\":\"EntryPoint\",\"urlTemplate\":\"https:\\\/\\\/batijournal.com\\\/?s={search_term_string}\"},\"query-input\":{\"@type\":\"PropertyValueSpecification\",\"valueRequired\":true,\"valueName\":\"search_term_string\"}}],\"inLanguage\":\"fr-FR\"},{\"@type\":\"Person\",\"@id\":\"https:\\\/\\\/batijournal.com\\\/#\\\/schema\\\/person\\\/1dc96ec6957aa1ccb25ebe78bb19f100\",\"name\":\"St\u00e9phane Miget\",\"image\":{\"@type\":\"ImageObject\",\"inLanguage\":\"fr-FR\",\"@id\":\"https:\\\/\\\/secure.gravatar.com\\\/avatar\\\/89915563d925342126b8ef0281b93d9d7fc337043e8df017f780908eb9644451?s=96&d=mm&r=g\",\"url\":\"https:\\\/\\\/secure.gravatar.com\\\/avatar\\\/89915563d925342126b8ef0281b93d9d7fc337043e8df017f780908eb9644451?s=96&d=mm&r=g\",\"contentUrl\":\"https:\\\/\\\/secure.gravatar.com\\\/avatar\\\/89915563d925342126b8ef0281b93d9d7fc337043e8df017f780908eb9644451?s=96&d=mm&r=g\",\"caption\":\"St\u00e9phane Miget\"},\"url\":\"https:\\\/\\\/batijournal.com\\\/index.php\\\/author\\\/stephane\\\/\"}]}<\/script>\n<!-- \/ Yoast SEO plugin. -->","yoast_head_json":{"title":"Hausses du c\u00f4t\u00e9 des loueurs et des distributeurs de mat\u00e9riel","description":"Pour la 4\u00e8me ann\u00e9e cons\u00e9cutive, les distributeurs de mat\u00e9riel de BTP ont connu une hausse de leur chiffre d\u2019affaires sur l\u2019ann\u00e9e","robots":{"index":"index","follow":"follow","max-snippet":"max-snippet:-1","max-image-preview":"max-image-preview:large","max-video-preview":"max-video-preview:-1"},"canonical":"https:\/\/batijournal.com\/index.php\/hausses-du-cote-des-loueurs-et-des-distributeurs-de-materiel\/101732\/","og_locale":"fr_FR","og_type":"article","og_title":"Hausses du c\u00f4t\u00e9 des loueurs et des distributeurs de mat\u00e9riel","og_description":"Pour la 4\u00e8me ann\u00e9e cons\u00e9cutive, les distributeurs de mat\u00e9riel de BTP ont connu une hausse de leur chiffre d\u2019affaires sur l\u2019ann\u00e9e","og_url":"https:\/\/batijournal.com\/index.php\/hausses-du-cote-des-loueurs-et-des-distributeurs-de-materiel\/101732\/","og_site_name":"Batijournal","article_published_time":"2019-03-18T06:45:05+00:00","article_modified_time":"2019-07-15T10:01:54+00:00","og_image":[{"width":1280,"height":853,"url":"https:\/\/batijournal.com\/wp-content\/uploads\/2019\/03\/materiel-maintenance.jpeg","type":"image\/jpeg"}],"author":"St\u00e9phane Miget","twitter_card":"summary_large_image","twitter_creator":"@bati_journal","twitter_site":"@bati_journal","twitter_misc":{"\u00c9crit par":"St\u00e9phane Miget","Dur\u00e9e de lecture estim\u00e9e":"1 minute"},"schema":{"@context":"https:\/\/schema.org","@graph":[{"@type":"Article","@id":"https:\/\/batijournal.com\/index.php\/hausses-du-cote-des-loueurs-et-des-distributeurs-de-materiel\/101732\/#article","isPartOf":{"@id":"https:\/\/batijournal.com\/index.php\/hausses-du-cote-des-loueurs-et-des-distributeurs-de-materiel\/101732\/"},"author":{"name":"St\u00e9phane Miget","@id":"https:\/\/batijournal.com\/#\/schema\/person\/1dc96ec6957aa1ccb25ebe78bb19f100"},"headline":"Hausses du c\u00f4t\u00e9 des loueurs et des distributeurs de mat\u00e9riel","datePublished":"2019-03-18T06:45:05+00:00","dateModified":"2019-07-15T10:01:54+00:00","mainEntityOfPage":{"@id":"https:\/\/batijournal.com\/index.php\/hausses-du-cote-des-loueurs-et-des-distributeurs-de-materiel\/101732\/"},"wordCount":261,"image":{"@id":"https:\/\/batijournal.com\/index.php\/hausses-du-cote-des-loueurs-et-des-distributeurs-de-materiel\/101732\/#primaryimage"},"thumbnailUrl":"https:\/\/batijournal.com\/wp-content\/uploads\/2019\/03\/materiel-maintenance.jpeg","keywords":["location","mat\u00e9riel"],"articleSection":["Actualit\u00e9s","\u00c9conomie &amp; March\u00e9s"],"inLanguage":"fr-FR"},{"@type":"WebPage","@id":"https:\/\/batijournal.com\/index.php\/hausses-du-cote-des-loueurs-et-des-distributeurs-de-materiel\/101732\/","url":"https:\/\/batijournal.com\/index.php\/hausses-du-cote-des-loueurs-et-des-distributeurs-de-materiel\/101732\/","name":"Hausses du c\u00f4t\u00e9 des loueurs et des distributeurs de mat\u00e9riel","isPartOf":{"@id":"https:\/\/batijournal.com\/#website"},"primaryImageOfPage":{"@id":"https:\/\/batijournal.com\/index.php\/hausses-du-cote-des-loueurs-et-des-distributeurs-de-materiel\/101732\/#primaryimage"},"image":{"@id":"https:\/\/batijournal.com\/index.php\/hausses-du-cote-des-loueurs-et-des-distributeurs-de-materiel\/101732\/#primaryimage"},"thumbnailUrl":"https:\/\/batijournal.com\/wp-content\/uploads\/2019\/03\/materiel-maintenance.jpeg","datePublished":"2019-03-18T06:45:05+00:00","dateModified":"2019-07-15T10:01:54+00:00","author":{"@id":"https:\/\/batijournal.com\/#\/schema\/person\/1dc96ec6957aa1ccb25ebe78bb19f100"},"description":"Pour la 4\u00e8me ann\u00e9e cons\u00e9cutive, les distributeurs de mat\u00e9riel de BTP ont connu une hausse de leur chiffre d\u2019affaires sur l\u2019ann\u00e9e","breadcrumb":{"@id":"https:\/\/batijournal.com\/index.php\/hausses-du-cote-des-loueurs-et-des-distributeurs-de-materiel\/101732\/#breadcrumb"},"inLanguage":"fr-FR","potentialAction":[{"@type":"ReadAction","target":["https:\/\/batijournal.com\/index.php\/hausses-du-cote-des-loueurs-et-des-distributeurs-de-materiel\/101732\/"]}]},{"@type":"ImageObject","inLanguage":"fr-FR","@id":"https:\/\/batijournal.com\/index.php\/hausses-du-cote-des-loueurs-et-des-distributeurs-de-materiel\/101732\/#primaryimage","url":"https:\/\/batijournal.com\/wp-content\/uploads\/2019\/03\/materiel-maintenance.jpeg","contentUrl":"https:\/\/batijournal.com\/wp-content\/uploads\/2019\/03\/materiel-maintenance.jpeg","width":1280,"height":853},{"@type":"BreadcrumbList","@id":"https:\/\/batijournal.com\/index.php\/hausses-du-cote-des-loueurs-et-des-distributeurs-de-materiel\/101732\/#breadcrumb","itemListElement":[{"@type":"ListItem","position":1,"name":"Accueil","item":"https:\/\/batijournal.com\/"},{"@type":"ListItem","position":2,"name":"Actualit\u00e9s","item":"https:\/\/batijournal.com\/index.php\/category\/actualites\/"},{"@type":"ListItem","position":3,"name":"Hausses du c\u00f4t\u00e9 des loueurs et des distributeurs de mat\u00e9riel"}]},{"@type":"WebSite","@id":"https:\/\/batijournal.com\/#website","url":"https:\/\/batijournal.com\/","name":"Batijournal","description":"L&#039;actualit\u00e9 du b\u00e2timent","potentialAction":[{"@type":"SearchAction","target":{"@type":"EntryPoint","urlTemplate":"https:\/\/batijournal.com\/?s={search_term_string}"},"query-input":{"@type":"PropertyValueSpecification","valueRequired":true,"valueName":"search_term_string"}}],"inLanguage":"fr-FR"},{"@type":"Person","@id":"https:\/\/batijournal.com\/#\/schema\/person\/1dc96ec6957aa1ccb25ebe78bb19f100","name":"St\u00e9phane Miget","image":{"@type":"ImageObject","inLanguage":"fr-FR","@id":"https:\/\/secure.gravatar.com\/avatar\/89915563d925342126b8ef0281b93d9d7fc337043e8df017f780908eb9644451?s=96&d=mm&r=g","url":"https:\/\/secure.gravatar.com\/avatar\/89915563d925342126b8ef0281b93d9d7fc337043e8df017f780908eb9644451?s=96&d=mm&r=g","contentUrl":"https:\/\/secure.gravatar.com\/avatar\/89915563d925342126b8ef0281b93d9d7fc337043e8df017f780908eb9644451?s=96&d=mm&r=g","caption":"St\u00e9phane Miget"},"url":"https:\/\/batijournal.com\/index.php\/author\/stephane\/"}]}},"_links":{"self":[{"href":"https:\/\/batijournal.com\/index.php\/wp-json\/wp\/v2\/posts\/101732","targetHints":{"allow":["GET"]}}],"collection":[{"href":"https:\/\/batijournal.com\/index.php\/wp-json\/wp\/v2\/posts"}],"about":[{"href":"https:\/\/batijournal.com\/index.php\/wp-json\/wp\/v2\/types\/post"}],"author":[{"embeddable":true,"href":"https:\/\/batijournal.com\/index.php\/wp-json\/wp\/v2\/users\/17"}],"replies":[{"embeddable":true,"href":"https:\/\/batijournal.com\/index.php\/wp-json\/wp\/v2\/comments?post=101732"}],"version-history":[{"count":0,"href":"https:\/\/batijournal.com\/index.php\/wp-json\/wp\/v2\/posts\/101732\/revisions"}],"wp:featuredmedia":[{"embeddable":true,"href":"https:\/\/batijournal.com\/index.php\/wp-json\/wp\/v2\/media\/101733"}],"wp:attachment":[{"href":"https:\/\/batijournal.com\/index.php\/wp-json\/wp\/v2\/media?parent=101732"}],"wp:term":[{"taxonomy":"category","embeddable":true,"href":"https:\/\/batijournal.com\/index.php\/wp-json\/wp\/v2\/categories?post=101732"},{"taxonomy":"post_tag","embeddable":true,"href":"https:\/\/batijournal.com\/index.php\/wp-json\/wp\/v2\/tags?post=101732"}],"curies":[{"name":"wp","href":"https:\/\/api.w.org\/{rel}","templated":true}]}}