{"id":101740,"date":"2019-03-19T10:19:03","date_gmt":"2019-03-19T09:19:03","guid":{"rendered":"https:\/\/batijournal.com\/?p=101740"},"modified":"2019-07-15T12:01:54","modified_gmt":"2019-07-15T10:01:54","slug":"la-ffb-prevoit-un-tassement-du-contexte-economique-pour-la-fin-2019","status":"publish","type":"post","link":"https:\/\/batijournal.com\/index.php\/la-ffb-prevoit-un-tassement-du-contexte-economique-pour-la-fin-2019\/101740\/","title":{"rendered":"La FFB pr\u00e9voit un tassement du contexte \u00e9conomique pour la fin 2019"},"content":{"rendered":"<p>Dans son premier point de l&rsquo;ann\u00e9e 2019, la FFB pr\u00e9voit un tassement du contexte \u00e9conomique. M\u00eame si l\u2019activit\u00e9 du b\u00e2timent reste bonne sur la lanc\u00e9e de 2018, une inqui\u00e9tude se porte sur le logement neuf. Sur trois mois \u00e0 fin janvier 2019, les permis et les mises en chantier se replient respectivement de 6,9\u00a0% et 11,1\u00a0%. Plus en amont des travaux, les ventes de maisons individuelles abandonnent 10\u00a0% en glissement annuel sur douze mois \u00e0 fin janvier 2019, alors que les mises en vente des promoteurs se sont repli\u00e9es de 3,9\u00a0% en 2018, dont 15,3\u00a0% en zones B2 et C. Pour la FFB, il faut y voir les cons\u00e9quences directes de la d\u00e9gradation de l\u2019environnement institutionnel depuis le 1er janvier 2018 (suppression de l\u2019APL accession, r\u00e9duction de moiti\u00e9 de la quotit\u00e9 de PTZ neuf en zones B2 et C, suppression de l\u2019acc\u00e8s au Pinel en zone B2, mise en place de la RLS et hausse de la TVA \u00e0 10\u00a0% dans le logement social). Pour l\u2019am\u00e9lioration-entretien, l\u2019activit\u00e9 a souffert fin 2018 des atermoiements autour du CITE et, plus g\u00e9n\u00e9ralement, des dispositifs en faveur de la r\u00e9novation \u00e9nerg\u00e9tique, avec une baisse de 1,8\u00a0% au quatri\u00e8me trimestre 2018, sur un an. Sauf nouvelle crise autour de ces dispositifs, une quasi-stabilit\u00e9 reste attendue pour 2019. En 2018, la croissance d\u2019activit\u00e9 du secteur du b\u00e2timent est ressortie un peu moins forte qu\u2019anticip\u00e9e, \u00e0 +2,0\u00a0% contre +2,3\u00a0% initialement pr\u00e9vu, en raison d\u2019une hausse plus mod\u00e9r\u00e9e du march\u00e9 de l\u2019am\u00e9lioration-entretien.<\/p>\n<p><img loading=\"lazy\" decoding=\"async\" class=\"aligncenter size-full wp-image-101741\" src=\"https:\/\/batijournal.com\/wp-content\/uploads\/2019\/03\/activite-batiment.png\" alt=\"\" width=\"921\" height=\"281\" srcset=\"https:\/\/batijournal.com\/wp-content\/uploads\/2019\/03\/activite-batiment.png 921w, https:\/\/batijournal.com\/wp-content\/uploads\/2019\/03\/activite-batiment-150x46.png 150w, https:\/\/batijournal.com\/wp-content\/uploads\/2019\/03\/activite-batiment-300x92.png 300w, https:\/\/batijournal.com\/wp-content\/uploads\/2019\/03\/activite-batiment-768x234.png 768w, https:\/\/batijournal.com\/wp-content\/uploads\/2019\/03\/activite-batiment-600x183.png 600w\" sizes=\"(max-width: 921px) 100vw, 921px\" \/><\/p>\n<p>Tableau : \u00c9volutions (en %, en volume) de l\u2019activit\u00e9 du b\u00e2timent par march\u00e9, source FFB<\/p>\n<p>&nbsp;<\/p>\n","protected":false},"excerpt":{"rendered":"<p>Dans son premier point de l&rsquo;ann\u00e9e 2019, la FFB pr\u00e9voit un tassement du contexte \u00e9conomique. M\u00eame si l\u2019activit\u00e9 du b\u00e2timent reste bonne sur la lanc\u00e9e de 2018, une inqui\u00e9tude se porte sur le logement neuf. Sur trois mois \u00e0 fin janvier 2019, les permis et les mises en chantier se replient respectivement de 6,9\u00a0% et [&hellip;]<\/p>\n","protected":false},"author":17,"featured_media":98506,"comment_status":"closed","ping_status":"closed","sticky":false,"template":"","format":"standard","meta":{"_et_pb_use_builder":"","_et_pb_old_content":"","_et_gb_content_width":"","footnotes":""},"categories":[10736,10530,6345],"tags":[373],"class_list":["post-101740","post","type-post","status-publish","format-standard","has-post-thumbnail","hentry","category-a-la-une","category-actualites","category-economie-marches","tag-ffb"],"yoast_head":"<!-- This site is optimized with the Yoast SEO plugin v27.4 - https:\/\/yoast.com\/product\/yoast-seo-wordpress\/ -->\n<title>La FFB pr\u00e9voit un tassement du contexte \u00e9conomique pour la fin 2019<\/title>\n<meta name=\"description\" content=\"M\u00eame si l\u2019activit\u00e9 du b\u00e2timent reste bonne sur la lanc\u00e9e de 2018, une inqui\u00e9tude se porte sur le logement neuf, la FFB pr\u00e9voit un tassement\" \/>\n<meta name=\"robots\" content=\"index, follow, max-snippet:-1, max-image-preview:large, max-video-preview:-1\" \/>\n<link rel=\"canonical\" href=\"https:\/\/batijournal.com\/index.php\/la-ffb-prevoit-un-tassement-du-contexte-economique-pour-la-fin-2019\/101740\/\" \/>\n<meta property=\"og:locale\" content=\"fr_FR\" \/>\n<meta property=\"og:type\" content=\"article\" \/>\n<meta property=\"og:title\" content=\"La FFB pr\u00e9voit un tassement du contexte \u00e9conomique pour la fin 2019\" \/>\n<meta property=\"og:description\" content=\"M\u00eame si l\u2019activit\u00e9 du b\u00e2timent reste bonne sur la lanc\u00e9e de 2018, une inqui\u00e9tude se porte sur le logement neuf, la FFB pr\u00e9voit un tassement\" \/>\n<meta property=\"og:url\" content=\"https:\/\/batijournal.com\/index.php\/la-ffb-prevoit-un-tassement-du-contexte-economique-pour-la-fin-2019\/101740\/\" \/>\n<meta property=\"og:site_name\" content=\"Batijournal\" \/>\n<meta property=\"article:published_time\" content=\"2019-03-19T09:19:03+00:00\" \/>\n<meta property=\"article:modified_time\" content=\"2019-07-15T10:01:54+00:00\" \/>\n<meta property=\"og:image\" content=\"https:\/\/batijournal.com\/wp-content\/uploads\/2018\/02\/chantier-centre-ville.jpg\" \/>\n\t<meta property=\"og:image:width\" content=\"1200\" \/>\n\t<meta property=\"og:image:height\" content=\"876\" \/>\n\t<meta property=\"og:image:type\" content=\"image\/jpeg\" \/>\n<meta name=\"author\" content=\"St\u00e9phane Miget\" \/>\n<meta name=\"twitter:card\" content=\"summary_large_image\" \/>\n<meta name=\"twitter:creator\" content=\"@bati_journal\" \/>\n<meta name=\"twitter:site\" content=\"@bati_journal\" \/>\n<meta name=\"twitter:label1\" content=\"\u00c9crit par\" \/>\n\t<meta name=\"twitter:data1\" content=\"St\u00e9phane Miget\" \/>\n\t<meta name=\"twitter:label2\" content=\"Dur\u00e9e de lecture estim\u00e9e\" \/>\n\t<meta name=\"twitter:data2\" content=\"1 minute\" \/>\n<script type=\"application\/ld+json\" class=\"yoast-schema-graph\">{\"@context\":\"https:\\\/\\\/schema.org\",\"@graph\":[{\"@type\":\"Article\",\"@id\":\"https:\\\/\\\/batijournal.com\\\/index.php\\\/la-ffb-prevoit-un-tassement-du-contexte-economique-pour-la-fin-2019\\\/101740\\\/#article\",\"isPartOf\":{\"@id\":\"https:\\\/\\\/batijournal.com\\\/index.php\\\/la-ffb-prevoit-un-tassement-du-contexte-economique-pour-la-fin-2019\\\/101740\\\/\"},\"author\":{\"name\":\"St\u00e9phane Miget\",\"@id\":\"https:\\\/\\\/batijournal.com\\\/#\\\/schema\\\/person\\\/1dc96ec6957aa1ccb25ebe78bb19f100\"},\"headline\":\"La FFB pr\u00e9voit un tassement du contexte \u00e9conomique pour la fin 2019\",\"datePublished\":\"2019-03-19T09:19:03+00:00\",\"dateModified\":\"2019-07-15T10:01:54+00:00\",\"mainEntityOfPage\":{\"@id\":\"https:\\\/\\\/batijournal.com\\\/index.php\\\/la-ffb-prevoit-un-tassement-du-contexte-economique-pour-la-fin-2019\\\/101740\\\/\"},\"wordCount\":283,\"image\":{\"@id\":\"https:\\\/\\\/batijournal.com\\\/index.php\\\/la-ffb-prevoit-un-tassement-du-contexte-economique-pour-la-fin-2019\\\/101740\\\/#primaryimage\"},\"thumbnailUrl\":\"https:\\\/\\\/batijournal.com\\\/wp-content\\\/uploads\\\/2018\\\/02\\\/chantier-centre-ville.jpg\",\"keywords\":[\"ffb\"],\"articleSection\":[\"A la Une\",\"Actualit\u00e9s\",\"\u00c9conomie &amp; March\u00e9s\"],\"inLanguage\":\"fr-FR\"},{\"@type\":\"WebPage\",\"@id\":\"https:\\\/\\\/batijournal.com\\\/index.php\\\/la-ffb-prevoit-un-tassement-du-contexte-economique-pour-la-fin-2019\\\/101740\\\/\",\"url\":\"https:\\\/\\\/batijournal.com\\\/index.php\\\/la-ffb-prevoit-un-tassement-du-contexte-economique-pour-la-fin-2019\\\/101740\\\/\",\"name\":\"La FFB pr\u00e9voit un tassement du contexte \u00e9conomique pour la fin 2019\",\"isPartOf\":{\"@id\":\"https:\\\/\\\/batijournal.com\\\/#website\"},\"primaryImageOfPage\":{\"@id\":\"https:\\\/\\\/batijournal.com\\\/index.php\\\/la-ffb-prevoit-un-tassement-du-contexte-economique-pour-la-fin-2019\\\/101740\\\/#primaryimage\"},\"image\":{\"@id\":\"https:\\\/\\\/batijournal.com\\\/index.php\\\/la-ffb-prevoit-un-tassement-du-contexte-economique-pour-la-fin-2019\\\/101740\\\/#primaryimage\"},\"thumbnailUrl\":\"https:\\\/\\\/batijournal.com\\\/wp-content\\\/uploads\\\/2018\\\/02\\\/chantier-centre-ville.jpg\",\"datePublished\":\"2019-03-19T09:19:03+00:00\",\"dateModified\":\"2019-07-15T10:01:54+00:00\",\"author\":{\"@id\":\"https:\\\/\\\/batijournal.com\\\/#\\\/schema\\\/person\\\/1dc96ec6957aa1ccb25ebe78bb19f100\"},\"description\":\"M\u00eame si l\u2019activit\u00e9 du b\u00e2timent reste bonne sur la lanc\u00e9e de 2018, une inqui\u00e9tude se porte sur le logement neuf, la FFB pr\u00e9voit un tassement\",\"breadcrumb\":{\"@id\":\"https:\\\/\\\/batijournal.com\\\/index.php\\\/la-ffb-prevoit-un-tassement-du-contexte-economique-pour-la-fin-2019\\\/101740\\\/#breadcrumb\"},\"inLanguage\":\"fr-FR\",\"potentialAction\":[{\"@type\":\"ReadAction\",\"target\":[\"https:\\\/\\\/batijournal.com\\\/index.php\\\/la-ffb-prevoit-un-tassement-du-contexte-economique-pour-la-fin-2019\\\/101740\\\/\"]}]},{\"@type\":\"ImageObject\",\"inLanguage\":\"fr-FR\",\"@id\":\"https:\\\/\\\/batijournal.com\\\/index.php\\\/la-ffb-prevoit-un-tassement-du-contexte-economique-pour-la-fin-2019\\\/101740\\\/#primaryimage\",\"url\":\"https:\\\/\\\/batijournal.com\\\/wp-content\\\/uploads\\\/2018\\\/02\\\/chantier-centre-ville.jpg\",\"contentUrl\":\"https:\\\/\\\/batijournal.com\\\/wp-content\\\/uploads\\\/2018\\\/02\\\/chantier-centre-ville.jpg\",\"width\":1200,\"height\":876},{\"@type\":\"BreadcrumbList\",\"@id\":\"https:\\\/\\\/batijournal.com\\\/index.php\\\/la-ffb-prevoit-un-tassement-du-contexte-economique-pour-la-fin-2019\\\/101740\\\/#breadcrumb\",\"itemListElement\":[{\"@type\":\"ListItem\",\"position\":1,\"name\":\"Accueil\",\"item\":\"https:\\\/\\\/batijournal.com\\\/\"},{\"@type\":\"ListItem\",\"position\":2,\"name\":\"A la Une\",\"item\":\"https:\\\/\\\/batijournal.com\\\/index.php\\\/category\\\/a-la-une\\\/\"},{\"@type\":\"ListItem\",\"position\":3,\"name\":\"La FFB pr\u00e9voit un tassement du contexte \u00e9conomique pour la fin 2019\"}]},{\"@type\":\"WebSite\",\"@id\":\"https:\\\/\\\/batijournal.com\\\/#website\",\"url\":\"https:\\\/\\\/batijournal.com\\\/\",\"name\":\"Batijournal\",\"description\":\"L&#039;actualit\u00e9 du b\u00e2timent\",\"potentialAction\":[{\"@type\":\"SearchAction\",\"target\":{\"@type\":\"EntryPoint\",\"urlTemplate\":\"https:\\\/\\\/batijournal.com\\\/?s={search_term_string}\"},\"query-input\":{\"@type\":\"PropertyValueSpecification\",\"valueRequired\":true,\"valueName\":\"search_term_string\"}}],\"inLanguage\":\"fr-FR\"},{\"@type\":\"Person\",\"@id\":\"https:\\\/\\\/batijournal.com\\\/#\\\/schema\\\/person\\\/1dc96ec6957aa1ccb25ebe78bb19f100\",\"name\":\"St\u00e9phane Miget\",\"image\":{\"@type\":\"ImageObject\",\"inLanguage\":\"fr-FR\",\"@id\":\"https:\\\/\\\/secure.gravatar.com\\\/avatar\\\/89915563d925342126b8ef0281b93d9d7fc337043e8df017f780908eb9644451?s=96&d=mm&r=g\",\"url\":\"https:\\\/\\\/secure.gravatar.com\\\/avatar\\\/89915563d925342126b8ef0281b93d9d7fc337043e8df017f780908eb9644451?s=96&d=mm&r=g\",\"contentUrl\":\"https:\\\/\\\/secure.gravatar.com\\\/avatar\\\/89915563d925342126b8ef0281b93d9d7fc337043e8df017f780908eb9644451?s=96&d=mm&r=g\",\"caption\":\"St\u00e9phane Miget\"},\"url\":\"https:\\\/\\\/batijournal.com\\\/index.php\\\/author\\\/stephane\\\/\"}]}<\/script>\n<!-- \/ Yoast SEO plugin. -->","yoast_head_json":{"title":"La FFB pr\u00e9voit un tassement du contexte \u00e9conomique pour la fin 2019","description":"M\u00eame si l\u2019activit\u00e9 du b\u00e2timent reste bonne sur la lanc\u00e9e de 2018, une inqui\u00e9tude se porte sur le logement neuf, la FFB pr\u00e9voit un tassement","robots":{"index":"index","follow":"follow","max-snippet":"max-snippet:-1","max-image-preview":"max-image-preview:large","max-video-preview":"max-video-preview:-1"},"canonical":"https:\/\/batijournal.com\/index.php\/la-ffb-prevoit-un-tassement-du-contexte-economique-pour-la-fin-2019\/101740\/","og_locale":"fr_FR","og_type":"article","og_title":"La FFB pr\u00e9voit un tassement du contexte \u00e9conomique pour la fin 2019","og_description":"M\u00eame si l\u2019activit\u00e9 du b\u00e2timent reste bonne sur la lanc\u00e9e de 2018, une inqui\u00e9tude se porte sur le logement neuf, la FFB pr\u00e9voit un tassement","og_url":"https:\/\/batijournal.com\/index.php\/la-ffb-prevoit-un-tassement-du-contexte-economique-pour-la-fin-2019\/101740\/","og_site_name":"Batijournal","article_published_time":"2019-03-19T09:19:03+00:00","article_modified_time":"2019-07-15T10:01:54+00:00","og_image":[{"width":1200,"height":876,"url":"https:\/\/batijournal.com\/wp-content\/uploads\/2018\/02\/chantier-centre-ville.jpg","type":"image\/jpeg"}],"author":"St\u00e9phane Miget","twitter_card":"summary_large_image","twitter_creator":"@bati_journal","twitter_site":"@bati_journal","twitter_misc":{"\u00c9crit par":"St\u00e9phane Miget","Dur\u00e9e de lecture estim\u00e9e":"1 minute"},"schema":{"@context":"https:\/\/schema.org","@graph":[{"@type":"Article","@id":"https:\/\/batijournal.com\/index.php\/la-ffb-prevoit-un-tassement-du-contexte-economique-pour-la-fin-2019\/101740\/#article","isPartOf":{"@id":"https:\/\/batijournal.com\/index.php\/la-ffb-prevoit-un-tassement-du-contexte-economique-pour-la-fin-2019\/101740\/"},"author":{"name":"St\u00e9phane Miget","@id":"https:\/\/batijournal.com\/#\/schema\/person\/1dc96ec6957aa1ccb25ebe78bb19f100"},"headline":"La FFB pr\u00e9voit un tassement du contexte \u00e9conomique pour la fin 2019","datePublished":"2019-03-19T09:19:03+00:00","dateModified":"2019-07-15T10:01:54+00:00","mainEntityOfPage":{"@id":"https:\/\/batijournal.com\/index.php\/la-ffb-prevoit-un-tassement-du-contexte-economique-pour-la-fin-2019\/101740\/"},"wordCount":283,"image":{"@id":"https:\/\/batijournal.com\/index.php\/la-ffb-prevoit-un-tassement-du-contexte-economique-pour-la-fin-2019\/101740\/#primaryimage"},"thumbnailUrl":"https:\/\/batijournal.com\/wp-content\/uploads\/2018\/02\/chantier-centre-ville.jpg","keywords":["ffb"],"articleSection":["A la Une","Actualit\u00e9s","\u00c9conomie &amp; March\u00e9s"],"inLanguage":"fr-FR"},{"@type":"WebPage","@id":"https:\/\/batijournal.com\/index.php\/la-ffb-prevoit-un-tassement-du-contexte-economique-pour-la-fin-2019\/101740\/","url":"https:\/\/batijournal.com\/index.php\/la-ffb-prevoit-un-tassement-du-contexte-economique-pour-la-fin-2019\/101740\/","name":"La FFB pr\u00e9voit un tassement du contexte \u00e9conomique pour la fin 2019","isPartOf":{"@id":"https:\/\/batijournal.com\/#website"},"primaryImageOfPage":{"@id":"https:\/\/batijournal.com\/index.php\/la-ffb-prevoit-un-tassement-du-contexte-economique-pour-la-fin-2019\/101740\/#primaryimage"},"image":{"@id":"https:\/\/batijournal.com\/index.php\/la-ffb-prevoit-un-tassement-du-contexte-economique-pour-la-fin-2019\/101740\/#primaryimage"},"thumbnailUrl":"https:\/\/batijournal.com\/wp-content\/uploads\/2018\/02\/chantier-centre-ville.jpg","datePublished":"2019-03-19T09:19:03+00:00","dateModified":"2019-07-15T10:01:54+00:00","author":{"@id":"https:\/\/batijournal.com\/#\/schema\/person\/1dc96ec6957aa1ccb25ebe78bb19f100"},"description":"M\u00eame si l\u2019activit\u00e9 du b\u00e2timent reste bonne sur la lanc\u00e9e de 2018, une inqui\u00e9tude se porte sur le logement neuf, la FFB pr\u00e9voit un tassement","breadcrumb":{"@id":"https:\/\/batijournal.com\/index.php\/la-ffb-prevoit-un-tassement-du-contexte-economique-pour-la-fin-2019\/101740\/#breadcrumb"},"inLanguage":"fr-FR","potentialAction":[{"@type":"ReadAction","target":["https:\/\/batijournal.com\/index.php\/la-ffb-prevoit-un-tassement-du-contexte-economique-pour-la-fin-2019\/101740\/"]}]},{"@type":"ImageObject","inLanguage":"fr-FR","@id":"https:\/\/batijournal.com\/index.php\/la-ffb-prevoit-un-tassement-du-contexte-economique-pour-la-fin-2019\/101740\/#primaryimage","url":"https:\/\/batijournal.com\/wp-content\/uploads\/2018\/02\/chantier-centre-ville.jpg","contentUrl":"https:\/\/batijournal.com\/wp-content\/uploads\/2018\/02\/chantier-centre-ville.jpg","width":1200,"height":876},{"@type":"BreadcrumbList","@id":"https:\/\/batijournal.com\/index.php\/la-ffb-prevoit-un-tassement-du-contexte-economique-pour-la-fin-2019\/101740\/#breadcrumb","itemListElement":[{"@type":"ListItem","position":1,"name":"Accueil","item":"https:\/\/batijournal.com\/"},{"@type":"ListItem","position":2,"name":"A la Une","item":"https:\/\/batijournal.com\/index.php\/category\/a-la-une\/"},{"@type":"ListItem","position":3,"name":"La FFB pr\u00e9voit un tassement du contexte \u00e9conomique pour la fin 2019"}]},{"@type":"WebSite","@id":"https:\/\/batijournal.com\/#website","url":"https:\/\/batijournal.com\/","name":"Batijournal","description":"L&#039;actualit\u00e9 du b\u00e2timent","potentialAction":[{"@type":"SearchAction","target":{"@type":"EntryPoint","urlTemplate":"https:\/\/batijournal.com\/?s={search_term_string}"},"query-input":{"@type":"PropertyValueSpecification","valueRequired":true,"valueName":"search_term_string"}}],"inLanguage":"fr-FR"},{"@type":"Person","@id":"https:\/\/batijournal.com\/#\/schema\/person\/1dc96ec6957aa1ccb25ebe78bb19f100","name":"St\u00e9phane Miget","image":{"@type":"ImageObject","inLanguage":"fr-FR","@id":"https:\/\/secure.gravatar.com\/avatar\/89915563d925342126b8ef0281b93d9d7fc337043e8df017f780908eb9644451?s=96&d=mm&r=g","url":"https:\/\/secure.gravatar.com\/avatar\/89915563d925342126b8ef0281b93d9d7fc337043e8df017f780908eb9644451?s=96&d=mm&r=g","contentUrl":"https:\/\/secure.gravatar.com\/avatar\/89915563d925342126b8ef0281b93d9d7fc337043e8df017f780908eb9644451?s=96&d=mm&r=g","caption":"St\u00e9phane Miget"},"url":"https:\/\/batijournal.com\/index.php\/author\/stephane\/"}]}},"_links":{"self":[{"href":"https:\/\/batijournal.com\/index.php\/wp-json\/wp\/v2\/posts\/101740","targetHints":{"allow":["GET"]}}],"collection":[{"href":"https:\/\/batijournal.com\/index.php\/wp-json\/wp\/v2\/posts"}],"about":[{"href":"https:\/\/batijournal.com\/index.php\/wp-json\/wp\/v2\/types\/post"}],"author":[{"embeddable":true,"href":"https:\/\/batijournal.com\/index.php\/wp-json\/wp\/v2\/users\/17"}],"replies":[{"embeddable":true,"href":"https:\/\/batijournal.com\/index.php\/wp-json\/wp\/v2\/comments?post=101740"}],"version-history":[{"count":0,"href":"https:\/\/batijournal.com\/index.php\/wp-json\/wp\/v2\/posts\/101740\/revisions"}],"wp:featuredmedia":[{"embeddable":true,"href":"https:\/\/batijournal.com\/index.php\/wp-json\/wp\/v2\/media\/98506"}],"wp:attachment":[{"href":"https:\/\/batijournal.com\/index.php\/wp-json\/wp\/v2\/media?parent=101740"}],"wp:term":[{"taxonomy":"category","embeddable":true,"href":"https:\/\/batijournal.com\/index.php\/wp-json\/wp\/v2\/categories?post=101740"},{"taxonomy":"post_tag","embeddable":true,"href":"https:\/\/batijournal.com\/index.php\/wp-json\/wp\/v2\/tags?post=101740"}],"curies":[{"name":"wp","href":"https:\/\/api.w.org\/{rel}","templated":true}]}}