{"id":101753,"date":"2019-03-20T12:25:59","date_gmt":"2019-03-20T11:25:59","guid":{"rendered":"https:\/\/batijournal.com\/?p=101753"},"modified":"2019-07-15T11:14:38","modified_gmt":"2019-07-15T09:14:38","slug":"maison-des-maraichers-ruban-patrimoine","status":"publish","type":"post","link":"https:\/\/batijournal.com\/index.php\/maison-des-maraichers-ruban-patrimoine\/101753\/","title":{"rendered":"Les rubans du Patrimoine pour un b\u00e2timent typique de l\u2019habitat populaire du 19e"},"content":{"rendered":"<p>D\u00e9but mars, la ville de Troyes a re\u00e7u le prix d\u00e9partemental des rubans du Patrimoine pour la r\u00e9novation de la maison des Mara\u00eechers. Un habitat populaire champenois du 19e si\u00e8cle.<\/p>\n<p>Entre 2015 et 2017, la maison des Mara\u00eechers a fait l&rsquo;objet d&rsquo;une reconstruction et r\u00e9habilitation compl\u00e8tes. Pour effectuer ce chantier, la Collectivit\u00e9 a fait appel \u00e0 des entreprises locales.<\/p>\n<p>C&rsquo;est donc le 8 mars, que la Ville de Troyes s&rsquo;est vu attribu\u00e9 ce prix pour son action de collectivit\u00e9 territoriale men\u00e9e en faveur de la sauvegarde du patrimoine b\u00e2ti. \u00ab\u00a0<i>Ce b\u00e2timent magnifique aurait toute sa place dans le secteur sauvegard\u00e9 troyen, c\u2019est une fiert\u00e9 collective\u00a0!\u00a0<\/i>\u00bb a soulign\u00e9 Fran\u00e7ois Baroin, maire de Troyes.<\/p>\n<p><strong>Co\u00fbt de l\u2019op\u00e9ration :<\/strong> 568 310 \u20ac, dont 136 125 \u20ac financ\u00e9s par l\u2019Etat, au titre de la Dotation de D\u00e9veloppement Urbain.<\/p>\n","protected":false},"excerpt":{"rendered":"<p>D\u00e9but mars, la ville de Troyes a re\u00e7u le prix d\u00e9partemental des rubans du Patrimoine pour la r\u00e9novation de la maison des Mara\u00eechers. Un habitat populaire champenois du 19e si\u00e8cle. Entre 2015 et 2017, la maison des Mara\u00eechers a fait l&rsquo;objet d&rsquo;une reconstruction et r\u00e9habilitation compl\u00e8tes. Pour effectuer ce chantier, la Collectivit\u00e9 a fait appel [&hellip;]<\/p>\n","protected":false},"author":1,"featured_media":101754,"comment_status":"closed","ping_status":"closed","sticky":false,"template":"","format":"standard","meta":{"_et_pb_use_builder":"","_et_pb_old_content":"","_et_gb_content_width":"","footnotes":""},"categories":[10530,6340,10785],"tags":[],"class_list":["post-101753","post","type-post","status-publish","format-standard","has-post-thumbnail","hentry","category-actualites","category-architecture-conception","category-atrium"],"yoast_head":"<!-- This site is optimized with the Yoast SEO plugin v27.4 - https:\/\/yoast.com\/product\/yoast-seo-wordpress\/ -->\n<title>La maison des Mara\u00eechers : prix d\u00e9partemental des rubans du Patrimoine<\/title>\n<meta name=\"description\" content=\"D\u00e9but mars, la ville de Troyes a re\u00e7u le prix d\u00e9partemental des rubans du Patrimoine pour la r\u00e9novation de la maison des Mara\u00eechers.\" \/>\n<meta name=\"robots\" content=\"index, follow, max-snippet:-1, max-image-preview:large, max-video-preview:-1\" \/>\n<link rel=\"canonical\" href=\"https:\/\/batijournal.com\/index.php\/maison-des-maraichers-ruban-patrimoine\/101753\/\" \/>\n<meta property=\"og:locale\" content=\"fr_FR\" \/>\n<meta property=\"og:type\" content=\"article\" \/>\n<meta property=\"og:title\" content=\"La maison des Mara\u00eechers : prix d\u00e9partemental des rubans du Patrimoine\" \/>\n<meta property=\"og:description\" content=\"D\u00e9but mars, la ville de Troyes a re\u00e7u le prix d\u00e9partemental des rubans du Patrimoine pour la r\u00e9novation de la maison des Mara\u00eechers.\" \/>\n<meta property=\"og:url\" content=\"https:\/\/batijournal.com\/index.php\/maison-des-maraichers-ruban-patrimoine\/101753\/\" \/>\n<meta property=\"og:site_name\" content=\"Batijournal\" \/>\n<meta property=\"article:published_time\" content=\"2019-03-20T11:25:59+00:00\" \/>\n<meta property=\"article:modified_time\" content=\"2019-07-15T09:14:38+00:00\" \/>\n<meta property=\"og:image\" content=\"https:\/\/batijournal.com\/wp-content\/uploads\/2019\/03\/Les-rubans-du-Patrimoine-pour-un-batiment-typique-de-l-habitat-populaire-du-19e.jpg\" \/>\n\t<meta property=\"og:image:width\" content=\"642\" \/>\n\t<meta property=\"og:image:height\" content=\"427\" \/>\n\t<meta property=\"og:image:type\" content=\"image\/jpeg\" \/>\n<meta name=\"author\" content=\"Bati-journal\" \/>\n<meta name=\"twitter:card\" content=\"summary_large_image\" \/>\n<meta name=\"twitter:creator\" content=\"@bati_journal\" \/>\n<meta name=\"twitter:site\" content=\"@bati_journal\" \/>\n<meta name=\"twitter:label1\" content=\"\u00c9crit par\" \/>\n\t<meta name=\"twitter:data1\" content=\"Bati-journal\" \/>\n\t<meta name=\"twitter:label2\" content=\"Dur\u00e9e de lecture estim\u00e9e\" \/>\n\t<meta name=\"twitter:data2\" content=\"1 minute\" \/>\n<script type=\"application\/ld+json\" class=\"yoast-schema-graph\">{\"@context\":\"https:\\\/\\\/schema.org\",\"@graph\":[{\"@type\":\"Article\",\"@id\":\"https:\\\/\\\/batijournal.com\\\/index.php\\\/maison-des-maraichers-ruban-patrimoine\\\/101753\\\/#article\",\"isPartOf\":{\"@id\":\"https:\\\/\\\/batijournal.com\\\/index.php\\\/maison-des-maraichers-ruban-patrimoine\\\/101753\\\/\"},\"author\":{\"name\":\"Bati-journal\",\"@id\":\"https:\\\/\\\/batijournal.com\\\/#\\\/schema\\\/person\\\/6a657e8967569e1b299972574848aa76\"},\"headline\":\"Les rubans du Patrimoine pour un b\u00e2timent typique de l\u2019habitat populaire du 19e\",\"datePublished\":\"2019-03-20T11:25:59+00:00\",\"dateModified\":\"2019-07-15T09:14:38+00:00\",\"mainEntityOfPage\":{\"@id\":\"https:\\\/\\\/batijournal.com\\\/index.php\\\/maison-des-maraichers-ruban-patrimoine\\\/101753\\\/\"},\"wordCount\":162,\"image\":{\"@id\":\"https:\\\/\\\/batijournal.com\\\/index.php\\\/maison-des-maraichers-ruban-patrimoine\\\/101753\\\/#primaryimage\"},\"thumbnailUrl\":\"https:\\\/\\\/batijournal.com\\\/wp-content\\\/uploads\\\/2019\\\/03\\\/Les-rubans-du-Patrimoine-pour-un-batiment-typique-de-l-habitat-populaire-du-19e.jpg\",\"articleSection\":[\"Actualit\u00e9s\",\"Architecture &amp; Conception\",\"zz_Atrium Patrimoine\"],\"inLanguage\":\"fr-FR\"},{\"@type\":\"WebPage\",\"@id\":\"https:\\\/\\\/batijournal.com\\\/index.php\\\/maison-des-maraichers-ruban-patrimoine\\\/101753\\\/\",\"url\":\"https:\\\/\\\/batijournal.com\\\/index.php\\\/maison-des-maraichers-ruban-patrimoine\\\/101753\\\/\",\"name\":\"La maison des Mara\u00eechers : prix d\u00e9partemental des rubans du Patrimoine\",\"isPartOf\":{\"@id\":\"https:\\\/\\\/batijournal.com\\\/#website\"},\"primaryImageOfPage\":{\"@id\":\"https:\\\/\\\/batijournal.com\\\/index.php\\\/maison-des-maraichers-ruban-patrimoine\\\/101753\\\/#primaryimage\"},\"image\":{\"@id\":\"https:\\\/\\\/batijournal.com\\\/index.php\\\/maison-des-maraichers-ruban-patrimoine\\\/101753\\\/#primaryimage\"},\"thumbnailUrl\":\"https:\\\/\\\/batijournal.com\\\/wp-content\\\/uploads\\\/2019\\\/03\\\/Les-rubans-du-Patrimoine-pour-un-batiment-typique-de-l-habitat-populaire-du-19e.jpg\",\"datePublished\":\"2019-03-20T11:25:59+00:00\",\"dateModified\":\"2019-07-15T09:14:38+00:00\",\"author\":{\"@id\":\"https:\\\/\\\/batijournal.com\\\/#\\\/schema\\\/person\\\/6a657e8967569e1b299972574848aa76\"},\"description\":\"D\u00e9but mars, la ville de Troyes a re\u00e7u le prix d\u00e9partemental des rubans du Patrimoine pour la r\u00e9novation de la maison des Mara\u00eechers.\",\"breadcrumb\":{\"@id\":\"https:\\\/\\\/batijournal.com\\\/index.php\\\/maison-des-maraichers-ruban-patrimoine\\\/101753\\\/#breadcrumb\"},\"inLanguage\":\"fr-FR\",\"potentialAction\":[{\"@type\":\"ReadAction\",\"target\":[\"https:\\\/\\\/batijournal.com\\\/index.php\\\/maison-des-maraichers-ruban-patrimoine\\\/101753\\\/\"]}]},{\"@type\":\"ImageObject\",\"inLanguage\":\"fr-FR\",\"@id\":\"https:\\\/\\\/batijournal.com\\\/index.php\\\/maison-des-maraichers-ruban-patrimoine\\\/101753\\\/#primaryimage\",\"url\":\"https:\\\/\\\/batijournal.com\\\/wp-content\\\/uploads\\\/2019\\\/03\\\/Les-rubans-du-Patrimoine-pour-un-batiment-typique-de-l-habitat-populaire-du-19e.jpg\",\"contentUrl\":\"https:\\\/\\\/batijournal.com\\\/wp-content\\\/uploads\\\/2019\\\/03\\\/Les-rubans-du-Patrimoine-pour-un-batiment-typique-de-l-habitat-populaire-du-19e.jpg\",\"width\":642,\"height\":427,\"caption\":\"la-maison-des-maraichers-ruban-patrimoine\"},{\"@type\":\"BreadcrumbList\",\"@id\":\"https:\\\/\\\/batijournal.com\\\/index.php\\\/maison-des-maraichers-ruban-patrimoine\\\/101753\\\/#breadcrumb\",\"itemListElement\":[{\"@type\":\"ListItem\",\"position\":1,\"name\":\"Accueil\",\"item\":\"https:\\\/\\\/batijournal.com\\\/\"},{\"@type\":\"ListItem\",\"position\":2,\"name\":\"Actualit\u00e9s\",\"item\":\"https:\\\/\\\/batijournal.com\\\/index.php\\\/category\\\/actualites\\\/\"},{\"@type\":\"ListItem\",\"position\":3,\"name\":\"Les rubans du Patrimoine pour un b\u00e2timent typique de l\u2019habitat populaire du 19e\"}]},{\"@type\":\"WebSite\",\"@id\":\"https:\\\/\\\/batijournal.com\\\/#website\",\"url\":\"https:\\\/\\\/batijournal.com\\\/\",\"name\":\"Batijournal\",\"description\":\"L&#039;actualit\u00e9 du b\u00e2timent\",\"potentialAction\":[{\"@type\":\"SearchAction\",\"target\":{\"@type\":\"EntryPoint\",\"urlTemplate\":\"https:\\\/\\\/batijournal.com\\\/?s={search_term_string}\"},\"query-input\":{\"@type\":\"PropertyValueSpecification\",\"valueRequired\":true,\"valueName\":\"search_term_string\"}}],\"inLanguage\":\"fr-FR\"},{\"@type\":\"Person\",\"@id\":\"https:\\\/\\\/batijournal.com\\\/#\\\/schema\\\/person\\\/6a657e8967569e1b299972574848aa76\",\"name\":\"Bati-journal\",\"image\":{\"@type\":\"ImageObject\",\"inLanguage\":\"fr-FR\",\"@id\":\"https:\\\/\\\/secure.gravatar.com\\\/avatar\\\/a64364ea26392f9b4dd47e017ddaec74ff03aefc073b49e492e847201258f777?s=96&d=mm&r=g\",\"url\":\"https:\\\/\\\/secure.gravatar.com\\\/avatar\\\/a64364ea26392f9b4dd47e017ddaec74ff03aefc073b49e492e847201258f777?s=96&d=mm&r=g\",\"contentUrl\":\"https:\\\/\\\/secure.gravatar.com\\\/avatar\\\/a64364ea26392f9b4dd47e017ddaec74ff03aefc073b49e492e847201258f777?s=96&d=mm&r=g\",\"caption\":\"Bati-journal\"},\"url\":\"https:\\\/\\\/batijournal.com\\\/index.php\\\/author\\\/elodie\\\/\"}]}<\/script>\n<!-- \/ Yoast SEO plugin. -->","yoast_head_json":{"title":"La maison des Mara\u00eechers : prix d\u00e9partemental des rubans du Patrimoine","description":"D\u00e9but mars, la ville de Troyes a re\u00e7u le prix d\u00e9partemental des rubans du Patrimoine pour la r\u00e9novation de la maison des Mara\u00eechers.","robots":{"index":"index","follow":"follow","max-snippet":"max-snippet:-1","max-image-preview":"max-image-preview:large","max-video-preview":"max-video-preview:-1"},"canonical":"https:\/\/batijournal.com\/index.php\/maison-des-maraichers-ruban-patrimoine\/101753\/","og_locale":"fr_FR","og_type":"article","og_title":"La maison des Mara\u00eechers : prix d\u00e9partemental des rubans du Patrimoine","og_description":"D\u00e9but mars, la ville de Troyes a re\u00e7u le prix d\u00e9partemental des rubans du Patrimoine pour la r\u00e9novation de la maison des Mara\u00eechers.","og_url":"https:\/\/batijournal.com\/index.php\/maison-des-maraichers-ruban-patrimoine\/101753\/","og_site_name":"Batijournal","article_published_time":"2019-03-20T11:25:59+00:00","article_modified_time":"2019-07-15T09:14:38+00:00","og_image":[{"width":642,"height":427,"url":"https:\/\/batijournal.com\/wp-content\/uploads\/2019\/03\/Les-rubans-du-Patrimoine-pour-un-batiment-typique-de-l-habitat-populaire-du-19e.jpg","type":"image\/jpeg"}],"author":"Bati-journal","twitter_card":"summary_large_image","twitter_creator":"@bati_journal","twitter_site":"@bati_journal","twitter_misc":{"\u00c9crit par":"Bati-journal","Dur\u00e9e de lecture estim\u00e9e":"1 minute"},"schema":{"@context":"https:\/\/schema.org","@graph":[{"@type":"Article","@id":"https:\/\/batijournal.com\/index.php\/maison-des-maraichers-ruban-patrimoine\/101753\/#article","isPartOf":{"@id":"https:\/\/batijournal.com\/index.php\/maison-des-maraichers-ruban-patrimoine\/101753\/"},"author":{"name":"Bati-journal","@id":"https:\/\/batijournal.com\/#\/schema\/person\/6a657e8967569e1b299972574848aa76"},"headline":"Les rubans du Patrimoine pour un b\u00e2timent typique de l\u2019habitat populaire du 19e","datePublished":"2019-03-20T11:25:59+00:00","dateModified":"2019-07-15T09:14:38+00:00","mainEntityOfPage":{"@id":"https:\/\/batijournal.com\/index.php\/maison-des-maraichers-ruban-patrimoine\/101753\/"},"wordCount":162,"image":{"@id":"https:\/\/batijournal.com\/index.php\/maison-des-maraichers-ruban-patrimoine\/101753\/#primaryimage"},"thumbnailUrl":"https:\/\/batijournal.com\/wp-content\/uploads\/2019\/03\/Les-rubans-du-Patrimoine-pour-un-batiment-typique-de-l-habitat-populaire-du-19e.jpg","articleSection":["Actualit\u00e9s","Architecture &amp; Conception","zz_Atrium Patrimoine"],"inLanguage":"fr-FR"},{"@type":"WebPage","@id":"https:\/\/batijournal.com\/index.php\/maison-des-maraichers-ruban-patrimoine\/101753\/","url":"https:\/\/batijournal.com\/index.php\/maison-des-maraichers-ruban-patrimoine\/101753\/","name":"La maison des Mara\u00eechers : prix d\u00e9partemental des rubans du Patrimoine","isPartOf":{"@id":"https:\/\/batijournal.com\/#website"},"primaryImageOfPage":{"@id":"https:\/\/batijournal.com\/index.php\/maison-des-maraichers-ruban-patrimoine\/101753\/#primaryimage"},"image":{"@id":"https:\/\/batijournal.com\/index.php\/maison-des-maraichers-ruban-patrimoine\/101753\/#primaryimage"},"thumbnailUrl":"https:\/\/batijournal.com\/wp-content\/uploads\/2019\/03\/Les-rubans-du-Patrimoine-pour-un-batiment-typique-de-l-habitat-populaire-du-19e.jpg","datePublished":"2019-03-20T11:25:59+00:00","dateModified":"2019-07-15T09:14:38+00:00","author":{"@id":"https:\/\/batijournal.com\/#\/schema\/person\/6a657e8967569e1b299972574848aa76"},"description":"D\u00e9but mars, la ville de Troyes a re\u00e7u le prix d\u00e9partemental des rubans du Patrimoine pour la r\u00e9novation de la maison des Mara\u00eechers.","breadcrumb":{"@id":"https:\/\/batijournal.com\/index.php\/maison-des-maraichers-ruban-patrimoine\/101753\/#breadcrumb"},"inLanguage":"fr-FR","potentialAction":[{"@type":"ReadAction","target":["https:\/\/batijournal.com\/index.php\/maison-des-maraichers-ruban-patrimoine\/101753\/"]}]},{"@type":"ImageObject","inLanguage":"fr-FR","@id":"https:\/\/batijournal.com\/index.php\/maison-des-maraichers-ruban-patrimoine\/101753\/#primaryimage","url":"https:\/\/batijournal.com\/wp-content\/uploads\/2019\/03\/Les-rubans-du-Patrimoine-pour-un-batiment-typique-de-l-habitat-populaire-du-19e.jpg","contentUrl":"https:\/\/batijournal.com\/wp-content\/uploads\/2019\/03\/Les-rubans-du-Patrimoine-pour-un-batiment-typique-de-l-habitat-populaire-du-19e.jpg","width":642,"height":427,"caption":"la-maison-des-maraichers-ruban-patrimoine"},{"@type":"BreadcrumbList","@id":"https:\/\/batijournal.com\/index.php\/maison-des-maraichers-ruban-patrimoine\/101753\/#breadcrumb","itemListElement":[{"@type":"ListItem","position":1,"name":"Accueil","item":"https:\/\/batijournal.com\/"},{"@type":"ListItem","position":2,"name":"Actualit\u00e9s","item":"https:\/\/batijournal.com\/index.php\/category\/actualites\/"},{"@type":"ListItem","position":3,"name":"Les rubans du Patrimoine pour un b\u00e2timent typique de l\u2019habitat populaire du 19e"}]},{"@type":"WebSite","@id":"https:\/\/batijournal.com\/#website","url":"https:\/\/batijournal.com\/","name":"Batijournal","description":"L&#039;actualit\u00e9 du b\u00e2timent","potentialAction":[{"@type":"SearchAction","target":{"@type":"EntryPoint","urlTemplate":"https:\/\/batijournal.com\/?s={search_term_string}"},"query-input":{"@type":"PropertyValueSpecification","valueRequired":true,"valueName":"search_term_string"}}],"inLanguage":"fr-FR"},{"@type":"Person","@id":"https:\/\/batijournal.com\/#\/schema\/person\/6a657e8967569e1b299972574848aa76","name":"Bati-journal","image":{"@type":"ImageObject","inLanguage":"fr-FR","@id":"https:\/\/secure.gravatar.com\/avatar\/a64364ea26392f9b4dd47e017ddaec74ff03aefc073b49e492e847201258f777?s=96&d=mm&r=g","url":"https:\/\/secure.gravatar.com\/avatar\/a64364ea26392f9b4dd47e017ddaec74ff03aefc073b49e492e847201258f777?s=96&d=mm&r=g","contentUrl":"https:\/\/secure.gravatar.com\/avatar\/a64364ea26392f9b4dd47e017ddaec74ff03aefc073b49e492e847201258f777?s=96&d=mm&r=g","caption":"Bati-journal"},"url":"https:\/\/batijournal.com\/index.php\/author\/elodie\/"}]}},"_links":{"self":[{"href":"https:\/\/batijournal.com\/index.php\/wp-json\/wp\/v2\/posts\/101753","targetHints":{"allow":["GET"]}}],"collection":[{"href":"https:\/\/batijournal.com\/index.php\/wp-json\/wp\/v2\/posts"}],"about":[{"href":"https:\/\/batijournal.com\/index.php\/wp-json\/wp\/v2\/types\/post"}],"author":[{"embeddable":true,"href":"https:\/\/batijournal.com\/index.php\/wp-json\/wp\/v2\/users\/1"}],"replies":[{"embeddable":true,"href":"https:\/\/batijournal.com\/index.php\/wp-json\/wp\/v2\/comments?post=101753"}],"version-history":[{"count":0,"href":"https:\/\/batijournal.com\/index.php\/wp-json\/wp\/v2\/posts\/101753\/revisions"}],"wp:featuredmedia":[{"embeddable":true,"href":"https:\/\/batijournal.com\/index.php\/wp-json\/wp\/v2\/media\/101754"}],"wp:attachment":[{"href":"https:\/\/batijournal.com\/index.php\/wp-json\/wp\/v2\/media?parent=101753"}],"wp:term":[{"taxonomy":"category","embeddable":true,"href":"https:\/\/batijournal.com\/index.php\/wp-json\/wp\/v2\/categories?post=101753"},{"taxonomy":"post_tag","embeddable":true,"href":"https:\/\/batijournal.com\/index.php\/wp-json\/wp\/v2\/tags?post=101753"}],"curies":[{"name":"wp","href":"https:\/\/api.w.org\/{rel}","templated":true}]}}