{"id":101759,"date":"2019-03-21T09:47:55","date_gmt":"2019-03-21T08:47:55","guid":{"rendered":"https:\/\/batijournal.com\/?p=101759"},"modified":"2019-07-15T11:26:45","modified_gmt":"2019-07-15T09:26:45","slug":"modernisation-et-agrandissement-du-palais-des-congres-du-touquet","status":"publish","type":"post","link":"https:\/\/batijournal.com\/index.php\/modernisation-et-agrandissement-du-palais-des-congres-du-touquet\/101759\/","title":{"rendered":"Modernisation et agrandissement du Palais des Congr\u00e8s du Touquet"},"content":{"rendered":"<p>Les premiers travaux de modernisation et d\u2019agrandissement du Palais des Congr\u00e8s du Touquet on d\u00e9marr\u00e9 en juillet 2018. 19 mois vont \u00eatre n\u00e9cessaires pour engager \u00e0 la fois, la r\u00e9novation des espaces historiques (Palais de l\u2019Europe) afin de les rendre \u00e0 la fois fonctionnels et confortables, et la construction d\u2019une nouvelle salle de spectacle ind\u00e9pendante. Cette salle baptis\u00e9e \u00ab Maurice Ravel \u00bb, offrira une capacit\u00e9 d\u2019accueil suppl\u00e9mentaire de 1 200 places assises. Son architecture a \u00e9t\u00e9 pens\u00e9e pour cr\u00e9er un ensemble harmonieux, mariant subtilement l\u2019architecture historique du site \u00e0 l\u2019esth\u00e9tisme propos\u00e9 par l\u2019agence d\u2019architecture Wilmotte &amp; Associ\u00e9s. Elle se caract\u00e9rise par une alliance de terre cuite et de surfaces vitr\u00e9es. Les deux op\u00e9rations du Palais des Congr\u00e8s offriront des conditions de modularit\u00e9, d\u2019\u00e9coute et de confort optimales. Elles seront \u00e9galement facilement accessibles par les personnes \u00e0 mobilit\u00e9 r\u00e9duite.<\/p>\n<p>Personne publique : VILLE DU TOUQUET<br \/>\nFinanceur et ma\u00eetre d\u2019ouvrage : NATIXIS LEASE<br \/>\nPromoteur immobilier : SNC SBI OPERATIONS<br \/>\nEntreprise g\u00e9n\u00e9rale : SPIE BATIGNOLLES NORD<br \/>\nArchitecte : WILMOTTE &amp; ASSOCIES<br \/>\nSc\u00e9nographe : CHANGEMENT A VUE<\/p>\n","protected":false},"excerpt":{"rendered":"<p>Les premiers travaux de modernisation et d\u2019agrandissement du Palais des Congr\u00e8s du Touquet on d\u00e9marr\u00e9 en juillet 2018. 19 mois vont \u00eatre n\u00e9cessaires pour engager \u00e0 la fois, la r\u00e9novation des espaces historiques (Palais de l\u2019Europe) afin de les rendre \u00e0 la fois fonctionnels et confortables, et la construction d\u2019une nouvelle salle de spectacle ind\u00e9pendante. [&hellip;]<\/p>\n","protected":false},"author":17,"featured_media":101760,"comment_status":"closed","ping_status":"closed","sticky":false,"template":"","format":"standard","meta":{"_et_pb_use_builder":"","_et_pb_old_content":"","_et_gb_content_width":"","footnotes":""},"categories":[10530,6340,10771,10775],"tags":[1150],"class_list":["post-101759","post","type-post","status-publish","format-standard","has-post-thumbnail","hentry","category-actualites","category-architecture-conception","category-5facades","category-actualites-5facades","tag-chantier"],"yoast_head":"<!-- This site is optimized with the Yoast SEO plugin v27.4 - https:\/\/yoast.com\/product\/yoast-seo-wordpress\/ -->\n<title>Modernisation et agrandissement du Palais des Congr\u00e8s du Touquet<\/title>\n<meta name=\"description\" content=\"Les premiers travaux de modernisation et d\u2019agrandissement du Palais des Congr\u00e8s du Touquet on d\u00e9marr\u00e9 en juillet 2018\" \/>\n<meta name=\"robots\" content=\"index, follow, max-snippet:-1, max-image-preview:large, max-video-preview:-1\" \/>\n<link rel=\"canonical\" href=\"https:\/\/batijournal.com\/index.php\/modernisation-et-agrandissement-du-palais-des-congres-du-touquet\/101759\/\" \/>\n<meta property=\"og:locale\" content=\"fr_FR\" \/>\n<meta property=\"og:type\" content=\"article\" \/>\n<meta property=\"og:title\" content=\"Modernisation et agrandissement du Palais des Congr\u00e8s du Touquet\" \/>\n<meta property=\"og:description\" content=\"Les premiers travaux de modernisation et d\u2019agrandissement du Palais des Congr\u00e8s du Touquet on d\u00e9marr\u00e9 en juillet 2018\" \/>\n<meta property=\"og:url\" content=\"https:\/\/batijournal.com\/index.php\/modernisation-et-agrandissement-du-palais-des-congres-du-touquet\/101759\/\" \/>\n<meta property=\"og:site_name\" content=\"Batijournal\" \/>\n<meta property=\"article:published_time\" content=\"2019-03-21T08:47:55+00:00\" \/>\n<meta property=\"article:modified_time\" content=\"2019-07-15T09:26:45+00:00\" \/>\n<meta property=\"og:image\" content=\"https:\/\/batijournal.com\/wp-content\/uploads\/2019\/03\/PALAIS-DES-CONGRES-DU-TOUQUET_VUE-FACADE-RAVEL.jpg\" \/>\n\t<meta property=\"og:image:width\" content=\"1000\" \/>\n\t<meta property=\"og:image:height\" content=\"707\" \/>\n\t<meta property=\"og:image:type\" content=\"image\/jpeg\" \/>\n<meta name=\"author\" content=\"St\u00e9phane Miget\" \/>\n<meta name=\"twitter:card\" content=\"summary_large_image\" \/>\n<meta name=\"twitter:creator\" content=\"@bati_journal\" \/>\n<meta name=\"twitter:site\" content=\"@bati_journal\" \/>\n<meta name=\"twitter:label1\" content=\"\u00c9crit par\" \/>\n\t<meta name=\"twitter:data1\" content=\"St\u00e9phane Miget\" \/>\n\t<meta name=\"twitter:label2\" content=\"Dur\u00e9e de lecture estim\u00e9e\" \/>\n\t<meta name=\"twitter:data2\" content=\"1 minute\" \/>\n<script type=\"application\/ld+json\" class=\"yoast-schema-graph\">{\"@context\":\"https:\\\/\\\/schema.org\",\"@graph\":[{\"@type\":\"Article\",\"@id\":\"https:\\\/\\\/batijournal.com\\\/index.php\\\/modernisation-et-agrandissement-du-palais-des-congres-du-touquet\\\/101759\\\/#article\",\"isPartOf\":{\"@id\":\"https:\\\/\\\/batijournal.com\\\/index.php\\\/modernisation-et-agrandissement-du-palais-des-congres-du-touquet\\\/101759\\\/\"},\"author\":{\"name\":\"St\u00e9phane Miget\",\"@id\":\"https:\\\/\\\/batijournal.com\\\/#\\\/schema\\\/person\\\/1dc96ec6957aa1ccb25ebe78bb19f100\"},\"headline\":\"Modernisation et agrandissement du Palais des Congr\u00e8s du Touquet\",\"datePublished\":\"2019-03-21T08:47:55+00:00\",\"dateModified\":\"2019-07-15T09:26:45+00:00\",\"mainEntityOfPage\":{\"@id\":\"https:\\\/\\\/batijournal.com\\\/index.php\\\/modernisation-et-agrandissement-du-palais-des-congres-du-touquet\\\/101759\\\/\"},\"wordCount\":197,\"image\":{\"@id\":\"https:\\\/\\\/batijournal.com\\\/index.php\\\/modernisation-et-agrandissement-du-palais-des-congres-du-touquet\\\/101759\\\/#primaryimage\"},\"thumbnailUrl\":\"https:\\\/\\\/batijournal.com\\\/wp-content\\\/uploads\\\/2019\\\/03\\\/PALAIS-DES-CONGRES-DU-TOUQUET_VUE-FACADE-RAVEL.jpg\",\"keywords\":[\"chantier\"],\"articleSection\":[\"Actualit\u00e9s\",\"Architecture &amp; Conception\",\"zz_5fa\u00e7ades\",\"zz_Actualit\u00e9s - 5fa\u00e7ades\"],\"inLanguage\":\"fr-FR\"},{\"@type\":\"WebPage\",\"@id\":\"https:\\\/\\\/batijournal.com\\\/index.php\\\/modernisation-et-agrandissement-du-palais-des-congres-du-touquet\\\/101759\\\/\",\"url\":\"https:\\\/\\\/batijournal.com\\\/index.php\\\/modernisation-et-agrandissement-du-palais-des-congres-du-touquet\\\/101759\\\/\",\"name\":\"Modernisation et agrandissement du Palais des Congr\u00e8s du Touquet\",\"isPartOf\":{\"@id\":\"https:\\\/\\\/batijournal.com\\\/#website\"},\"primaryImageOfPage\":{\"@id\":\"https:\\\/\\\/batijournal.com\\\/index.php\\\/modernisation-et-agrandissement-du-palais-des-congres-du-touquet\\\/101759\\\/#primaryimage\"},\"image\":{\"@id\":\"https:\\\/\\\/batijournal.com\\\/index.php\\\/modernisation-et-agrandissement-du-palais-des-congres-du-touquet\\\/101759\\\/#primaryimage\"},\"thumbnailUrl\":\"https:\\\/\\\/batijournal.com\\\/wp-content\\\/uploads\\\/2019\\\/03\\\/PALAIS-DES-CONGRES-DU-TOUQUET_VUE-FACADE-RAVEL.jpg\",\"datePublished\":\"2019-03-21T08:47:55+00:00\",\"dateModified\":\"2019-07-15T09:26:45+00:00\",\"author\":{\"@id\":\"https:\\\/\\\/batijournal.com\\\/#\\\/schema\\\/person\\\/1dc96ec6957aa1ccb25ebe78bb19f100\"},\"description\":\"Les premiers travaux de modernisation et d\u2019agrandissement du Palais des Congr\u00e8s du Touquet on d\u00e9marr\u00e9 en juillet 2018\",\"breadcrumb\":{\"@id\":\"https:\\\/\\\/batijournal.com\\\/index.php\\\/modernisation-et-agrandissement-du-palais-des-congres-du-touquet\\\/101759\\\/#breadcrumb\"},\"inLanguage\":\"fr-FR\",\"potentialAction\":[{\"@type\":\"ReadAction\",\"target\":[\"https:\\\/\\\/batijournal.com\\\/index.php\\\/modernisation-et-agrandissement-du-palais-des-congres-du-touquet\\\/101759\\\/\"]}]},{\"@type\":\"ImageObject\",\"inLanguage\":\"fr-FR\",\"@id\":\"https:\\\/\\\/batijournal.com\\\/index.php\\\/modernisation-et-agrandissement-du-palais-des-congres-du-touquet\\\/101759\\\/#primaryimage\",\"url\":\"https:\\\/\\\/batijournal.com\\\/wp-content\\\/uploads\\\/2019\\\/03\\\/PALAIS-DES-CONGRES-DU-TOUQUET_VUE-FACADE-RAVEL.jpg\",\"contentUrl\":\"https:\\\/\\\/batijournal.com\\\/wp-content\\\/uploads\\\/2019\\\/03\\\/PALAIS-DES-CONGRES-DU-TOUQUET_VUE-FACADE-RAVEL.jpg\",\"width\":1000,\"height\":707},{\"@type\":\"BreadcrumbList\",\"@id\":\"https:\\\/\\\/batijournal.com\\\/index.php\\\/modernisation-et-agrandissement-du-palais-des-congres-du-touquet\\\/101759\\\/#breadcrumb\",\"itemListElement\":[{\"@type\":\"ListItem\",\"position\":1,\"name\":\"Accueil\",\"item\":\"https:\\\/\\\/batijournal.com\\\/\"},{\"@type\":\"ListItem\",\"position\":2,\"name\":\"Actualit\u00e9s\",\"item\":\"https:\\\/\\\/batijournal.com\\\/index.php\\\/category\\\/actualites\\\/\"},{\"@type\":\"ListItem\",\"position\":3,\"name\":\"Modernisation et agrandissement du Palais des Congr\u00e8s du Touquet\"}]},{\"@type\":\"WebSite\",\"@id\":\"https:\\\/\\\/batijournal.com\\\/#website\",\"url\":\"https:\\\/\\\/batijournal.com\\\/\",\"name\":\"Batijournal\",\"description\":\"L&#039;actualit\u00e9 du b\u00e2timent\",\"potentialAction\":[{\"@type\":\"SearchAction\",\"target\":{\"@type\":\"EntryPoint\",\"urlTemplate\":\"https:\\\/\\\/batijournal.com\\\/?s={search_term_string}\"},\"query-input\":{\"@type\":\"PropertyValueSpecification\",\"valueRequired\":true,\"valueName\":\"search_term_string\"}}],\"inLanguage\":\"fr-FR\"},{\"@type\":\"Person\",\"@id\":\"https:\\\/\\\/batijournal.com\\\/#\\\/schema\\\/person\\\/1dc96ec6957aa1ccb25ebe78bb19f100\",\"name\":\"St\u00e9phane Miget\",\"image\":{\"@type\":\"ImageObject\",\"inLanguage\":\"fr-FR\",\"@id\":\"https:\\\/\\\/secure.gravatar.com\\\/avatar\\\/89915563d925342126b8ef0281b93d9d7fc337043e8df017f780908eb9644451?s=96&d=mm&r=g\",\"url\":\"https:\\\/\\\/secure.gravatar.com\\\/avatar\\\/89915563d925342126b8ef0281b93d9d7fc337043e8df017f780908eb9644451?s=96&d=mm&r=g\",\"contentUrl\":\"https:\\\/\\\/secure.gravatar.com\\\/avatar\\\/89915563d925342126b8ef0281b93d9d7fc337043e8df017f780908eb9644451?s=96&d=mm&r=g\",\"caption\":\"St\u00e9phane Miget\"},\"url\":\"https:\\\/\\\/batijournal.com\\\/index.php\\\/author\\\/stephane\\\/\"}]}<\/script>\n<!-- \/ Yoast SEO plugin. -->","yoast_head_json":{"title":"Modernisation et agrandissement du Palais des Congr\u00e8s du Touquet","description":"Les premiers travaux de modernisation et d\u2019agrandissement du Palais des Congr\u00e8s du Touquet on d\u00e9marr\u00e9 en juillet 2018","robots":{"index":"index","follow":"follow","max-snippet":"max-snippet:-1","max-image-preview":"max-image-preview:large","max-video-preview":"max-video-preview:-1"},"canonical":"https:\/\/batijournal.com\/index.php\/modernisation-et-agrandissement-du-palais-des-congres-du-touquet\/101759\/","og_locale":"fr_FR","og_type":"article","og_title":"Modernisation et agrandissement du Palais des Congr\u00e8s du Touquet","og_description":"Les premiers travaux de modernisation et d\u2019agrandissement du Palais des Congr\u00e8s du Touquet on d\u00e9marr\u00e9 en juillet 2018","og_url":"https:\/\/batijournal.com\/index.php\/modernisation-et-agrandissement-du-palais-des-congres-du-touquet\/101759\/","og_site_name":"Batijournal","article_published_time":"2019-03-21T08:47:55+00:00","article_modified_time":"2019-07-15T09:26:45+00:00","og_image":[{"width":1000,"height":707,"url":"https:\/\/batijournal.com\/wp-content\/uploads\/2019\/03\/PALAIS-DES-CONGRES-DU-TOUQUET_VUE-FACADE-RAVEL.jpg","type":"image\/jpeg"}],"author":"St\u00e9phane Miget","twitter_card":"summary_large_image","twitter_creator":"@bati_journal","twitter_site":"@bati_journal","twitter_misc":{"\u00c9crit par":"St\u00e9phane Miget","Dur\u00e9e de lecture estim\u00e9e":"1 minute"},"schema":{"@context":"https:\/\/schema.org","@graph":[{"@type":"Article","@id":"https:\/\/batijournal.com\/index.php\/modernisation-et-agrandissement-du-palais-des-congres-du-touquet\/101759\/#article","isPartOf":{"@id":"https:\/\/batijournal.com\/index.php\/modernisation-et-agrandissement-du-palais-des-congres-du-touquet\/101759\/"},"author":{"name":"St\u00e9phane Miget","@id":"https:\/\/batijournal.com\/#\/schema\/person\/1dc96ec6957aa1ccb25ebe78bb19f100"},"headline":"Modernisation et agrandissement du Palais des Congr\u00e8s du Touquet","datePublished":"2019-03-21T08:47:55+00:00","dateModified":"2019-07-15T09:26:45+00:00","mainEntityOfPage":{"@id":"https:\/\/batijournal.com\/index.php\/modernisation-et-agrandissement-du-palais-des-congres-du-touquet\/101759\/"},"wordCount":197,"image":{"@id":"https:\/\/batijournal.com\/index.php\/modernisation-et-agrandissement-du-palais-des-congres-du-touquet\/101759\/#primaryimage"},"thumbnailUrl":"https:\/\/batijournal.com\/wp-content\/uploads\/2019\/03\/PALAIS-DES-CONGRES-DU-TOUQUET_VUE-FACADE-RAVEL.jpg","keywords":["chantier"],"articleSection":["Actualit\u00e9s","Architecture &amp; Conception","zz_5fa\u00e7ades","zz_Actualit\u00e9s - 5fa\u00e7ades"],"inLanguage":"fr-FR"},{"@type":"WebPage","@id":"https:\/\/batijournal.com\/index.php\/modernisation-et-agrandissement-du-palais-des-congres-du-touquet\/101759\/","url":"https:\/\/batijournal.com\/index.php\/modernisation-et-agrandissement-du-palais-des-congres-du-touquet\/101759\/","name":"Modernisation et agrandissement du Palais des Congr\u00e8s du Touquet","isPartOf":{"@id":"https:\/\/batijournal.com\/#website"},"primaryImageOfPage":{"@id":"https:\/\/batijournal.com\/index.php\/modernisation-et-agrandissement-du-palais-des-congres-du-touquet\/101759\/#primaryimage"},"image":{"@id":"https:\/\/batijournal.com\/index.php\/modernisation-et-agrandissement-du-palais-des-congres-du-touquet\/101759\/#primaryimage"},"thumbnailUrl":"https:\/\/batijournal.com\/wp-content\/uploads\/2019\/03\/PALAIS-DES-CONGRES-DU-TOUQUET_VUE-FACADE-RAVEL.jpg","datePublished":"2019-03-21T08:47:55+00:00","dateModified":"2019-07-15T09:26:45+00:00","author":{"@id":"https:\/\/batijournal.com\/#\/schema\/person\/1dc96ec6957aa1ccb25ebe78bb19f100"},"description":"Les premiers travaux de modernisation et d\u2019agrandissement du Palais des Congr\u00e8s du Touquet on d\u00e9marr\u00e9 en juillet 2018","breadcrumb":{"@id":"https:\/\/batijournal.com\/index.php\/modernisation-et-agrandissement-du-palais-des-congres-du-touquet\/101759\/#breadcrumb"},"inLanguage":"fr-FR","potentialAction":[{"@type":"ReadAction","target":["https:\/\/batijournal.com\/index.php\/modernisation-et-agrandissement-du-palais-des-congres-du-touquet\/101759\/"]}]},{"@type":"ImageObject","inLanguage":"fr-FR","@id":"https:\/\/batijournal.com\/index.php\/modernisation-et-agrandissement-du-palais-des-congres-du-touquet\/101759\/#primaryimage","url":"https:\/\/batijournal.com\/wp-content\/uploads\/2019\/03\/PALAIS-DES-CONGRES-DU-TOUQUET_VUE-FACADE-RAVEL.jpg","contentUrl":"https:\/\/batijournal.com\/wp-content\/uploads\/2019\/03\/PALAIS-DES-CONGRES-DU-TOUQUET_VUE-FACADE-RAVEL.jpg","width":1000,"height":707},{"@type":"BreadcrumbList","@id":"https:\/\/batijournal.com\/index.php\/modernisation-et-agrandissement-du-palais-des-congres-du-touquet\/101759\/#breadcrumb","itemListElement":[{"@type":"ListItem","position":1,"name":"Accueil","item":"https:\/\/batijournal.com\/"},{"@type":"ListItem","position":2,"name":"Actualit\u00e9s","item":"https:\/\/batijournal.com\/index.php\/category\/actualites\/"},{"@type":"ListItem","position":3,"name":"Modernisation et agrandissement du Palais des Congr\u00e8s du Touquet"}]},{"@type":"WebSite","@id":"https:\/\/batijournal.com\/#website","url":"https:\/\/batijournal.com\/","name":"Batijournal","description":"L&#039;actualit\u00e9 du b\u00e2timent","potentialAction":[{"@type":"SearchAction","target":{"@type":"EntryPoint","urlTemplate":"https:\/\/batijournal.com\/?s={search_term_string}"},"query-input":{"@type":"PropertyValueSpecification","valueRequired":true,"valueName":"search_term_string"}}],"inLanguage":"fr-FR"},{"@type":"Person","@id":"https:\/\/batijournal.com\/#\/schema\/person\/1dc96ec6957aa1ccb25ebe78bb19f100","name":"St\u00e9phane Miget","image":{"@type":"ImageObject","inLanguage":"fr-FR","@id":"https:\/\/secure.gravatar.com\/avatar\/89915563d925342126b8ef0281b93d9d7fc337043e8df017f780908eb9644451?s=96&d=mm&r=g","url":"https:\/\/secure.gravatar.com\/avatar\/89915563d925342126b8ef0281b93d9d7fc337043e8df017f780908eb9644451?s=96&d=mm&r=g","contentUrl":"https:\/\/secure.gravatar.com\/avatar\/89915563d925342126b8ef0281b93d9d7fc337043e8df017f780908eb9644451?s=96&d=mm&r=g","caption":"St\u00e9phane Miget"},"url":"https:\/\/batijournal.com\/index.php\/author\/stephane\/"}]}},"_links":{"self":[{"href":"https:\/\/batijournal.com\/index.php\/wp-json\/wp\/v2\/posts\/101759","targetHints":{"allow":["GET"]}}],"collection":[{"href":"https:\/\/batijournal.com\/index.php\/wp-json\/wp\/v2\/posts"}],"about":[{"href":"https:\/\/batijournal.com\/index.php\/wp-json\/wp\/v2\/types\/post"}],"author":[{"embeddable":true,"href":"https:\/\/batijournal.com\/index.php\/wp-json\/wp\/v2\/users\/17"}],"replies":[{"embeddable":true,"href":"https:\/\/batijournal.com\/index.php\/wp-json\/wp\/v2\/comments?post=101759"}],"version-history":[{"count":0,"href":"https:\/\/batijournal.com\/index.php\/wp-json\/wp\/v2\/posts\/101759\/revisions"}],"wp:featuredmedia":[{"embeddable":true,"href":"https:\/\/batijournal.com\/index.php\/wp-json\/wp\/v2\/media\/101760"}],"wp:attachment":[{"href":"https:\/\/batijournal.com\/index.php\/wp-json\/wp\/v2\/media?parent=101759"}],"wp:term":[{"taxonomy":"category","embeddable":true,"href":"https:\/\/batijournal.com\/index.php\/wp-json\/wp\/v2\/categories?post=101759"},{"taxonomy":"post_tag","embeddable":true,"href":"https:\/\/batijournal.com\/index.php\/wp-json\/wp\/v2\/tags?post=101759"}],"curies":[{"name":"wp","href":"https:\/\/api.w.org\/{rel}","templated":true}]}}