{"id":101771,"date":"2019-03-25T08:06:10","date_gmt":"2019-03-25T07:06:10","guid":{"rendered":"https:\/\/batijournal.com\/?p=101771"},"modified":"2019-07-15T12:03:39","modified_gmt":"2019-07-15T10:03:39","slug":"xavier-chastel-a-ete-nomme-delegue-general-de-lunicem","status":"publish","type":"post","link":"https:\/\/batijournal.com\/index.php\/xavier-chastel-a-ete-nomme-delegue-general-de-lunicem\/101771\/","title":{"rendered":"Xavier Chastel a \u00e9t\u00e9 nomm\u00e9 D\u00e9l\u00e9gu\u00e9 g\u00e9n\u00e9ral de l\u2019UNICEM"},"content":{"rendered":"<p>Le pr\u00e9sident de l\u2019UNICEM, Nicolas Vuillier, a annonc\u00e9 la nomination de Xavier Chastel au poste de D\u00e9l\u00e9gu\u00e9 g\u00e9n\u00e9ral de la f\u00e9d\u00e9ration pour succ\u00e9der \u00e0 Igor Bilimoff. Ing\u00e9nieur au corps des Mines, Xavier Chastel a effectu\u00e9 une partie de sa carri\u00e8re dans diff\u00e9rents minist\u00e8res et organismes d\u2019Etat, exer\u00e7ant des missions d\u2019\u00e9valuation et de conseils aupr\u00e8s des institutions et du Gouvernement. Il a \u00e9galement occup\u00e9 des fonctions de direction g\u00e9n\u00e9rale dans le secteur priv\u00e9, notamment au sein du groupe minier et m\u00e9tallurgique fran\u00e7ais Eramet. Outre d\u2019assurer la direction des services de la f\u00e9d\u00e9ration et la mise en \u0153uvre des d\u00e9cisions des professionnels, il devra poursuivre les actions engag\u00e9es et de promouvoir un secteur qui rassemble 1 375 entreprises et repr\u00e9sente pr\u00e8s de 4 000 sites \u00e0 travers le territoire.<\/p>\n","protected":false},"excerpt":{"rendered":"<p>Le pr\u00e9sident de l\u2019UNICEM, Nicolas Vuillier, a annonc\u00e9 la nomination de Xavier Chastel au poste de D\u00e9l\u00e9gu\u00e9 g\u00e9n\u00e9ral de la f\u00e9d\u00e9ration pour succ\u00e9der \u00e0 Igor Bilimoff. Ing\u00e9nieur au corps des Mines, Xavier Chastel a effectu\u00e9 une partie de sa carri\u00e8re dans diff\u00e9rents minist\u00e8res et organismes d\u2019Etat, exer\u00e7ant des missions d\u2019\u00e9valuation et de conseils aupr\u00e8s des [&hellip;]<\/p>\n","protected":false},"author":17,"featured_media":101772,"comment_status":"closed","ping_status":"closed","sticky":false,"template":"","format":"standard","meta":{"_et_pb_use_builder":"","_et_pb_old_content":"","_et_gb_content_width":"","footnotes":""},"categories":[10530,6345],"tags":[6669],"class_list":["post-101771","post","type-post","status-publish","format-standard","has-post-thumbnail","hentry","category-actualites","category-economie-marches","tag-unicem"],"yoast_head":"<!-- This site is optimized with the Yoast SEO plugin v27.4 - https:\/\/yoast.com\/product\/yoast-seo-wordpress\/ -->\n<title>Xavier Chastel a \u00e9t\u00e9 nomm\u00e9 D\u00e9l\u00e9gu\u00e9 g\u00e9n\u00e9ral de l\u2019UNICEM<\/title>\n<meta name=\"description\" content=\"Le pr\u00e9sident de l\u2019UNICEM, Nicolas Vuillier, a annonc\u00e9 la nomination de Xavier Chastel au poste de D\u00e9l\u00e9gu\u00e9 g\u00e9n\u00e9ral de la f\u00e9d\u00e9ration\" \/>\n<meta name=\"robots\" content=\"index, follow, max-snippet:-1, max-image-preview:large, max-video-preview:-1\" \/>\n<link rel=\"canonical\" href=\"https:\/\/batijournal.com\/index.php\/xavier-chastel-a-ete-nomme-delegue-general-de-lunicem\/101771\/\" \/>\n<meta property=\"og:locale\" content=\"fr_FR\" \/>\n<meta property=\"og:type\" content=\"article\" \/>\n<meta property=\"og:title\" content=\"Xavier Chastel a \u00e9t\u00e9 nomm\u00e9 D\u00e9l\u00e9gu\u00e9 g\u00e9n\u00e9ral de l\u2019UNICEM\" \/>\n<meta property=\"og:description\" content=\"Le pr\u00e9sident de l\u2019UNICEM, Nicolas Vuillier, a annonc\u00e9 la nomination de Xavier Chastel au poste de D\u00e9l\u00e9gu\u00e9 g\u00e9n\u00e9ral de la f\u00e9d\u00e9ration\" \/>\n<meta property=\"og:url\" content=\"https:\/\/batijournal.com\/index.php\/xavier-chastel-a-ete-nomme-delegue-general-de-lunicem\/101771\/\" \/>\n<meta property=\"og:site_name\" content=\"Batijournal\" \/>\n<meta property=\"article:published_time\" content=\"2019-03-25T07:06:10+00:00\" \/>\n<meta property=\"article:modified_time\" content=\"2019-07-15T10:03:39+00:00\" \/>\n<meta property=\"og:image\" content=\"https:\/\/batijournal.com\/wp-content\/uploads\/2019\/03\/Xavier-Chastel-1-R.jpg\" \/>\n\t<meta property=\"og:image:width\" content=\"517\" \/>\n\t<meta property=\"og:image:height\" content=\"515\" \/>\n\t<meta property=\"og:image:type\" content=\"image\/jpeg\" \/>\n<meta name=\"author\" content=\"St\u00e9phane Miget\" \/>\n<meta name=\"twitter:card\" content=\"summary_large_image\" \/>\n<meta name=\"twitter:creator\" content=\"@bati_journal\" \/>\n<meta name=\"twitter:site\" content=\"@bati_journal\" \/>\n<meta name=\"twitter:label1\" content=\"\u00c9crit par\" \/>\n\t<meta name=\"twitter:data1\" content=\"St\u00e9phane Miget\" \/>\n\t<meta name=\"twitter:label2\" content=\"Dur\u00e9e de lecture estim\u00e9e\" \/>\n\t<meta name=\"twitter:data2\" content=\"1 minute\" \/>\n<script type=\"application\/ld+json\" class=\"yoast-schema-graph\">{\"@context\":\"https:\\\/\\\/schema.org\",\"@graph\":[{\"@type\":\"Article\",\"@id\":\"https:\\\/\\\/batijournal.com\\\/index.php\\\/xavier-chastel-a-ete-nomme-delegue-general-de-lunicem\\\/101771\\\/#article\",\"isPartOf\":{\"@id\":\"https:\\\/\\\/batijournal.com\\\/index.php\\\/xavier-chastel-a-ete-nomme-delegue-general-de-lunicem\\\/101771\\\/\"},\"author\":{\"name\":\"St\u00e9phane Miget\",\"@id\":\"https:\\\/\\\/batijournal.com\\\/#\\\/schema\\\/person\\\/1dc96ec6957aa1ccb25ebe78bb19f100\"},\"headline\":\"Xavier Chastel a \u00e9t\u00e9 nomm\u00e9 D\u00e9l\u00e9gu\u00e9 g\u00e9n\u00e9ral de l\u2019UNICEM\",\"datePublished\":\"2019-03-25T07:06:10+00:00\",\"dateModified\":\"2019-07-15T10:03:39+00:00\",\"mainEntityOfPage\":{\"@id\":\"https:\\\/\\\/batijournal.com\\\/index.php\\\/xavier-chastel-a-ete-nomme-delegue-general-de-lunicem\\\/101771\\\/\"},\"wordCount\":163,\"image\":{\"@id\":\"https:\\\/\\\/batijournal.com\\\/index.php\\\/xavier-chastel-a-ete-nomme-delegue-general-de-lunicem\\\/101771\\\/#primaryimage\"},\"thumbnailUrl\":\"https:\\\/\\\/batijournal.com\\\/wp-content\\\/uploads\\\/2019\\\/03\\\/Xavier-Chastel-1-R.jpg\",\"keywords\":[\"unicem\"],\"articleSection\":[\"Actualit\u00e9s\",\"\u00c9conomie &amp; March\u00e9s\"],\"inLanguage\":\"fr-FR\"},{\"@type\":\"WebPage\",\"@id\":\"https:\\\/\\\/batijournal.com\\\/index.php\\\/xavier-chastel-a-ete-nomme-delegue-general-de-lunicem\\\/101771\\\/\",\"url\":\"https:\\\/\\\/batijournal.com\\\/index.php\\\/xavier-chastel-a-ete-nomme-delegue-general-de-lunicem\\\/101771\\\/\",\"name\":\"Xavier Chastel a \u00e9t\u00e9 nomm\u00e9 D\u00e9l\u00e9gu\u00e9 g\u00e9n\u00e9ral de l\u2019UNICEM\",\"isPartOf\":{\"@id\":\"https:\\\/\\\/batijournal.com\\\/#website\"},\"primaryImageOfPage\":{\"@id\":\"https:\\\/\\\/batijournal.com\\\/index.php\\\/xavier-chastel-a-ete-nomme-delegue-general-de-lunicem\\\/101771\\\/#primaryimage\"},\"image\":{\"@id\":\"https:\\\/\\\/batijournal.com\\\/index.php\\\/xavier-chastel-a-ete-nomme-delegue-general-de-lunicem\\\/101771\\\/#primaryimage\"},\"thumbnailUrl\":\"https:\\\/\\\/batijournal.com\\\/wp-content\\\/uploads\\\/2019\\\/03\\\/Xavier-Chastel-1-R.jpg\",\"datePublished\":\"2019-03-25T07:06:10+00:00\",\"dateModified\":\"2019-07-15T10:03:39+00:00\",\"author\":{\"@id\":\"https:\\\/\\\/batijournal.com\\\/#\\\/schema\\\/person\\\/1dc96ec6957aa1ccb25ebe78bb19f100\"},\"description\":\"Le pr\u00e9sident de l\u2019UNICEM, Nicolas Vuillier, a annonc\u00e9 la nomination de Xavier Chastel au poste de D\u00e9l\u00e9gu\u00e9 g\u00e9n\u00e9ral de la f\u00e9d\u00e9ration\",\"breadcrumb\":{\"@id\":\"https:\\\/\\\/batijournal.com\\\/index.php\\\/xavier-chastel-a-ete-nomme-delegue-general-de-lunicem\\\/101771\\\/#breadcrumb\"},\"inLanguage\":\"fr-FR\",\"potentialAction\":[{\"@type\":\"ReadAction\",\"target\":[\"https:\\\/\\\/batijournal.com\\\/index.php\\\/xavier-chastel-a-ete-nomme-delegue-general-de-lunicem\\\/101771\\\/\"]}]},{\"@type\":\"ImageObject\",\"inLanguage\":\"fr-FR\",\"@id\":\"https:\\\/\\\/batijournal.com\\\/index.php\\\/xavier-chastel-a-ete-nomme-delegue-general-de-lunicem\\\/101771\\\/#primaryimage\",\"url\":\"https:\\\/\\\/batijournal.com\\\/wp-content\\\/uploads\\\/2019\\\/03\\\/Xavier-Chastel-1-R.jpg\",\"contentUrl\":\"https:\\\/\\\/batijournal.com\\\/wp-content\\\/uploads\\\/2019\\\/03\\\/Xavier-Chastel-1-R.jpg\",\"width\":517,\"height\":515},{\"@type\":\"BreadcrumbList\",\"@id\":\"https:\\\/\\\/batijournal.com\\\/index.php\\\/xavier-chastel-a-ete-nomme-delegue-general-de-lunicem\\\/101771\\\/#breadcrumb\",\"itemListElement\":[{\"@type\":\"ListItem\",\"position\":1,\"name\":\"Accueil\",\"item\":\"https:\\\/\\\/batijournal.com\\\/\"},{\"@type\":\"ListItem\",\"position\":2,\"name\":\"Actualit\u00e9s\",\"item\":\"https:\\\/\\\/batijournal.com\\\/index.php\\\/category\\\/actualites\\\/\"},{\"@type\":\"ListItem\",\"position\":3,\"name\":\"Xavier Chastel a \u00e9t\u00e9 nomm\u00e9 D\u00e9l\u00e9gu\u00e9 g\u00e9n\u00e9ral de l\u2019UNICEM\"}]},{\"@type\":\"WebSite\",\"@id\":\"https:\\\/\\\/batijournal.com\\\/#website\",\"url\":\"https:\\\/\\\/batijournal.com\\\/\",\"name\":\"Batijournal\",\"description\":\"L&#039;actualit\u00e9 du b\u00e2timent\",\"potentialAction\":[{\"@type\":\"SearchAction\",\"target\":{\"@type\":\"EntryPoint\",\"urlTemplate\":\"https:\\\/\\\/batijournal.com\\\/?s={search_term_string}\"},\"query-input\":{\"@type\":\"PropertyValueSpecification\",\"valueRequired\":true,\"valueName\":\"search_term_string\"}}],\"inLanguage\":\"fr-FR\"},{\"@type\":\"Person\",\"@id\":\"https:\\\/\\\/batijournal.com\\\/#\\\/schema\\\/person\\\/1dc96ec6957aa1ccb25ebe78bb19f100\",\"name\":\"St\u00e9phane Miget\",\"image\":{\"@type\":\"ImageObject\",\"inLanguage\":\"fr-FR\",\"@id\":\"https:\\\/\\\/secure.gravatar.com\\\/avatar\\\/89915563d925342126b8ef0281b93d9d7fc337043e8df017f780908eb9644451?s=96&d=mm&r=g\",\"url\":\"https:\\\/\\\/secure.gravatar.com\\\/avatar\\\/89915563d925342126b8ef0281b93d9d7fc337043e8df017f780908eb9644451?s=96&d=mm&r=g\",\"contentUrl\":\"https:\\\/\\\/secure.gravatar.com\\\/avatar\\\/89915563d925342126b8ef0281b93d9d7fc337043e8df017f780908eb9644451?s=96&d=mm&r=g\",\"caption\":\"St\u00e9phane Miget\"},\"url\":\"https:\\\/\\\/batijournal.com\\\/index.php\\\/author\\\/stephane\\\/\"}]}<\/script>\n<!-- \/ Yoast SEO plugin. -->","yoast_head_json":{"title":"Xavier Chastel a \u00e9t\u00e9 nomm\u00e9 D\u00e9l\u00e9gu\u00e9 g\u00e9n\u00e9ral de l\u2019UNICEM","description":"Le pr\u00e9sident de l\u2019UNICEM, Nicolas Vuillier, a annonc\u00e9 la nomination de Xavier Chastel au poste de D\u00e9l\u00e9gu\u00e9 g\u00e9n\u00e9ral de la f\u00e9d\u00e9ration","robots":{"index":"index","follow":"follow","max-snippet":"max-snippet:-1","max-image-preview":"max-image-preview:large","max-video-preview":"max-video-preview:-1"},"canonical":"https:\/\/batijournal.com\/index.php\/xavier-chastel-a-ete-nomme-delegue-general-de-lunicem\/101771\/","og_locale":"fr_FR","og_type":"article","og_title":"Xavier Chastel a \u00e9t\u00e9 nomm\u00e9 D\u00e9l\u00e9gu\u00e9 g\u00e9n\u00e9ral de l\u2019UNICEM","og_description":"Le pr\u00e9sident de l\u2019UNICEM, Nicolas Vuillier, a annonc\u00e9 la nomination de Xavier Chastel au poste de D\u00e9l\u00e9gu\u00e9 g\u00e9n\u00e9ral de la f\u00e9d\u00e9ration","og_url":"https:\/\/batijournal.com\/index.php\/xavier-chastel-a-ete-nomme-delegue-general-de-lunicem\/101771\/","og_site_name":"Batijournal","article_published_time":"2019-03-25T07:06:10+00:00","article_modified_time":"2019-07-15T10:03:39+00:00","og_image":[{"width":517,"height":515,"url":"https:\/\/batijournal.com\/wp-content\/uploads\/2019\/03\/Xavier-Chastel-1-R.jpg","type":"image\/jpeg"}],"author":"St\u00e9phane Miget","twitter_card":"summary_large_image","twitter_creator":"@bati_journal","twitter_site":"@bati_journal","twitter_misc":{"\u00c9crit par":"St\u00e9phane Miget","Dur\u00e9e de lecture estim\u00e9e":"1 minute"},"schema":{"@context":"https:\/\/schema.org","@graph":[{"@type":"Article","@id":"https:\/\/batijournal.com\/index.php\/xavier-chastel-a-ete-nomme-delegue-general-de-lunicem\/101771\/#article","isPartOf":{"@id":"https:\/\/batijournal.com\/index.php\/xavier-chastel-a-ete-nomme-delegue-general-de-lunicem\/101771\/"},"author":{"name":"St\u00e9phane Miget","@id":"https:\/\/batijournal.com\/#\/schema\/person\/1dc96ec6957aa1ccb25ebe78bb19f100"},"headline":"Xavier Chastel a \u00e9t\u00e9 nomm\u00e9 D\u00e9l\u00e9gu\u00e9 g\u00e9n\u00e9ral de l\u2019UNICEM","datePublished":"2019-03-25T07:06:10+00:00","dateModified":"2019-07-15T10:03:39+00:00","mainEntityOfPage":{"@id":"https:\/\/batijournal.com\/index.php\/xavier-chastel-a-ete-nomme-delegue-general-de-lunicem\/101771\/"},"wordCount":163,"image":{"@id":"https:\/\/batijournal.com\/index.php\/xavier-chastel-a-ete-nomme-delegue-general-de-lunicem\/101771\/#primaryimage"},"thumbnailUrl":"https:\/\/batijournal.com\/wp-content\/uploads\/2019\/03\/Xavier-Chastel-1-R.jpg","keywords":["unicem"],"articleSection":["Actualit\u00e9s","\u00c9conomie &amp; March\u00e9s"],"inLanguage":"fr-FR"},{"@type":"WebPage","@id":"https:\/\/batijournal.com\/index.php\/xavier-chastel-a-ete-nomme-delegue-general-de-lunicem\/101771\/","url":"https:\/\/batijournal.com\/index.php\/xavier-chastel-a-ete-nomme-delegue-general-de-lunicem\/101771\/","name":"Xavier Chastel a \u00e9t\u00e9 nomm\u00e9 D\u00e9l\u00e9gu\u00e9 g\u00e9n\u00e9ral de l\u2019UNICEM","isPartOf":{"@id":"https:\/\/batijournal.com\/#website"},"primaryImageOfPage":{"@id":"https:\/\/batijournal.com\/index.php\/xavier-chastel-a-ete-nomme-delegue-general-de-lunicem\/101771\/#primaryimage"},"image":{"@id":"https:\/\/batijournal.com\/index.php\/xavier-chastel-a-ete-nomme-delegue-general-de-lunicem\/101771\/#primaryimage"},"thumbnailUrl":"https:\/\/batijournal.com\/wp-content\/uploads\/2019\/03\/Xavier-Chastel-1-R.jpg","datePublished":"2019-03-25T07:06:10+00:00","dateModified":"2019-07-15T10:03:39+00:00","author":{"@id":"https:\/\/batijournal.com\/#\/schema\/person\/1dc96ec6957aa1ccb25ebe78bb19f100"},"description":"Le pr\u00e9sident de l\u2019UNICEM, Nicolas Vuillier, a annonc\u00e9 la nomination de Xavier Chastel au poste de D\u00e9l\u00e9gu\u00e9 g\u00e9n\u00e9ral de la f\u00e9d\u00e9ration","breadcrumb":{"@id":"https:\/\/batijournal.com\/index.php\/xavier-chastel-a-ete-nomme-delegue-general-de-lunicem\/101771\/#breadcrumb"},"inLanguage":"fr-FR","potentialAction":[{"@type":"ReadAction","target":["https:\/\/batijournal.com\/index.php\/xavier-chastel-a-ete-nomme-delegue-general-de-lunicem\/101771\/"]}]},{"@type":"ImageObject","inLanguage":"fr-FR","@id":"https:\/\/batijournal.com\/index.php\/xavier-chastel-a-ete-nomme-delegue-general-de-lunicem\/101771\/#primaryimage","url":"https:\/\/batijournal.com\/wp-content\/uploads\/2019\/03\/Xavier-Chastel-1-R.jpg","contentUrl":"https:\/\/batijournal.com\/wp-content\/uploads\/2019\/03\/Xavier-Chastel-1-R.jpg","width":517,"height":515},{"@type":"BreadcrumbList","@id":"https:\/\/batijournal.com\/index.php\/xavier-chastel-a-ete-nomme-delegue-general-de-lunicem\/101771\/#breadcrumb","itemListElement":[{"@type":"ListItem","position":1,"name":"Accueil","item":"https:\/\/batijournal.com\/"},{"@type":"ListItem","position":2,"name":"Actualit\u00e9s","item":"https:\/\/batijournal.com\/index.php\/category\/actualites\/"},{"@type":"ListItem","position":3,"name":"Xavier Chastel a \u00e9t\u00e9 nomm\u00e9 D\u00e9l\u00e9gu\u00e9 g\u00e9n\u00e9ral de l\u2019UNICEM"}]},{"@type":"WebSite","@id":"https:\/\/batijournal.com\/#website","url":"https:\/\/batijournal.com\/","name":"Batijournal","description":"L&#039;actualit\u00e9 du b\u00e2timent","potentialAction":[{"@type":"SearchAction","target":{"@type":"EntryPoint","urlTemplate":"https:\/\/batijournal.com\/?s={search_term_string}"},"query-input":{"@type":"PropertyValueSpecification","valueRequired":true,"valueName":"search_term_string"}}],"inLanguage":"fr-FR"},{"@type":"Person","@id":"https:\/\/batijournal.com\/#\/schema\/person\/1dc96ec6957aa1ccb25ebe78bb19f100","name":"St\u00e9phane Miget","image":{"@type":"ImageObject","inLanguage":"fr-FR","@id":"https:\/\/secure.gravatar.com\/avatar\/89915563d925342126b8ef0281b93d9d7fc337043e8df017f780908eb9644451?s=96&d=mm&r=g","url":"https:\/\/secure.gravatar.com\/avatar\/89915563d925342126b8ef0281b93d9d7fc337043e8df017f780908eb9644451?s=96&d=mm&r=g","contentUrl":"https:\/\/secure.gravatar.com\/avatar\/89915563d925342126b8ef0281b93d9d7fc337043e8df017f780908eb9644451?s=96&d=mm&r=g","caption":"St\u00e9phane Miget"},"url":"https:\/\/batijournal.com\/index.php\/author\/stephane\/"}]}},"_links":{"self":[{"href":"https:\/\/batijournal.com\/index.php\/wp-json\/wp\/v2\/posts\/101771","targetHints":{"allow":["GET"]}}],"collection":[{"href":"https:\/\/batijournal.com\/index.php\/wp-json\/wp\/v2\/posts"}],"about":[{"href":"https:\/\/batijournal.com\/index.php\/wp-json\/wp\/v2\/types\/post"}],"author":[{"embeddable":true,"href":"https:\/\/batijournal.com\/index.php\/wp-json\/wp\/v2\/users\/17"}],"replies":[{"embeddable":true,"href":"https:\/\/batijournal.com\/index.php\/wp-json\/wp\/v2\/comments?post=101771"}],"version-history":[{"count":0,"href":"https:\/\/batijournal.com\/index.php\/wp-json\/wp\/v2\/posts\/101771\/revisions"}],"wp:featuredmedia":[{"embeddable":true,"href":"https:\/\/batijournal.com\/index.php\/wp-json\/wp\/v2\/media\/101772"}],"wp:attachment":[{"href":"https:\/\/batijournal.com\/index.php\/wp-json\/wp\/v2\/media?parent=101771"}],"wp:term":[{"taxonomy":"category","embeddable":true,"href":"https:\/\/batijournal.com\/index.php\/wp-json\/wp\/v2\/categories?post=101771"},{"taxonomy":"post_tag","embeddable":true,"href":"https:\/\/batijournal.com\/index.php\/wp-json\/wp\/v2\/tags?post=101771"}],"curies":[{"name":"wp","href":"https:\/\/api.w.org\/{rel}","templated":true}]}}