{"id":101775,"date":"2019-03-25T08:24:45","date_gmt":"2019-03-25T07:24:45","guid":{"rendered":"https:\/\/batijournal.com\/?p=101775"},"modified":"2019-07-15T12:10:37","modified_gmt":"2019-07-15T10:10:37","slug":"habiter-autrement-les-francais-partages","status":"publish","type":"post","link":"https:\/\/batijournal.com\/index.php\/habiter-autrement-les-francais-partages\/101775\/","title":{"rendered":"Habiter \u00ab\u00a0autrement\u00a0\u00bb : les fran\u00e7ais partag\u00e9s"},"content":{"rendered":"<p>L&rsquo;observatoire de l&rsquo;habitat note la croissance d\u2019une aspiration \u00e0 vivre et habiter mieux et autrement. Les Fran\u00e7ais d\u00e9montrent un int\u00e9r\u00eat important aux enjeux \u00e9cologiques et soci\u00e9taux qui p\u00e8sent sur l\u2019habitat et font preuve de dispositions potentiellement \u00e9lev\u00e9es \u00e0 changer une partie de leurs habitudes en adoptant notamment des comportements \u00e9coresponsables (recyclage, compostage, \u00e9nergies renouvelables, durabilit\u00e9 des mat\u00e9riaux, isolation). Il existe \u00e9galement une app\u00e9tence tr\u00e8s importante \u00e0 l\u2019\u00e9gard de l\u2019autonomie \u00e9nerg\u00e9tique et alimentaire dans l\u2019habitat, pour des motifs \u00e9conomiques et\/ou environnementaux. La recherche de cadres de vie alternatifs entre en r\u00e9sonance avec celle de modes de vie et de mani\u00e8res d\u2019habiter diff\u00e9rents du mod\u00e8le de l\u2019habitat concentr\u00e9 propre aux grandes m\u00e9tropoles dont t\u00e9moignent l\u2019engouement pour le village et l\u2019habitat pavillonnaire. Cependant, les jeunes se r\u00e9v\u00e8lent nettement plus attir\u00e9s par la ville dense et connect\u00e9e que leurs a\u00een\u00e9s : 47% des 18-24 ans souhaiteraient y vivre contre 8% des plus de 55 ans. Car paradoxalement, cet imaginaire positif des cadres de vie alternatifs proches de la nature et aur\u00e9ol\u00e9s d\u2019authenticit\u00e9 se d\u00e9veloppe en parall\u00e8le d\u2019aspirations \u00e0 voir se d\u00e9velopper certains services (sant\u00e9, commerces, mobilit\u00e9) \u00e0 proximit\u00e9 du lieu d\u2019habitation. Cependant , un Fran\u00e7ais sur deux, est conservateur ou r\u00e9fractaire, davantage satisfait de son logement, ne con\u00e7oit pas de raisons de changer ses modes d\u2019habiter ou s\u2019oppose \u00e0 toute transformation. L\u2019autre moiti\u00e9 des Fran\u00e7ais se d\u00e9compose en 3 groupes qui aspirent \u00e0 des formes diff\u00e9rentes d\u2019habiter mieux ax\u00e9es sur l\u2019autosuffisance et l\u2019ind\u00e9pendance pour les autosuffisants, les usages partag\u00e9s et collaboratifs (services mutualis\u00e9s entre habitants) pour les collaboratifs, et les usages avanc\u00e9s en termes de dispositifs technologiques et de configurations flexibles du logement pour les innovants. 35% des Fran\u00e7ais conservateurs ne se projettent pas dans des formes d\u2019habiter alternatives, 16% de Fran\u00e7ais r\u00e9fractaires rejettent tous les modes d\u2019habiter alternatifs, 18% des Fran\u00e7ais aspirent \u00e0 l\u2019habiter autosuffisant, 18% optent pour l\u2019habiter collaboratif et 13% se projettent dans l\u2019habiter innovant. 90% des Fran\u00e7ais se d\u00e9clarent pr\u00eats \u00e0 r\u00e9duire leur consommation \u00e9nerg\u00e9tique si la d\u00e9gradation de la situation environnementale l\u2019imposait, 73% souhaitent devenir autonomes en mati\u00e8re \u00e9nerg\u00e9tique et 65% aimeraient tendre vers l\u2019autonomie alimentaire dans le cadre d\u2019une production \u00e0 l\u2019\u00e9chelle de leur habitat.<\/p>\n<p>L&rsquo;Observatoire de l&rsquo;Habitat s&rsquo;appuie sur une enqu\u00eate r\u00e9alis\u00e9e en ligne par l\u2019ObSoCo sur le panel de Respondi du 12 novembre au 28 novembre 2018, aupr\u00e8s d&rsquo;un \u00e9chantillon de 3962 personnes, repr\u00e9sentatif de la population fran\u00e7aise.<\/p>\n","protected":false},"excerpt":{"rendered":"<p>L&rsquo;observatoire de l&rsquo;habitat note la croissance d\u2019une aspiration \u00e0 vivre et habiter mieux et autrement. Les Fran\u00e7ais d\u00e9montrent un int\u00e9r\u00eat important aux enjeux \u00e9cologiques et soci\u00e9taux qui p\u00e8sent sur l\u2019habitat et font preuve de dispositions potentiellement \u00e9lev\u00e9es \u00e0 changer une partie de leurs habitudes en adoptant notamment des comportements \u00e9coresponsables (recyclage, compostage, \u00e9nergies renouvelables, durabilit\u00e9 [&hellip;]<\/p>\n","protected":false},"author":17,"featured_media":101776,"comment_status":"closed","ping_status":"closed","sticky":false,"template":"","format":"standard","meta":{"_et_pb_use_builder":"","_et_pb_old_content":"","_et_gb_content_width":"","footnotes":""},"categories":[10736,10530,6340],"tags":[906],"class_list":["post-101775","post","type-post","status-publish","format-standard","has-post-thumbnail","hentry","category-a-la-une","category-actualites","category-architecture-conception","tag-habitat"],"yoast_head":"<!-- This site is optimized with the Yoast SEO plugin v27.4 - https:\/\/yoast.com\/product\/yoast-seo-wordpress\/ -->\n<title>Habiter &quot;autrement&quot; : les fran\u00e7ais partag\u00e9s<\/title>\n<meta name=\"description\" content=\"L&#039;observatoire de l&#039;habitat note la croissance d\u2019une aspiration \u00e0 vivre et habiter mieux et autrement. Les Fran\u00e7ais d\u00e9montrent un int\u00e9r\u00eat\" \/>\n<meta name=\"robots\" content=\"index, follow, max-snippet:-1, max-image-preview:large, max-video-preview:-1\" \/>\n<link rel=\"canonical\" href=\"https:\/\/batijournal.com\/index.php\/habiter-autrement-les-francais-partages\/101775\/\" \/>\n<meta property=\"og:locale\" content=\"fr_FR\" \/>\n<meta property=\"og:type\" content=\"article\" \/>\n<meta property=\"og:title\" content=\"Habiter &quot;autrement&quot; : les fran\u00e7ais partag\u00e9s\" \/>\n<meta property=\"og:description\" content=\"L&#039;observatoire de l&#039;habitat note la croissance d\u2019une aspiration \u00e0 vivre et habiter mieux et autrement. Les Fran\u00e7ais d\u00e9montrent un int\u00e9r\u00eat\" \/>\n<meta property=\"og:url\" content=\"https:\/\/batijournal.com\/index.php\/habiter-autrement-les-francais-partages\/101775\/\" \/>\n<meta property=\"og:site_name\" content=\"Batijournal\" \/>\n<meta property=\"article:published_time\" content=\"2019-03-25T07:24:45+00:00\" \/>\n<meta property=\"article:modified_time\" content=\"2019-07-15T10:10:37+00:00\" \/>\n<meta property=\"og:image\" content=\"https:\/\/batijournal.com\/wp-content\/uploads\/2019\/03\/Observatoire-de-lHabitat-1.png\" \/>\n\t<meta property=\"og:image:width\" content=\"3508\" \/>\n\t<meta property=\"og:image:height\" content=\"2480\" \/>\n\t<meta property=\"og:image:type\" content=\"image\/png\" \/>\n<meta name=\"author\" content=\"St\u00e9phane Miget\" \/>\n<meta name=\"twitter:card\" content=\"summary_large_image\" \/>\n<meta name=\"twitter:creator\" content=\"@bati_journal\" \/>\n<meta name=\"twitter:site\" content=\"@bati_journal\" \/>\n<meta name=\"twitter:label1\" content=\"\u00c9crit par\" \/>\n\t<meta name=\"twitter:data1\" content=\"St\u00e9phane Miget\" \/>\n\t<meta name=\"twitter:label2\" content=\"Dur\u00e9e de lecture estim\u00e9e\" \/>\n\t<meta name=\"twitter:data2\" content=\"2 minutes\" \/>\n<script type=\"application\/ld+json\" class=\"yoast-schema-graph\">{\"@context\":\"https:\\\/\\\/schema.org\",\"@graph\":[{\"@type\":\"Article\",\"@id\":\"https:\\\/\\\/batijournal.com\\\/index.php\\\/habiter-autrement-les-francais-partages\\\/101775\\\/#article\",\"isPartOf\":{\"@id\":\"https:\\\/\\\/batijournal.com\\\/index.php\\\/habiter-autrement-les-francais-partages\\\/101775\\\/\"},\"author\":{\"name\":\"St\u00e9phane Miget\",\"@id\":\"https:\\\/\\\/batijournal.com\\\/#\\\/schema\\\/person\\\/1dc96ec6957aa1ccb25ebe78bb19f100\"},\"headline\":\"Habiter \u00ab\u00a0autrement\u00a0\u00bb : les fran\u00e7ais partag\u00e9s\",\"datePublished\":\"2019-03-25T07:24:45+00:00\",\"dateModified\":\"2019-07-15T10:10:37+00:00\",\"mainEntityOfPage\":{\"@id\":\"https:\\\/\\\/batijournal.com\\\/index.php\\\/habiter-autrement-les-francais-partages\\\/101775\\\/\"},\"wordCount\":463,\"image\":{\"@id\":\"https:\\\/\\\/batijournal.com\\\/index.php\\\/habiter-autrement-les-francais-partages\\\/101775\\\/#primaryimage\"},\"thumbnailUrl\":\"https:\\\/\\\/batijournal.com\\\/wp-content\\\/uploads\\\/2019\\\/03\\\/Observatoire-de-lHabitat-1.png\",\"keywords\":[\"habitat\"],\"articleSection\":[\"A la Une\",\"Actualit\u00e9s\",\"Architecture &amp; Conception\"],\"inLanguage\":\"fr-FR\"},{\"@type\":\"WebPage\",\"@id\":\"https:\\\/\\\/batijournal.com\\\/index.php\\\/habiter-autrement-les-francais-partages\\\/101775\\\/\",\"url\":\"https:\\\/\\\/batijournal.com\\\/index.php\\\/habiter-autrement-les-francais-partages\\\/101775\\\/\",\"name\":\"Habiter \\\"autrement\\\" : les fran\u00e7ais partag\u00e9s\",\"isPartOf\":{\"@id\":\"https:\\\/\\\/batijournal.com\\\/#website\"},\"primaryImageOfPage\":{\"@id\":\"https:\\\/\\\/batijournal.com\\\/index.php\\\/habiter-autrement-les-francais-partages\\\/101775\\\/#primaryimage\"},\"image\":{\"@id\":\"https:\\\/\\\/batijournal.com\\\/index.php\\\/habiter-autrement-les-francais-partages\\\/101775\\\/#primaryimage\"},\"thumbnailUrl\":\"https:\\\/\\\/batijournal.com\\\/wp-content\\\/uploads\\\/2019\\\/03\\\/Observatoire-de-lHabitat-1.png\",\"datePublished\":\"2019-03-25T07:24:45+00:00\",\"dateModified\":\"2019-07-15T10:10:37+00:00\",\"author\":{\"@id\":\"https:\\\/\\\/batijournal.com\\\/#\\\/schema\\\/person\\\/1dc96ec6957aa1ccb25ebe78bb19f100\"},\"description\":\"L'observatoire de l'habitat note la croissance d\u2019une aspiration \u00e0 vivre et habiter mieux et autrement. Les Fran\u00e7ais d\u00e9montrent un int\u00e9r\u00eat\",\"breadcrumb\":{\"@id\":\"https:\\\/\\\/batijournal.com\\\/index.php\\\/habiter-autrement-les-francais-partages\\\/101775\\\/#breadcrumb\"},\"inLanguage\":\"fr-FR\",\"potentialAction\":[{\"@type\":\"ReadAction\",\"target\":[\"https:\\\/\\\/batijournal.com\\\/index.php\\\/habiter-autrement-les-francais-partages\\\/101775\\\/\"]}]},{\"@type\":\"ImageObject\",\"inLanguage\":\"fr-FR\",\"@id\":\"https:\\\/\\\/batijournal.com\\\/index.php\\\/habiter-autrement-les-francais-partages\\\/101775\\\/#primaryimage\",\"url\":\"https:\\\/\\\/batijournal.com\\\/wp-content\\\/uploads\\\/2019\\\/03\\\/Observatoire-de-lHabitat-1.png\",\"contentUrl\":\"https:\\\/\\\/batijournal.com\\\/wp-content\\\/uploads\\\/2019\\\/03\\\/Observatoire-de-lHabitat-1.png\",\"width\":3508,\"height\":2480},{\"@type\":\"BreadcrumbList\",\"@id\":\"https:\\\/\\\/batijournal.com\\\/index.php\\\/habiter-autrement-les-francais-partages\\\/101775\\\/#breadcrumb\",\"itemListElement\":[{\"@type\":\"ListItem\",\"position\":1,\"name\":\"Accueil\",\"item\":\"https:\\\/\\\/batijournal.com\\\/\"},{\"@type\":\"ListItem\",\"position\":2,\"name\":\"A la Une\",\"item\":\"https:\\\/\\\/batijournal.com\\\/index.php\\\/category\\\/a-la-une\\\/\"},{\"@type\":\"ListItem\",\"position\":3,\"name\":\"Habiter \u00ab\u00a0autrement\u00a0\u00bb : les fran\u00e7ais partag\u00e9s\"}]},{\"@type\":\"WebSite\",\"@id\":\"https:\\\/\\\/batijournal.com\\\/#website\",\"url\":\"https:\\\/\\\/batijournal.com\\\/\",\"name\":\"Batijournal\",\"description\":\"L&#039;actualit\u00e9 du b\u00e2timent\",\"potentialAction\":[{\"@type\":\"SearchAction\",\"target\":{\"@type\":\"EntryPoint\",\"urlTemplate\":\"https:\\\/\\\/batijournal.com\\\/?s={search_term_string}\"},\"query-input\":{\"@type\":\"PropertyValueSpecification\",\"valueRequired\":true,\"valueName\":\"search_term_string\"}}],\"inLanguage\":\"fr-FR\"},{\"@type\":\"Person\",\"@id\":\"https:\\\/\\\/batijournal.com\\\/#\\\/schema\\\/person\\\/1dc96ec6957aa1ccb25ebe78bb19f100\",\"name\":\"St\u00e9phane Miget\",\"image\":{\"@type\":\"ImageObject\",\"inLanguage\":\"fr-FR\",\"@id\":\"https:\\\/\\\/secure.gravatar.com\\\/avatar\\\/89915563d925342126b8ef0281b93d9d7fc337043e8df017f780908eb9644451?s=96&d=mm&r=g\",\"url\":\"https:\\\/\\\/secure.gravatar.com\\\/avatar\\\/89915563d925342126b8ef0281b93d9d7fc337043e8df017f780908eb9644451?s=96&d=mm&r=g\",\"contentUrl\":\"https:\\\/\\\/secure.gravatar.com\\\/avatar\\\/89915563d925342126b8ef0281b93d9d7fc337043e8df017f780908eb9644451?s=96&d=mm&r=g\",\"caption\":\"St\u00e9phane Miget\"},\"url\":\"https:\\\/\\\/batijournal.com\\\/index.php\\\/author\\\/stephane\\\/\"}]}<\/script>\n<!-- \/ Yoast SEO plugin. -->","yoast_head_json":{"title":"Habiter \"autrement\" : les fran\u00e7ais partag\u00e9s","description":"L'observatoire de l'habitat note la croissance d\u2019une aspiration \u00e0 vivre et habiter mieux et autrement. Les Fran\u00e7ais d\u00e9montrent un int\u00e9r\u00eat","robots":{"index":"index","follow":"follow","max-snippet":"max-snippet:-1","max-image-preview":"max-image-preview:large","max-video-preview":"max-video-preview:-1"},"canonical":"https:\/\/batijournal.com\/index.php\/habiter-autrement-les-francais-partages\/101775\/","og_locale":"fr_FR","og_type":"article","og_title":"Habiter \"autrement\" : les fran\u00e7ais partag\u00e9s","og_description":"L'observatoire de l'habitat note la croissance d\u2019une aspiration \u00e0 vivre et habiter mieux et autrement. Les Fran\u00e7ais d\u00e9montrent un int\u00e9r\u00eat","og_url":"https:\/\/batijournal.com\/index.php\/habiter-autrement-les-francais-partages\/101775\/","og_site_name":"Batijournal","article_published_time":"2019-03-25T07:24:45+00:00","article_modified_time":"2019-07-15T10:10:37+00:00","og_image":[{"width":3508,"height":2480,"url":"https:\/\/batijournal.com\/wp-content\/uploads\/2019\/03\/Observatoire-de-lHabitat-1.png","type":"image\/png"}],"author":"St\u00e9phane Miget","twitter_card":"summary_large_image","twitter_creator":"@bati_journal","twitter_site":"@bati_journal","twitter_misc":{"\u00c9crit par":"St\u00e9phane Miget","Dur\u00e9e de lecture estim\u00e9e":"2 minutes"},"schema":{"@context":"https:\/\/schema.org","@graph":[{"@type":"Article","@id":"https:\/\/batijournal.com\/index.php\/habiter-autrement-les-francais-partages\/101775\/#article","isPartOf":{"@id":"https:\/\/batijournal.com\/index.php\/habiter-autrement-les-francais-partages\/101775\/"},"author":{"name":"St\u00e9phane Miget","@id":"https:\/\/batijournal.com\/#\/schema\/person\/1dc96ec6957aa1ccb25ebe78bb19f100"},"headline":"Habiter \u00ab\u00a0autrement\u00a0\u00bb : les fran\u00e7ais partag\u00e9s","datePublished":"2019-03-25T07:24:45+00:00","dateModified":"2019-07-15T10:10:37+00:00","mainEntityOfPage":{"@id":"https:\/\/batijournal.com\/index.php\/habiter-autrement-les-francais-partages\/101775\/"},"wordCount":463,"image":{"@id":"https:\/\/batijournal.com\/index.php\/habiter-autrement-les-francais-partages\/101775\/#primaryimage"},"thumbnailUrl":"https:\/\/batijournal.com\/wp-content\/uploads\/2019\/03\/Observatoire-de-lHabitat-1.png","keywords":["habitat"],"articleSection":["A la Une","Actualit\u00e9s","Architecture &amp; Conception"],"inLanguage":"fr-FR"},{"@type":"WebPage","@id":"https:\/\/batijournal.com\/index.php\/habiter-autrement-les-francais-partages\/101775\/","url":"https:\/\/batijournal.com\/index.php\/habiter-autrement-les-francais-partages\/101775\/","name":"Habiter \"autrement\" : les fran\u00e7ais partag\u00e9s","isPartOf":{"@id":"https:\/\/batijournal.com\/#website"},"primaryImageOfPage":{"@id":"https:\/\/batijournal.com\/index.php\/habiter-autrement-les-francais-partages\/101775\/#primaryimage"},"image":{"@id":"https:\/\/batijournal.com\/index.php\/habiter-autrement-les-francais-partages\/101775\/#primaryimage"},"thumbnailUrl":"https:\/\/batijournal.com\/wp-content\/uploads\/2019\/03\/Observatoire-de-lHabitat-1.png","datePublished":"2019-03-25T07:24:45+00:00","dateModified":"2019-07-15T10:10:37+00:00","author":{"@id":"https:\/\/batijournal.com\/#\/schema\/person\/1dc96ec6957aa1ccb25ebe78bb19f100"},"description":"L'observatoire de l'habitat note la croissance d\u2019une aspiration \u00e0 vivre et habiter mieux et autrement. Les Fran\u00e7ais d\u00e9montrent un int\u00e9r\u00eat","breadcrumb":{"@id":"https:\/\/batijournal.com\/index.php\/habiter-autrement-les-francais-partages\/101775\/#breadcrumb"},"inLanguage":"fr-FR","potentialAction":[{"@type":"ReadAction","target":["https:\/\/batijournal.com\/index.php\/habiter-autrement-les-francais-partages\/101775\/"]}]},{"@type":"ImageObject","inLanguage":"fr-FR","@id":"https:\/\/batijournal.com\/index.php\/habiter-autrement-les-francais-partages\/101775\/#primaryimage","url":"https:\/\/batijournal.com\/wp-content\/uploads\/2019\/03\/Observatoire-de-lHabitat-1.png","contentUrl":"https:\/\/batijournal.com\/wp-content\/uploads\/2019\/03\/Observatoire-de-lHabitat-1.png","width":3508,"height":2480},{"@type":"BreadcrumbList","@id":"https:\/\/batijournal.com\/index.php\/habiter-autrement-les-francais-partages\/101775\/#breadcrumb","itemListElement":[{"@type":"ListItem","position":1,"name":"Accueil","item":"https:\/\/batijournal.com\/"},{"@type":"ListItem","position":2,"name":"A la Une","item":"https:\/\/batijournal.com\/index.php\/category\/a-la-une\/"},{"@type":"ListItem","position":3,"name":"Habiter \u00ab\u00a0autrement\u00a0\u00bb : les fran\u00e7ais partag\u00e9s"}]},{"@type":"WebSite","@id":"https:\/\/batijournal.com\/#website","url":"https:\/\/batijournal.com\/","name":"Batijournal","description":"L&#039;actualit\u00e9 du b\u00e2timent","potentialAction":[{"@type":"SearchAction","target":{"@type":"EntryPoint","urlTemplate":"https:\/\/batijournal.com\/?s={search_term_string}"},"query-input":{"@type":"PropertyValueSpecification","valueRequired":true,"valueName":"search_term_string"}}],"inLanguage":"fr-FR"},{"@type":"Person","@id":"https:\/\/batijournal.com\/#\/schema\/person\/1dc96ec6957aa1ccb25ebe78bb19f100","name":"St\u00e9phane Miget","image":{"@type":"ImageObject","inLanguage":"fr-FR","@id":"https:\/\/secure.gravatar.com\/avatar\/89915563d925342126b8ef0281b93d9d7fc337043e8df017f780908eb9644451?s=96&d=mm&r=g","url":"https:\/\/secure.gravatar.com\/avatar\/89915563d925342126b8ef0281b93d9d7fc337043e8df017f780908eb9644451?s=96&d=mm&r=g","contentUrl":"https:\/\/secure.gravatar.com\/avatar\/89915563d925342126b8ef0281b93d9d7fc337043e8df017f780908eb9644451?s=96&d=mm&r=g","caption":"St\u00e9phane Miget"},"url":"https:\/\/batijournal.com\/index.php\/author\/stephane\/"}]}},"_links":{"self":[{"href":"https:\/\/batijournal.com\/index.php\/wp-json\/wp\/v2\/posts\/101775","targetHints":{"allow":["GET"]}}],"collection":[{"href":"https:\/\/batijournal.com\/index.php\/wp-json\/wp\/v2\/posts"}],"about":[{"href":"https:\/\/batijournal.com\/index.php\/wp-json\/wp\/v2\/types\/post"}],"author":[{"embeddable":true,"href":"https:\/\/batijournal.com\/index.php\/wp-json\/wp\/v2\/users\/17"}],"replies":[{"embeddable":true,"href":"https:\/\/batijournal.com\/index.php\/wp-json\/wp\/v2\/comments?post=101775"}],"version-history":[{"count":0,"href":"https:\/\/batijournal.com\/index.php\/wp-json\/wp\/v2\/posts\/101775\/revisions"}],"wp:featuredmedia":[{"embeddable":true,"href":"https:\/\/batijournal.com\/index.php\/wp-json\/wp\/v2\/media\/101776"}],"wp:attachment":[{"href":"https:\/\/batijournal.com\/index.php\/wp-json\/wp\/v2\/media?parent=101775"}],"wp:term":[{"taxonomy":"category","embeddable":true,"href":"https:\/\/batijournal.com\/index.php\/wp-json\/wp\/v2\/categories?post=101775"},{"taxonomy":"post_tag","embeddable":true,"href":"https:\/\/batijournal.com\/index.php\/wp-json\/wp\/v2\/tags?post=101775"}],"curies":[{"name":"wp","href":"https:\/\/api.w.org\/{rel}","templated":true}]}}