{"id":101778,"date":"2019-03-26T10:10:55","date_gmt":"2019-03-26T09:10:55","guid":{"rendered":"https:\/\/batijournal.com\/?p=101778"},"modified":"2019-07-15T12:19:45","modified_gmt":"2019-07-15T10:19:45","slug":"58-millions-de-menages-vont-recevoir-le-cheque-energie","status":"publish","type":"post","link":"https:\/\/batijournal.com\/index.php\/58-millions-de-menages-vont-recevoir-le-cheque-energie\/101778\/","title":{"rendered":"5,8 millions de m\u00e9nages vont recevoir le ch\u00e8que \u00e9nergie"},"content":{"rendered":"<p>L\u2019an dernier, 3,6 millions de foyers aux revenus modestes ont \u00e9t\u00e9 b\u00e9n\u00e9ficiaires du ch\u00e8que \u00e9nergie, pour les aider \u00e0 payer leur facture d\u2019\u00e9nergie. Cette ann\u00e9e, il b\u00e9n\u00e9ficiera \u00e0 2,2 millions de foyers suppl\u00e9mentaires, et aidera ainsi pr\u00e8s de 5,8 millions de m\u00e9nages. Les montants vers\u00e9s en 2018 sont augment\u00e9s de 50 \u20ac ; son montant maximal peut d\u00e9sormais atteindre 277 \u20ac. Le ch\u00e8que \u00e9nergie sera envoy\u00e9 automatiquement par voie postale aux personnes \u00e9ligibles entre fin mars et fin avril 2019, en fonction des r\u00e9gions. Pour le recevoir, aucune d\u00e9marche n\u2019est n\u00e9cessaire, il suffit simplement d\u2019avoir au pr\u00e9alable d\u00e9clar\u00e9 ses revenus l\u2019an dernier aupr\u00e8s des services fiscaux (d\u00e9claration d\u2019imp\u00f4t sur les revenus de l\u2019ann\u00e9e 2017), m\u00eame en cas de revenus faibles ou nuls. En 2017, 82,7% des b\u00e9n\u00e9ficiaires du ch\u00e8que \u00e9nergie y ont eu recours. La m\u00eame tendance est observ\u00e9e pour 2018.<\/p>\n","protected":false},"excerpt":{"rendered":"<p>L\u2019an dernier, 3,6 millions de foyers aux revenus modestes ont \u00e9t\u00e9 b\u00e9n\u00e9ficiaires du ch\u00e8que \u00e9nergie, pour les aider \u00e0 payer leur facture d\u2019\u00e9nergie. Cette ann\u00e9e, il b\u00e9n\u00e9ficiera \u00e0 2,2 millions de foyers suppl\u00e9mentaires, et aidera ainsi pr\u00e8s de 5,8 millions de m\u00e9nages. Les montants vers\u00e9s en 2018 sont augment\u00e9s de 50 \u20ac ; son montant [&hellip;]<\/p>\n","protected":false},"author":17,"featured_media":101779,"comment_status":"closed","ping_status":"closed","sticky":false,"template":"","format":"standard","meta":{"_et_pb_use_builder":"","_et_pb_old_content":"","_et_gb_content_width":"","footnotes":""},"categories":[10530,6351],"tags":[12213,1130],"class_list":["post-101778","post","type-post","status-publish","format-standard","has-post-thumbnail","hentry","category-actualites","category-energie-environnement","tag-cheque-energie","tag-precarite-energetique"],"yoast_head":"<!-- This site is optimized with the Yoast SEO plugin v27.4 - https:\/\/yoast.com\/product\/yoast-seo-wordpress\/ -->\n<title>5,8 millions de m\u00e9nages vont recevoir le ch\u00e8que \u00e9nergie<\/title>\n<meta name=\"description\" content=\"Cette ann\u00e9e, le ch\u00e8que \u00e9nergie b\u00e9n\u00e9ficiera \u00e0 2,2 millions de foyers suppl\u00e9mentaires, et aidera ainsi pr\u00e8s de 5,8 millions de m\u00e9nages.\" \/>\n<meta name=\"robots\" content=\"index, follow, max-snippet:-1, max-image-preview:large, max-video-preview:-1\" \/>\n<link rel=\"canonical\" href=\"https:\/\/batijournal.com\/index.php\/58-millions-de-menages-vont-recevoir-le-cheque-energie\/101778\/\" \/>\n<meta property=\"og:locale\" content=\"fr_FR\" \/>\n<meta property=\"og:type\" content=\"article\" \/>\n<meta property=\"og:title\" content=\"5,8 millions de m\u00e9nages vont recevoir le ch\u00e8que \u00e9nergie\" \/>\n<meta property=\"og:description\" content=\"Cette ann\u00e9e, le ch\u00e8que \u00e9nergie b\u00e9n\u00e9ficiera \u00e0 2,2 millions de foyers suppl\u00e9mentaires, et aidera ainsi pr\u00e8s de 5,8 millions de m\u00e9nages.\" \/>\n<meta property=\"og:url\" content=\"https:\/\/batijournal.com\/index.php\/58-millions-de-menages-vont-recevoir-le-cheque-energie\/101778\/\" \/>\n<meta property=\"og:site_name\" content=\"Batijournal\" \/>\n<meta property=\"article:published_time\" content=\"2019-03-26T09:10:55+00:00\" \/>\n<meta property=\"article:modified_time\" content=\"2019-07-15T10:19:45+00:00\" \/>\n<meta property=\"og:image\" content=\"https:\/\/batijournal.com\/wp-content\/uploads\/2019\/03\/cheque-energie.jpeg\" \/>\n\t<meta property=\"og:image:width\" content=\"680\" \/>\n\t<meta property=\"og:image:height\" content=\"680\" \/>\n\t<meta property=\"og:image:type\" content=\"image\/jpeg\" \/>\n<meta name=\"author\" content=\"St\u00e9phane Miget\" \/>\n<meta name=\"twitter:card\" content=\"summary_large_image\" \/>\n<meta name=\"twitter:creator\" content=\"@bati_journal\" \/>\n<meta name=\"twitter:site\" content=\"@bati_journal\" \/>\n<meta name=\"twitter:label1\" content=\"\u00c9crit par\" \/>\n\t<meta name=\"twitter:data1\" content=\"St\u00e9phane Miget\" \/>\n\t<meta name=\"twitter:label2\" content=\"Dur\u00e9e de lecture estim\u00e9e\" \/>\n\t<meta name=\"twitter:data2\" content=\"1 minute\" \/>\n<script type=\"application\/ld+json\" class=\"yoast-schema-graph\">{\"@context\":\"https:\\\/\\\/schema.org\",\"@graph\":[{\"@type\":\"Article\",\"@id\":\"https:\\\/\\\/batijournal.com\\\/index.php\\\/58-millions-de-menages-vont-recevoir-le-cheque-energie\\\/101778\\\/#article\",\"isPartOf\":{\"@id\":\"https:\\\/\\\/batijournal.com\\\/index.php\\\/58-millions-de-menages-vont-recevoir-le-cheque-energie\\\/101778\\\/\"},\"author\":{\"name\":\"St\u00e9phane Miget\",\"@id\":\"https:\\\/\\\/batijournal.com\\\/#\\\/schema\\\/person\\\/1dc96ec6957aa1ccb25ebe78bb19f100\"},\"headline\":\"5,8 millions de m\u00e9nages vont recevoir le ch\u00e8que \u00e9nergie\",\"datePublished\":\"2019-03-26T09:10:55+00:00\",\"dateModified\":\"2019-07-15T10:19:45+00:00\",\"mainEntityOfPage\":{\"@id\":\"https:\\\/\\\/batijournal.com\\\/index.php\\\/58-millions-de-menages-vont-recevoir-le-cheque-energie\\\/101778\\\/\"},\"wordCount\":170,\"image\":{\"@id\":\"https:\\\/\\\/batijournal.com\\\/index.php\\\/58-millions-de-menages-vont-recevoir-le-cheque-energie\\\/101778\\\/#primaryimage\"},\"thumbnailUrl\":\"https:\\\/\\\/batijournal.com\\\/wp-content\\\/uploads\\\/2019\\\/03\\\/cheque-energie.jpeg\",\"keywords\":[\"ch\u00e8que \u00e9nergie\",\"pr\u00e9carit\u00e9 \u00e9nerg\u00e9tique\"],\"articleSection\":[\"Actualit\u00e9s\",\"\u00c9nergie &amp; Environnement\"],\"inLanguage\":\"fr-FR\"},{\"@type\":\"WebPage\",\"@id\":\"https:\\\/\\\/batijournal.com\\\/index.php\\\/58-millions-de-menages-vont-recevoir-le-cheque-energie\\\/101778\\\/\",\"url\":\"https:\\\/\\\/batijournal.com\\\/index.php\\\/58-millions-de-menages-vont-recevoir-le-cheque-energie\\\/101778\\\/\",\"name\":\"5,8 millions de m\u00e9nages vont recevoir le ch\u00e8que \u00e9nergie\",\"isPartOf\":{\"@id\":\"https:\\\/\\\/batijournal.com\\\/#website\"},\"primaryImageOfPage\":{\"@id\":\"https:\\\/\\\/batijournal.com\\\/index.php\\\/58-millions-de-menages-vont-recevoir-le-cheque-energie\\\/101778\\\/#primaryimage\"},\"image\":{\"@id\":\"https:\\\/\\\/batijournal.com\\\/index.php\\\/58-millions-de-menages-vont-recevoir-le-cheque-energie\\\/101778\\\/#primaryimage\"},\"thumbnailUrl\":\"https:\\\/\\\/batijournal.com\\\/wp-content\\\/uploads\\\/2019\\\/03\\\/cheque-energie.jpeg\",\"datePublished\":\"2019-03-26T09:10:55+00:00\",\"dateModified\":\"2019-07-15T10:19:45+00:00\",\"author\":{\"@id\":\"https:\\\/\\\/batijournal.com\\\/#\\\/schema\\\/person\\\/1dc96ec6957aa1ccb25ebe78bb19f100\"},\"description\":\"Cette ann\u00e9e, le ch\u00e8que \u00e9nergie b\u00e9n\u00e9ficiera \u00e0 2,2 millions de foyers suppl\u00e9mentaires, et aidera ainsi pr\u00e8s de 5,8 millions de m\u00e9nages.\",\"breadcrumb\":{\"@id\":\"https:\\\/\\\/batijournal.com\\\/index.php\\\/58-millions-de-menages-vont-recevoir-le-cheque-energie\\\/101778\\\/#breadcrumb\"},\"inLanguage\":\"fr-FR\",\"potentialAction\":[{\"@type\":\"ReadAction\",\"target\":[\"https:\\\/\\\/batijournal.com\\\/index.php\\\/58-millions-de-menages-vont-recevoir-le-cheque-energie\\\/101778\\\/\"]}]},{\"@type\":\"ImageObject\",\"inLanguage\":\"fr-FR\",\"@id\":\"https:\\\/\\\/batijournal.com\\\/index.php\\\/58-millions-de-menages-vont-recevoir-le-cheque-energie\\\/101778\\\/#primaryimage\",\"url\":\"https:\\\/\\\/batijournal.com\\\/wp-content\\\/uploads\\\/2019\\\/03\\\/cheque-energie.jpeg\",\"contentUrl\":\"https:\\\/\\\/batijournal.com\\\/wp-content\\\/uploads\\\/2019\\\/03\\\/cheque-energie.jpeg\",\"width\":680,\"height\":680},{\"@type\":\"BreadcrumbList\",\"@id\":\"https:\\\/\\\/batijournal.com\\\/index.php\\\/58-millions-de-menages-vont-recevoir-le-cheque-energie\\\/101778\\\/#breadcrumb\",\"itemListElement\":[{\"@type\":\"ListItem\",\"position\":1,\"name\":\"Accueil\",\"item\":\"https:\\\/\\\/batijournal.com\\\/\"},{\"@type\":\"ListItem\",\"position\":2,\"name\":\"Actualit\u00e9s\",\"item\":\"https:\\\/\\\/batijournal.com\\\/index.php\\\/category\\\/actualites\\\/\"},{\"@type\":\"ListItem\",\"position\":3,\"name\":\"5,8 millions de m\u00e9nages vont recevoir le ch\u00e8que \u00e9nergie\"}]},{\"@type\":\"WebSite\",\"@id\":\"https:\\\/\\\/batijournal.com\\\/#website\",\"url\":\"https:\\\/\\\/batijournal.com\\\/\",\"name\":\"Batijournal\",\"description\":\"L&#039;actualit\u00e9 du b\u00e2timent\",\"potentialAction\":[{\"@type\":\"SearchAction\",\"target\":{\"@type\":\"EntryPoint\",\"urlTemplate\":\"https:\\\/\\\/batijournal.com\\\/?s={search_term_string}\"},\"query-input\":{\"@type\":\"PropertyValueSpecification\",\"valueRequired\":true,\"valueName\":\"search_term_string\"}}],\"inLanguage\":\"fr-FR\"},{\"@type\":\"Person\",\"@id\":\"https:\\\/\\\/batijournal.com\\\/#\\\/schema\\\/person\\\/1dc96ec6957aa1ccb25ebe78bb19f100\",\"name\":\"St\u00e9phane Miget\",\"image\":{\"@type\":\"ImageObject\",\"inLanguage\":\"fr-FR\",\"@id\":\"https:\\\/\\\/secure.gravatar.com\\\/avatar\\\/89915563d925342126b8ef0281b93d9d7fc337043e8df017f780908eb9644451?s=96&d=mm&r=g\",\"url\":\"https:\\\/\\\/secure.gravatar.com\\\/avatar\\\/89915563d925342126b8ef0281b93d9d7fc337043e8df017f780908eb9644451?s=96&d=mm&r=g\",\"contentUrl\":\"https:\\\/\\\/secure.gravatar.com\\\/avatar\\\/89915563d925342126b8ef0281b93d9d7fc337043e8df017f780908eb9644451?s=96&d=mm&r=g\",\"caption\":\"St\u00e9phane Miget\"},\"url\":\"https:\\\/\\\/batijournal.com\\\/index.php\\\/author\\\/stephane\\\/\"}]}<\/script>\n<!-- \/ Yoast SEO plugin. -->","yoast_head_json":{"title":"5,8 millions de m\u00e9nages vont recevoir le ch\u00e8que \u00e9nergie","description":"Cette ann\u00e9e, le ch\u00e8que \u00e9nergie b\u00e9n\u00e9ficiera \u00e0 2,2 millions de foyers suppl\u00e9mentaires, et aidera ainsi pr\u00e8s de 5,8 millions de m\u00e9nages.","robots":{"index":"index","follow":"follow","max-snippet":"max-snippet:-1","max-image-preview":"max-image-preview:large","max-video-preview":"max-video-preview:-1"},"canonical":"https:\/\/batijournal.com\/index.php\/58-millions-de-menages-vont-recevoir-le-cheque-energie\/101778\/","og_locale":"fr_FR","og_type":"article","og_title":"5,8 millions de m\u00e9nages vont recevoir le ch\u00e8que \u00e9nergie","og_description":"Cette ann\u00e9e, le ch\u00e8que \u00e9nergie b\u00e9n\u00e9ficiera \u00e0 2,2 millions de foyers suppl\u00e9mentaires, et aidera ainsi pr\u00e8s de 5,8 millions de m\u00e9nages.","og_url":"https:\/\/batijournal.com\/index.php\/58-millions-de-menages-vont-recevoir-le-cheque-energie\/101778\/","og_site_name":"Batijournal","article_published_time":"2019-03-26T09:10:55+00:00","article_modified_time":"2019-07-15T10:19:45+00:00","og_image":[{"width":680,"height":680,"url":"https:\/\/batijournal.com\/wp-content\/uploads\/2019\/03\/cheque-energie.jpeg","type":"image\/jpeg"}],"author":"St\u00e9phane Miget","twitter_card":"summary_large_image","twitter_creator":"@bati_journal","twitter_site":"@bati_journal","twitter_misc":{"\u00c9crit par":"St\u00e9phane Miget","Dur\u00e9e de lecture estim\u00e9e":"1 minute"},"schema":{"@context":"https:\/\/schema.org","@graph":[{"@type":"Article","@id":"https:\/\/batijournal.com\/index.php\/58-millions-de-menages-vont-recevoir-le-cheque-energie\/101778\/#article","isPartOf":{"@id":"https:\/\/batijournal.com\/index.php\/58-millions-de-menages-vont-recevoir-le-cheque-energie\/101778\/"},"author":{"name":"St\u00e9phane Miget","@id":"https:\/\/batijournal.com\/#\/schema\/person\/1dc96ec6957aa1ccb25ebe78bb19f100"},"headline":"5,8 millions de m\u00e9nages vont recevoir le ch\u00e8que \u00e9nergie","datePublished":"2019-03-26T09:10:55+00:00","dateModified":"2019-07-15T10:19:45+00:00","mainEntityOfPage":{"@id":"https:\/\/batijournal.com\/index.php\/58-millions-de-menages-vont-recevoir-le-cheque-energie\/101778\/"},"wordCount":170,"image":{"@id":"https:\/\/batijournal.com\/index.php\/58-millions-de-menages-vont-recevoir-le-cheque-energie\/101778\/#primaryimage"},"thumbnailUrl":"https:\/\/batijournal.com\/wp-content\/uploads\/2019\/03\/cheque-energie.jpeg","keywords":["ch\u00e8que \u00e9nergie","pr\u00e9carit\u00e9 \u00e9nerg\u00e9tique"],"articleSection":["Actualit\u00e9s","\u00c9nergie &amp; Environnement"],"inLanguage":"fr-FR"},{"@type":"WebPage","@id":"https:\/\/batijournal.com\/index.php\/58-millions-de-menages-vont-recevoir-le-cheque-energie\/101778\/","url":"https:\/\/batijournal.com\/index.php\/58-millions-de-menages-vont-recevoir-le-cheque-energie\/101778\/","name":"5,8 millions de m\u00e9nages vont recevoir le ch\u00e8que \u00e9nergie","isPartOf":{"@id":"https:\/\/batijournal.com\/#website"},"primaryImageOfPage":{"@id":"https:\/\/batijournal.com\/index.php\/58-millions-de-menages-vont-recevoir-le-cheque-energie\/101778\/#primaryimage"},"image":{"@id":"https:\/\/batijournal.com\/index.php\/58-millions-de-menages-vont-recevoir-le-cheque-energie\/101778\/#primaryimage"},"thumbnailUrl":"https:\/\/batijournal.com\/wp-content\/uploads\/2019\/03\/cheque-energie.jpeg","datePublished":"2019-03-26T09:10:55+00:00","dateModified":"2019-07-15T10:19:45+00:00","author":{"@id":"https:\/\/batijournal.com\/#\/schema\/person\/1dc96ec6957aa1ccb25ebe78bb19f100"},"description":"Cette ann\u00e9e, le ch\u00e8que \u00e9nergie b\u00e9n\u00e9ficiera \u00e0 2,2 millions de foyers suppl\u00e9mentaires, et aidera ainsi pr\u00e8s de 5,8 millions de m\u00e9nages.","breadcrumb":{"@id":"https:\/\/batijournal.com\/index.php\/58-millions-de-menages-vont-recevoir-le-cheque-energie\/101778\/#breadcrumb"},"inLanguage":"fr-FR","potentialAction":[{"@type":"ReadAction","target":["https:\/\/batijournal.com\/index.php\/58-millions-de-menages-vont-recevoir-le-cheque-energie\/101778\/"]}]},{"@type":"ImageObject","inLanguage":"fr-FR","@id":"https:\/\/batijournal.com\/index.php\/58-millions-de-menages-vont-recevoir-le-cheque-energie\/101778\/#primaryimage","url":"https:\/\/batijournal.com\/wp-content\/uploads\/2019\/03\/cheque-energie.jpeg","contentUrl":"https:\/\/batijournal.com\/wp-content\/uploads\/2019\/03\/cheque-energie.jpeg","width":680,"height":680},{"@type":"BreadcrumbList","@id":"https:\/\/batijournal.com\/index.php\/58-millions-de-menages-vont-recevoir-le-cheque-energie\/101778\/#breadcrumb","itemListElement":[{"@type":"ListItem","position":1,"name":"Accueil","item":"https:\/\/batijournal.com\/"},{"@type":"ListItem","position":2,"name":"Actualit\u00e9s","item":"https:\/\/batijournal.com\/index.php\/category\/actualites\/"},{"@type":"ListItem","position":3,"name":"5,8 millions de m\u00e9nages vont recevoir le ch\u00e8que \u00e9nergie"}]},{"@type":"WebSite","@id":"https:\/\/batijournal.com\/#website","url":"https:\/\/batijournal.com\/","name":"Batijournal","description":"L&#039;actualit\u00e9 du b\u00e2timent","potentialAction":[{"@type":"SearchAction","target":{"@type":"EntryPoint","urlTemplate":"https:\/\/batijournal.com\/?s={search_term_string}"},"query-input":{"@type":"PropertyValueSpecification","valueRequired":true,"valueName":"search_term_string"}}],"inLanguage":"fr-FR"},{"@type":"Person","@id":"https:\/\/batijournal.com\/#\/schema\/person\/1dc96ec6957aa1ccb25ebe78bb19f100","name":"St\u00e9phane Miget","image":{"@type":"ImageObject","inLanguage":"fr-FR","@id":"https:\/\/secure.gravatar.com\/avatar\/89915563d925342126b8ef0281b93d9d7fc337043e8df017f780908eb9644451?s=96&d=mm&r=g","url":"https:\/\/secure.gravatar.com\/avatar\/89915563d925342126b8ef0281b93d9d7fc337043e8df017f780908eb9644451?s=96&d=mm&r=g","contentUrl":"https:\/\/secure.gravatar.com\/avatar\/89915563d925342126b8ef0281b93d9d7fc337043e8df017f780908eb9644451?s=96&d=mm&r=g","caption":"St\u00e9phane Miget"},"url":"https:\/\/batijournal.com\/index.php\/author\/stephane\/"}]}},"_links":{"self":[{"href":"https:\/\/batijournal.com\/index.php\/wp-json\/wp\/v2\/posts\/101778","targetHints":{"allow":["GET"]}}],"collection":[{"href":"https:\/\/batijournal.com\/index.php\/wp-json\/wp\/v2\/posts"}],"about":[{"href":"https:\/\/batijournal.com\/index.php\/wp-json\/wp\/v2\/types\/post"}],"author":[{"embeddable":true,"href":"https:\/\/batijournal.com\/index.php\/wp-json\/wp\/v2\/users\/17"}],"replies":[{"embeddable":true,"href":"https:\/\/batijournal.com\/index.php\/wp-json\/wp\/v2\/comments?post=101778"}],"version-history":[{"count":0,"href":"https:\/\/batijournal.com\/index.php\/wp-json\/wp\/v2\/posts\/101778\/revisions"}],"wp:featuredmedia":[{"embeddable":true,"href":"https:\/\/batijournal.com\/index.php\/wp-json\/wp\/v2\/media\/101779"}],"wp:attachment":[{"href":"https:\/\/batijournal.com\/index.php\/wp-json\/wp\/v2\/media?parent=101778"}],"wp:term":[{"taxonomy":"category","embeddable":true,"href":"https:\/\/batijournal.com\/index.php\/wp-json\/wp\/v2\/categories?post=101778"},{"taxonomy":"post_tag","embeddable":true,"href":"https:\/\/batijournal.com\/index.php\/wp-json\/wp\/v2\/tags?post=101778"}],"curies":[{"name":"wp","href":"https:\/\/api.w.org\/{rel}","templated":true}]}}