{"id":101782,"date":"2019-03-26T10:16:56","date_gmt":"2019-03-26T09:16:56","guid":{"rendered":"https:\/\/batijournal.com\/?p=101782"},"modified":"2019-03-26T10:16:56","modified_gmt":"2019-03-26T09:16:56","slug":"bilan-positif-de-lademe-en-faveur-de-la-transition-ecologique","status":"publish","type":"post","link":"https:\/\/batijournal.com\/index.php\/bilan-positif-de-lademe-en-faveur-de-la-transition-ecologique\/101782\/","title":{"rendered":"Bilan positif de l&rsquo;Ademe en faveur de la transition \u00e9cologique"},"content":{"rendered":"<p>L\u2019Ademe est un acteur incontournable de la transition \u00e9cologique. Gr\u00e2ce \u00e0 un budget de soutien \u00e0 la transition \u00e9cologique en hausse de 10 % en 2018, \u00e0 574 millions d\u2019euros, l\u2019agence a pu soutenir la production de 2,4 TWh d\u2019\u00e9nergies durables suppl\u00e9mentaires, ce qui repr\u00e9sente l\u2019\u00e9quivalent de plus de 240 000 logements chauff\u00e9s ; la cr\u00e9ation de 130 unit\u00e9s de m\u00e9thanisation pour produire du gaz vert ; le triage et le recyclage de 700 000 tonnes de d\u00e9chets, soit l\u2019\u00e9quivalent de pr\u00e8s de 60 000 camions poubelle ; l\u2019attribution de fonds air-bois \u00e0 11 collectivit\u00e9s pour am\u00e9liorer la qualit\u00e9 de l\u2019air dans les territoires prioritaires. La campagne de communication sur la r\u00e9novation \u00e9nerg\u00e9tique \u00ab FAIRE \u00bb mobilise les m\u00e9nage pour augmenter les passages \u00e0 l\u2019action de r\u00e9novation. En 2018, 183 000 personnes ont \u00e9t\u00e9 conseill\u00e9es dans les Espaces Info \u00c9nergie. Parmi eux, 69% ont engag\u00e9 des travaux de r\u00e9novation \u00e9nerg\u00e9tique, pour un montant moyen de 13 200\u20ac. L\u2019impact g\u00e9n\u00e9r\u00e9 sur ce march\u00e9 s\u2019\u00e9l\u00e8ve \u00e0 1,65 milliards d\u2019euros.<\/p>\n","protected":false},"excerpt":{"rendered":"<p>L\u2019Ademe est un acteur incontournable de la transition \u00e9cologique. Gr\u00e2ce \u00e0 un budget de soutien \u00e0 la transition \u00e9cologique en hausse de 10 % en 2018, \u00e0 574 millions d\u2019euros, l\u2019agence a pu soutenir la production de 2,4 TWh d\u2019\u00e9nergies durables suppl\u00e9mentaires, ce qui repr\u00e9sente l\u2019\u00e9quivalent de plus de 240 000 logements chauff\u00e9s ; la [&hellip;]<\/p>\n","protected":false},"author":17,"featured_media":101780,"comment_status":"closed","ping_status":"closed","sticky":false,"template":"","format":"standard","meta":{"_et_pb_use_builder":"","_et_pb_old_content":"","_et_gb_content_width":"","footnotes":""},"categories":[10530,10778],"tags":[],"class_list":["post-101782","post","type-post","status-publish","format-standard","has-post-thumbnail","hentry","category-actualites","category-planete"],"yoast_head":"<!-- This site is optimized with the Yoast SEO plugin v27.4 - https:\/\/yoast.com\/product\/yoast-seo-wordpress\/ -->\n<title>Bilan positif de l&#039;Ademe en faveur de la transition \u00e9cologique<\/title>\n<meta name=\"description\" content=\"L\u2019Ademe est un acteur incontournable de la transition \u00e9cologique. Gr\u00e2ce \u00e0 un budget de soutien \u00e0 la transition \u00e9cologique en hausse de 10 % en 2018\" \/>\n<meta name=\"robots\" content=\"index, follow, max-snippet:-1, max-image-preview:large, max-video-preview:-1\" \/>\n<link rel=\"canonical\" href=\"https:\/\/batijournal.com\/index.php\/bilan-positif-de-lademe-en-faveur-de-la-transition-ecologique\/101782\/\" \/>\n<meta property=\"og:locale\" content=\"fr_FR\" \/>\n<meta property=\"og:type\" content=\"article\" \/>\n<meta property=\"og:title\" content=\"Bilan positif de l&#039;Ademe en faveur de la transition \u00e9cologique\" \/>\n<meta property=\"og:description\" content=\"L\u2019Ademe est un acteur incontournable de la transition \u00e9cologique. Gr\u00e2ce \u00e0 un budget de soutien \u00e0 la transition \u00e9cologique en hausse de 10 % en 2018\" \/>\n<meta property=\"og:url\" content=\"https:\/\/batijournal.com\/index.php\/bilan-positif-de-lademe-en-faveur-de-la-transition-ecologique\/101782\/\" \/>\n<meta property=\"og:site_name\" content=\"Batijournal\" \/>\n<meta property=\"article:published_time\" content=\"2019-03-26T09:16:56+00:00\" \/>\n<meta property=\"og:image\" content=\"https:\/\/batijournal.com\/wp-content\/uploads\/2019\/03\/carte-soutiens-aux-territoires.png\" \/>\n\t<meta property=\"og:image:width\" content=\"460\" \/>\n\t<meta property=\"og:image:height\" content=\"593\" \/>\n\t<meta property=\"og:image:type\" content=\"image\/png\" \/>\n<meta name=\"author\" content=\"St\u00e9phane Miget\" \/>\n<meta name=\"twitter:card\" content=\"summary_large_image\" \/>\n<meta name=\"twitter:creator\" content=\"@bati_journal\" \/>\n<meta name=\"twitter:site\" content=\"@bati_journal\" \/>\n<meta name=\"twitter:label1\" content=\"\u00c9crit par\" \/>\n\t<meta name=\"twitter:data1\" content=\"St\u00e9phane Miget\" \/>\n\t<meta name=\"twitter:label2\" content=\"Dur\u00e9e de lecture estim\u00e9e\" \/>\n\t<meta name=\"twitter:data2\" content=\"1 minute\" \/>\n<script type=\"application\/ld+json\" class=\"yoast-schema-graph\">{\"@context\":\"https:\\\/\\\/schema.org\",\"@graph\":[{\"@type\":\"Article\",\"@id\":\"https:\\\/\\\/batijournal.com\\\/index.php\\\/bilan-positif-de-lademe-en-faveur-de-la-transition-ecologique\\\/101782\\\/#article\",\"isPartOf\":{\"@id\":\"https:\\\/\\\/batijournal.com\\\/index.php\\\/bilan-positif-de-lademe-en-faveur-de-la-transition-ecologique\\\/101782\\\/\"},\"author\":{\"name\":\"St\u00e9phane Miget\",\"@id\":\"https:\\\/\\\/batijournal.com\\\/#\\\/schema\\\/person\\\/1dc96ec6957aa1ccb25ebe78bb19f100\"},\"headline\":\"Bilan positif de l&rsquo;Ademe en faveur de la transition \u00e9cologique\",\"datePublished\":\"2019-03-26T09:16:56+00:00\",\"mainEntityOfPage\":{\"@id\":\"https:\\\/\\\/batijournal.com\\\/index.php\\\/bilan-positif-de-lademe-en-faveur-de-la-transition-ecologique\\\/101782\\\/\"},\"wordCount\":180,\"image\":{\"@id\":\"https:\\\/\\\/batijournal.com\\\/index.php\\\/bilan-positif-de-lademe-en-faveur-de-la-transition-ecologique\\\/101782\\\/#primaryimage\"},\"thumbnailUrl\":\"https:\\\/\\\/batijournal.com\\\/wp-content\\\/uploads\\\/2019\\\/03\\\/carte-soutiens-aux-territoires.png\",\"articleSection\":[\"Actualit\u00e9s\",\"zz_Plan\u00e8te B\u00e2timent\"],\"inLanguage\":\"fr-FR\"},{\"@type\":\"WebPage\",\"@id\":\"https:\\\/\\\/batijournal.com\\\/index.php\\\/bilan-positif-de-lademe-en-faveur-de-la-transition-ecologique\\\/101782\\\/\",\"url\":\"https:\\\/\\\/batijournal.com\\\/index.php\\\/bilan-positif-de-lademe-en-faveur-de-la-transition-ecologique\\\/101782\\\/\",\"name\":\"Bilan positif de l'Ademe en faveur de la transition \u00e9cologique\",\"isPartOf\":{\"@id\":\"https:\\\/\\\/batijournal.com\\\/#website\"},\"primaryImageOfPage\":{\"@id\":\"https:\\\/\\\/batijournal.com\\\/index.php\\\/bilan-positif-de-lademe-en-faveur-de-la-transition-ecologique\\\/101782\\\/#primaryimage\"},\"image\":{\"@id\":\"https:\\\/\\\/batijournal.com\\\/index.php\\\/bilan-positif-de-lademe-en-faveur-de-la-transition-ecologique\\\/101782\\\/#primaryimage\"},\"thumbnailUrl\":\"https:\\\/\\\/batijournal.com\\\/wp-content\\\/uploads\\\/2019\\\/03\\\/carte-soutiens-aux-territoires.png\",\"datePublished\":\"2019-03-26T09:16:56+00:00\",\"author\":{\"@id\":\"https:\\\/\\\/batijournal.com\\\/#\\\/schema\\\/person\\\/1dc96ec6957aa1ccb25ebe78bb19f100\"},\"description\":\"L\u2019Ademe est un acteur incontournable de la transition \u00e9cologique. Gr\u00e2ce \u00e0 un budget de soutien \u00e0 la transition \u00e9cologique en hausse de 10 % en 2018\",\"breadcrumb\":{\"@id\":\"https:\\\/\\\/batijournal.com\\\/index.php\\\/bilan-positif-de-lademe-en-faveur-de-la-transition-ecologique\\\/101782\\\/#breadcrumb\"},\"inLanguage\":\"fr-FR\",\"potentialAction\":[{\"@type\":\"ReadAction\",\"target\":[\"https:\\\/\\\/batijournal.com\\\/index.php\\\/bilan-positif-de-lademe-en-faveur-de-la-transition-ecologique\\\/101782\\\/\"]}]},{\"@type\":\"ImageObject\",\"inLanguage\":\"fr-FR\",\"@id\":\"https:\\\/\\\/batijournal.com\\\/index.php\\\/bilan-positif-de-lademe-en-faveur-de-la-transition-ecologique\\\/101782\\\/#primaryimage\",\"url\":\"https:\\\/\\\/batijournal.com\\\/wp-content\\\/uploads\\\/2019\\\/03\\\/carte-soutiens-aux-territoires.png\",\"contentUrl\":\"https:\\\/\\\/batijournal.com\\\/wp-content\\\/uploads\\\/2019\\\/03\\\/carte-soutiens-aux-territoires.png\",\"width\":460,\"height\":593},{\"@type\":\"BreadcrumbList\",\"@id\":\"https:\\\/\\\/batijournal.com\\\/index.php\\\/bilan-positif-de-lademe-en-faveur-de-la-transition-ecologique\\\/101782\\\/#breadcrumb\",\"itemListElement\":[{\"@type\":\"ListItem\",\"position\":1,\"name\":\"Accueil\",\"item\":\"https:\\\/\\\/batijournal.com\\\/\"},{\"@type\":\"ListItem\",\"position\":2,\"name\":\"Actualit\u00e9s\",\"item\":\"https:\\\/\\\/batijournal.com\\\/index.php\\\/category\\\/actualites\\\/\"},{\"@type\":\"ListItem\",\"position\":3,\"name\":\"Bilan positif de l&rsquo;Ademe en faveur de la transition \u00e9cologique\"}]},{\"@type\":\"WebSite\",\"@id\":\"https:\\\/\\\/batijournal.com\\\/#website\",\"url\":\"https:\\\/\\\/batijournal.com\\\/\",\"name\":\"Batijournal\",\"description\":\"L&#039;actualit\u00e9 du b\u00e2timent\",\"potentialAction\":[{\"@type\":\"SearchAction\",\"target\":{\"@type\":\"EntryPoint\",\"urlTemplate\":\"https:\\\/\\\/batijournal.com\\\/?s={search_term_string}\"},\"query-input\":{\"@type\":\"PropertyValueSpecification\",\"valueRequired\":true,\"valueName\":\"search_term_string\"}}],\"inLanguage\":\"fr-FR\"},{\"@type\":\"Person\",\"@id\":\"https:\\\/\\\/batijournal.com\\\/#\\\/schema\\\/person\\\/1dc96ec6957aa1ccb25ebe78bb19f100\",\"name\":\"St\u00e9phane Miget\",\"image\":{\"@type\":\"ImageObject\",\"inLanguage\":\"fr-FR\",\"@id\":\"https:\\\/\\\/secure.gravatar.com\\\/avatar\\\/89915563d925342126b8ef0281b93d9d7fc337043e8df017f780908eb9644451?s=96&d=mm&r=g\",\"url\":\"https:\\\/\\\/secure.gravatar.com\\\/avatar\\\/89915563d925342126b8ef0281b93d9d7fc337043e8df017f780908eb9644451?s=96&d=mm&r=g\",\"contentUrl\":\"https:\\\/\\\/secure.gravatar.com\\\/avatar\\\/89915563d925342126b8ef0281b93d9d7fc337043e8df017f780908eb9644451?s=96&d=mm&r=g\",\"caption\":\"St\u00e9phane Miget\"},\"url\":\"https:\\\/\\\/batijournal.com\\\/index.php\\\/author\\\/stephane\\\/\"}]}<\/script>\n<!-- \/ Yoast SEO plugin. -->","yoast_head_json":{"title":"Bilan positif de l'Ademe en faveur de la transition \u00e9cologique","description":"L\u2019Ademe est un acteur incontournable de la transition \u00e9cologique. Gr\u00e2ce \u00e0 un budget de soutien \u00e0 la transition \u00e9cologique en hausse de 10 % en 2018","robots":{"index":"index","follow":"follow","max-snippet":"max-snippet:-1","max-image-preview":"max-image-preview:large","max-video-preview":"max-video-preview:-1"},"canonical":"https:\/\/batijournal.com\/index.php\/bilan-positif-de-lademe-en-faveur-de-la-transition-ecologique\/101782\/","og_locale":"fr_FR","og_type":"article","og_title":"Bilan positif de l'Ademe en faveur de la transition \u00e9cologique","og_description":"L\u2019Ademe est un acteur incontournable de la transition \u00e9cologique. Gr\u00e2ce \u00e0 un budget de soutien \u00e0 la transition \u00e9cologique en hausse de 10 % en 2018","og_url":"https:\/\/batijournal.com\/index.php\/bilan-positif-de-lademe-en-faveur-de-la-transition-ecologique\/101782\/","og_site_name":"Batijournal","article_published_time":"2019-03-26T09:16:56+00:00","og_image":[{"width":460,"height":593,"url":"https:\/\/batijournal.com\/wp-content\/uploads\/2019\/03\/carte-soutiens-aux-territoires.png","type":"image\/png"}],"author":"St\u00e9phane Miget","twitter_card":"summary_large_image","twitter_creator":"@bati_journal","twitter_site":"@bati_journal","twitter_misc":{"\u00c9crit par":"St\u00e9phane Miget","Dur\u00e9e de lecture estim\u00e9e":"1 minute"},"schema":{"@context":"https:\/\/schema.org","@graph":[{"@type":"Article","@id":"https:\/\/batijournal.com\/index.php\/bilan-positif-de-lademe-en-faveur-de-la-transition-ecologique\/101782\/#article","isPartOf":{"@id":"https:\/\/batijournal.com\/index.php\/bilan-positif-de-lademe-en-faveur-de-la-transition-ecologique\/101782\/"},"author":{"name":"St\u00e9phane Miget","@id":"https:\/\/batijournal.com\/#\/schema\/person\/1dc96ec6957aa1ccb25ebe78bb19f100"},"headline":"Bilan positif de l&rsquo;Ademe en faveur de la transition \u00e9cologique","datePublished":"2019-03-26T09:16:56+00:00","mainEntityOfPage":{"@id":"https:\/\/batijournal.com\/index.php\/bilan-positif-de-lademe-en-faveur-de-la-transition-ecologique\/101782\/"},"wordCount":180,"image":{"@id":"https:\/\/batijournal.com\/index.php\/bilan-positif-de-lademe-en-faveur-de-la-transition-ecologique\/101782\/#primaryimage"},"thumbnailUrl":"https:\/\/batijournal.com\/wp-content\/uploads\/2019\/03\/carte-soutiens-aux-territoires.png","articleSection":["Actualit\u00e9s","zz_Plan\u00e8te B\u00e2timent"],"inLanguage":"fr-FR"},{"@type":"WebPage","@id":"https:\/\/batijournal.com\/index.php\/bilan-positif-de-lademe-en-faveur-de-la-transition-ecologique\/101782\/","url":"https:\/\/batijournal.com\/index.php\/bilan-positif-de-lademe-en-faveur-de-la-transition-ecologique\/101782\/","name":"Bilan positif de l'Ademe en faveur de la transition \u00e9cologique","isPartOf":{"@id":"https:\/\/batijournal.com\/#website"},"primaryImageOfPage":{"@id":"https:\/\/batijournal.com\/index.php\/bilan-positif-de-lademe-en-faveur-de-la-transition-ecologique\/101782\/#primaryimage"},"image":{"@id":"https:\/\/batijournal.com\/index.php\/bilan-positif-de-lademe-en-faveur-de-la-transition-ecologique\/101782\/#primaryimage"},"thumbnailUrl":"https:\/\/batijournal.com\/wp-content\/uploads\/2019\/03\/carte-soutiens-aux-territoires.png","datePublished":"2019-03-26T09:16:56+00:00","author":{"@id":"https:\/\/batijournal.com\/#\/schema\/person\/1dc96ec6957aa1ccb25ebe78bb19f100"},"description":"L\u2019Ademe est un acteur incontournable de la transition \u00e9cologique. Gr\u00e2ce \u00e0 un budget de soutien \u00e0 la transition \u00e9cologique en hausse de 10 % en 2018","breadcrumb":{"@id":"https:\/\/batijournal.com\/index.php\/bilan-positif-de-lademe-en-faveur-de-la-transition-ecologique\/101782\/#breadcrumb"},"inLanguage":"fr-FR","potentialAction":[{"@type":"ReadAction","target":["https:\/\/batijournal.com\/index.php\/bilan-positif-de-lademe-en-faveur-de-la-transition-ecologique\/101782\/"]}]},{"@type":"ImageObject","inLanguage":"fr-FR","@id":"https:\/\/batijournal.com\/index.php\/bilan-positif-de-lademe-en-faveur-de-la-transition-ecologique\/101782\/#primaryimage","url":"https:\/\/batijournal.com\/wp-content\/uploads\/2019\/03\/carte-soutiens-aux-territoires.png","contentUrl":"https:\/\/batijournal.com\/wp-content\/uploads\/2019\/03\/carte-soutiens-aux-territoires.png","width":460,"height":593},{"@type":"BreadcrumbList","@id":"https:\/\/batijournal.com\/index.php\/bilan-positif-de-lademe-en-faveur-de-la-transition-ecologique\/101782\/#breadcrumb","itemListElement":[{"@type":"ListItem","position":1,"name":"Accueil","item":"https:\/\/batijournal.com\/"},{"@type":"ListItem","position":2,"name":"Actualit\u00e9s","item":"https:\/\/batijournal.com\/index.php\/category\/actualites\/"},{"@type":"ListItem","position":3,"name":"Bilan positif de l&rsquo;Ademe en faveur de la transition \u00e9cologique"}]},{"@type":"WebSite","@id":"https:\/\/batijournal.com\/#website","url":"https:\/\/batijournal.com\/","name":"Batijournal","description":"L&#039;actualit\u00e9 du b\u00e2timent","potentialAction":[{"@type":"SearchAction","target":{"@type":"EntryPoint","urlTemplate":"https:\/\/batijournal.com\/?s={search_term_string}"},"query-input":{"@type":"PropertyValueSpecification","valueRequired":true,"valueName":"search_term_string"}}],"inLanguage":"fr-FR"},{"@type":"Person","@id":"https:\/\/batijournal.com\/#\/schema\/person\/1dc96ec6957aa1ccb25ebe78bb19f100","name":"St\u00e9phane Miget","image":{"@type":"ImageObject","inLanguage":"fr-FR","@id":"https:\/\/secure.gravatar.com\/avatar\/89915563d925342126b8ef0281b93d9d7fc337043e8df017f780908eb9644451?s=96&d=mm&r=g","url":"https:\/\/secure.gravatar.com\/avatar\/89915563d925342126b8ef0281b93d9d7fc337043e8df017f780908eb9644451?s=96&d=mm&r=g","contentUrl":"https:\/\/secure.gravatar.com\/avatar\/89915563d925342126b8ef0281b93d9d7fc337043e8df017f780908eb9644451?s=96&d=mm&r=g","caption":"St\u00e9phane Miget"},"url":"https:\/\/batijournal.com\/index.php\/author\/stephane\/"}]}},"_links":{"self":[{"href":"https:\/\/batijournal.com\/index.php\/wp-json\/wp\/v2\/posts\/101782","targetHints":{"allow":["GET"]}}],"collection":[{"href":"https:\/\/batijournal.com\/index.php\/wp-json\/wp\/v2\/posts"}],"about":[{"href":"https:\/\/batijournal.com\/index.php\/wp-json\/wp\/v2\/types\/post"}],"author":[{"embeddable":true,"href":"https:\/\/batijournal.com\/index.php\/wp-json\/wp\/v2\/users\/17"}],"replies":[{"embeddable":true,"href":"https:\/\/batijournal.com\/index.php\/wp-json\/wp\/v2\/comments?post=101782"}],"version-history":[{"count":0,"href":"https:\/\/batijournal.com\/index.php\/wp-json\/wp\/v2\/posts\/101782\/revisions"}],"wp:featuredmedia":[{"embeddable":true,"href":"https:\/\/batijournal.com\/index.php\/wp-json\/wp\/v2\/media\/101780"}],"wp:attachment":[{"href":"https:\/\/batijournal.com\/index.php\/wp-json\/wp\/v2\/media?parent=101782"}],"wp:term":[{"taxonomy":"category","embeddable":true,"href":"https:\/\/batijournal.com\/index.php\/wp-json\/wp\/v2\/categories?post=101782"},{"taxonomy":"post_tag","embeddable":true,"href":"https:\/\/batijournal.com\/index.php\/wp-json\/wp\/v2\/tags?post=101782"}],"curies":[{"name":"wp","href":"https:\/\/api.w.org\/{rel}","templated":true}]}}