{"id":101785,"date":"2019-03-27T06:58:04","date_gmt":"2019-03-27T05:58:04","guid":{"rendered":"https:\/\/batijournal.com\/?p=101785"},"modified":"2019-07-15T11:14:38","modified_gmt":"2019-07-15T09:14:38","slug":"le-cmn-recrute-la-seconde-promotion-de-lincubateur-du-patrimoine","status":"publish","type":"post","link":"https:\/\/batijournal.com\/index.php\/le-cmn-recrute-la-seconde-promotion-de-lincubateur-du-patrimoine\/101785\/","title":{"rendered":"Le CMN recrute la seconde promotion de l&rsquo;Incubateur du patrimoine"},"content":{"rendered":"<p>Dans la continuit\u00e9 de sa d\u00e9marche de transformation de la gestion de ses sites et monuments \u00e0 l\u2019\u00e8re du num\u00e9rique, le Centre des monuments nationaux lance le recrutement de la seconde promotion de l\u2019Incubateur du patrimoine. Les candidats peuvent soumettre leurs dossiers \u00e0 partir du 15 mars 2019 et jusqu\u2019au 1er mai 2019. Les pr\u00e9s\u00e9lectionn\u00e9s seront invit\u00e9s \u00e0 d\u00e9fendre leur projet devant un jury le 4 juin 2019. Ils seront jug\u00e9s sur l\u2019originalit\u00e9 et la pertinence du projet vis-\u00e0-vis des missions du CMN, son caract\u00e8re innovant, le(s) projet(s) d\u2019exp\u00e9rimentation et l\u2019histoire de leur \u00e9quipe.<\/p>\n<p><a href=\"https:\/\/lincubateurdupatrimoine.selecteev.io\/apply\" target=\"_blank\" rel=\"noopener noreferrer\">https:\/\/lincubateurdupatrimoine.selecteev.io\/apply<\/a><\/p>\n<p>&nbsp;<\/p>\n","protected":false},"excerpt":{"rendered":"<p>Dans la continuit\u00e9 de sa d\u00e9marche de transformation de la gestion de ses sites et monuments \u00e0 l\u2019\u00e8re du num\u00e9rique, le Centre des monuments nationaux lance le recrutement de la seconde promotion de l\u2019Incubateur du patrimoine. Les candidats peuvent soumettre leurs dossiers \u00e0 partir du 15 mars 2019 et jusqu\u2019au 1er mai 2019. Les pr\u00e9s\u00e9lectionn\u00e9s [&hellip;]<\/p>\n","protected":false},"author":17,"featured_media":101786,"comment_status":"closed","ping_status":"closed","sticky":false,"template":"","format":"standard","meta":{"_et_pb_use_builder":"","_et_pb_old_content":"","_et_gb_content_width":"","footnotes":""},"categories":[10530,6340,10785],"tags":[8113],"class_list":["post-101785","post","type-post","status-publish","format-standard","has-post-thumbnail","hentry","category-actualites","category-architecture-conception","category-atrium","tag-centre-des-monuments-nationaux"],"yoast_head":"<!-- This site is optimized with the Yoast SEO plugin v27.4 - https:\/\/yoast.com\/product\/yoast-seo-wordpress\/ -->\n<title>Le CMN recrute la seconde promotion de l&#039;Incubateur du patrimoine<\/title>\n<meta name=\"description\" content=\"le Centre des monuments nationaux lance le recrutement de la seconde promotion de l\u2019Incubateur du patrimoine du 15 mars 2019 et jusqu\u2019au 1er mai 2019\" \/>\n<meta name=\"robots\" content=\"index, follow, max-snippet:-1, max-image-preview:large, max-video-preview:-1\" \/>\n<link rel=\"canonical\" href=\"https:\/\/batijournal.com\/index.php\/le-cmn-recrute-la-seconde-promotion-de-lincubateur-du-patrimoine\/101785\/\" \/>\n<meta property=\"og:locale\" content=\"fr_FR\" \/>\n<meta property=\"og:type\" content=\"article\" \/>\n<meta property=\"og:title\" content=\"Le CMN recrute la seconde promotion de l&#039;Incubateur du patrimoine\" \/>\n<meta property=\"og:description\" content=\"le Centre des monuments nationaux lance le recrutement de la seconde promotion de l\u2019Incubateur du patrimoine du 15 mars 2019 et jusqu\u2019au 1er mai 2019\" \/>\n<meta property=\"og:url\" content=\"https:\/\/batijournal.com\/index.php\/le-cmn-recrute-la-seconde-promotion-de-lincubateur-du-patrimoine\/101785\/\" \/>\n<meta property=\"og:site_name\" content=\"Batijournal\" \/>\n<meta property=\"article:published_time\" content=\"2019-03-27T05:58:04+00:00\" \/>\n<meta property=\"article:modified_time\" content=\"2019-07-15T09:14:38+00:00\" \/>\n<meta property=\"og:image\" content=\"https:\/\/batijournal.com\/wp-content\/uploads\/2019\/03\/Incubateur-du-patrimoine-CMN.png\" \/>\n\t<meta property=\"og:image:width\" content=\"578\" \/>\n\t<meta property=\"og:image:height\" content=\"487\" \/>\n\t<meta property=\"og:image:type\" content=\"image\/png\" \/>\n<meta name=\"author\" content=\"St\u00e9phane Miget\" \/>\n<meta name=\"twitter:card\" content=\"summary_large_image\" \/>\n<meta name=\"twitter:creator\" content=\"@bati_journal\" \/>\n<meta name=\"twitter:site\" content=\"@bati_journal\" \/>\n<meta name=\"twitter:label1\" content=\"\u00c9crit par\" \/>\n\t<meta name=\"twitter:data1\" content=\"St\u00e9phane Miget\" \/>\n\t<meta name=\"twitter:label2\" content=\"Dur\u00e9e de lecture estim\u00e9e\" \/>\n\t<meta name=\"twitter:data2\" content=\"1 minute\" \/>\n<script type=\"application\/ld+json\" class=\"yoast-schema-graph\">{\"@context\":\"https:\\\/\\\/schema.org\",\"@graph\":[{\"@type\":\"Article\",\"@id\":\"https:\\\/\\\/batijournal.com\\\/index.php\\\/le-cmn-recrute-la-seconde-promotion-de-lincubateur-du-patrimoine\\\/101785\\\/#article\",\"isPartOf\":{\"@id\":\"https:\\\/\\\/batijournal.com\\\/index.php\\\/le-cmn-recrute-la-seconde-promotion-de-lincubateur-du-patrimoine\\\/101785\\\/\"},\"author\":{\"name\":\"St\u00e9phane Miget\",\"@id\":\"https:\\\/\\\/batijournal.com\\\/#\\\/schema\\\/person\\\/1dc96ec6957aa1ccb25ebe78bb19f100\"},\"headline\":\"Le CMN recrute la seconde promotion de l&rsquo;Incubateur du patrimoine\",\"datePublished\":\"2019-03-27T05:58:04+00:00\",\"dateModified\":\"2019-07-15T09:14:38+00:00\",\"mainEntityOfPage\":{\"@id\":\"https:\\\/\\\/batijournal.com\\\/index.php\\\/le-cmn-recrute-la-seconde-promotion-de-lincubateur-du-patrimoine\\\/101785\\\/\"},\"wordCount\":122,\"image\":{\"@id\":\"https:\\\/\\\/batijournal.com\\\/index.php\\\/le-cmn-recrute-la-seconde-promotion-de-lincubateur-du-patrimoine\\\/101785\\\/#primaryimage\"},\"thumbnailUrl\":\"https:\\\/\\\/batijournal.com\\\/wp-content\\\/uploads\\\/2019\\\/03\\\/Incubateur-du-patrimoine-CMN.png\",\"keywords\":[\"centre des monuments nationaux\"],\"articleSection\":[\"Actualit\u00e9s\",\"Architecture &amp; Conception\",\"zz_Atrium Patrimoine\"],\"inLanguage\":\"fr-FR\"},{\"@type\":\"WebPage\",\"@id\":\"https:\\\/\\\/batijournal.com\\\/index.php\\\/le-cmn-recrute-la-seconde-promotion-de-lincubateur-du-patrimoine\\\/101785\\\/\",\"url\":\"https:\\\/\\\/batijournal.com\\\/index.php\\\/le-cmn-recrute-la-seconde-promotion-de-lincubateur-du-patrimoine\\\/101785\\\/\",\"name\":\"Le CMN recrute la seconde promotion de l'Incubateur du patrimoine\",\"isPartOf\":{\"@id\":\"https:\\\/\\\/batijournal.com\\\/#website\"},\"primaryImageOfPage\":{\"@id\":\"https:\\\/\\\/batijournal.com\\\/index.php\\\/le-cmn-recrute-la-seconde-promotion-de-lincubateur-du-patrimoine\\\/101785\\\/#primaryimage\"},\"image\":{\"@id\":\"https:\\\/\\\/batijournal.com\\\/index.php\\\/le-cmn-recrute-la-seconde-promotion-de-lincubateur-du-patrimoine\\\/101785\\\/#primaryimage\"},\"thumbnailUrl\":\"https:\\\/\\\/batijournal.com\\\/wp-content\\\/uploads\\\/2019\\\/03\\\/Incubateur-du-patrimoine-CMN.png\",\"datePublished\":\"2019-03-27T05:58:04+00:00\",\"dateModified\":\"2019-07-15T09:14:38+00:00\",\"author\":{\"@id\":\"https:\\\/\\\/batijournal.com\\\/#\\\/schema\\\/person\\\/1dc96ec6957aa1ccb25ebe78bb19f100\"},\"description\":\"le Centre des monuments nationaux lance le recrutement de la seconde promotion de l\u2019Incubateur du patrimoine du 15 mars 2019 et jusqu\u2019au 1er mai 2019\",\"breadcrumb\":{\"@id\":\"https:\\\/\\\/batijournal.com\\\/index.php\\\/le-cmn-recrute-la-seconde-promotion-de-lincubateur-du-patrimoine\\\/101785\\\/#breadcrumb\"},\"inLanguage\":\"fr-FR\",\"potentialAction\":[{\"@type\":\"ReadAction\",\"target\":[\"https:\\\/\\\/batijournal.com\\\/index.php\\\/le-cmn-recrute-la-seconde-promotion-de-lincubateur-du-patrimoine\\\/101785\\\/\"]}]},{\"@type\":\"ImageObject\",\"inLanguage\":\"fr-FR\",\"@id\":\"https:\\\/\\\/batijournal.com\\\/index.php\\\/le-cmn-recrute-la-seconde-promotion-de-lincubateur-du-patrimoine\\\/101785\\\/#primaryimage\",\"url\":\"https:\\\/\\\/batijournal.com\\\/wp-content\\\/uploads\\\/2019\\\/03\\\/Incubateur-du-patrimoine-CMN.png\",\"contentUrl\":\"https:\\\/\\\/batijournal.com\\\/wp-content\\\/uploads\\\/2019\\\/03\\\/Incubateur-du-patrimoine-CMN.png\",\"width\":578,\"height\":487},{\"@type\":\"BreadcrumbList\",\"@id\":\"https:\\\/\\\/batijournal.com\\\/index.php\\\/le-cmn-recrute-la-seconde-promotion-de-lincubateur-du-patrimoine\\\/101785\\\/#breadcrumb\",\"itemListElement\":[{\"@type\":\"ListItem\",\"position\":1,\"name\":\"Accueil\",\"item\":\"https:\\\/\\\/batijournal.com\\\/\"},{\"@type\":\"ListItem\",\"position\":2,\"name\":\"Actualit\u00e9s\",\"item\":\"https:\\\/\\\/batijournal.com\\\/index.php\\\/category\\\/actualites\\\/\"},{\"@type\":\"ListItem\",\"position\":3,\"name\":\"Le CMN recrute la seconde promotion de l&rsquo;Incubateur du patrimoine\"}]},{\"@type\":\"WebSite\",\"@id\":\"https:\\\/\\\/batijournal.com\\\/#website\",\"url\":\"https:\\\/\\\/batijournal.com\\\/\",\"name\":\"Batijournal\",\"description\":\"L&#039;actualit\u00e9 du b\u00e2timent\",\"potentialAction\":[{\"@type\":\"SearchAction\",\"target\":{\"@type\":\"EntryPoint\",\"urlTemplate\":\"https:\\\/\\\/batijournal.com\\\/?s={search_term_string}\"},\"query-input\":{\"@type\":\"PropertyValueSpecification\",\"valueRequired\":true,\"valueName\":\"search_term_string\"}}],\"inLanguage\":\"fr-FR\"},{\"@type\":\"Person\",\"@id\":\"https:\\\/\\\/batijournal.com\\\/#\\\/schema\\\/person\\\/1dc96ec6957aa1ccb25ebe78bb19f100\",\"name\":\"St\u00e9phane Miget\",\"image\":{\"@type\":\"ImageObject\",\"inLanguage\":\"fr-FR\",\"@id\":\"https:\\\/\\\/secure.gravatar.com\\\/avatar\\\/89915563d925342126b8ef0281b93d9d7fc337043e8df017f780908eb9644451?s=96&d=mm&r=g\",\"url\":\"https:\\\/\\\/secure.gravatar.com\\\/avatar\\\/89915563d925342126b8ef0281b93d9d7fc337043e8df017f780908eb9644451?s=96&d=mm&r=g\",\"contentUrl\":\"https:\\\/\\\/secure.gravatar.com\\\/avatar\\\/89915563d925342126b8ef0281b93d9d7fc337043e8df017f780908eb9644451?s=96&d=mm&r=g\",\"caption\":\"St\u00e9phane Miget\"},\"url\":\"https:\\\/\\\/batijournal.com\\\/index.php\\\/author\\\/stephane\\\/\"}]}<\/script>\n<!-- \/ Yoast SEO plugin. -->","yoast_head_json":{"title":"Le CMN recrute la seconde promotion de l'Incubateur du patrimoine","description":"le Centre des monuments nationaux lance le recrutement de la seconde promotion de l\u2019Incubateur du patrimoine du 15 mars 2019 et jusqu\u2019au 1er mai 2019","robots":{"index":"index","follow":"follow","max-snippet":"max-snippet:-1","max-image-preview":"max-image-preview:large","max-video-preview":"max-video-preview:-1"},"canonical":"https:\/\/batijournal.com\/index.php\/le-cmn-recrute-la-seconde-promotion-de-lincubateur-du-patrimoine\/101785\/","og_locale":"fr_FR","og_type":"article","og_title":"Le CMN recrute la seconde promotion de l'Incubateur du patrimoine","og_description":"le Centre des monuments nationaux lance le recrutement de la seconde promotion de l\u2019Incubateur du patrimoine du 15 mars 2019 et jusqu\u2019au 1er mai 2019","og_url":"https:\/\/batijournal.com\/index.php\/le-cmn-recrute-la-seconde-promotion-de-lincubateur-du-patrimoine\/101785\/","og_site_name":"Batijournal","article_published_time":"2019-03-27T05:58:04+00:00","article_modified_time":"2019-07-15T09:14:38+00:00","og_image":[{"width":578,"height":487,"url":"https:\/\/batijournal.com\/wp-content\/uploads\/2019\/03\/Incubateur-du-patrimoine-CMN.png","type":"image\/png"}],"author":"St\u00e9phane Miget","twitter_card":"summary_large_image","twitter_creator":"@bati_journal","twitter_site":"@bati_journal","twitter_misc":{"\u00c9crit par":"St\u00e9phane Miget","Dur\u00e9e de lecture estim\u00e9e":"1 minute"},"schema":{"@context":"https:\/\/schema.org","@graph":[{"@type":"Article","@id":"https:\/\/batijournal.com\/index.php\/le-cmn-recrute-la-seconde-promotion-de-lincubateur-du-patrimoine\/101785\/#article","isPartOf":{"@id":"https:\/\/batijournal.com\/index.php\/le-cmn-recrute-la-seconde-promotion-de-lincubateur-du-patrimoine\/101785\/"},"author":{"name":"St\u00e9phane Miget","@id":"https:\/\/batijournal.com\/#\/schema\/person\/1dc96ec6957aa1ccb25ebe78bb19f100"},"headline":"Le CMN recrute la seconde promotion de l&rsquo;Incubateur du patrimoine","datePublished":"2019-03-27T05:58:04+00:00","dateModified":"2019-07-15T09:14:38+00:00","mainEntityOfPage":{"@id":"https:\/\/batijournal.com\/index.php\/le-cmn-recrute-la-seconde-promotion-de-lincubateur-du-patrimoine\/101785\/"},"wordCount":122,"image":{"@id":"https:\/\/batijournal.com\/index.php\/le-cmn-recrute-la-seconde-promotion-de-lincubateur-du-patrimoine\/101785\/#primaryimage"},"thumbnailUrl":"https:\/\/batijournal.com\/wp-content\/uploads\/2019\/03\/Incubateur-du-patrimoine-CMN.png","keywords":["centre des monuments nationaux"],"articleSection":["Actualit\u00e9s","Architecture &amp; Conception","zz_Atrium Patrimoine"],"inLanguage":"fr-FR"},{"@type":"WebPage","@id":"https:\/\/batijournal.com\/index.php\/le-cmn-recrute-la-seconde-promotion-de-lincubateur-du-patrimoine\/101785\/","url":"https:\/\/batijournal.com\/index.php\/le-cmn-recrute-la-seconde-promotion-de-lincubateur-du-patrimoine\/101785\/","name":"Le CMN recrute la seconde promotion de l'Incubateur du patrimoine","isPartOf":{"@id":"https:\/\/batijournal.com\/#website"},"primaryImageOfPage":{"@id":"https:\/\/batijournal.com\/index.php\/le-cmn-recrute-la-seconde-promotion-de-lincubateur-du-patrimoine\/101785\/#primaryimage"},"image":{"@id":"https:\/\/batijournal.com\/index.php\/le-cmn-recrute-la-seconde-promotion-de-lincubateur-du-patrimoine\/101785\/#primaryimage"},"thumbnailUrl":"https:\/\/batijournal.com\/wp-content\/uploads\/2019\/03\/Incubateur-du-patrimoine-CMN.png","datePublished":"2019-03-27T05:58:04+00:00","dateModified":"2019-07-15T09:14:38+00:00","author":{"@id":"https:\/\/batijournal.com\/#\/schema\/person\/1dc96ec6957aa1ccb25ebe78bb19f100"},"description":"le Centre des monuments nationaux lance le recrutement de la seconde promotion de l\u2019Incubateur du patrimoine du 15 mars 2019 et jusqu\u2019au 1er mai 2019","breadcrumb":{"@id":"https:\/\/batijournal.com\/index.php\/le-cmn-recrute-la-seconde-promotion-de-lincubateur-du-patrimoine\/101785\/#breadcrumb"},"inLanguage":"fr-FR","potentialAction":[{"@type":"ReadAction","target":["https:\/\/batijournal.com\/index.php\/le-cmn-recrute-la-seconde-promotion-de-lincubateur-du-patrimoine\/101785\/"]}]},{"@type":"ImageObject","inLanguage":"fr-FR","@id":"https:\/\/batijournal.com\/index.php\/le-cmn-recrute-la-seconde-promotion-de-lincubateur-du-patrimoine\/101785\/#primaryimage","url":"https:\/\/batijournal.com\/wp-content\/uploads\/2019\/03\/Incubateur-du-patrimoine-CMN.png","contentUrl":"https:\/\/batijournal.com\/wp-content\/uploads\/2019\/03\/Incubateur-du-patrimoine-CMN.png","width":578,"height":487},{"@type":"BreadcrumbList","@id":"https:\/\/batijournal.com\/index.php\/le-cmn-recrute-la-seconde-promotion-de-lincubateur-du-patrimoine\/101785\/#breadcrumb","itemListElement":[{"@type":"ListItem","position":1,"name":"Accueil","item":"https:\/\/batijournal.com\/"},{"@type":"ListItem","position":2,"name":"Actualit\u00e9s","item":"https:\/\/batijournal.com\/index.php\/category\/actualites\/"},{"@type":"ListItem","position":3,"name":"Le CMN recrute la seconde promotion de l&rsquo;Incubateur du patrimoine"}]},{"@type":"WebSite","@id":"https:\/\/batijournal.com\/#website","url":"https:\/\/batijournal.com\/","name":"Batijournal","description":"L&#039;actualit\u00e9 du b\u00e2timent","potentialAction":[{"@type":"SearchAction","target":{"@type":"EntryPoint","urlTemplate":"https:\/\/batijournal.com\/?s={search_term_string}"},"query-input":{"@type":"PropertyValueSpecification","valueRequired":true,"valueName":"search_term_string"}}],"inLanguage":"fr-FR"},{"@type":"Person","@id":"https:\/\/batijournal.com\/#\/schema\/person\/1dc96ec6957aa1ccb25ebe78bb19f100","name":"St\u00e9phane Miget","image":{"@type":"ImageObject","inLanguage":"fr-FR","@id":"https:\/\/secure.gravatar.com\/avatar\/89915563d925342126b8ef0281b93d9d7fc337043e8df017f780908eb9644451?s=96&d=mm&r=g","url":"https:\/\/secure.gravatar.com\/avatar\/89915563d925342126b8ef0281b93d9d7fc337043e8df017f780908eb9644451?s=96&d=mm&r=g","contentUrl":"https:\/\/secure.gravatar.com\/avatar\/89915563d925342126b8ef0281b93d9d7fc337043e8df017f780908eb9644451?s=96&d=mm&r=g","caption":"St\u00e9phane Miget"},"url":"https:\/\/batijournal.com\/index.php\/author\/stephane\/"}]}},"_links":{"self":[{"href":"https:\/\/batijournal.com\/index.php\/wp-json\/wp\/v2\/posts\/101785","targetHints":{"allow":["GET"]}}],"collection":[{"href":"https:\/\/batijournal.com\/index.php\/wp-json\/wp\/v2\/posts"}],"about":[{"href":"https:\/\/batijournal.com\/index.php\/wp-json\/wp\/v2\/types\/post"}],"author":[{"embeddable":true,"href":"https:\/\/batijournal.com\/index.php\/wp-json\/wp\/v2\/users\/17"}],"replies":[{"embeddable":true,"href":"https:\/\/batijournal.com\/index.php\/wp-json\/wp\/v2\/comments?post=101785"}],"version-history":[{"count":0,"href":"https:\/\/batijournal.com\/index.php\/wp-json\/wp\/v2\/posts\/101785\/revisions"}],"wp:featuredmedia":[{"embeddable":true,"href":"https:\/\/batijournal.com\/index.php\/wp-json\/wp\/v2\/media\/101786"}],"wp:attachment":[{"href":"https:\/\/batijournal.com\/index.php\/wp-json\/wp\/v2\/media?parent=101785"}],"wp:term":[{"taxonomy":"category","embeddable":true,"href":"https:\/\/batijournal.com\/index.php\/wp-json\/wp\/v2\/categories?post=101785"},{"taxonomy":"post_tag","embeddable":true,"href":"https:\/\/batijournal.com\/index.php\/wp-json\/wp\/v2\/tags?post=101785"}],"curies":[{"name":"wp","href":"https:\/\/api.w.org\/{rel}","templated":true}]}}